{"id":8125,"date":"2025-08-05T21:20:34","date_gmt":"2025-08-06T01:20:34","guid":{"rendered":"https:\/\/cbne.cl\/wpCNE\/?p=8125"},"modified":"2025-08-05T21:20:36","modified_gmt":"2025-08-06T01:20:36","slug":"experiencia-pedagogica-en-formacion-ciudadana-voces-a-traves-de-generaciones","status":"publish","type":"post","link":"https:\/\/cbne.cl\/wpCNE\/experiencia-pedagogica-en-formacion-ciudadana-voces-a-traves-de-generaciones\/","title":{"rendered":"Experiencia pedag\u00f3gica en formaci\u00f3n ciudadana: Voces a trav\u00e9s de generaciones"},"content":{"rendered":"\n<p>La experiencia se da en el marco de la conmemoraci\u00f3n del D\u00eda de la Mujer en Yungay contuvo investigaciones sobre mujeres chilenas y de la localidad destacadas, conversatorio, jornada de reflexi\u00f3n sobre el rol femenino. Incluy\u00f3 un acto con expresiones art\u00edsticas y teatrales, involucrando a toda la comunidad educativa.<\/p>\n\n\n\n<figure class=\"wp-block-embed is-type-video is-provider-youtube wp-block-embed-youtube wp-embed-aspect-16-9 wp-has-aspect-ratio\"><div class=\"wp-block-embed__wrapper\">\n<iframe title=\"Experiencia pedag\u00f3gica en formaci\u00f3n ciudadana: Voces a trav\u00e9s de generaciones\" width=\"640\" height=\"360\" src=\"https:\/\/www.youtube.com\/embed\/_dT__fPzlac?feature=oembed\" frameborder=\"0\" allow=\"accelerometer; autoplay; clipboard-write; encrypted-media; gyroscope; picture-in-picture; web-share\" referrerpolicy=\"strict-origin-when-cross-origin\" allowfullscreen><\/iframe>\n<\/div><\/figure>\n","protected":false},"excerpt":{"rendered":"<p>La experiencia se da en el marco de la conmemoraci\u00f3n del D\u00eda de la Mujer en Yungay contuvo<\/p>\n","protected":false},"author":1,"featured_media":8126,"comment_status":"closed","ping_status":"closed","sticky":false,"template":"","format":"standard","meta":{"footnotes":""},"categories":[266],"tags":[],"class_list":["post-8125","post","type-post","status-publish","format-standard","has-post-thumbnail","hentry","category-cbne-2025"],"yoast_head":"<!-- This site is optimized with the Yoast SEO plugin v27.5 - https:\/\/yoast.com\/product\/yoast-seo-wordpress\/ -->\n<title>Experiencia pedag\u00f3gica en formaci\u00f3n ciudadana: Voces a trav\u00e9s de generaciones - COLEGIO BICENTENARIO NUEVA ESPERANZA<\/title>\n<meta name=\"robots\" content=\"index, follow, max-snippet:-1, max-image-preview:large, max-video-preview:-1\" \/>\n<link rel=\"canonical\" href=\"https:\/\/cbne.cl\/wpCNE\/experiencia-pedagogica-en-formacion-ciudadana-voces-a-traves-de-generaciones\/\" \/>\n<meta property=\"og:locale\" content=\"es_ES\" \/>\n<meta property=\"og:type\" content=\"article\" \/>\n<meta property=\"og:title\" content=\"Experiencia pedag\u00f3gica en formaci\u00f3n ciudadana: Voces a trav\u00e9s de generaciones - COLEGIO BICENTENARIO NUEVA ESPERANZA\" \/>\n<meta property=\"og:description\" content=\"La experiencia se da en el marco de la conmemoraci\u00f3n del D\u00eda de la Mujer en Yungay contuvo\" \/>\n<meta property=\"og:url\" content=\"https:\/\/cbne.cl\/wpCNE\/experiencia-pedagogica-en-formacion-ciudadana-voces-a-traves-de-generaciones\/\" \/>\n<meta property=\"og:site_name\" content=\"COLEGIO BICENTENARIO NUEVA ESPERANZA\" \/>\n<meta property=\"article:published_time\" content=\"2025-08-06T01:20:34+00:00\" \/>\n<meta property=\"article:modified_time\" content=\"2025-08-06T01:20:36+00:00\" \/>\n<meta property=\"og:image\" content=\"https:\/\/cbne.cl\/wpCNE\/wp-content\/uploads\/2025\/08\/video-mineduc-cbne-2025.png\" \/>\n\t<meta property=\"og:image:width\" content=\"1366\" \/>\n\t<meta property=\"og:image:height\" content=\"768\" \/>\n\t<meta property=\"og:image:type\" content=\"image\/png\" \/>\n<meta name=\"author\" content=\"administrador\" \/>\n<meta name=\"twitter:card\" content=\"summary_large_image\" \/>\n<meta name=\"twitter:label1\" content=\"Escrito por\" \/>\n\t<meta name=\"twitter:data1\" content=\"administrador\" \/>\n\t<meta name=\"twitter:label2\" content=\"Tiempo de lectura\" \/>\n\t<meta name=\"twitter:data2\" content=\"1 minuto\" \/>\n<script type=\"application\/ld+json\" class=\"yoast-schema-graph\">{\"@context\":\"https:\\\/\\\/schema.org\",\"@graph\":[{\"@type\":\"Article\",\"@id\":\"https:\\\/\\\/cbne.cl\\\/wpCNE\\\/experiencia-pedagogica-en-formacion-ciudadana-voces-a-traves-de-generaciones\\\/#article\",\"isPartOf\":{\"@id\":\"https:\\\/\\\/cbne.cl\\\/wpCNE\\\/experiencia-pedagogica-en-formacion-ciudadana-voces-a-traves-de-generaciones\\\/\"},\"author\":{\"name\":\"administrador\",\"@id\":\"https:\\\/\\\/cbne.cl\\\/wpCNE\\\/#\\\/schema\\\/person\\\/e70cae86af2d376d31c9df4a32c77067\"},\"headline\":\"Experiencia pedag\u00f3gica en formaci\u00f3n ciudadana: Voces a trav\u00e9s de generaciones\",\"datePublished\":\"2025-08-06T01:20:34+00:00\",\"dateModified\":\"2025-08-06T01:20:36+00:00\",\"mainEntityOfPage\":{\"@id\":\"https:\\\/\\\/cbne.cl\\\/wpCNE\\\/experiencia-pedagogica-en-formacion-ciudadana-voces-a-traves-de-generaciones\\\/\"},\"wordCount\":74,\"publisher\":{\"@id\":\"https:\\\/\\\/cbne.cl\\\/wpCNE\\\/#organization\"},\"image\":{\"@id\":\"https:\\\/\\\/cbne.cl\\\/wpCNE\\\/experiencia-pedagogica-en-formacion-ciudadana-voces-a-traves-de-generaciones\\\/#primaryimage\"},\"thumbnailUrl\":\"https:\\\/\\\/cbne.cl\\\/wpCNE\\\/wp-content\\\/uploads\\\/2025\\\/08\\\/video-mineduc-cbne-2025.png\",\"articleSection\":[\"CBNE 2025\"],\"inLanguage\":\"es\"},{\"@type\":\"WebPage\",\"@id\":\"https:\\\/\\\/cbne.cl\\\/wpCNE\\\/experiencia-pedagogica-en-formacion-ciudadana-voces-a-traves-de-generaciones\\\/\",\"url\":\"https:\\\/\\\/cbne.cl\\\/wpCNE\\\/experiencia-pedagogica-en-formacion-ciudadana-voces-a-traves-de-generaciones\\\/\",\"name\":\"Experiencia pedag\u00f3gica en formaci\u00f3n ciudadana: Voces a trav\u00e9s de generaciones - COLEGIO BICENTENARIO NUEVA ESPERANZA\",\"isPartOf\":{\"@id\":\"https:\\\/\\\/cbne.cl\\\/wpCNE\\\/#website\"},\"primaryImageOfPage\":{\"@id\":\"https:\\\/\\\/cbne.cl\\\/wpCNE\\\/experiencia-pedagogica-en-formacion-ciudadana-voces-a-traves-de-generaciones\\\/#primaryimage\"},\"image\":{\"@id\":\"https:\\\/\\\/cbne.cl\\\/wpCNE\\\/experiencia-pedagogica-en-formacion-ciudadana-voces-a-traves-de-generaciones\\\/#primaryimage\"},\"thumbnailUrl\":\"https:\\\/\\\/cbne.cl\\\/wpCNE\\\/wp-content\\\/uploads\\\/2025\\\/08\\\/video-mineduc-cbne-2025.png\",\"datePublished\":\"2025-08-06T01:20:34+00:00\",\"dateModified\":\"2025-08-06T01:20:36+00:00\",\"breadcrumb\":{\"@id\":\"https:\\\/\\\/cbne.cl\\\/wpCNE\\\/experiencia-pedagogica-en-formacion-ciudadana-voces-a-traves-de-generaciones\\\/#breadcrumb\"},\"inLanguage\":\"es\",\"potentialAction\":[{\"@type\":\"ReadAction\",\"target\":[\"https:\\\/\\\/cbne.cl\\\/wpCNE\\\/experiencia-pedagogica-en-formacion-ciudadana-voces-a-traves-de-generaciones\\\/\"]}]},{\"@type\":\"ImageObject\",\"inLanguage\":\"es\",\"@id\":\"https:\\\/\\\/cbne.cl\\\/wpCNE\\\/experiencia-pedagogica-en-formacion-ciudadana-voces-a-traves-de-generaciones\\\/#primaryimage\",\"url\":\"https:\\\/\\\/cbne.cl\\\/wpCNE\\\/wp-content\\\/uploads\\\/2025\\\/08\\\/video-mineduc-cbne-2025.png\",\"contentUrl\":\"https:\\\/\\\/cbne.cl\\\/wpCNE\\\/wp-content\\\/uploads\\\/2025\\\/08\\\/video-mineduc-cbne-2025.png\",\"width\":1366,\"height\":768},{\"@type\":\"BreadcrumbList\",\"@id\":\"https:\\\/\\\/cbne.cl\\\/wpCNE\\\/experiencia-pedagogica-en-formacion-ciudadana-voces-a-traves-de-generaciones\\\/#breadcrumb\",\"itemListElement\":[{\"@type\":\"ListItem\",\"position\":1,\"name\":\"Portada\",\"item\":\"https:\\\/\\\/cbne.cl\\\/wpCNE\\\/\"},{\"@type\":\"ListItem\",\"position\":2,\"name\":\"Experiencia pedag\u00f3gica en formaci\u00f3n ciudadana: Voces a trav\u00e9s de generaciones\"}]},{\"@type\":\"WebSite\",\"@id\":\"https:\\\/\\\/cbne.cl\\\/wpCNE\\\/#website\",\"url\":\"https:\\\/\\\/cbne.cl\\\/wpCNE\\\/\",\"name\":\"COLEGIO BICENTENARIO NUEVA ESPERANZA\",\"description\":\"&quot;Educando desde la afectividad&quot;\",\"publisher\":{\"@id\":\"https:\\\/\\\/cbne.cl\\\/wpCNE\\\/#organization\"},\"potentialAction\":[{\"@type\":\"SearchAction\",\"target\":{\"@type\":\"EntryPoint\",\"urlTemplate\":\"https:\\\/\\\/cbne.cl\\\/wpCNE\\\/?s={search_term_string}\"},\"query-input\":{\"@type\":\"PropertyValueSpecification\",\"valueRequired\":true,\"valueName\":\"search_term_string\"}}],\"inLanguage\":\"es\"},{\"@type\":\"Organization\",\"@id\":\"https:\\\/\\\/cbne.cl\\\/wpCNE\\\/#organization\",\"name\":\"COLEGIO BICENTENARIO NUEVA ESPERANZA\",\"url\":\"https:\\\/\\\/cbne.cl\\\/wpCNE\\\/\",\"logo\":{\"@type\":\"ImageObject\",\"inLanguage\":\"es\",\"@id\":\"https:\\\/\\\/cbne.cl\\\/wpCNE\\\/#\\\/schema\\\/logo\\\/image\\\/\",\"url\":\"https:\\\/\\\/cbne.cl\\\/wpCNE\\\/wp-content\\\/uploads\\\/2020\\\/07\\\/cropped-cropped-web150x150.png\",\"contentUrl\":\"https:\\\/\\\/cbne.cl\\\/wpCNE\\\/wp-content\\\/uploads\\\/2020\\\/07\\\/cropped-cropped-web150x150.png\",\"width\":150,\"height\":150,\"caption\":\"COLEGIO BICENTENARIO NUEVA ESPERANZA\"},\"image\":{\"@id\":\"https:\\\/\\\/cbne.cl\\\/wpCNE\\\/#\\\/schema\\\/logo\\\/image\\\/\"}},{\"@type\":\"Person\",\"@id\":\"https:\\\/\\\/cbne.cl\\\/wpCNE\\\/#\\\/schema\\\/person\\\/e70cae86af2d376d31c9df4a32c77067\",\"name\":\"administrador\",\"image\":{\"@type\":\"ImageObject\",\"inLanguage\":\"es\",\"@id\":\"https:\\\/\\\/secure.gravatar.com\\\/avatar\\\/2bb82521b7d9910a42114952efdc357245391fbd79322d9d21f7d587e222a509?s=96&d=mm&r=g\",\"url\":\"https:\\\/\\\/secure.gravatar.com\\\/avatar\\\/2bb82521b7d9910a42114952efdc357245391fbd79322d9d21f7d587e222a509?s=96&d=mm&r=g\",\"contentUrl\":\"https:\\\/\\\/secure.gravatar.com\\\/avatar\\\/2bb82521b7d9910a42114952efdc357245391fbd79322d9d21f7d587e222a509?s=96&d=mm&r=g\",\"caption\":\"administrador\"},\"sameAs\":[\"https:\\\/\\\/colegionuevaesperanza.cl\\\/wpCNE\"],\"url\":\"https:\\\/\\\/cbne.cl\\\/wpCNE\\\/author\\\/administrador\\\/\"}]}<\/script>\n<!-- \/ Yoast SEO plugin. -->","yoast_head_json":{"title":"Experiencia pedag\u00f3gica en formaci\u00f3n ciudadana: Voces a trav\u00e9s de generaciones - COLEGIO BICENTENARIO NUEVA ESPERANZA","robots":{"index":"index","follow":"follow","max-snippet":"max-snippet:-1","max-image-preview":"max-image-preview:large","max-video-preview":"max-video-preview:-1"},"canonical":"https:\/\/cbne.cl\/wpCNE\/experiencia-pedagogica-en-formacion-ciudadana-voces-a-traves-de-generaciones\/","og_locale":"es_ES","og_type":"article","og_title":"Experiencia pedag\u00f3gica en formaci\u00f3n ciudadana: Voces a trav\u00e9s de generaciones - COLEGIO BICENTENARIO NUEVA ESPERANZA","og_description":"La experiencia se da en el marco de la conmemoraci\u00f3n del D\u00eda de la Mujer en Yungay contuvo","og_url":"https:\/\/cbne.cl\/wpCNE\/experiencia-pedagogica-en-formacion-ciudadana-voces-a-traves-de-generaciones\/","og_site_name":"COLEGIO BICENTENARIO NUEVA ESPERANZA","article_published_time":"2025-08-06T01:20:34+00:00","article_modified_time":"2025-08-06T01:20:36+00:00","og_image":[{"width":1366,"height":768,"url":"https:\/\/cbne.cl\/wpCNE\/wp-content\/uploads\/2025\/08\/video-mineduc-cbne-2025.png","type":"image\/png"}],"author":"administrador","twitter_card":"summary_large_image","twitter_misc":{"Escrito por":"administrador","Tiempo de lectura":"1 minuto"},"schema":{"@context":"https:\/\/schema.org","@graph":[{"@type":"Article","@id":"https:\/\/cbne.cl\/wpCNE\/experiencia-pedagogica-en-formacion-ciudadana-voces-a-traves-de-generaciones\/#article","isPartOf":{"@id":"https:\/\/cbne.cl\/wpCNE\/experiencia-pedagogica-en-formacion-ciudadana-voces-a-traves-de-generaciones\/"},"author":{"name":"administrador","@id":"https:\/\/cbne.cl\/wpCNE\/#\/schema\/person\/e70cae86af2d376d31c9df4a32c77067"},"headline":"Experiencia pedag\u00f3gica en formaci\u00f3n ciudadana: Voces a trav\u00e9s de generaciones","datePublished":"2025-08-06T01:20:34+00:00","dateModified":"2025-08-06T01:20:36+00:00","mainEntityOfPage":{"@id":"https:\/\/cbne.cl\/wpCNE\/experiencia-pedagogica-en-formacion-ciudadana-voces-a-traves-de-generaciones\/"},"wordCount":74,"publisher":{"@id":"https:\/\/cbne.cl\/wpCNE\/#organization"},"image":{"@id":"https:\/\/cbne.cl\/wpCNE\/experiencia-pedagogica-en-formacion-ciudadana-voces-a-traves-de-generaciones\/#primaryimage"},"thumbnailUrl":"https:\/\/cbne.cl\/wpCNE\/wp-content\/uploads\/2025\/08\/video-mineduc-cbne-2025.png","articleSection":["CBNE 2025"],"inLanguage":"es"},{"@type":"WebPage","@id":"https:\/\/cbne.cl\/wpCNE\/experiencia-pedagogica-en-formacion-ciudadana-voces-a-traves-de-generaciones\/","url":"https:\/\/cbne.cl\/wpCNE\/experiencia-pedagogica-en-formacion-ciudadana-voces-a-traves-de-generaciones\/","name":"Experiencia pedag\u00f3gica en formaci\u00f3n ciudadana: Voces a trav\u00e9s de generaciones - COLEGIO BICENTENARIO NUEVA ESPERANZA","isPartOf":{"@id":"https:\/\/cbne.cl\/wpCNE\/#website"},"primaryImageOfPage":{"@id":"https:\/\/cbne.cl\/wpCNE\/experiencia-pedagogica-en-formacion-ciudadana-voces-a-traves-de-generaciones\/#primaryimage"},"image":{"@id":"https:\/\/cbne.cl\/wpCNE\/experiencia-pedagogica-en-formacion-ciudadana-voces-a-traves-de-generaciones\/#primaryimage"},"thumbnailUrl":"https:\/\/cbne.cl\/wpCNE\/wp-content\/uploads\/2025\/08\/video-mineduc-cbne-2025.png","datePublished":"2025-08-06T01:20:34+00:00","dateModified":"2025-08-06T01:20:36+00:00","breadcrumb":{"@id":"https:\/\/cbne.cl\/wpCNE\/experiencia-pedagogica-en-formacion-ciudadana-voces-a-traves-de-generaciones\/#breadcrumb"},"inLanguage":"es","potentialAction":[{"@type":"ReadAction","target":["https:\/\/cbne.cl\/wpCNE\/experiencia-pedagogica-en-formacion-ciudadana-voces-a-traves-de-generaciones\/"]}]},{"@type":"ImageObject","inLanguage":"es","@id":"https:\/\/cbne.cl\/wpCNE\/experiencia-pedagogica-en-formacion-ciudadana-voces-a-traves-de-generaciones\/#primaryimage","url":"https:\/\/cbne.cl\/wpCNE\/wp-content\/uploads\/2025\/08\/video-mineduc-cbne-2025.png","contentUrl":"https:\/\/cbne.cl\/wpCNE\/wp-content\/uploads\/2025\/08\/video-mineduc-cbne-2025.png","width":1366,"height":768},{"@type":"BreadcrumbList","@id":"https:\/\/cbne.cl\/wpCNE\/experiencia-pedagogica-en-formacion-ciudadana-voces-a-traves-de-generaciones\/#breadcrumb","itemListElement":[{"@type":"ListItem","position":1,"name":"Portada","item":"https:\/\/cbne.cl\/wpCNE\/"},{"@type":"ListItem","position":2,"name":"Experiencia pedag\u00f3gica en formaci\u00f3n ciudadana: Voces a trav\u00e9s de generaciones"}]},{"@type":"WebSite","@id":"https:\/\/cbne.cl\/wpCNE\/#website","url":"https:\/\/cbne.cl\/wpCNE\/","name":"COLEGIO BICENTENARIO NUEVA ESPERANZA","description":"&quot;Educando desde la afectividad&quot;","publisher":{"@id":"https:\/\/cbne.cl\/wpCNE\/#organization"},"potentialAction":[{"@type":"SearchAction","target":{"@type":"EntryPoint","urlTemplate":"https:\/\/cbne.cl\/wpCNE\/?s={search_term_string}"},"query-input":{"@type":"PropertyValueSpecification","valueRequired":true,"valueName":"search_term_string"}}],"inLanguage":"es"},{"@type":"Organization","@id":"https:\/\/cbne.cl\/wpCNE\/#organization","name":"COLEGIO BICENTENARIO NUEVA ESPERANZA","url":"https:\/\/cbne.cl\/wpCNE\/","logo":{"@type":"ImageObject","inLanguage":"es","@id":"https:\/\/cbne.cl\/wpCNE\/#\/schema\/logo\/image\/","url":"https:\/\/cbne.cl\/wpCNE\/wp-content\/uploads\/2020\/07\/cropped-cropped-web150x150.png","contentUrl":"https:\/\/cbne.cl\/wpCNE\/wp-content\/uploads\/2020\/07\/cropped-cropped-web150x150.png","width":150,"height":150,"caption":"COLEGIO BICENTENARIO NUEVA ESPERANZA"},"image":{"@id":"https:\/\/cbne.cl\/wpCNE\/#\/schema\/logo\/image\/"}},{"@type":"Person","@id":"https:\/\/cbne.cl\/wpCNE\/#\/schema\/person\/e70cae86af2d376d31c9df4a32c77067","name":"administrador","image":{"@type":"ImageObject","inLanguage":"es","@id":"https:\/\/secure.gravatar.com\/avatar\/2bb82521b7d9910a42114952efdc357245391fbd79322d9d21f7d587e222a509?s=96&d=mm&r=g","url":"https:\/\/secure.gravatar.com\/avatar\/2bb82521b7d9910a42114952efdc357245391fbd79322d9d21f7d587e222a509?s=96&d=mm&r=g","contentUrl":"https:\/\/secure.gravatar.com\/avatar\/2bb82521b7d9910a42114952efdc357245391fbd79322d9d21f7d587e222a509?s=96&d=mm&r=g","caption":"administrador"},"sameAs":["https:\/\/colegionuevaesperanza.cl\/wpCNE"],"url":"https:\/\/cbne.cl\/wpCNE\/author\/administrador\/"}]}},"featured_image_urls":{"full":["https:\/\/cbne.cl\/wpCNE\/wp-content\/uploads\/2025\/08\/video-mineduc-cbne-2025.png",1366,768,false],"thumbnail":["https:\/\/cbne.cl\/wpCNE\/wp-content\/uploads\/2025\/08\/video-mineduc-cbne-2025-150x150.png",150,150,true],"medium":["https:\/\/cbne.cl\/wpCNE\/wp-content\/uploads\/2025\/08\/video-mineduc-cbne-2025-300x169.png",300,169,true],"medium_large":["https:\/\/cbne.cl\/wpCNE\/wp-content\/uploads\/2025\/08\/video-mineduc-cbne-2025-768x432.png",640,360,true],"large":["https:\/\/cbne.cl\/wpCNE\/wp-content\/uploads\/2025\/08\/video-mineduc-cbne-2025-1024x576.png",640,360,true],"1536x1536":["https:\/\/cbne.cl\/wpCNE\/wp-content\/uploads\/2025\/08\/video-mineduc-cbne-2025.png",1366,768,false],"2048x2048":["https:\/\/cbne.cl\/wpCNE\/wp-content\/uploads\/2025\/08\/video-mineduc-cbne-2025.png",1366,768,false],"morenews-large":["https:\/\/cbne.cl\/wpCNE\/wp-content\/uploads\/2025\/08\/video-mineduc-cbne-2025-825x575.png",825,575,true],"morenews-medium":["https:\/\/cbne.cl\/wpCNE\/wp-content\/uploads\/2025\/08\/video-mineduc-cbne-2025-590x410.png",590,410,true]},"author_info":{"display_name":"administrador","author_link":"https:\/\/cbne.cl\/wpCNE\/author\/administrador\/"},"category_info":"<a href=\"https:\/\/cbne.cl\/wpCNE\/category\/cbne-2025\/\" rel=\"category tag\">CBNE 2025<\/a>","tag_info":"CBNE 2025","comment_count":"0","_links":{"self":[{"href":"https:\/\/cbne.cl\/wpCNE\/wp-json\/wp\/v2\/posts\/8125","targetHints":{"allow":["GET"]}}],"collection":[{"href":"https:\/\/cbne.cl\/wpCNE\/wp-json\/wp\/v2\/posts"}],"about":[{"href":"https:\/\/cbne.cl\/wpCNE\/wp-json\/wp\/v2\/types\/post"}],"author":[{"embeddable":true,"href":"https:\/\/cbne.cl\/wpCNE\/wp-json\/wp\/v2\/users\/1"}],"replies":[{"embeddable":true,"href":"https:\/\/cbne.cl\/wpCNE\/wp-json\/wp\/v2\/comments?post=8125"}],"version-history":[{"count":1,"href":"https:\/\/cbne.cl\/wpCNE\/wp-json\/wp\/v2\/posts\/8125\/revisions"}],"predecessor-version":[{"id":8127,"href":"https:\/\/cbne.cl\/wpCNE\/wp-json\/wp\/v2\/posts\/8125\/revisions\/8127"}],"wp:featuredmedia":[{"embeddable":true,"href":"https:\/\/cbne.cl\/wpCNE\/wp-json\/wp\/v2\/media\/8126"}],"wp:attachment":[{"href":"https:\/\/cbne.cl\/wpCNE\/wp-json\/wp\/v2\/media?parent=8125"}],"wp:term":[{"taxonomy":"category","embeddable":true,"href":"https:\/\/cbne.cl\/wpCNE\/wp-json\/wp\/v2\/categories?post=8125"},{"taxonomy":"post_tag","embeddable":true,"href":"https:\/\/cbne.cl\/wpCNE\/wp-json\/wp\/v2\/tags?post=8125"}],"curies":[{"name":"wp","href":"https:\/\/api.w.org\/{rel}","templated":true}]}}