{"id":8114,"date":"2025-08-01T20:41:07","date_gmt":"2025-08-02T00:41:07","guid":{"rendered":"https:\/\/cbne.cl\/wpCNE\/?p=8114"},"modified":"2025-08-05T20:56:01","modified_gmt":"2025-08-06T00:56:01","slug":"orgullo-regional","status":"publish","type":"post","link":"https:\/\/cbne.cl\/wpCNE\/orgullo-regional\/","title":{"rendered":"\u00a1Orgullo regional!"},"content":{"rendered":"\n<p>Emilia Ruiz, estudiante destacada de nuestro colegio, ha sido seleccionada como finalista nacional del XI Concurso \u00abEl placer de o\u00edr leer\u00bb, representando con talento y pasi\u00f3n a la Regi\u00f3n de \u00d1uble.<\/p>\n\n\n\n<p>Este concurso celebra el poder de la lectura en voz alta, promoviendo el gusto por la literatura y el desarrollo de habilidades comunicativas en ni\u00f1os y ni\u00f1as de todo el pa\u00eds. Emilia nos emociona no solo por su voz clara y expresiva, sino por su amor por los libros y su compromiso con la cultura.<\/p>\n\n\n\n<p>\u00a1Felicitaciones, Emilia! Estamos felices de acompa\u00f1arte en este gran momento.<\/p>\n\n\n\n<p><a href=\"https:\/\/www.instagram.com\/explore\/tags\/elplacerdeo%C3%ADrleer\/\">#ElPlacerDeO\u00edrLeer<\/a><a href=\"https:\/\/www.instagram.com\/explore\/tags\/lecturaenvozalta\/\">#LecturaEnVozAlta<\/a><a href=\"https:\/\/www.instagram.com\/explore\/tags\/finalistanacional\/\">#FinalistaNacional<\/a><a href=\"https:\/\/www.instagram.com\/explore\/tags\/regi%C3%B3nde%C3%B1uble\/\">#Regi\u00f3nDe\u00d1uble<\/a><a href=\"https:\/\/www.instagram.com\/explore\/tags\/orgulloescolar\/\">#OrgulloEscolar<\/a><a href=\"https:\/\/www.instagram.com\/explore\/tags\/leeresunplacer\/\">#LeerEsUnPlacer<\/a><a href=\"https:\/\/www.instagram.com\/explore\/tags\/talento%C3%B1ublensino\/\">#Talento\u00d1ublensino<\/a><\/p>\n\n\n\n<figure style=\"padding-right:10rem;padding-left:10rem\" class=\"wp-block-video\"><video height=\"1920\" style=\"aspect-ratio: 1080 \/ 1920;\" width=\"1080\" controls src=\"https:\/\/cbne.cl\/wpCNE\/wp-content\/uploads\/2025\/08\/Orgullo-regional-Emilia-Ruiz-estudiante-destacada-de-nuestro-colegio-ha-sido-seleccionada-como-finalista-nacional-del-XI-Concurso-El-placer-de-oir-leer.mp4\"><\/video><\/figure>\n","protected":false},"excerpt":{"rendered":"<p>Emilia Ruiz, estudiante destacada de nuestro colegio, ha sido seleccionada como finalista nacional del XI Concurso \u00abEl placer<\/p>\n","protected":false},"author":1,"featured_media":8119,"comment_status":"closed","ping_status":"closed","sticky":false,"template":"","format":"standard","meta":{"footnotes":""},"categories":[266],"tags":[],"class_list":["post-8114","post","type-post","status-publish","format-standard","has-post-thumbnail","hentry","category-cbne-2025"],"yoast_head":"<!-- This site is optimized with the Yoast SEO plugin v27.5 - https:\/\/yoast.com\/product\/yoast-seo-wordpress\/ -->\n<title>\u00a1Orgullo regional! - COLEGIO BICENTENARIO NUEVA ESPERANZA<\/title>\n<meta name=\"robots\" content=\"index, follow, max-snippet:-1, max-image-preview:large, max-video-preview:-1\" \/>\n<link rel=\"canonical\" href=\"https:\/\/cbne.cl\/wpCNE\/orgullo-regional\/\" \/>\n<meta property=\"og:locale\" content=\"es_ES\" \/>\n<meta property=\"og:type\" content=\"article\" \/>\n<meta property=\"og:title\" content=\"\u00a1Orgullo regional! - COLEGIO BICENTENARIO NUEVA ESPERANZA\" \/>\n<meta property=\"og:description\" content=\"Emilia Ruiz, estudiante destacada de nuestro colegio, ha sido seleccionada como finalista nacional del XI Concurso \u00abEl placer\" \/>\n<meta property=\"og:url\" content=\"https:\/\/cbne.cl\/wpCNE\/orgullo-regional\/\" \/>\n<meta property=\"og:site_name\" content=\"COLEGIO BICENTENARIO NUEVA ESPERANZA\" \/>\n<meta property=\"article:published_time\" content=\"2025-08-02T00:41:07+00:00\" \/>\n<meta property=\"article:modified_time\" content=\"2025-08-06T00:56:01+00:00\" \/>\n<meta property=\"og:image\" content=\"https:\/\/cbne.cl\/wpCNE\/wp-content\/uploads\/2025\/08\/epol2025.png\" \/>\n\t<meta property=\"og:image:width\" content=\"940\" \/>\n\t<meta property=\"og:image:height\" content=\"788\" \/>\n\t<meta property=\"og:image:type\" content=\"image\/png\" \/>\n<meta name=\"author\" content=\"administrador\" \/>\n<meta name=\"twitter:card\" content=\"summary_large_image\" \/>\n<meta name=\"twitter:label1\" content=\"Escrito por\" \/>\n\t<meta name=\"twitter:data1\" content=\"administrador\" \/>\n\t<meta name=\"twitter:label2\" content=\"Tiempo de lectura\" \/>\n\t<meta name=\"twitter:data2\" content=\"1 minuto\" \/>\n<script type=\"application\/ld+json\" class=\"yoast-schema-graph\">{\"@context\":\"https:\\\/\\\/schema.org\",\"@graph\":[{\"@type\":\"Article\",\"@id\":\"https:\\\/\\\/cbne.cl\\\/wpCNE\\\/orgullo-regional\\\/#article\",\"isPartOf\":{\"@id\":\"https:\\\/\\\/cbne.cl\\\/wpCNE\\\/orgullo-regional\\\/\"},\"author\":{\"name\":\"administrador\",\"@id\":\"https:\\\/\\\/cbne.cl\\\/wpCNE\\\/#\\\/schema\\\/person\\\/e70cae86af2d376d31c9df4a32c77067\"},\"headline\":\"\u00a1Orgullo regional!\",\"datePublished\":\"2025-08-02T00:41:07+00:00\",\"dateModified\":\"2025-08-06T00:56:01+00:00\",\"mainEntityOfPage\":{\"@id\":\"https:\\\/\\\/cbne.cl\\\/wpCNE\\\/orgullo-regional\\\/\"},\"wordCount\":116,\"publisher\":{\"@id\":\"https:\\\/\\\/cbne.cl\\\/wpCNE\\\/#organization\"},\"image\":{\"@id\":\"https:\\\/\\\/cbne.cl\\\/wpCNE\\\/orgullo-regional\\\/#primaryimage\"},\"thumbnailUrl\":\"https:\\\/\\\/cbne.cl\\\/wpCNE\\\/wp-content\\\/uploads\\\/2025\\\/08\\\/epol2025.png\",\"articleSection\":[\"CBNE 2025\"],\"inLanguage\":\"es\"},{\"@type\":\"WebPage\",\"@id\":\"https:\\\/\\\/cbne.cl\\\/wpCNE\\\/orgullo-regional\\\/\",\"url\":\"https:\\\/\\\/cbne.cl\\\/wpCNE\\\/orgullo-regional\\\/\",\"name\":\"\u00a1Orgullo regional! - COLEGIO BICENTENARIO NUEVA ESPERANZA\",\"isPartOf\":{\"@id\":\"https:\\\/\\\/cbne.cl\\\/wpCNE\\\/#website\"},\"primaryImageOfPage\":{\"@id\":\"https:\\\/\\\/cbne.cl\\\/wpCNE\\\/orgullo-regional\\\/#primaryimage\"},\"image\":{\"@id\":\"https:\\\/\\\/cbne.cl\\\/wpCNE\\\/orgullo-regional\\\/#primaryimage\"},\"thumbnailUrl\":\"https:\\\/\\\/cbne.cl\\\/wpCNE\\\/wp-content\\\/uploads\\\/2025\\\/08\\\/epol2025.png\",\"datePublished\":\"2025-08-02T00:41:07+00:00\",\"dateModified\":\"2025-08-06T00:56:01+00:00\",\"breadcrumb\":{\"@id\":\"https:\\\/\\\/cbne.cl\\\/wpCNE\\\/orgullo-regional\\\/#breadcrumb\"},\"inLanguage\":\"es\",\"potentialAction\":[{\"@type\":\"ReadAction\",\"target\":[\"https:\\\/\\\/cbne.cl\\\/wpCNE\\\/orgullo-regional\\\/\"]}]},{\"@type\":\"ImageObject\",\"inLanguage\":\"es\",\"@id\":\"https:\\\/\\\/cbne.cl\\\/wpCNE\\\/orgullo-regional\\\/#primaryimage\",\"url\":\"https:\\\/\\\/cbne.cl\\\/wpCNE\\\/wp-content\\\/uploads\\\/2025\\\/08\\\/epol2025.png\",\"contentUrl\":\"https:\\\/\\\/cbne.cl\\\/wpCNE\\\/wp-content\\\/uploads\\\/2025\\\/08\\\/epol2025.png\",\"width\":940,\"height\":788},{\"@type\":\"BreadcrumbList\",\"@id\":\"https:\\\/\\\/cbne.cl\\\/wpCNE\\\/orgullo-regional\\\/#breadcrumb\",\"itemListElement\":[{\"@type\":\"ListItem\",\"position\":1,\"name\":\"Portada\",\"item\":\"https:\\\/\\\/cbne.cl\\\/wpCNE\\\/\"},{\"@type\":\"ListItem\",\"position\":2,\"name\":\"\u00a1Orgullo regional!\"}]},{\"@type\":\"WebSite\",\"@id\":\"https:\\\/\\\/cbne.cl\\\/wpCNE\\\/#website\",\"url\":\"https:\\\/\\\/cbne.cl\\\/wpCNE\\\/\",\"name\":\"COLEGIO BICENTENARIO NUEVA ESPERANZA\",\"description\":\"&quot;Educando desde la afectividad&quot;\",\"publisher\":{\"@id\":\"https:\\\/\\\/cbne.cl\\\/wpCNE\\\/#organization\"},\"potentialAction\":[{\"@type\":\"SearchAction\",\"target\":{\"@type\":\"EntryPoint\",\"urlTemplate\":\"https:\\\/\\\/cbne.cl\\\/wpCNE\\\/?s={search_term_string}\"},\"query-input\":{\"@type\":\"PropertyValueSpecification\",\"valueRequired\":true,\"valueName\":\"search_term_string\"}}],\"inLanguage\":\"es\"},{\"@type\":\"Organization\",\"@id\":\"https:\\\/\\\/cbne.cl\\\/wpCNE\\\/#organization\",\"name\":\"COLEGIO BICENTENARIO NUEVA ESPERANZA\",\"url\":\"https:\\\/\\\/cbne.cl\\\/wpCNE\\\/\",\"logo\":{\"@type\":\"ImageObject\",\"inLanguage\":\"es\",\"@id\":\"https:\\\/\\\/cbne.cl\\\/wpCNE\\\/#\\\/schema\\\/logo\\\/image\\\/\",\"url\":\"https:\\\/\\\/cbne.cl\\\/wpCNE\\\/wp-content\\\/uploads\\\/2020\\\/07\\\/cropped-cropped-web150x150.png\",\"contentUrl\":\"https:\\\/\\\/cbne.cl\\\/wpCNE\\\/wp-content\\\/uploads\\\/2020\\\/07\\\/cropped-cropped-web150x150.png\",\"width\":150,\"height\":150,\"caption\":\"COLEGIO BICENTENARIO NUEVA ESPERANZA\"},\"image\":{\"@id\":\"https:\\\/\\\/cbne.cl\\\/wpCNE\\\/#\\\/schema\\\/logo\\\/image\\\/\"}},{\"@type\":\"Person\",\"@id\":\"https:\\\/\\\/cbne.cl\\\/wpCNE\\\/#\\\/schema\\\/person\\\/e70cae86af2d376d31c9df4a32c77067\",\"name\":\"administrador\",\"image\":{\"@type\":\"ImageObject\",\"inLanguage\":\"es\",\"@id\":\"https:\\\/\\\/secure.gravatar.com\\\/avatar\\\/2bb82521b7d9910a42114952efdc357245391fbd79322d9d21f7d587e222a509?s=96&d=mm&r=g\",\"url\":\"https:\\\/\\\/secure.gravatar.com\\\/avatar\\\/2bb82521b7d9910a42114952efdc357245391fbd79322d9d21f7d587e222a509?s=96&d=mm&r=g\",\"contentUrl\":\"https:\\\/\\\/secure.gravatar.com\\\/avatar\\\/2bb82521b7d9910a42114952efdc357245391fbd79322d9d21f7d587e222a509?s=96&d=mm&r=g\",\"caption\":\"administrador\"},\"sameAs\":[\"https:\\\/\\\/colegionuevaesperanza.cl\\\/wpCNE\"],\"url\":\"https:\\\/\\\/cbne.cl\\\/wpCNE\\\/author\\\/administrador\\\/\"}]}<\/script>\n<!-- \/ Yoast SEO plugin. -->","yoast_head_json":{"title":"\u00a1Orgullo regional! - COLEGIO BICENTENARIO NUEVA ESPERANZA","robots":{"index":"index","follow":"follow","max-snippet":"max-snippet:-1","max-image-preview":"max-image-preview:large","max-video-preview":"max-video-preview:-1"},"canonical":"https:\/\/cbne.cl\/wpCNE\/orgullo-regional\/","og_locale":"es_ES","og_type":"article","og_title":"\u00a1Orgullo regional! - COLEGIO BICENTENARIO NUEVA ESPERANZA","og_description":"Emilia Ruiz, estudiante destacada de nuestro colegio, ha sido seleccionada como finalista nacional del XI Concurso \u00abEl placer","og_url":"https:\/\/cbne.cl\/wpCNE\/orgullo-regional\/","og_site_name":"COLEGIO BICENTENARIO NUEVA ESPERANZA","article_published_time":"2025-08-02T00:41:07+00:00","article_modified_time":"2025-08-06T00:56:01+00:00","og_image":[{"width":940,"height":788,"url":"https:\/\/cbne.cl\/wpCNE\/wp-content\/uploads\/2025\/08\/epol2025.png","type":"image\/png"}],"author":"administrador","twitter_card":"summary_large_image","twitter_misc":{"Escrito por":"administrador","Tiempo de lectura":"1 minuto"},"schema":{"@context":"https:\/\/schema.org","@graph":[{"@type":"Article","@id":"https:\/\/cbne.cl\/wpCNE\/orgullo-regional\/#article","isPartOf":{"@id":"https:\/\/cbne.cl\/wpCNE\/orgullo-regional\/"},"author":{"name":"administrador","@id":"https:\/\/cbne.cl\/wpCNE\/#\/schema\/person\/e70cae86af2d376d31c9df4a32c77067"},"headline":"\u00a1Orgullo regional!","datePublished":"2025-08-02T00:41:07+00:00","dateModified":"2025-08-06T00:56:01+00:00","mainEntityOfPage":{"@id":"https:\/\/cbne.cl\/wpCNE\/orgullo-regional\/"},"wordCount":116,"publisher":{"@id":"https:\/\/cbne.cl\/wpCNE\/#organization"},"image":{"@id":"https:\/\/cbne.cl\/wpCNE\/orgullo-regional\/#primaryimage"},"thumbnailUrl":"https:\/\/cbne.cl\/wpCNE\/wp-content\/uploads\/2025\/08\/epol2025.png","articleSection":["CBNE 2025"],"inLanguage":"es"},{"@type":"WebPage","@id":"https:\/\/cbne.cl\/wpCNE\/orgullo-regional\/","url":"https:\/\/cbne.cl\/wpCNE\/orgullo-regional\/","name":"\u00a1Orgullo regional! - COLEGIO BICENTENARIO NUEVA ESPERANZA","isPartOf":{"@id":"https:\/\/cbne.cl\/wpCNE\/#website"},"primaryImageOfPage":{"@id":"https:\/\/cbne.cl\/wpCNE\/orgullo-regional\/#primaryimage"},"image":{"@id":"https:\/\/cbne.cl\/wpCNE\/orgullo-regional\/#primaryimage"},"thumbnailUrl":"https:\/\/cbne.cl\/wpCNE\/wp-content\/uploads\/2025\/08\/epol2025.png","datePublished":"2025-08-02T00:41:07+00:00","dateModified":"2025-08-06T00:56:01+00:00","breadcrumb":{"@id":"https:\/\/cbne.cl\/wpCNE\/orgullo-regional\/#breadcrumb"},"inLanguage":"es","potentialAction":[{"@type":"ReadAction","target":["https:\/\/cbne.cl\/wpCNE\/orgullo-regional\/"]}]},{"@type":"ImageObject","inLanguage":"es","@id":"https:\/\/cbne.cl\/wpCNE\/orgullo-regional\/#primaryimage","url":"https:\/\/cbne.cl\/wpCNE\/wp-content\/uploads\/2025\/08\/epol2025.png","contentUrl":"https:\/\/cbne.cl\/wpCNE\/wp-content\/uploads\/2025\/08\/epol2025.png","width":940,"height":788},{"@type":"BreadcrumbList","@id":"https:\/\/cbne.cl\/wpCNE\/orgullo-regional\/#breadcrumb","itemListElement":[{"@type":"ListItem","position":1,"name":"Portada","item":"https:\/\/cbne.cl\/wpCNE\/"},{"@type":"ListItem","position":2,"name":"\u00a1Orgullo regional!"}]},{"@type":"WebSite","@id":"https:\/\/cbne.cl\/wpCNE\/#website","url":"https:\/\/cbne.cl\/wpCNE\/","name":"COLEGIO BICENTENARIO NUEVA ESPERANZA","description":"&quot;Educando desde la afectividad&quot;","publisher":{"@id":"https:\/\/cbne.cl\/wpCNE\/#organization"},"potentialAction":[{"@type":"SearchAction","target":{"@type":"EntryPoint","urlTemplate":"https:\/\/cbne.cl\/wpCNE\/?s={search_term_string}"},"query-input":{"@type":"PropertyValueSpecification","valueRequired":true,"valueName":"search_term_string"}}],"inLanguage":"es"},{"@type":"Organization","@id":"https:\/\/cbne.cl\/wpCNE\/#organization","name":"COLEGIO BICENTENARIO NUEVA ESPERANZA","url":"https:\/\/cbne.cl\/wpCNE\/","logo":{"@type":"ImageObject","inLanguage":"es","@id":"https:\/\/cbne.cl\/wpCNE\/#\/schema\/logo\/image\/","url":"https:\/\/cbne.cl\/wpCNE\/wp-content\/uploads\/2020\/07\/cropped-cropped-web150x150.png","contentUrl":"https:\/\/cbne.cl\/wpCNE\/wp-content\/uploads\/2020\/07\/cropped-cropped-web150x150.png","width":150,"height":150,"caption":"COLEGIO BICENTENARIO NUEVA ESPERANZA"},"image":{"@id":"https:\/\/cbne.cl\/wpCNE\/#\/schema\/logo\/image\/"}},{"@type":"Person","@id":"https:\/\/cbne.cl\/wpCNE\/#\/schema\/person\/e70cae86af2d376d31c9df4a32c77067","name":"administrador","image":{"@type":"ImageObject","inLanguage":"es","@id":"https:\/\/secure.gravatar.com\/avatar\/2bb82521b7d9910a42114952efdc357245391fbd79322d9d21f7d587e222a509?s=96&d=mm&r=g","url":"https:\/\/secure.gravatar.com\/avatar\/2bb82521b7d9910a42114952efdc357245391fbd79322d9d21f7d587e222a509?s=96&d=mm&r=g","contentUrl":"https:\/\/secure.gravatar.com\/avatar\/2bb82521b7d9910a42114952efdc357245391fbd79322d9d21f7d587e222a509?s=96&d=mm&r=g","caption":"administrador"},"sameAs":["https:\/\/colegionuevaesperanza.cl\/wpCNE"],"url":"https:\/\/cbne.cl\/wpCNE\/author\/administrador\/"}]}},"featured_image_urls":{"full":["https:\/\/cbne.cl\/wpCNE\/wp-content\/uploads\/2025\/08\/epol2025.png",940,788,false],"thumbnail":["https:\/\/cbne.cl\/wpCNE\/wp-content\/uploads\/2025\/08\/epol2025-150x150.png",150,150,true],"medium":["https:\/\/cbne.cl\/wpCNE\/wp-content\/uploads\/2025\/08\/epol2025-300x251.png",300,251,true],"medium_large":["https:\/\/cbne.cl\/wpCNE\/wp-content\/uploads\/2025\/08\/epol2025-768x644.png",640,537,true],"large":["https:\/\/cbne.cl\/wpCNE\/wp-content\/uploads\/2025\/08\/epol2025.png",640,537,false],"1536x1536":["https:\/\/cbne.cl\/wpCNE\/wp-content\/uploads\/2025\/08\/epol2025.png",940,788,false],"2048x2048":["https:\/\/cbne.cl\/wpCNE\/wp-content\/uploads\/2025\/08\/epol2025.png",940,788,false],"morenews-large":["https:\/\/cbne.cl\/wpCNE\/wp-content\/uploads\/2025\/08\/epol2025-825x575.png",825,575,true],"morenews-medium":["https:\/\/cbne.cl\/wpCNE\/wp-content\/uploads\/2025\/08\/epol2025-590x410.png",590,410,true]},"author_info":{"display_name":"administrador","author_link":"https:\/\/cbne.cl\/wpCNE\/author\/administrador\/"},"category_info":"<a href=\"https:\/\/cbne.cl\/wpCNE\/category\/cbne-2025\/\" rel=\"category tag\">CBNE 2025<\/a>","tag_info":"CBNE 2025","comment_count":"0","_links":{"self":[{"href":"https:\/\/cbne.cl\/wpCNE\/wp-json\/wp\/v2\/posts\/8114","targetHints":{"allow":["GET"]}}],"collection":[{"href":"https:\/\/cbne.cl\/wpCNE\/wp-json\/wp\/v2\/posts"}],"about":[{"href":"https:\/\/cbne.cl\/wpCNE\/wp-json\/wp\/v2\/types\/post"}],"author":[{"embeddable":true,"href":"https:\/\/cbne.cl\/wpCNE\/wp-json\/wp\/v2\/users\/1"}],"replies":[{"embeddable":true,"href":"https:\/\/cbne.cl\/wpCNE\/wp-json\/wp\/v2\/comments?post=8114"}],"version-history":[{"count":1,"href":"https:\/\/cbne.cl\/wpCNE\/wp-json\/wp\/v2\/posts\/8114\/revisions"}],"predecessor-version":[{"id":8117,"href":"https:\/\/cbne.cl\/wpCNE\/wp-json\/wp\/v2\/posts\/8114\/revisions\/8117"}],"wp:featuredmedia":[{"embeddable":true,"href":"https:\/\/cbne.cl\/wpCNE\/wp-json\/wp\/v2\/media\/8119"}],"wp:attachment":[{"href":"https:\/\/cbne.cl\/wpCNE\/wp-json\/wp\/v2\/media?parent=8114"}],"wp:term":[{"taxonomy":"category","embeddable":true,"href":"https:\/\/cbne.cl\/wpCNE\/wp-json\/wp\/v2\/categories?post=8114"},{"taxonomy":"post_tag","embeddable":true,"href":"https:\/\/cbne.cl\/wpCNE\/wp-json\/wp\/v2\/tags?post=8114"}],"curies":[{"name":"wp","href":"https:\/\/api.w.org\/{rel}","templated":true}]}}