{"id":8110,"date":"2025-06-19T20:21:54","date_gmt":"2025-06-20T00:21:54","guid":{"rendered":"https:\/\/cbne.cl\/wpCNE\/?p=8110"},"modified":"2025-08-05T20:37:56","modified_gmt":"2025-08-06T00:37:56","slug":"formacion-continua-para-una-educacion-mas-inclusiva-y-colaborativa","status":"publish","type":"post","link":"https:\/\/cbne.cl\/wpCNE\/formacion-continua-para-una-educacion-mas-inclusiva-y-colaborativa\/","title":{"rendered":"Formaci\u00f3n continua para una educaci\u00f3n m\u00e1s inclusiva y colaborativa"},"content":{"rendered":"\n<p>En el Colegio Bicentenario Nueva Esperanza seguimos fortaleciendo nuestro compromiso con una educaci\u00f3n de calidad, reflexiva y centrada en nuestros estudiantes.<\/p>\n\n\n\n<p>Durante esta jornada, nuestros especialistas abordaron tem\u00e1ticas clave para el desarrollo integral de nuestra comunidad educativa:<\/p>\n\n\n\n<p>\ud83e\udde9 Condici\u00f3n del Espectro Autista (CEA): Profundizamos en el abordaje de esta condici\u00f3n en ni\u00f1os, ni\u00f1as y adolescentes, con el objetivo de generar espacios m\u00e1s comprensivos, inclusivos y respetuosos de la neurodiversidad.<\/p>\n\n\n\n<p>\ud83d\udcca Evaluaci\u00f3n Formativa: Conversamos sobre su importancia como herramienta para monitorear el aprendizaje, permitiendo retroalimentaciones oportunas que promueven el progreso continuo de nuestros estudiantes.<\/p>\n\n\n\n<p>\ud83e\udd1d Trabajo en Equipo y Colaboraci\u00f3n: Reafirmamos el valor del trabajo colaborativo dentro de los equipos escolares, entendiendo que la construcci\u00f3n conjunta fortalece nuestra labor docente y el bienestar de toda la comunidad.<\/p>\n\n\n\n<p>\ud83c\udf31 \u00a1Seguimos aprendiendo para seguir transformando!<\/p>\n\n\n\n<p><a href=\"https:\/\/www.instagram.com\/explore\/tags\/colegiobicentenarionuevaesperanza\/\">#ColegioBicentenarioNuevaEsperanza<\/a><a href=\"https:\/\/www.instagram.com\/explore\/tags\/educaci%C3%B3ninclusiva\/\">#Educaci\u00f3nInclusiva<\/a><a href=\"https:\/\/www.instagram.com\/explore\/tags\/trabajocolaborativo\/\">#TrabajoColaborativo<\/a><a href=\"https:\/\/www.instagram.com\/explore\/tags\/evaluaci%C3%B3nformativa\/\">#Evaluaci\u00f3nFormativa<\/a><a href=\"https:\/\/www.instagram.com\/explore\/tags\/cea\/\">#CEA<\/a><a href=\"https:\/\/www.instagram.com\/explore\/tags\/formaci%C3%B3ndocente\/\">#Formaci\u00f3nDocente<\/a><a href=\"https:\/\/www.instagram.com\/explore\/tags\/compromisoeducativo\/\">#CompromisoEducativo<\/a><\/p>\n\n\n\n<figure style=\"padding-right:10rem;padding-left:10rem\" class=\"wp-block-video\"><video height=\"1920\" style=\"aspect-ratio: 1080 \/ 1920;\" width=\"1080\" controls src=\"https:\/\/cbne.cl\/wpCNE\/wp-content\/uploads\/2025\/08\/Formacion-continua-para-una-educacion-mas-inclusiva-y-colaborativa.mp4\"><\/video><\/figure>\n","protected":false},"excerpt":{"rendered":"<p>En el Colegio Bicentenario Nueva Esperanza seguimos fortaleciendo nuestro compromiso con una educaci\u00f3n de calidad, reflexiva y centrada<\/p>\n","protected":false},"author":1,"featured_media":8112,"comment_status":"closed","ping_status":"closed","sticky":false,"template":"","format":"standard","meta":{"footnotes":""},"categories":[266],"tags":[],"class_list":["post-8110","post","type-post","status-publish","format-standard","has-post-thumbnail","hentry","category-cbne-2025"],"yoast_head":"<!-- This site is optimized with the Yoast SEO plugin v27.5 - https:\/\/yoast.com\/product\/yoast-seo-wordpress\/ -->\n<title>Formaci\u00f3n continua para una educaci\u00f3n m\u00e1s inclusiva y colaborativa - COLEGIO BICENTENARIO NUEVA ESPERANZA<\/title>\n<meta name=\"robots\" content=\"index, follow, max-snippet:-1, max-image-preview:large, max-video-preview:-1\" \/>\n<link rel=\"canonical\" href=\"https:\/\/cbne.cl\/wpCNE\/formacion-continua-para-una-educacion-mas-inclusiva-y-colaborativa\/\" \/>\n<meta property=\"og:locale\" content=\"es_ES\" \/>\n<meta property=\"og:type\" content=\"article\" \/>\n<meta property=\"og:title\" content=\"Formaci\u00f3n continua para una educaci\u00f3n m\u00e1s inclusiva y colaborativa - COLEGIO BICENTENARIO NUEVA ESPERANZA\" \/>\n<meta property=\"og:description\" content=\"En el Colegio Bicentenario Nueva Esperanza seguimos fortaleciendo nuestro compromiso con una educaci\u00f3n de calidad, reflexiva y centrada\" \/>\n<meta property=\"og:url\" content=\"https:\/\/cbne.cl\/wpCNE\/formacion-continua-para-una-educacion-mas-inclusiva-y-colaborativa\/\" \/>\n<meta property=\"og:site_name\" content=\"COLEGIO BICENTENARIO NUEVA ESPERANZA\" \/>\n<meta property=\"article:published_time\" content=\"2025-06-20T00:21:54+00:00\" \/>\n<meta property=\"article:modified_time\" content=\"2025-08-06T00:37:56+00:00\" \/>\n<meta property=\"og:image\" content=\"https:\/\/cbne.cl\/wpCNE\/wp-content\/uploads\/2025\/08\/d4aca7c7-5d9a-4e94-974e-5e89f04509e0.png\" \/>\n\t<meta property=\"og:image:width\" content=\"1536\" \/>\n\t<meta property=\"og:image:height\" content=\"1024\" \/>\n\t<meta property=\"og:image:type\" content=\"image\/png\" \/>\n<meta name=\"author\" content=\"administrador\" \/>\n<meta name=\"twitter:card\" content=\"summary_large_image\" \/>\n<meta name=\"twitter:label1\" content=\"Escrito por\" \/>\n\t<meta name=\"twitter:data1\" content=\"administrador\" \/>\n\t<meta name=\"twitter:label2\" content=\"Tiempo de lectura\" \/>\n\t<meta name=\"twitter:data2\" content=\"1 minuto\" \/>\n<script type=\"application\/ld+json\" class=\"yoast-schema-graph\">{\"@context\":\"https:\\\/\\\/schema.org\",\"@graph\":[{\"@type\":\"Article\",\"@id\":\"https:\\\/\\\/cbne.cl\\\/wpCNE\\\/formacion-continua-para-una-educacion-mas-inclusiva-y-colaborativa\\\/#article\",\"isPartOf\":{\"@id\":\"https:\\\/\\\/cbne.cl\\\/wpCNE\\\/formacion-continua-para-una-educacion-mas-inclusiva-y-colaborativa\\\/\"},\"author\":{\"name\":\"administrador\",\"@id\":\"https:\\\/\\\/cbne.cl\\\/wpCNE\\\/#\\\/schema\\\/person\\\/e70cae86af2d376d31c9df4a32c77067\"},\"headline\":\"Formaci\u00f3n continua para una educaci\u00f3n m\u00e1s inclusiva y colaborativa\",\"datePublished\":\"2025-06-20T00:21:54+00:00\",\"dateModified\":\"2025-08-06T00:37:56+00:00\",\"mainEntityOfPage\":{\"@id\":\"https:\\\/\\\/cbne.cl\\\/wpCNE\\\/formacion-continua-para-una-educacion-mas-inclusiva-y-colaborativa\\\/\"},\"wordCount\":160,\"publisher\":{\"@id\":\"https:\\\/\\\/cbne.cl\\\/wpCNE\\\/#organization\"},\"image\":{\"@id\":\"https:\\\/\\\/cbne.cl\\\/wpCNE\\\/formacion-continua-para-una-educacion-mas-inclusiva-y-colaborativa\\\/#primaryimage\"},\"thumbnailUrl\":\"https:\\\/\\\/cbne.cl\\\/wpCNE\\\/wp-content\\\/uploads\\\/2025\\\/08\\\/d4aca7c7-5d9a-4e94-974e-5e89f04509e0.png\",\"articleSection\":[\"CBNE 2025\"],\"inLanguage\":\"es\"},{\"@type\":\"WebPage\",\"@id\":\"https:\\\/\\\/cbne.cl\\\/wpCNE\\\/formacion-continua-para-una-educacion-mas-inclusiva-y-colaborativa\\\/\",\"url\":\"https:\\\/\\\/cbne.cl\\\/wpCNE\\\/formacion-continua-para-una-educacion-mas-inclusiva-y-colaborativa\\\/\",\"name\":\"Formaci\u00f3n continua para una educaci\u00f3n m\u00e1s inclusiva y colaborativa - COLEGIO BICENTENARIO NUEVA ESPERANZA\",\"isPartOf\":{\"@id\":\"https:\\\/\\\/cbne.cl\\\/wpCNE\\\/#website\"},\"primaryImageOfPage\":{\"@id\":\"https:\\\/\\\/cbne.cl\\\/wpCNE\\\/formacion-continua-para-una-educacion-mas-inclusiva-y-colaborativa\\\/#primaryimage\"},\"image\":{\"@id\":\"https:\\\/\\\/cbne.cl\\\/wpCNE\\\/formacion-continua-para-una-educacion-mas-inclusiva-y-colaborativa\\\/#primaryimage\"},\"thumbnailUrl\":\"https:\\\/\\\/cbne.cl\\\/wpCNE\\\/wp-content\\\/uploads\\\/2025\\\/08\\\/d4aca7c7-5d9a-4e94-974e-5e89f04509e0.png\",\"datePublished\":\"2025-06-20T00:21:54+00:00\",\"dateModified\":\"2025-08-06T00:37:56+00:00\",\"breadcrumb\":{\"@id\":\"https:\\\/\\\/cbne.cl\\\/wpCNE\\\/formacion-continua-para-una-educacion-mas-inclusiva-y-colaborativa\\\/#breadcrumb\"},\"inLanguage\":\"es\",\"potentialAction\":[{\"@type\":\"ReadAction\",\"target\":[\"https:\\\/\\\/cbne.cl\\\/wpCNE\\\/formacion-continua-para-una-educacion-mas-inclusiva-y-colaborativa\\\/\"]}]},{\"@type\":\"ImageObject\",\"inLanguage\":\"es\",\"@id\":\"https:\\\/\\\/cbne.cl\\\/wpCNE\\\/formacion-continua-para-una-educacion-mas-inclusiva-y-colaborativa\\\/#primaryimage\",\"url\":\"https:\\\/\\\/cbne.cl\\\/wpCNE\\\/wp-content\\\/uploads\\\/2025\\\/08\\\/d4aca7c7-5d9a-4e94-974e-5e89f04509e0.png\",\"contentUrl\":\"https:\\\/\\\/cbne.cl\\\/wpCNE\\\/wp-content\\\/uploads\\\/2025\\\/08\\\/d4aca7c7-5d9a-4e94-974e-5e89f04509e0.png\",\"width\":1536,\"height\":1024},{\"@type\":\"BreadcrumbList\",\"@id\":\"https:\\\/\\\/cbne.cl\\\/wpCNE\\\/formacion-continua-para-una-educacion-mas-inclusiva-y-colaborativa\\\/#breadcrumb\",\"itemListElement\":[{\"@type\":\"ListItem\",\"position\":1,\"name\":\"Portada\",\"item\":\"https:\\\/\\\/cbne.cl\\\/wpCNE\\\/\"},{\"@type\":\"ListItem\",\"position\":2,\"name\":\"Formaci\u00f3n continua para una educaci\u00f3n m\u00e1s inclusiva y colaborativa\"}]},{\"@type\":\"WebSite\",\"@id\":\"https:\\\/\\\/cbne.cl\\\/wpCNE\\\/#website\",\"url\":\"https:\\\/\\\/cbne.cl\\\/wpCNE\\\/\",\"name\":\"COLEGIO BICENTENARIO NUEVA ESPERANZA\",\"description\":\"&quot;Educando desde la afectividad&quot;\",\"publisher\":{\"@id\":\"https:\\\/\\\/cbne.cl\\\/wpCNE\\\/#organization\"},\"potentialAction\":[{\"@type\":\"SearchAction\",\"target\":{\"@type\":\"EntryPoint\",\"urlTemplate\":\"https:\\\/\\\/cbne.cl\\\/wpCNE\\\/?s={search_term_string}\"},\"query-input\":{\"@type\":\"PropertyValueSpecification\",\"valueRequired\":true,\"valueName\":\"search_term_string\"}}],\"inLanguage\":\"es\"},{\"@type\":\"Organization\",\"@id\":\"https:\\\/\\\/cbne.cl\\\/wpCNE\\\/#organization\",\"name\":\"COLEGIO BICENTENARIO NUEVA ESPERANZA\",\"url\":\"https:\\\/\\\/cbne.cl\\\/wpCNE\\\/\",\"logo\":{\"@type\":\"ImageObject\",\"inLanguage\":\"es\",\"@id\":\"https:\\\/\\\/cbne.cl\\\/wpCNE\\\/#\\\/schema\\\/logo\\\/image\\\/\",\"url\":\"https:\\\/\\\/cbne.cl\\\/wpCNE\\\/wp-content\\\/uploads\\\/2020\\\/07\\\/cropped-cropped-web150x150.png\",\"contentUrl\":\"https:\\\/\\\/cbne.cl\\\/wpCNE\\\/wp-content\\\/uploads\\\/2020\\\/07\\\/cropped-cropped-web150x150.png\",\"width\":150,\"height\":150,\"caption\":\"COLEGIO BICENTENARIO NUEVA ESPERANZA\"},\"image\":{\"@id\":\"https:\\\/\\\/cbne.cl\\\/wpCNE\\\/#\\\/schema\\\/logo\\\/image\\\/\"}},{\"@type\":\"Person\",\"@id\":\"https:\\\/\\\/cbne.cl\\\/wpCNE\\\/#\\\/schema\\\/person\\\/e70cae86af2d376d31c9df4a32c77067\",\"name\":\"administrador\",\"image\":{\"@type\":\"ImageObject\",\"inLanguage\":\"es\",\"@id\":\"https:\\\/\\\/secure.gravatar.com\\\/avatar\\\/2bb82521b7d9910a42114952efdc357245391fbd79322d9d21f7d587e222a509?s=96&d=mm&r=g\",\"url\":\"https:\\\/\\\/secure.gravatar.com\\\/avatar\\\/2bb82521b7d9910a42114952efdc357245391fbd79322d9d21f7d587e222a509?s=96&d=mm&r=g\",\"contentUrl\":\"https:\\\/\\\/secure.gravatar.com\\\/avatar\\\/2bb82521b7d9910a42114952efdc357245391fbd79322d9d21f7d587e222a509?s=96&d=mm&r=g\",\"caption\":\"administrador\"},\"sameAs\":[\"https:\\\/\\\/colegionuevaesperanza.cl\\\/wpCNE\"],\"url\":\"https:\\\/\\\/cbne.cl\\\/wpCNE\\\/author\\\/administrador\\\/\"}]}<\/script>\n<!-- \/ Yoast SEO plugin. -->","yoast_head_json":{"title":"Formaci\u00f3n continua para una educaci\u00f3n m\u00e1s inclusiva y colaborativa - COLEGIO BICENTENARIO NUEVA ESPERANZA","robots":{"index":"index","follow":"follow","max-snippet":"max-snippet:-1","max-image-preview":"max-image-preview:large","max-video-preview":"max-video-preview:-1"},"canonical":"https:\/\/cbne.cl\/wpCNE\/formacion-continua-para-una-educacion-mas-inclusiva-y-colaborativa\/","og_locale":"es_ES","og_type":"article","og_title":"Formaci\u00f3n continua para una educaci\u00f3n m\u00e1s inclusiva y colaborativa - COLEGIO BICENTENARIO NUEVA ESPERANZA","og_description":"En el Colegio Bicentenario Nueva Esperanza seguimos fortaleciendo nuestro compromiso con una educaci\u00f3n de calidad, reflexiva y centrada","og_url":"https:\/\/cbne.cl\/wpCNE\/formacion-continua-para-una-educacion-mas-inclusiva-y-colaborativa\/","og_site_name":"COLEGIO BICENTENARIO NUEVA ESPERANZA","article_published_time":"2025-06-20T00:21:54+00:00","article_modified_time":"2025-08-06T00:37:56+00:00","og_image":[{"width":1536,"height":1024,"url":"https:\/\/cbne.cl\/wpCNE\/wp-content\/uploads\/2025\/08\/d4aca7c7-5d9a-4e94-974e-5e89f04509e0.png","type":"image\/png"}],"author":"administrador","twitter_card":"summary_large_image","twitter_misc":{"Escrito por":"administrador","Tiempo de lectura":"1 minuto"},"schema":{"@context":"https:\/\/schema.org","@graph":[{"@type":"Article","@id":"https:\/\/cbne.cl\/wpCNE\/formacion-continua-para-una-educacion-mas-inclusiva-y-colaborativa\/#article","isPartOf":{"@id":"https:\/\/cbne.cl\/wpCNE\/formacion-continua-para-una-educacion-mas-inclusiva-y-colaborativa\/"},"author":{"name":"administrador","@id":"https:\/\/cbne.cl\/wpCNE\/#\/schema\/person\/e70cae86af2d376d31c9df4a32c77067"},"headline":"Formaci\u00f3n continua para una educaci\u00f3n m\u00e1s inclusiva y colaborativa","datePublished":"2025-06-20T00:21:54+00:00","dateModified":"2025-08-06T00:37:56+00:00","mainEntityOfPage":{"@id":"https:\/\/cbne.cl\/wpCNE\/formacion-continua-para-una-educacion-mas-inclusiva-y-colaborativa\/"},"wordCount":160,"publisher":{"@id":"https:\/\/cbne.cl\/wpCNE\/#organization"},"image":{"@id":"https:\/\/cbne.cl\/wpCNE\/formacion-continua-para-una-educacion-mas-inclusiva-y-colaborativa\/#primaryimage"},"thumbnailUrl":"https:\/\/cbne.cl\/wpCNE\/wp-content\/uploads\/2025\/08\/d4aca7c7-5d9a-4e94-974e-5e89f04509e0.png","articleSection":["CBNE 2025"],"inLanguage":"es"},{"@type":"WebPage","@id":"https:\/\/cbne.cl\/wpCNE\/formacion-continua-para-una-educacion-mas-inclusiva-y-colaborativa\/","url":"https:\/\/cbne.cl\/wpCNE\/formacion-continua-para-una-educacion-mas-inclusiva-y-colaborativa\/","name":"Formaci\u00f3n continua para una educaci\u00f3n m\u00e1s inclusiva y colaborativa - COLEGIO BICENTENARIO NUEVA ESPERANZA","isPartOf":{"@id":"https:\/\/cbne.cl\/wpCNE\/#website"},"primaryImageOfPage":{"@id":"https:\/\/cbne.cl\/wpCNE\/formacion-continua-para-una-educacion-mas-inclusiva-y-colaborativa\/#primaryimage"},"image":{"@id":"https:\/\/cbne.cl\/wpCNE\/formacion-continua-para-una-educacion-mas-inclusiva-y-colaborativa\/#primaryimage"},"thumbnailUrl":"https:\/\/cbne.cl\/wpCNE\/wp-content\/uploads\/2025\/08\/d4aca7c7-5d9a-4e94-974e-5e89f04509e0.png","datePublished":"2025-06-20T00:21:54+00:00","dateModified":"2025-08-06T00:37:56+00:00","breadcrumb":{"@id":"https:\/\/cbne.cl\/wpCNE\/formacion-continua-para-una-educacion-mas-inclusiva-y-colaborativa\/#breadcrumb"},"inLanguage":"es","potentialAction":[{"@type":"ReadAction","target":["https:\/\/cbne.cl\/wpCNE\/formacion-continua-para-una-educacion-mas-inclusiva-y-colaborativa\/"]}]},{"@type":"ImageObject","inLanguage":"es","@id":"https:\/\/cbne.cl\/wpCNE\/formacion-continua-para-una-educacion-mas-inclusiva-y-colaborativa\/#primaryimage","url":"https:\/\/cbne.cl\/wpCNE\/wp-content\/uploads\/2025\/08\/d4aca7c7-5d9a-4e94-974e-5e89f04509e0.png","contentUrl":"https:\/\/cbne.cl\/wpCNE\/wp-content\/uploads\/2025\/08\/d4aca7c7-5d9a-4e94-974e-5e89f04509e0.png","width":1536,"height":1024},{"@type":"BreadcrumbList","@id":"https:\/\/cbne.cl\/wpCNE\/formacion-continua-para-una-educacion-mas-inclusiva-y-colaborativa\/#breadcrumb","itemListElement":[{"@type":"ListItem","position":1,"name":"Portada","item":"https:\/\/cbne.cl\/wpCNE\/"},{"@type":"ListItem","position":2,"name":"Formaci\u00f3n continua para una educaci\u00f3n m\u00e1s inclusiva y colaborativa"}]},{"@type":"WebSite","@id":"https:\/\/cbne.cl\/wpCNE\/#website","url":"https:\/\/cbne.cl\/wpCNE\/","name":"COLEGIO BICENTENARIO NUEVA ESPERANZA","description":"&quot;Educando desde la afectividad&quot;","publisher":{"@id":"https:\/\/cbne.cl\/wpCNE\/#organization"},"potentialAction":[{"@type":"SearchAction","target":{"@type":"EntryPoint","urlTemplate":"https:\/\/cbne.cl\/wpCNE\/?s={search_term_string}"},"query-input":{"@type":"PropertyValueSpecification","valueRequired":true,"valueName":"search_term_string"}}],"inLanguage":"es"},{"@type":"Organization","@id":"https:\/\/cbne.cl\/wpCNE\/#organization","name":"COLEGIO BICENTENARIO NUEVA ESPERANZA","url":"https:\/\/cbne.cl\/wpCNE\/","logo":{"@type":"ImageObject","inLanguage":"es","@id":"https:\/\/cbne.cl\/wpCNE\/#\/schema\/logo\/image\/","url":"https:\/\/cbne.cl\/wpCNE\/wp-content\/uploads\/2020\/07\/cropped-cropped-web150x150.png","contentUrl":"https:\/\/cbne.cl\/wpCNE\/wp-content\/uploads\/2020\/07\/cropped-cropped-web150x150.png","width":150,"height":150,"caption":"COLEGIO BICENTENARIO NUEVA ESPERANZA"},"image":{"@id":"https:\/\/cbne.cl\/wpCNE\/#\/schema\/logo\/image\/"}},{"@type":"Person","@id":"https:\/\/cbne.cl\/wpCNE\/#\/schema\/person\/e70cae86af2d376d31c9df4a32c77067","name":"administrador","image":{"@type":"ImageObject","inLanguage":"es","@id":"https:\/\/secure.gravatar.com\/avatar\/2bb82521b7d9910a42114952efdc357245391fbd79322d9d21f7d587e222a509?s=96&d=mm&r=g","url":"https:\/\/secure.gravatar.com\/avatar\/2bb82521b7d9910a42114952efdc357245391fbd79322d9d21f7d587e222a509?s=96&d=mm&r=g","contentUrl":"https:\/\/secure.gravatar.com\/avatar\/2bb82521b7d9910a42114952efdc357245391fbd79322d9d21f7d587e222a509?s=96&d=mm&r=g","caption":"administrador"},"sameAs":["https:\/\/colegionuevaesperanza.cl\/wpCNE"],"url":"https:\/\/cbne.cl\/wpCNE\/author\/administrador\/"}]}},"featured_image_urls":{"full":["https:\/\/cbne.cl\/wpCNE\/wp-content\/uploads\/2025\/08\/d4aca7c7-5d9a-4e94-974e-5e89f04509e0.png",1536,1024,false],"thumbnail":["https:\/\/cbne.cl\/wpCNE\/wp-content\/uploads\/2025\/08\/d4aca7c7-5d9a-4e94-974e-5e89f04509e0-150x150.png",150,150,true],"medium":["https:\/\/cbne.cl\/wpCNE\/wp-content\/uploads\/2025\/08\/d4aca7c7-5d9a-4e94-974e-5e89f04509e0-300x200.png",300,200,true],"medium_large":["https:\/\/cbne.cl\/wpCNE\/wp-content\/uploads\/2025\/08\/d4aca7c7-5d9a-4e94-974e-5e89f04509e0-768x512.png",640,427,true],"large":["https:\/\/cbne.cl\/wpCNE\/wp-content\/uploads\/2025\/08\/d4aca7c7-5d9a-4e94-974e-5e89f04509e0-1024x683.png",640,427,true],"1536x1536":["https:\/\/cbne.cl\/wpCNE\/wp-content\/uploads\/2025\/08\/d4aca7c7-5d9a-4e94-974e-5e89f04509e0.png",1536,1024,false],"2048x2048":["https:\/\/cbne.cl\/wpCNE\/wp-content\/uploads\/2025\/08\/d4aca7c7-5d9a-4e94-974e-5e89f04509e0.png",1536,1024,false],"morenews-large":["https:\/\/cbne.cl\/wpCNE\/wp-content\/uploads\/2025\/08\/d4aca7c7-5d9a-4e94-974e-5e89f04509e0-825x575.png",825,575,true],"morenews-medium":["https:\/\/cbne.cl\/wpCNE\/wp-content\/uploads\/2025\/08\/d4aca7c7-5d9a-4e94-974e-5e89f04509e0-590x410.png",590,410,true]},"author_info":{"display_name":"administrador","author_link":"https:\/\/cbne.cl\/wpCNE\/author\/administrador\/"},"category_info":"<a href=\"https:\/\/cbne.cl\/wpCNE\/category\/cbne-2025\/\" rel=\"category tag\">CBNE 2025<\/a>","tag_info":"CBNE 2025","comment_count":"0","_links":{"self":[{"href":"https:\/\/cbne.cl\/wpCNE\/wp-json\/wp\/v2\/posts\/8110","targetHints":{"allow":["GET"]}}],"collection":[{"href":"https:\/\/cbne.cl\/wpCNE\/wp-json\/wp\/v2\/posts"}],"about":[{"href":"https:\/\/cbne.cl\/wpCNE\/wp-json\/wp\/v2\/types\/post"}],"author":[{"embeddable":true,"href":"https:\/\/cbne.cl\/wpCNE\/wp-json\/wp\/v2\/users\/1"}],"replies":[{"embeddable":true,"href":"https:\/\/cbne.cl\/wpCNE\/wp-json\/wp\/v2\/comments?post=8110"}],"version-history":[{"count":1,"href":"https:\/\/cbne.cl\/wpCNE\/wp-json\/wp\/v2\/posts\/8110\/revisions"}],"predecessor-version":[{"id":8113,"href":"https:\/\/cbne.cl\/wpCNE\/wp-json\/wp\/v2\/posts\/8110\/revisions\/8113"}],"wp:featuredmedia":[{"embeddable":true,"href":"https:\/\/cbne.cl\/wpCNE\/wp-json\/wp\/v2\/media\/8112"}],"wp:attachment":[{"href":"https:\/\/cbne.cl\/wpCNE\/wp-json\/wp\/v2\/media?parent=8110"}],"wp:term":[{"taxonomy":"category","embeddable":true,"href":"https:\/\/cbne.cl\/wpCNE\/wp-json\/wp\/v2\/categories?post=8110"},{"taxonomy":"post_tag","embeddable":true,"href":"https:\/\/cbne.cl\/wpCNE\/wp-json\/wp\/v2\/tags?post=8110"}],"curies":[{"name":"wp","href":"https:\/\/api.w.org\/{rel}","templated":true}]}}