{"id":8056,"date":"2025-05-27T18:39:46","date_gmt":"2025-05-27T22:39:46","guid":{"rendered":"https:\/\/cbne.cl\/wpCNE\/?p=8056"},"modified":"2025-06-11T18:52:39","modified_gmt":"2025-06-11T22:52:39","slug":"reconocimiento-postumo-a-maria-eva-diaz","status":"publish","type":"post","link":"https:\/\/cbne.cl\/wpCNE\/reconocimiento-postumo-a-maria-eva-diaz\/","title":{"rendered":"Reconocimiento p\u00f3stumo a Mar\u00eda Eva D\u00edaz"},"content":{"rendered":"\n<p>Con profunda gratitud y respeto, nuestro colegio rinde un sentido homenaje p\u00f3stumo a la se\u00f1ora Mar\u00eda Eva D\u00edaz Salazar, destacada cultora de la memoria hist\u00f3rica de la comuna de Yungay, adem\u00e1s de poseer un rol activo como apoderada de nuestra comunidad escolar. Su legado queda impreso en las p\u00e1ginas de \u201cUna historia para Yungay, Mi Valle Templado\u201d, una obra que trasciende el tiempo y nos conecta con las ra\u00edces m\u00e1s profundas de nuestra identidad local.<\/p>\n\n\n\n<p>Este valioso libro es mucho m\u00e1s que un compendio de relatos, documentos y fotograf\u00edas: es un testimonio vivo del alma yungayina, una defensa comprometida del patrimonio natural y cultural de nuestra tierra. Con sensibilidad y rigor, Mar\u00eda Eva nos invita a recorrer la historia de hombres y mujeres que forjaron la vida en el valle, recogiendo sus voces y sus huellas para que no se pierdan en el olvido.<\/p>\n\n\n\n<figure class=\"wp-block-gallery has-nested-images columns-default is-cropped wp-block-gallery-2 is-layout-flex wp-block-gallery-is-layout-flex\">\n<figure class=\"wp-block-image size-full has-custom-border is-style-default wp-duotone-unset-1\" style=\"margin-top:0;margin-right:0rem;margin-bottom:0;margin-left:0rem\"><img fetchpriority=\"high\" decoding=\"async\" width=\"1068\" height=\"1500\" data-id=\"8061\" src=\"https:\/\/cbne.cl\/wpCNE\/wp-content\/uploads\/2025\/05\/yungay-mi-valle-templado-1.jpg\" alt=\"\" class=\"has-border-color wp-image-8061\" style=\"border-color:#7bdcb5;border-width:6px;border-radius:20px\" srcset=\"https:\/\/cbne.cl\/wpCNE\/wp-content\/uploads\/2025\/05\/yungay-mi-valle-templado-1.jpg 1068w, https:\/\/cbne.cl\/wpCNE\/wp-content\/uploads\/2025\/05\/yungay-mi-valle-templado-1-214x300.jpg 214w, https:\/\/cbne.cl\/wpCNE\/wp-content\/uploads\/2025\/05\/yungay-mi-valle-templado-1-729x1024.jpg 729w, https:\/\/cbne.cl\/wpCNE\/wp-content\/uploads\/2025\/05\/yungay-mi-valle-templado-1-768x1079.jpg 768w, https:\/\/cbne.cl\/wpCNE\/wp-content\/uploads\/2025\/05\/yungay-mi-valle-templado-1-1024x1438.jpg 1024w\" sizes=\"(max-width: 1068px) 100vw, 1068px\" \/><figcaption class=\"wp-element-caption\">Yungay \u00abMi valle templado\u00bb.<\/figcaption><\/figure>\n\n\n\n<figure class=\"wp-block-image size-full has-custom-border\"><img decoding=\"async\" width=\"315\" height=\"398\" data-id=\"8062\" src=\"https:\/\/cbne.cl\/wpCNE\/wp-content\/uploads\/2025\/05\/Yungay-mi-valle-templado-2.png\" alt=\"\" class=\"has-border-color wp-image-8062\" style=\"border-color:#ff6900;border-width:6px;border-radius:20px\" srcset=\"https:\/\/cbne.cl\/wpCNE\/wp-content\/uploads\/2025\/05\/Yungay-mi-valle-templado-2.png 315w, https:\/\/cbne.cl\/wpCNE\/wp-content\/uploads\/2025\/05\/Yungay-mi-valle-templado-2-237x300.png 237w\" sizes=\"(max-width: 315px) 100vw, 315px\" \/><figcaption class=\"wp-element-caption\">Una historia para Yungay, mi valle templado.<\/figcaption><\/figure>\n<\/figure>\n\n\n\n<p>Su trabajo nos deja una ense\u00f1anza poderosa: la importancia de preservar la memoria hist\u00f3rica colectiva como un acto de amor y resistencia. Gracias a su incansable labor, las nuevas generaciones podr\u00e1n reconocerse en el pasado y proyectarse hacia el futuro con sentido de pertenencia. Por otro lado, su propio testimonio de vida invita a creer en la disciplina, la resiliencia, el amor y la amabilidad como valores primordiales de la existencia terrenal de cada uno de nosotros y nosotras.<\/p>\n\n\n\n<p>Mar\u00eda Eva D\u00edaz Salazar vive en cada p\u00e1gina que escribi\u00f3 y en cada rinc\u00f3n de Yungay que ayud\u00f3 a valorar y comprender. Su obra y esp\u00edritu perdurar\u00e1n m\u00e1s all\u00e1 de su ausencia terrenal.<\/p>\n\n\n\n<p>Que dios les entregue el consuelo y tranquilidad a su familia.<\/p>\n\n\n\n<figure style=\"padding-right:10rem;padding-left:10rem\" class=\"wp-block-video\"><video height=\"1280\" style=\"aspect-ratio: 720 \/ 1280;\" width=\"720\" controls src=\"https:\/\/cbne.cl\/wpCNE\/wp-content\/uploads\/2025\/06\/Reconocimiento-postumo-a-Maria-Eva-Diaz.mp4\"><\/video><\/figure>\n","protected":false},"excerpt":{"rendered":"<p>Con profunda gratitud y respeto, nuestro colegio rinde un sentido homenaje p\u00f3stumo a la se\u00f1ora Mar\u00eda Eva D\u00edaz<\/p>\n","protected":false},"author":1,"featured_media":8058,"comment_status":"closed","ping_status":"closed","sticky":false,"template":"","format":"standard","meta":{"footnotes":""},"categories":[266],"tags":[],"class_list":["post-8056","post","type-post","status-publish","format-standard","has-post-thumbnail","hentry","category-cbne-2025"],"yoast_head":"<!-- This site is optimized with the Yoast SEO plugin v27.5 - https:\/\/yoast.com\/product\/yoast-seo-wordpress\/ -->\n<title>Reconocimiento p\u00f3stumo a Mar\u00eda Eva D\u00edaz - COLEGIO BICENTENARIO NUEVA ESPERANZA<\/title>\n<meta name=\"robots\" content=\"index, follow, max-snippet:-1, max-image-preview:large, max-video-preview:-1\" \/>\n<link rel=\"canonical\" href=\"https:\/\/cbne.cl\/wpCNE\/reconocimiento-postumo-a-maria-eva-diaz\/\" \/>\n<meta property=\"og:locale\" content=\"es_ES\" \/>\n<meta property=\"og:type\" content=\"article\" \/>\n<meta property=\"og:title\" content=\"Reconocimiento p\u00f3stumo a Mar\u00eda Eva D\u00edaz - COLEGIO BICENTENARIO NUEVA ESPERANZA\" \/>\n<meta property=\"og:description\" content=\"Con profunda gratitud y respeto, nuestro colegio rinde un sentido homenaje p\u00f3stumo a la se\u00f1ora Mar\u00eda Eva D\u00edaz\" \/>\n<meta property=\"og:url\" content=\"https:\/\/cbne.cl\/wpCNE\/reconocimiento-postumo-a-maria-eva-diaz\/\" \/>\n<meta property=\"og:site_name\" content=\"COLEGIO BICENTENARIO NUEVA ESPERANZA\" \/>\n<meta property=\"article:published_time\" content=\"2025-05-27T22:39:46+00:00\" \/>\n<meta property=\"article:modified_time\" content=\"2025-06-11T22:52:39+00:00\" \/>\n<meta property=\"og:image\" content=\"https:\/\/cbne.cl\/wpCNE\/wp-content\/uploads\/2025\/06\/Homenaje-postumo-M\u00b0-Eva-Diaz.png\" \/>\n\t<meta property=\"og:image:width\" content=\"1920\" \/>\n\t<meta property=\"og:image:height\" content=\"1080\" \/>\n\t<meta property=\"og:image:type\" content=\"image\/png\" \/>\n<meta name=\"author\" content=\"administrador\" \/>\n<meta name=\"twitter:card\" content=\"summary_large_image\" \/>\n<meta name=\"twitter:label1\" content=\"Escrito por\" \/>\n\t<meta name=\"twitter:data1\" content=\"administrador\" \/>\n\t<meta name=\"twitter:label2\" content=\"Tiempo de lectura\" \/>\n\t<meta name=\"twitter:data2\" content=\"2 minutos\" \/>\n<script type=\"application\/ld+json\" class=\"yoast-schema-graph\">{\"@context\":\"https:\\\/\\\/schema.org\",\"@graph\":[{\"@type\":\"Article\",\"@id\":\"https:\\\/\\\/cbne.cl\\\/wpCNE\\\/reconocimiento-postumo-a-maria-eva-diaz\\\/#article\",\"isPartOf\":{\"@id\":\"https:\\\/\\\/cbne.cl\\\/wpCNE\\\/reconocimiento-postumo-a-maria-eva-diaz\\\/\"},\"author\":{\"name\":\"administrador\",\"@id\":\"https:\\\/\\\/cbne.cl\\\/wpCNE\\\/#\\\/schema\\\/person\\\/e70cae86af2d376d31c9df4a32c77067\"},\"headline\":\"Reconocimiento p\u00f3stumo a Mar\u00eda Eva D\u00edaz\",\"datePublished\":\"2025-05-27T22:39:46+00:00\",\"dateModified\":\"2025-06-11T22:52:39+00:00\",\"mainEntityOfPage\":{\"@id\":\"https:\\\/\\\/cbne.cl\\\/wpCNE\\\/reconocimiento-postumo-a-maria-eva-diaz\\\/\"},\"wordCount\":309,\"publisher\":{\"@id\":\"https:\\\/\\\/cbne.cl\\\/wpCNE\\\/#organization\"},\"image\":{\"@id\":\"https:\\\/\\\/cbne.cl\\\/wpCNE\\\/reconocimiento-postumo-a-maria-eva-diaz\\\/#primaryimage\"},\"thumbnailUrl\":\"https:\\\/\\\/cbne.cl\\\/wpCNE\\\/wp-content\\\/uploads\\\/2025\\\/06\\\/Homenaje-postumo-M\u00b0-Eva-Diaz.png\",\"articleSection\":[\"CBNE 2025\"],\"inLanguage\":\"es\"},{\"@type\":\"WebPage\",\"@id\":\"https:\\\/\\\/cbne.cl\\\/wpCNE\\\/reconocimiento-postumo-a-maria-eva-diaz\\\/\",\"url\":\"https:\\\/\\\/cbne.cl\\\/wpCNE\\\/reconocimiento-postumo-a-maria-eva-diaz\\\/\",\"name\":\"Reconocimiento p\u00f3stumo a Mar\u00eda Eva D\u00edaz - COLEGIO BICENTENARIO NUEVA ESPERANZA\",\"isPartOf\":{\"@id\":\"https:\\\/\\\/cbne.cl\\\/wpCNE\\\/#website\"},\"primaryImageOfPage\":{\"@id\":\"https:\\\/\\\/cbne.cl\\\/wpCNE\\\/reconocimiento-postumo-a-maria-eva-diaz\\\/#primaryimage\"},\"image\":{\"@id\":\"https:\\\/\\\/cbne.cl\\\/wpCNE\\\/reconocimiento-postumo-a-maria-eva-diaz\\\/#primaryimage\"},\"thumbnailUrl\":\"https:\\\/\\\/cbne.cl\\\/wpCNE\\\/wp-content\\\/uploads\\\/2025\\\/06\\\/Homenaje-postumo-M\u00b0-Eva-Diaz.png\",\"datePublished\":\"2025-05-27T22:39:46+00:00\",\"dateModified\":\"2025-06-11T22:52:39+00:00\",\"breadcrumb\":{\"@id\":\"https:\\\/\\\/cbne.cl\\\/wpCNE\\\/reconocimiento-postumo-a-maria-eva-diaz\\\/#breadcrumb\"},\"inLanguage\":\"es\",\"potentialAction\":[{\"@type\":\"ReadAction\",\"target\":[\"https:\\\/\\\/cbne.cl\\\/wpCNE\\\/reconocimiento-postumo-a-maria-eva-diaz\\\/\"]}]},{\"@type\":\"ImageObject\",\"inLanguage\":\"es\",\"@id\":\"https:\\\/\\\/cbne.cl\\\/wpCNE\\\/reconocimiento-postumo-a-maria-eva-diaz\\\/#primaryimage\",\"url\":\"https:\\\/\\\/cbne.cl\\\/wpCNE\\\/wp-content\\\/uploads\\\/2025\\\/06\\\/Homenaje-postumo-M\u00b0-Eva-Diaz.png\",\"contentUrl\":\"https:\\\/\\\/cbne.cl\\\/wpCNE\\\/wp-content\\\/uploads\\\/2025\\\/06\\\/Homenaje-postumo-M\u00b0-Eva-Diaz.png\",\"width\":1920,\"height\":1080},{\"@type\":\"BreadcrumbList\",\"@id\":\"https:\\\/\\\/cbne.cl\\\/wpCNE\\\/reconocimiento-postumo-a-maria-eva-diaz\\\/#breadcrumb\",\"itemListElement\":[{\"@type\":\"ListItem\",\"position\":1,\"name\":\"Portada\",\"item\":\"https:\\\/\\\/cbne.cl\\\/wpCNE\\\/\"},{\"@type\":\"ListItem\",\"position\":2,\"name\":\"Reconocimiento p\u00f3stumo a Mar\u00eda Eva D\u00edaz\"}]},{\"@type\":\"WebSite\",\"@id\":\"https:\\\/\\\/cbne.cl\\\/wpCNE\\\/#website\",\"url\":\"https:\\\/\\\/cbne.cl\\\/wpCNE\\\/\",\"name\":\"COLEGIO BICENTENARIO NUEVA ESPERANZA\",\"description\":\"&quot;Educando desde la afectividad&quot;\",\"publisher\":{\"@id\":\"https:\\\/\\\/cbne.cl\\\/wpCNE\\\/#organization\"},\"potentialAction\":[{\"@type\":\"SearchAction\",\"target\":{\"@type\":\"EntryPoint\",\"urlTemplate\":\"https:\\\/\\\/cbne.cl\\\/wpCNE\\\/?s={search_term_string}\"},\"query-input\":{\"@type\":\"PropertyValueSpecification\",\"valueRequired\":true,\"valueName\":\"search_term_string\"}}],\"inLanguage\":\"es\"},{\"@type\":\"Organization\",\"@id\":\"https:\\\/\\\/cbne.cl\\\/wpCNE\\\/#organization\",\"name\":\"COLEGIO BICENTENARIO NUEVA ESPERANZA\",\"url\":\"https:\\\/\\\/cbne.cl\\\/wpCNE\\\/\",\"logo\":{\"@type\":\"ImageObject\",\"inLanguage\":\"es\",\"@id\":\"https:\\\/\\\/cbne.cl\\\/wpCNE\\\/#\\\/schema\\\/logo\\\/image\\\/\",\"url\":\"https:\\\/\\\/cbne.cl\\\/wpCNE\\\/wp-content\\\/uploads\\\/2020\\\/07\\\/cropped-cropped-web150x150.png\",\"contentUrl\":\"https:\\\/\\\/cbne.cl\\\/wpCNE\\\/wp-content\\\/uploads\\\/2020\\\/07\\\/cropped-cropped-web150x150.png\",\"width\":150,\"height\":150,\"caption\":\"COLEGIO BICENTENARIO NUEVA ESPERANZA\"},\"image\":{\"@id\":\"https:\\\/\\\/cbne.cl\\\/wpCNE\\\/#\\\/schema\\\/logo\\\/image\\\/\"}},{\"@type\":\"Person\",\"@id\":\"https:\\\/\\\/cbne.cl\\\/wpCNE\\\/#\\\/schema\\\/person\\\/e70cae86af2d376d31c9df4a32c77067\",\"name\":\"administrador\",\"image\":{\"@type\":\"ImageObject\",\"inLanguage\":\"es\",\"@id\":\"https:\\\/\\\/secure.gravatar.com\\\/avatar\\\/2bb82521b7d9910a42114952efdc357245391fbd79322d9d21f7d587e222a509?s=96&d=mm&r=g\",\"url\":\"https:\\\/\\\/secure.gravatar.com\\\/avatar\\\/2bb82521b7d9910a42114952efdc357245391fbd79322d9d21f7d587e222a509?s=96&d=mm&r=g\",\"contentUrl\":\"https:\\\/\\\/secure.gravatar.com\\\/avatar\\\/2bb82521b7d9910a42114952efdc357245391fbd79322d9d21f7d587e222a509?s=96&d=mm&r=g\",\"caption\":\"administrador\"},\"sameAs\":[\"https:\\\/\\\/colegionuevaesperanza.cl\\\/wpCNE\"],\"url\":\"https:\\\/\\\/cbne.cl\\\/wpCNE\\\/author\\\/administrador\\\/\"}]}<\/script>\n<!-- \/ Yoast SEO plugin. -->","yoast_head_json":{"title":"Reconocimiento p\u00f3stumo a Mar\u00eda Eva D\u00edaz - COLEGIO BICENTENARIO NUEVA ESPERANZA","robots":{"index":"index","follow":"follow","max-snippet":"max-snippet:-1","max-image-preview":"max-image-preview:large","max-video-preview":"max-video-preview:-1"},"canonical":"https:\/\/cbne.cl\/wpCNE\/reconocimiento-postumo-a-maria-eva-diaz\/","og_locale":"es_ES","og_type":"article","og_title":"Reconocimiento p\u00f3stumo a Mar\u00eda Eva D\u00edaz - COLEGIO BICENTENARIO NUEVA ESPERANZA","og_description":"Con profunda gratitud y respeto, nuestro colegio rinde un sentido homenaje p\u00f3stumo a la se\u00f1ora Mar\u00eda Eva D\u00edaz","og_url":"https:\/\/cbne.cl\/wpCNE\/reconocimiento-postumo-a-maria-eva-diaz\/","og_site_name":"COLEGIO BICENTENARIO NUEVA ESPERANZA","article_published_time":"2025-05-27T22:39:46+00:00","article_modified_time":"2025-06-11T22:52:39+00:00","og_image":[{"width":1920,"height":1080,"url":"https:\/\/cbne.cl\/wpCNE\/wp-content\/uploads\/2025\/06\/Homenaje-postumo-M\u00b0-Eva-Diaz.png","type":"image\/png"}],"author":"administrador","twitter_card":"summary_large_image","twitter_misc":{"Escrito por":"administrador","Tiempo de lectura":"2 minutos"},"schema":{"@context":"https:\/\/schema.org","@graph":[{"@type":"Article","@id":"https:\/\/cbne.cl\/wpCNE\/reconocimiento-postumo-a-maria-eva-diaz\/#article","isPartOf":{"@id":"https:\/\/cbne.cl\/wpCNE\/reconocimiento-postumo-a-maria-eva-diaz\/"},"author":{"name":"administrador","@id":"https:\/\/cbne.cl\/wpCNE\/#\/schema\/person\/e70cae86af2d376d31c9df4a32c77067"},"headline":"Reconocimiento p\u00f3stumo a Mar\u00eda Eva D\u00edaz","datePublished":"2025-05-27T22:39:46+00:00","dateModified":"2025-06-11T22:52:39+00:00","mainEntityOfPage":{"@id":"https:\/\/cbne.cl\/wpCNE\/reconocimiento-postumo-a-maria-eva-diaz\/"},"wordCount":309,"publisher":{"@id":"https:\/\/cbne.cl\/wpCNE\/#organization"},"image":{"@id":"https:\/\/cbne.cl\/wpCNE\/reconocimiento-postumo-a-maria-eva-diaz\/#primaryimage"},"thumbnailUrl":"https:\/\/cbne.cl\/wpCNE\/wp-content\/uploads\/2025\/06\/Homenaje-postumo-M\u00b0-Eva-Diaz.png","articleSection":["CBNE 2025"],"inLanguage":"es"},{"@type":"WebPage","@id":"https:\/\/cbne.cl\/wpCNE\/reconocimiento-postumo-a-maria-eva-diaz\/","url":"https:\/\/cbne.cl\/wpCNE\/reconocimiento-postumo-a-maria-eva-diaz\/","name":"Reconocimiento p\u00f3stumo a Mar\u00eda Eva D\u00edaz - COLEGIO BICENTENARIO NUEVA ESPERANZA","isPartOf":{"@id":"https:\/\/cbne.cl\/wpCNE\/#website"},"primaryImageOfPage":{"@id":"https:\/\/cbne.cl\/wpCNE\/reconocimiento-postumo-a-maria-eva-diaz\/#primaryimage"},"image":{"@id":"https:\/\/cbne.cl\/wpCNE\/reconocimiento-postumo-a-maria-eva-diaz\/#primaryimage"},"thumbnailUrl":"https:\/\/cbne.cl\/wpCNE\/wp-content\/uploads\/2025\/06\/Homenaje-postumo-M\u00b0-Eva-Diaz.png","datePublished":"2025-05-27T22:39:46+00:00","dateModified":"2025-06-11T22:52:39+00:00","breadcrumb":{"@id":"https:\/\/cbne.cl\/wpCNE\/reconocimiento-postumo-a-maria-eva-diaz\/#breadcrumb"},"inLanguage":"es","potentialAction":[{"@type":"ReadAction","target":["https:\/\/cbne.cl\/wpCNE\/reconocimiento-postumo-a-maria-eva-diaz\/"]}]},{"@type":"ImageObject","inLanguage":"es","@id":"https:\/\/cbne.cl\/wpCNE\/reconocimiento-postumo-a-maria-eva-diaz\/#primaryimage","url":"https:\/\/cbne.cl\/wpCNE\/wp-content\/uploads\/2025\/06\/Homenaje-postumo-M\u00b0-Eva-Diaz.png","contentUrl":"https:\/\/cbne.cl\/wpCNE\/wp-content\/uploads\/2025\/06\/Homenaje-postumo-M\u00b0-Eva-Diaz.png","width":1920,"height":1080},{"@type":"BreadcrumbList","@id":"https:\/\/cbne.cl\/wpCNE\/reconocimiento-postumo-a-maria-eva-diaz\/#breadcrumb","itemListElement":[{"@type":"ListItem","position":1,"name":"Portada","item":"https:\/\/cbne.cl\/wpCNE\/"},{"@type":"ListItem","position":2,"name":"Reconocimiento p\u00f3stumo a Mar\u00eda Eva D\u00edaz"}]},{"@type":"WebSite","@id":"https:\/\/cbne.cl\/wpCNE\/#website","url":"https:\/\/cbne.cl\/wpCNE\/","name":"COLEGIO BICENTENARIO NUEVA ESPERANZA","description":"&quot;Educando desde la afectividad&quot;","publisher":{"@id":"https:\/\/cbne.cl\/wpCNE\/#organization"},"potentialAction":[{"@type":"SearchAction","target":{"@type":"EntryPoint","urlTemplate":"https:\/\/cbne.cl\/wpCNE\/?s={search_term_string}"},"query-input":{"@type":"PropertyValueSpecification","valueRequired":true,"valueName":"search_term_string"}}],"inLanguage":"es"},{"@type":"Organization","@id":"https:\/\/cbne.cl\/wpCNE\/#organization","name":"COLEGIO BICENTENARIO NUEVA ESPERANZA","url":"https:\/\/cbne.cl\/wpCNE\/","logo":{"@type":"ImageObject","inLanguage":"es","@id":"https:\/\/cbne.cl\/wpCNE\/#\/schema\/logo\/image\/","url":"https:\/\/cbne.cl\/wpCNE\/wp-content\/uploads\/2020\/07\/cropped-cropped-web150x150.png","contentUrl":"https:\/\/cbne.cl\/wpCNE\/wp-content\/uploads\/2020\/07\/cropped-cropped-web150x150.png","width":150,"height":150,"caption":"COLEGIO BICENTENARIO NUEVA ESPERANZA"},"image":{"@id":"https:\/\/cbne.cl\/wpCNE\/#\/schema\/logo\/image\/"}},{"@type":"Person","@id":"https:\/\/cbne.cl\/wpCNE\/#\/schema\/person\/e70cae86af2d376d31c9df4a32c77067","name":"administrador","image":{"@type":"ImageObject","inLanguage":"es","@id":"https:\/\/secure.gravatar.com\/avatar\/2bb82521b7d9910a42114952efdc357245391fbd79322d9d21f7d587e222a509?s=96&d=mm&r=g","url":"https:\/\/secure.gravatar.com\/avatar\/2bb82521b7d9910a42114952efdc357245391fbd79322d9d21f7d587e222a509?s=96&d=mm&r=g","contentUrl":"https:\/\/secure.gravatar.com\/avatar\/2bb82521b7d9910a42114952efdc357245391fbd79322d9d21f7d587e222a509?s=96&d=mm&r=g","caption":"administrador"},"sameAs":["https:\/\/colegionuevaesperanza.cl\/wpCNE"],"url":"https:\/\/cbne.cl\/wpCNE\/author\/administrador\/"}]}},"featured_image_urls":{"full":["https:\/\/cbne.cl\/wpCNE\/wp-content\/uploads\/2025\/06\/Homenaje-postumo-M\u00b0-Eva-Diaz.png",1920,1080,false],"thumbnail":["https:\/\/cbne.cl\/wpCNE\/wp-content\/uploads\/2025\/06\/Homenaje-postumo-M\u00b0-Eva-Diaz-150x150.png",150,150,true],"medium":["https:\/\/cbne.cl\/wpCNE\/wp-content\/uploads\/2025\/06\/Homenaje-postumo-M\u00b0-Eva-Diaz-300x169.png",300,169,true],"medium_large":["https:\/\/cbne.cl\/wpCNE\/wp-content\/uploads\/2025\/06\/Homenaje-postumo-M\u00b0-Eva-Diaz-768x432.png",640,360,true],"large":["https:\/\/cbne.cl\/wpCNE\/wp-content\/uploads\/2025\/06\/Homenaje-postumo-M\u00b0-Eva-Diaz-1024x576.png",640,360,true],"1536x1536":["https:\/\/cbne.cl\/wpCNE\/wp-content\/uploads\/2025\/06\/Homenaje-postumo-M\u00b0-Eva-Diaz-1536x864.png",1536,864,true],"2048x2048":["https:\/\/cbne.cl\/wpCNE\/wp-content\/uploads\/2025\/06\/Homenaje-postumo-M\u00b0-Eva-Diaz.png",1920,1080,false],"morenews-large":["https:\/\/cbne.cl\/wpCNE\/wp-content\/uploads\/2025\/06\/Homenaje-postumo-M\u00b0-Eva-Diaz-825x575.png",825,575,true],"morenews-medium":["https:\/\/cbne.cl\/wpCNE\/wp-content\/uploads\/2025\/06\/Homenaje-postumo-M\u00b0-Eva-Diaz-590x410.png",590,410,true]},"author_info":{"display_name":"administrador","author_link":"https:\/\/cbne.cl\/wpCNE\/author\/administrador\/"},"category_info":"<a href=\"https:\/\/cbne.cl\/wpCNE\/category\/cbne-2025\/\" rel=\"category tag\">CBNE 2025<\/a>","tag_info":"CBNE 2025","comment_count":"0","_links":{"self":[{"href":"https:\/\/cbne.cl\/wpCNE\/wp-json\/wp\/v2\/posts\/8056","targetHints":{"allow":["GET"]}}],"collection":[{"href":"https:\/\/cbne.cl\/wpCNE\/wp-json\/wp\/v2\/posts"}],"about":[{"href":"https:\/\/cbne.cl\/wpCNE\/wp-json\/wp\/v2\/types\/post"}],"author":[{"embeddable":true,"href":"https:\/\/cbne.cl\/wpCNE\/wp-json\/wp\/v2\/users\/1"}],"replies":[{"embeddable":true,"href":"https:\/\/cbne.cl\/wpCNE\/wp-json\/wp\/v2\/comments?post=8056"}],"version-history":[{"count":6,"href":"https:\/\/cbne.cl\/wpCNE\/wp-json\/wp\/v2\/posts\/8056\/revisions"}],"predecessor-version":[{"id":8070,"href":"https:\/\/cbne.cl\/wpCNE\/wp-json\/wp\/v2\/posts\/8056\/revisions\/8070"}],"wp:featuredmedia":[{"embeddable":true,"href":"https:\/\/cbne.cl\/wpCNE\/wp-json\/wp\/v2\/media\/8058"}],"wp:attachment":[{"href":"https:\/\/cbne.cl\/wpCNE\/wp-json\/wp\/v2\/media?parent=8056"}],"wp:term":[{"taxonomy":"category","embeddable":true,"href":"https:\/\/cbne.cl\/wpCNE\/wp-json\/wp\/v2\/categories?post=8056"},{"taxonomy":"post_tag","embeddable":true,"href":"https:\/\/cbne.cl\/wpCNE\/wp-json\/wp\/v2\/tags?post=8056"}],"curies":[{"name":"wp","href":"https:\/\/api.w.org\/{rel}","templated":true}]}}