{"id":8025,"date":"2025-04-22T10:11:14","date_gmt":"2025-04-22T13:11:14","guid":{"rendered":"https:\/\/cbne.cl\/wpCNE\/?p=8025"},"modified":"2025-04-22T10:11:16","modified_gmt":"2025-04-22T13:11:16","slug":"elecciones-centro-general-de-padres-y-apoderados-2025-2028","status":"publish","type":"post","link":"https:\/\/cbne.cl\/wpCNE\/elecciones-centro-general-de-padres-y-apoderados-2025-2028\/","title":{"rendered":"ELECCIONES CENTRO GENERAL DE PADRES Y APODERADOS 2025-2028"},"content":{"rendered":"\n<p>Se invita a todas las madres, padres y apoderados titulares, desde Pre-K\u00ednder a Cuarto Medio, a participar en el proceso de elecciones del nuevo Directorio del Centro General de Padres y Apoderados, para el per\u00edodo 2025-2028.<\/p>\n\n\n\n<p>Podr\u00e1n votar quienes est\u00e9n inscritos como socios titulares en el libro del Centro de Padres.<\/p>\n\n\n\n<p>Las votaciones se realizar\u00e1n los d\u00edas 28 y 29 de abril, desde las 17:00 horas.<\/p>\n\n\n\n<p>El recuento de votos ser\u00e1 el 30 de abril, a las 08:30 de la ma\u00f1ana, en la Biblioteca del colegio.<\/p>\n\n\n\n<p>\u00a1Tu participaci\u00f3n es importante! S\u00famate y s\u00e9 parte activa de nuestra comunidad.<\/p>\n\n\n\n<figure style=\"padding-right:10rem;padding-left:10rem\" class=\"wp-block-video\"><video height=\"1920\" style=\"aspect-ratio: 1080 \/ 1920;\" width=\"1080\" controls src=\"https:\/\/cbne.cl\/wpCNE\/wp-content\/uploads\/2025\/04\/Convocatoria-a-Elecciones-del-Centro-General-de-Padres-y-Apoderados.mp4\"><\/video><\/figure>\n\n\n\n<p><\/p>\n","protected":false},"excerpt":{"rendered":"<p>Se invita a todas las madres, padres y apoderados titulares, desde Pre-K\u00ednder a Cuarto Medio, a participar en<\/p>\n","protected":false},"author":1,"featured_media":8027,"comment_status":"closed","ping_status":"closed","sticky":false,"template":"","format":"standard","meta":{"footnotes":""},"categories":[266],"tags":[],"class_list":["post-8025","post","type-post","status-publish","format-standard","has-post-thumbnail","hentry","category-cbne-2025"],"yoast_head":"<!-- This site is optimized with the Yoast SEO plugin v27.5 - https:\/\/yoast.com\/product\/yoast-seo-wordpress\/ -->\n<title>ELECCIONES CENTRO GENERAL DE PADRES Y APODERADOS 2025-2028 - COLEGIO BICENTENARIO NUEVA ESPERANZA<\/title>\n<meta name=\"robots\" content=\"index, follow, max-snippet:-1, max-image-preview:large, max-video-preview:-1\" \/>\n<link rel=\"canonical\" href=\"https:\/\/cbne.cl\/wpCNE\/elecciones-centro-general-de-padres-y-apoderados-2025-2028\/\" \/>\n<meta property=\"og:locale\" content=\"es_ES\" \/>\n<meta property=\"og:type\" content=\"article\" \/>\n<meta property=\"og:title\" content=\"ELECCIONES CENTRO GENERAL DE PADRES Y APODERADOS 2025-2028 - COLEGIO BICENTENARIO NUEVA ESPERANZA\" \/>\n<meta property=\"og:description\" content=\"Se invita a todas las madres, padres y apoderados titulares, desde Pre-K\u00ednder a Cuarto Medio, a participar en\" \/>\n<meta property=\"og:url\" content=\"https:\/\/cbne.cl\/wpCNE\/elecciones-centro-general-de-padres-y-apoderados-2025-2028\/\" \/>\n<meta property=\"og:site_name\" content=\"COLEGIO BICENTENARIO NUEVA ESPERANZA\" \/>\n<meta property=\"article:published_time\" content=\"2025-04-22T13:11:14+00:00\" \/>\n<meta property=\"article:modified_time\" content=\"2025-04-22T13:11:16+00:00\" \/>\n<meta property=\"og:image\" content=\"https:\/\/cbne.cl\/wpCNE\/wp-content\/uploads\/2025\/04\/portada-elecciones.jpg\" \/>\n\t<meta property=\"og:image:width\" content=\"960\" \/>\n\t<meta property=\"og:image:height\" content=\"540\" \/>\n\t<meta property=\"og:image:type\" content=\"image\/jpeg\" \/>\n<meta name=\"author\" content=\"administrador\" \/>\n<meta name=\"twitter:card\" content=\"summary_large_image\" \/>\n<meta name=\"twitter:label1\" content=\"Escrito por\" \/>\n\t<meta name=\"twitter:data1\" content=\"administrador\" \/>\n\t<meta name=\"twitter:label2\" content=\"Tiempo de lectura\" \/>\n\t<meta name=\"twitter:data2\" content=\"1 minuto\" \/>\n<script type=\"application\/ld+json\" class=\"yoast-schema-graph\">{\"@context\":\"https:\\\/\\\/schema.org\",\"@graph\":[{\"@type\":\"Article\",\"@id\":\"https:\\\/\\\/cbne.cl\\\/wpCNE\\\/elecciones-centro-general-de-padres-y-apoderados-2025-2028\\\/#article\",\"isPartOf\":{\"@id\":\"https:\\\/\\\/cbne.cl\\\/wpCNE\\\/elecciones-centro-general-de-padres-y-apoderados-2025-2028\\\/\"},\"author\":{\"name\":\"administrador\",\"@id\":\"https:\\\/\\\/cbne.cl\\\/wpCNE\\\/#\\\/schema\\\/person\\\/e70cae86af2d376d31c9df4a32c77067\"},\"headline\":\"ELECCIONES CENTRO GENERAL DE PADRES Y APODERADOS 2025-2028\",\"datePublished\":\"2025-04-22T13:11:14+00:00\",\"dateModified\":\"2025-04-22T13:11:16+00:00\",\"mainEntityOfPage\":{\"@id\":\"https:\\\/\\\/cbne.cl\\\/wpCNE\\\/elecciones-centro-general-de-padres-y-apoderados-2025-2028\\\/\"},\"wordCount\":110,\"publisher\":{\"@id\":\"https:\\\/\\\/cbne.cl\\\/wpCNE\\\/#organization\"},\"image\":{\"@id\":\"https:\\\/\\\/cbne.cl\\\/wpCNE\\\/elecciones-centro-general-de-padres-y-apoderados-2025-2028\\\/#primaryimage\"},\"thumbnailUrl\":\"https:\\\/\\\/cbne.cl\\\/wpCNE\\\/wp-content\\\/uploads\\\/2025\\\/04\\\/portada-elecciones.jpg\",\"articleSection\":[\"CBNE 2025\"],\"inLanguage\":\"es\"},{\"@type\":\"WebPage\",\"@id\":\"https:\\\/\\\/cbne.cl\\\/wpCNE\\\/elecciones-centro-general-de-padres-y-apoderados-2025-2028\\\/\",\"url\":\"https:\\\/\\\/cbne.cl\\\/wpCNE\\\/elecciones-centro-general-de-padres-y-apoderados-2025-2028\\\/\",\"name\":\"ELECCIONES CENTRO GENERAL DE PADRES Y APODERADOS 2025-2028 - COLEGIO BICENTENARIO NUEVA ESPERANZA\",\"isPartOf\":{\"@id\":\"https:\\\/\\\/cbne.cl\\\/wpCNE\\\/#website\"},\"primaryImageOfPage\":{\"@id\":\"https:\\\/\\\/cbne.cl\\\/wpCNE\\\/elecciones-centro-general-de-padres-y-apoderados-2025-2028\\\/#primaryimage\"},\"image\":{\"@id\":\"https:\\\/\\\/cbne.cl\\\/wpCNE\\\/elecciones-centro-general-de-padres-y-apoderados-2025-2028\\\/#primaryimage\"},\"thumbnailUrl\":\"https:\\\/\\\/cbne.cl\\\/wpCNE\\\/wp-content\\\/uploads\\\/2025\\\/04\\\/portada-elecciones.jpg\",\"datePublished\":\"2025-04-22T13:11:14+00:00\",\"dateModified\":\"2025-04-22T13:11:16+00:00\",\"breadcrumb\":{\"@id\":\"https:\\\/\\\/cbne.cl\\\/wpCNE\\\/elecciones-centro-general-de-padres-y-apoderados-2025-2028\\\/#breadcrumb\"},\"inLanguage\":\"es\",\"potentialAction\":[{\"@type\":\"ReadAction\",\"target\":[\"https:\\\/\\\/cbne.cl\\\/wpCNE\\\/elecciones-centro-general-de-padres-y-apoderados-2025-2028\\\/\"]}]},{\"@type\":\"ImageObject\",\"inLanguage\":\"es\",\"@id\":\"https:\\\/\\\/cbne.cl\\\/wpCNE\\\/elecciones-centro-general-de-padres-y-apoderados-2025-2028\\\/#primaryimage\",\"url\":\"https:\\\/\\\/cbne.cl\\\/wpCNE\\\/wp-content\\\/uploads\\\/2025\\\/04\\\/portada-elecciones.jpg\",\"contentUrl\":\"https:\\\/\\\/cbne.cl\\\/wpCNE\\\/wp-content\\\/uploads\\\/2025\\\/04\\\/portada-elecciones.jpg\",\"width\":960,\"height\":540},{\"@type\":\"BreadcrumbList\",\"@id\":\"https:\\\/\\\/cbne.cl\\\/wpCNE\\\/elecciones-centro-general-de-padres-y-apoderados-2025-2028\\\/#breadcrumb\",\"itemListElement\":[{\"@type\":\"ListItem\",\"position\":1,\"name\":\"Portada\",\"item\":\"https:\\\/\\\/cbne.cl\\\/wpCNE\\\/\"},{\"@type\":\"ListItem\",\"position\":2,\"name\":\"ELECCIONES CENTRO GENERAL DE PADRES Y APODERADOS 2025-2028\"}]},{\"@type\":\"WebSite\",\"@id\":\"https:\\\/\\\/cbne.cl\\\/wpCNE\\\/#website\",\"url\":\"https:\\\/\\\/cbne.cl\\\/wpCNE\\\/\",\"name\":\"COLEGIO BICENTENARIO NUEVA ESPERANZA\",\"description\":\"&quot;Educando desde la afectividad&quot;\",\"publisher\":{\"@id\":\"https:\\\/\\\/cbne.cl\\\/wpCNE\\\/#organization\"},\"potentialAction\":[{\"@type\":\"SearchAction\",\"target\":{\"@type\":\"EntryPoint\",\"urlTemplate\":\"https:\\\/\\\/cbne.cl\\\/wpCNE\\\/?s={search_term_string}\"},\"query-input\":{\"@type\":\"PropertyValueSpecification\",\"valueRequired\":true,\"valueName\":\"search_term_string\"}}],\"inLanguage\":\"es\"},{\"@type\":\"Organization\",\"@id\":\"https:\\\/\\\/cbne.cl\\\/wpCNE\\\/#organization\",\"name\":\"COLEGIO BICENTENARIO NUEVA ESPERANZA\",\"url\":\"https:\\\/\\\/cbne.cl\\\/wpCNE\\\/\",\"logo\":{\"@type\":\"ImageObject\",\"inLanguage\":\"es\",\"@id\":\"https:\\\/\\\/cbne.cl\\\/wpCNE\\\/#\\\/schema\\\/logo\\\/image\\\/\",\"url\":\"https:\\\/\\\/cbne.cl\\\/wpCNE\\\/wp-content\\\/uploads\\\/2020\\\/07\\\/cropped-cropped-web150x150.png\",\"contentUrl\":\"https:\\\/\\\/cbne.cl\\\/wpCNE\\\/wp-content\\\/uploads\\\/2020\\\/07\\\/cropped-cropped-web150x150.png\",\"width\":150,\"height\":150,\"caption\":\"COLEGIO BICENTENARIO NUEVA ESPERANZA\"},\"image\":{\"@id\":\"https:\\\/\\\/cbne.cl\\\/wpCNE\\\/#\\\/schema\\\/logo\\\/image\\\/\"}},{\"@type\":\"Person\",\"@id\":\"https:\\\/\\\/cbne.cl\\\/wpCNE\\\/#\\\/schema\\\/person\\\/e70cae86af2d376d31c9df4a32c77067\",\"name\":\"administrador\",\"image\":{\"@type\":\"ImageObject\",\"inLanguage\":\"es\",\"@id\":\"https:\\\/\\\/secure.gravatar.com\\\/avatar\\\/2bb82521b7d9910a42114952efdc357245391fbd79322d9d21f7d587e222a509?s=96&d=mm&r=g\",\"url\":\"https:\\\/\\\/secure.gravatar.com\\\/avatar\\\/2bb82521b7d9910a42114952efdc357245391fbd79322d9d21f7d587e222a509?s=96&d=mm&r=g\",\"contentUrl\":\"https:\\\/\\\/secure.gravatar.com\\\/avatar\\\/2bb82521b7d9910a42114952efdc357245391fbd79322d9d21f7d587e222a509?s=96&d=mm&r=g\",\"caption\":\"administrador\"},\"sameAs\":[\"https:\\\/\\\/colegionuevaesperanza.cl\\\/wpCNE\"],\"url\":\"https:\\\/\\\/cbne.cl\\\/wpCNE\\\/author\\\/administrador\\\/\"}]}<\/script>\n<!-- \/ Yoast SEO plugin. -->","yoast_head_json":{"title":"ELECCIONES CENTRO GENERAL DE PADRES Y APODERADOS 2025-2028 - COLEGIO BICENTENARIO NUEVA ESPERANZA","robots":{"index":"index","follow":"follow","max-snippet":"max-snippet:-1","max-image-preview":"max-image-preview:large","max-video-preview":"max-video-preview:-1"},"canonical":"https:\/\/cbne.cl\/wpCNE\/elecciones-centro-general-de-padres-y-apoderados-2025-2028\/","og_locale":"es_ES","og_type":"article","og_title":"ELECCIONES CENTRO GENERAL DE PADRES Y APODERADOS 2025-2028 - COLEGIO BICENTENARIO NUEVA ESPERANZA","og_description":"Se invita a todas las madres, padres y apoderados titulares, desde Pre-K\u00ednder a Cuarto Medio, a participar en","og_url":"https:\/\/cbne.cl\/wpCNE\/elecciones-centro-general-de-padres-y-apoderados-2025-2028\/","og_site_name":"COLEGIO BICENTENARIO NUEVA ESPERANZA","article_published_time":"2025-04-22T13:11:14+00:00","article_modified_time":"2025-04-22T13:11:16+00:00","og_image":[{"width":960,"height":540,"url":"https:\/\/cbne.cl\/wpCNE\/wp-content\/uploads\/2025\/04\/portada-elecciones.jpg","type":"image\/jpeg"}],"author":"administrador","twitter_card":"summary_large_image","twitter_misc":{"Escrito por":"administrador","Tiempo de lectura":"1 minuto"},"schema":{"@context":"https:\/\/schema.org","@graph":[{"@type":"Article","@id":"https:\/\/cbne.cl\/wpCNE\/elecciones-centro-general-de-padres-y-apoderados-2025-2028\/#article","isPartOf":{"@id":"https:\/\/cbne.cl\/wpCNE\/elecciones-centro-general-de-padres-y-apoderados-2025-2028\/"},"author":{"name":"administrador","@id":"https:\/\/cbne.cl\/wpCNE\/#\/schema\/person\/e70cae86af2d376d31c9df4a32c77067"},"headline":"ELECCIONES CENTRO GENERAL DE PADRES Y APODERADOS 2025-2028","datePublished":"2025-04-22T13:11:14+00:00","dateModified":"2025-04-22T13:11:16+00:00","mainEntityOfPage":{"@id":"https:\/\/cbne.cl\/wpCNE\/elecciones-centro-general-de-padres-y-apoderados-2025-2028\/"},"wordCount":110,"publisher":{"@id":"https:\/\/cbne.cl\/wpCNE\/#organization"},"image":{"@id":"https:\/\/cbne.cl\/wpCNE\/elecciones-centro-general-de-padres-y-apoderados-2025-2028\/#primaryimage"},"thumbnailUrl":"https:\/\/cbne.cl\/wpCNE\/wp-content\/uploads\/2025\/04\/portada-elecciones.jpg","articleSection":["CBNE 2025"],"inLanguage":"es"},{"@type":"WebPage","@id":"https:\/\/cbne.cl\/wpCNE\/elecciones-centro-general-de-padres-y-apoderados-2025-2028\/","url":"https:\/\/cbne.cl\/wpCNE\/elecciones-centro-general-de-padres-y-apoderados-2025-2028\/","name":"ELECCIONES CENTRO GENERAL DE PADRES Y APODERADOS 2025-2028 - COLEGIO BICENTENARIO NUEVA ESPERANZA","isPartOf":{"@id":"https:\/\/cbne.cl\/wpCNE\/#website"},"primaryImageOfPage":{"@id":"https:\/\/cbne.cl\/wpCNE\/elecciones-centro-general-de-padres-y-apoderados-2025-2028\/#primaryimage"},"image":{"@id":"https:\/\/cbne.cl\/wpCNE\/elecciones-centro-general-de-padres-y-apoderados-2025-2028\/#primaryimage"},"thumbnailUrl":"https:\/\/cbne.cl\/wpCNE\/wp-content\/uploads\/2025\/04\/portada-elecciones.jpg","datePublished":"2025-04-22T13:11:14+00:00","dateModified":"2025-04-22T13:11:16+00:00","breadcrumb":{"@id":"https:\/\/cbne.cl\/wpCNE\/elecciones-centro-general-de-padres-y-apoderados-2025-2028\/#breadcrumb"},"inLanguage":"es","potentialAction":[{"@type":"ReadAction","target":["https:\/\/cbne.cl\/wpCNE\/elecciones-centro-general-de-padres-y-apoderados-2025-2028\/"]}]},{"@type":"ImageObject","inLanguage":"es","@id":"https:\/\/cbne.cl\/wpCNE\/elecciones-centro-general-de-padres-y-apoderados-2025-2028\/#primaryimage","url":"https:\/\/cbne.cl\/wpCNE\/wp-content\/uploads\/2025\/04\/portada-elecciones.jpg","contentUrl":"https:\/\/cbne.cl\/wpCNE\/wp-content\/uploads\/2025\/04\/portada-elecciones.jpg","width":960,"height":540},{"@type":"BreadcrumbList","@id":"https:\/\/cbne.cl\/wpCNE\/elecciones-centro-general-de-padres-y-apoderados-2025-2028\/#breadcrumb","itemListElement":[{"@type":"ListItem","position":1,"name":"Portada","item":"https:\/\/cbne.cl\/wpCNE\/"},{"@type":"ListItem","position":2,"name":"ELECCIONES CENTRO GENERAL DE PADRES Y APODERADOS 2025-2028"}]},{"@type":"WebSite","@id":"https:\/\/cbne.cl\/wpCNE\/#website","url":"https:\/\/cbne.cl\/wpCNE\/","name":"COLEGIO BICENTENARIO NUEVA ESPERANZA","description":"&quot;Educando desde la afectividad&quot;","publisher":{"@id":"https:\/\/cbne.cl\/wpCNE\/#organization"},"potentialAction":[{"@type":"SearchAction","target":{"@type":"EntryPoint","urlTemplate":"https:\/\/cbne.cl\/wpCNE\/?s={search_term_string}"},"query-input":{"@type":"PropertyValueSpecification","valueRequired":true,"valueName":"search_term_string"}}],"inLanguage":"es"},{"@type":"Organization","@id":"https:\/\/cbne.cl\/wpCNE\/#organization","name":"COLEGIO BICENTENARIO NUEVA ESPERANZA","url":"https:\/\/cbne.cl\/wpCNE\/","logo":{"@type":"ImageObject","inLanguage":"es","@id":"https:\/\/cbne.cl\/wpCNE\/#\/schema\/logo\/image\/","url":"https:\/\/cbne.cl\/wpCNE\/wp-content\/uploads\/2020\/07\/cropped-cropped-web150x150.png","contentUrl":"https:\/\/cbne.cl\/wpCNE\/wp-content\/uploads\/2020\/07\/cropped-cropped-web150x150.png","width":150,"height":150,"caption":"COLEGIO BICENTENARIO NUEVA ESPERANZA"},"image":{"@id":"https:\/\/cbne.cl\/wpCNE\/#\/schema\/logo\/image\/"}},{"@type":"Person","@id":"https:\/\/cbne.cl\/wpCNE\/#\/schema\/person\/e70cae86af2d376d31c9df4a32c77067","name":"administrador","image":{"@type":"ImageObject","inLanguage":"es","@id":"https:\/\/secure.gravatar.com\/avatar\/2bb82521b7d9910a42114952efdc357245391fbd79322d9d21f7d587e222a509?s=96&d=mm&r=g","url":"https:\/\/secure.gravatar.com\/avatar\/2bb82521b7d9910a42114952efdc357245391fbd79322d9d21f7d587e222a509?s=96&d=mm&r=g","contentUrl":"https:\/\/secure.gravatar.com\/avatar\/2bb82521b7d9910a42114952efdc357245391fbd79322d9d21f7d587e222a509?s=96&d=mm&r=g","caption":"administrador"},"sameAs":["https:\/\/colegionuevaesperanza.cl\/wpCNE"],"url":"https:\/\/cbne.cl\/wpCNE\/author\/administrador\/"}]}},"featured_image_urls":{"full":["https:\/\/cbne.cl\/wpCNE\/wp-content\/uploads\/2025\/04\/portada-elecciones.jpg",960,540,false],"thumbnail":["https:\/\/cbne.cl\/wpCNE\/wp-content\/uploads\/2025\/04\/portada-elecciones-150x150.jpg",150,150,true],"medium":["https:\/\/cbne.cl\/wpCNE\/wp-content\/uploads\/2025\/04\/portada-elecciones-300x169.jpg",300,169,true],"medium_large":["https:\/\/cbne.cl\/wpCNE\/wp-content\/uploads\/2025\/04\/portada-elecciones-768x432.jpg",640,360,true],"large":["https:\/\/cbne.cl\/wpCNE\/wp-content\/uploads\/2025\/04\/portada-elecciones.jpg",640,360,false],"1536x1536":["https:\/\/cbne.cl\/wpCNE\/wp-content\/uploads\/2025\/04\/portada-elecciones.jpg",960,540,false],"2048x2048":["https:\/\/cbne.cl\/wpCNE\/wp-content\/uploads\/2025\/04\/portada-elecciones.jpg",960,540,false],"morenews-large":["https:\/\/cbne.cl\/wpCNE\/wp-content\/uploads\/2025\/04\/portada-elecciones-825x540.jpg",825,540,true],"morenews-medium":["https:\/\/cbne.cl\/wpCNE\/wp-content\/uploads\/2025\/04\/portada-elecciones-590x410.jpg",590,410,true]},"author_info":{"display_name":"administrador","author_link":"https:\/\/cbne.cl\/wpCNE\/author\/administrador\/"},"category_info":"<a href=\"https:\/\/cbne.cl\/wpCNE\/category\/cbne-2025\/\" rel=\"category tag\">CBNE 2025<\/a>","tag_info":"CBNE 2025","comment_count":"0","_links":{"self":[{"href":"https:\/\/cbne.cl\/wpCNE\/wp-json\/wp\/v2\/posts\/8025","targetHints":{"allow":["GET"]}}],"collection":[{"href":"https:\/\/cbne.cl\/wpCNE\/wp-json\/wp\/v2\/posts"}],"about":[{"href":"https:\/\/cbne.cl\/wpCNE\/wp-json\/wp\/v2\/types\/post"}],"author":[{"embeddable":true,"href":"https:\/\/cbne.cl\/wpCNE\/wp-json\/wp\/v2\/users\/1"}],"replies":[{"embeddable":true,"href":"https:\/\/cbne.cl\/wpCNE\/wp-json\/wp\/v2\/comments?post=8025"}],"version-history":[{"count":1,"href":"https:\/\/cbne.cl\/wpCNE\/wp-json\/wp\/v2\/posts\/8025\/revisions"}],"predecessor-version":[{"id":8028,"href":"https:\/\/cbne.cl\/wpCNE\/wp-json\/wp\/v2\/posts\/8025\/revisions\/8028"}],"wp:featuredmedia":[{"embeddable":true,"href":"https:\/\/cbne.cl\/wpCNE\/wp-json\/wp\/v2\/media\/8027"}],"wp:attachment":[{"href":"https:\/\/cbne.cl\/wpCNE\/wp-json\/wp\/v2\/media?parent=8025"}],"wp:term":[{"taxonomy":"category","embeddable":true,"href":"https:\/\/cbne.cl\/wpCNE\/wp-json\/wp\/v2\/categories?post=8025"},{"taxonomy":"post_tag","embeddable":true,"href":"https:\/\/cbne.cl\/wpCNE\/wp-json\/wp\/v2\/tags?post=8025"}],"curies":[{"name":"wp","href":"https:\/\/api.w.org\/{rel}","templated":true}]}}