{"id":7998,"date":"2025-04-08T16:59:35","date_gmt":"2025-04-08T19:59:35","guid":{"rendered":"https:\/\/cbne.cl\/wpCNE\/?p=7998"},"modified":"2025-04-08T17:15:27","modified_gmt":"2025-04-08T20:15:27","slug":"ceremonia-inicio-ano-escolar-2025-senda-y-certificaciones-internacionales","status":"publish","type":"post","link":"https:\/\/cbne.cl\/wpCNE\/ceremonia-inicio-ano-escolar-2025-senda-y-certificaciones-internacionales\/","title":{"rendered":"CEREMONIA INICIO A\u00d1O ESCOLAR 2025, SENDA Y CERTIFICACIONES INTERNACIONALES"},"content":{"rendered":"\n<p>En una emotiva y significativa ceremonia realizada en nuestro Colegio Bicentenario Nueva Esperanza, se dio inicio al a\u00f1o escolar preventivo 2025, con la presencia de autoridades comunales, representantes de SENDA y de la comunidad educativa. Durante el acto, se destac\u00f3 el compromiso del establecimiento con la promoci\u00f3n de estilos de vida saludables y la prevenci\u00f3n del consumo de alcohol y otras drogas, a trav\u00e9s de la firma de la carta de compromiso para la implementaci\u00f3n del programa PrePara2.<\/p>\n\n\n\n<p>Adem\u00e1s, se reconoci\u00f3 a los estudiantes que, bajo la gu\u00eda de su profesor Hecserr Quinteros, obtuvieron certificaciones internacionales en el idioma ingl\u00e9s, alcanzando los niveles B1 y B2 en los ex\u00e1menes rendidos en el Colegio Pinares de Concepci\u00f3n, sede del Instituto Chileno Brit\u00e1nico de Cultura. Este importante logro forma parte de las iniciativas del programa Liceos Bicentenarios de Excelencia, que tambi\u00e9n ha brindado la oportunidad de realizar pasant\u00edas en el extranjero a estudiantes de nuestro establecimiento.<\/p>\n\n\n\n<p><a href=\"https:\/\/www.instagram.com\/explore\/tags\/educaci%C3%B3npreventiva\/\">#Educaci\u00f3nPreventiva<\/a> <a href=\"https:\/\/www.instagram.com\/explore\/tags\/certificaci%C3%B3ninternacional\/\">#Certificaci\u00f3nInternacional<\/a> <a href=\"https:\/\/www.instagram.com\/explore\/tags\/ingl%C3%A9sbicentenario\/\">#Ingl\u00e9sBicentenario<\/a><a href=\"https:\/\/www.instagram.com\/explore\/tags\/sendapreviene\/\"> #SendaPreviene<\/a> <a href=\"https:\/\/www.instagram.com\/explore\/tags\/liceosbicentenarios\/\">#LiceosBicentenarios<\/a> <a href=\"https:\/\/www.instagram.com\/explore\/tags\/compromisoeducativo\/\">#CompromisoEducativo<\/a><\/p>\n\n\n\n<figure style=\"padding-right:10rem;padding-left:10rem\" class=\"wp-block-video\"><video height=\"1280\" style=\"aspect-ratio: 720 \/ 1280;\" width=\"720\" controls src=\"https:\/\/cbne.cl\/wpCNE\/wp-content\/uploads\/2025\/04\/ACTO-INICIO-ANO-ESCOLAR-2025.mp4\"><\/video><\/figure>\n","protected":false},"excerpt":{"rendered":"<p>En una emotiva y significativa ceremonia realizada en nuestro Colegio Bicentenario Nueva Esperanza, se dio inicio al a\u00f1o<\/p>\n","protected":false},"author":1,"featured_media":8000,"comment_status":"closed","ping_status":"closed","sticky":false,"template":"","format":"standard","meta":{"footnotes":""},"categories":[266],"tags":[],"class_list":["post-7998","post","type-post","status-publish","format-standard","has-post-thumbnail","hentry","category-cbne-2025"],"yoast_head":"<!-- This site is optimized with the Yoast SEO plugin v27.5 - https:\/\/yoast.com\/product\/yoast-seo-wordpress\/ -->\n<title>CEREMONIA INICIO A\u00d1O ESCOLAR 2025, SENDA Y CERTIFICACIONES INTERNACIONALES - COLEGIO BICENTENARIO NUEVA ESPERANZA<\/title>\n<meta name=\"robots\" content=\"index, follow, max-snippet:-1, max-image-preview:large, max-video-preview:-1\" \/>\n<link rel=\"canonical\" href=\"https:\/\/cbne.cl\/wpCNE\/ceremonia-inicio-ano-escolar-2025-senda-y-certificaciones-internacionales\/\" \/>\n<meta property=\"og:locale\" content=\"es_ES\" \/>\n<meta property=\"og:type\" content=\"article\" \/>\n<meta property=\"og:title\" content=\"CEREMONIA INICIO A\u00d1O ESCOLAR 2025, SENDA Y CERTIFICACIONES INTERNACIONALES - COLEGIO BICENTENARIO NUEVA ESPERANZA\" \/>\n<meta property=\"og:description\" content=\"En una emotiva y significativa ceremonia realizada en nuestro Colegio Bicentenario Nueva Esperanza, se dio inicio al a\u00f1o\" \/>\n<meta property=\"og:url\" content=\"https:\/\/cbne.cl\/wpCNE\/ceremonia-inicio-ano-escolar-2025-senda-y-certificaciones-internacionales\/\" \/>\n<meta property=\"og:site_name\" content=\"COLEGIO BICENTENARIO NUEVA ESPERANZA\" \/>\n<meta property=\"article:published_time\" content=\"2025-04-08T19:59:35+00:00\" \/>\n<meta property=\"article:modified_time\" content=\"2025-04-08T20:15:27+00:00\" \/>\n<meta property=\"og:image\" content=\"https:\/\/cbne.cl\/wpCNE\/wp-content\/uploads\/2025\/04\/00-ACTO-SENDA-PREVIENE-scaled.jpg\" \/>\n\t<meta property=\"og:image:width\" content=\"2560\" \/>\n\t<meta property=\"og:image:height\" content=\"1707\" \/>\n\t<meta property=\"og:image:type\" content=\"image\/jpeg\" \/>\n<meta name=\"author\" content=\"administrador\" \/>\n<meta name=\"twitter:card\" content=\"summary_large_image\" \/>\n<meta name=\"twitter:label1\" content=\"Escrito por\" \/>\n\t<meta name=\"twitter:data1\" content=\"administrador\" \/>\n\t<meta name=\"twitter:label2\" content=\"Tiempo de lectura\" \/>\n\t<meta name=\"twitter:data2\" content=\"1 minuto\" \/>\n<script type=\"application\/ld+json\" class=\"yoast-schema-graph\">{\"@context\":\"https:\\\/\\\/schema.org\",\"@graph\":[{\"@type\":\"Article\",\"@id\":\"https:\\\/\\\/cbne.cl\\\/wpCNE\\\/ceremonia-inicio-ano-escolar-2025-senda-y-certificaciones-internacionales\\\/#article\",\"isPartOf\":{\"@id\":\"https:\\\/\\\/cbne.cl\\\/wpCNE\\\/ceremonia-inicio-ano-escolar-2025-senda-y-certificaciones-internacionales\\\/\"},\"author\":{\"name\":\"administrador\",\"@id\":\"https:\\\/\\\/cbne.cl\\\/wpCNE\\\/#\\\/schema\\\/person\\\/e70cae86af2d376d31c9df4a32c77067\"},\"headline\":\"CEREMONIA INICIO A\u00d1O ESCOLAR 2025, SENDA Y CERTIFICACIONES INTERNACIONALES\",\"datePublished\":\"2025-04-08T19:59:35+00:00\",\"dateModified\":\"2025-04-08T20:15:27+00:00\",\"mainEntityOfPage\":{\"@id\":\"https:\\\/\\\/cbne.cl\\\/wpCNE\\\/ceremonia-inicio-ano-escolar-2025-senda-y-certificaciones-internacionales\\\/\"},\"wordCount\":184,\"publisher\":{\"@id\":\"https:\\\/\\\/cbne.cl\\\/wpCNE\\\/#organization\"},\"image\":{\"@id\":\"https:\\\/\\\/cbne.cl\\\/wpCNE\\\/ceremonia-inicio-ano-escolar-2025-senda-y-certificaciones-internacionales\\\/#primaryimage\"},\"thumbnailUrl\":\"https:\\\/\\\/cbne.cl\\\/wpCNE\\\/wp-content\\\/uploads\\\/2025\\\/04\\\/00-ACTO-SENDA-PREVIENE-scaled.jpg\",\"articleSection\":[\"CBNE 2025\"],\"inLanguage\":\"es\"},{\"@type\":\"WebPage\",\"@id\":\"https:\\\/\\\/cbne.cl\\\/wpCNE\\\/ceremonia-inicio-ano-escolar-2025-senda-y-certificaciones-internacionales\\\/\",\"url\":\"https:\\\/\\\/cbne.cl\\\/wpCNE\\\/ceremonia-inicio-ano-escolar-2025-senda-y-certificaciones-internacionales\\\/\",\"name\":\"CEREMONIA INICIO A\u00d1O ESCOLAR 2025, SENDA Y CERTIFICACIONES INTERNACIONALES - COLEGIO BICENTENARIO NUEVA ESPERANZA\",\"isPartOf\":{\"@id\":\"https:\\\/\\\/cbne.cl\\\/wpCNE\\\/#website\"},\"primaryImageOfPage\":{\"@id\":\"https:\\\/\\\/cbne.cl\\\/wpCNE\\\/ceremonia-inicio-ano-escolar-2025-senda-y-certificaciones-internacionales\\\/#primaryimage\"},\"image\":{\"@id\":\"https:\\\/\\\/cbne.cl\\\/wpCNE\\\/ceremonia-inicio-ano-escolar-2025-senda-y-certificaciones-internacionales\\\/#primaryimage\"},\"thumbnailUrl\":\"https:\\\/\\\/cbne.cl\\\/wpCNE\\\/wp-content\\\/uploads\\\/2025\\\/04\\\/00-ACTO-SENDA-PREVIENE-scaled.jpg\",\"datePublished\":\"2025-04-08T19:59:35+00:00\",\"dateModified\":\"2025-04-08T20:15:27+00:00\",\"breadcrumb\":{\"@id\":\"https:\\\/\\\/cbne.cl\\\/wpCNE\\\/ceremonia-inicio-ano-escolar-2025-senda-y-certificaciones-internacionales\\\/#breadcrumb\"},\"inLanguage\":\"es\",\"potentialAction\":[{\"@type\":\"ReadAction\",\"target\":[\"https:\\\/\\\/cbne.cl\\\/wpCNE\\\/ceremonia-inicio-ano-escolar-2025-senda-y-certificaciones-internacionales\\\/\"]}]},{\"@type\":\"ImageObject\",\"inLanguage\":\"es\",\"@id\":\"https:\\\/\\\/cbne.cl\\\/wpCNE\\\/ceremonia-inicio-ano-escolar-2025-senda-y-certificaciones-internacionales\\\/#primaryimage\",\"url\":\"https:\\\/\\\/cbne.cl\\\/wpCNE\\\/wp-content\\\/uploads\\\/2025\\\/04\\\/00-ACTO-SENDA-PREVIENE-scaled.jpg\",\"contentUrl\":\"https:\\\/\\\/cbne.cl\\\/wpCNE\\\/wp-content\\\/uploads\\\/2025\\\/04\\\/00-ACTO-SENDA-PREVIENE-scaled.jpg\",\"width\":2560,\"height\":1707},{\"@type\":\"BreadcrumbList\",\"@id\":\"https:\\\/\\\/cbne.cl\\\/wpCNE\\\/ceremonia-inicio-ano-escolar-2025-senda-y-certificaciones-internacionales\\\/#breadcrumb\",\"itemListElement\":[{\"@type\":\"ListItem\",\"position\":1,\"name\":\"Portada\",\"item\":\"https:\\\/\\\/cbne.cl\\\/wpCNE\\\/\"},{\"@type\":\"ListItem\",\"position\":2,\"name\":\"CEREMONIA INICIO A\u00d1O ESCOLAR 2025, SENDA Y CERTIFICACIONES INTERNACIONALES\"}]},{\"@type\":\"WebSite\",\"@id\":\"https:\\\/\\\/cbne.cl\\\/wpCNE\\\/#website\",\"url\":\"https:\\\/\\\/cbne.cl\\\/wpCNE\\\/\",\"name\":\"COLEGIO BICENTENARIO NUEVA ESPERANZA\",\"description\":\"&quot;Educando desde la afectividad&quot;\",\"publisher\":{\"@id\":\"https:\\\/\\\/cbne.cl\\\/wpCNE\\\/#organization\"},\"potentialAction\":[{\"@type\":\"SearchAction\",\"target\":{\"@type\":\"EntryPoint\",\"urlTemplate\":\"https:\\\/\\\/cbne.cl\\\/wpCNE\\\/?s={search_term_string}\"},\"query-input\":{\"@type\":\"PropertyValueSpecification\",\"valueRequired\":true,\"valueName\":\"search_term_string\"}}],\"inLanguage\":\"es\"},{\"@type\":\"Organization\",\"@id\":\"https:\\\/\\\/cbne.cl\\\/wpCNE\\\/#organization\",\"name\":\"COLEGIO BICENTENARIO NUEVA ESPERANZA\",\"url\":\"https:\\\/\\\/cbne.cl\\\/wpCNE\\\/\",\"logo\":{\"@type\":\"ImageObject\",\"inLanguage\":\"es\",\"@id\":\"https:\\\/\\\/cbne.cl\\\/wpCNE\\\/#\\\/schema\\\/logo\\\/image\\\/\",\"url\":\"https:\\\/\\\/cbne.cl\\\/wpCNE\\\/wp-content\\\/uploads\\\/2020\\\/07\\\/cropped-cropped-web150x150.png\",\"contentUrl\":\"https:\\\/\\\/cbne.cl\\\/wpCNE\\\/wp-content\\\/uploads\\\/2020\\\/07\\\/cropped-cropped-web150x150.png\",\"width\":150,\"height\":150,\"caption\":\"COLEGIO BICENTENARIO NUEVA ESPERANZA\"},\"image\":{\"@id\":\"https:\\\/\\\/cbne.cl\\\/wpCNE\\\/#\\\/schema\\\/logo\\\/image\\\/\"}},{\"@type\":\"Person\",\"@id\":\"https:\\\/\\\/cbne.cl\\\/wpCNE\\\/#\\\/schema\\\/person\\\/e70cae86af2d376d31c9df4a32c77067\",\"name\":\"administrador\",\"image\":{\"@type\":\"ImageObject\",\"inLanguage\":\"es\",\"@id\":\"https:\\\/\\\/secure.gravatar.com\\\/avatar\\\/2bb82521b7d9910a42114952efdc357245391fbd79322d9d21f7d587e222a509?s=96&d=mm&r=g\",\"url\":\"https:\\\/\\\/secure.gravatar.com\\\/avatar\\\/2bb82521b7d9910a42114952efdc357245391fbd79322d9d21f7d587e222a509?s=96&d=mm&r=g\",\"contentUrl\":\"https:\\\/\\\/secure.gravatar.com\\\/avatar\\\/2bb82521b7d9910a42114952efdc357245391fbd79322d9d21f7d587e222a509?s=96&d=mm&r=g\",\"caption\":\"administrador\"},\"sameAs\":[\"https:\\\/\\\/colegionuevaesperanza.cl\\\/wpCNE\"],\"url\":\"https:\\\/\\\/cbne.cl\\\/wpCNE\\\/author\\\/administrador\\\/\"}]}<\/script>\n<!-- \/ Yoast SEO plugin. -->","yoast_head_json":{"title":"CEREMONIA INICIO A\u00d1O ESCOLAR 2025, SENDA Y CERTIFICACIONES INTERNACIONALES - COLEGIO BICENTENARIO NUEVA ESPERANZA","robots":{"index":"index","follow":"follow","max-snippet":"max-snippet:-1","max-image-preview":"max-image-preview:large","max-video-preview":"max-video-preview:-1"},"canonical":"https:\/\/cbne.cl\/wpCNE\/ceremonia-inicio-ano-escolar-2025-senda-y-certificaciones-internacionales\/","og_locale":"es_ES","og_type":"article","og_title":"CEREMONIA INICIO A\u00d1O ESCOLAR 2025, SENDA Y CERTIFICACIONES INTERNACIONALES - COLEGIO BICENTENARIO NUEVA ESPERANZA","og_description":"En una emotiva y significativa ceremonia realizada en nuestro Colegio Bicentenario Nueva Esperanza, se dio inicio al a\u00f1o","og_url":"https:\/\/cbne.cl\/wpCNE\/ceremonia-inicio-ano-escolar-2025-senda-y-certificaciones-internacionales\/","og_site_name":"COLEGIO BICENTENARIO NUEVA ESPERANZA","article_published_time":"2025-04-08T19:59:35+00:00","article_modified_time":"2025-04-08T20:15:27+00:00","og_image":[{"width":2560,"height":1707,"url":"https:\/\/cbne.cl\/wpCNE\/wp-content\/uploads\/2025\/04\/00-ACTO-SENDA-PREVIENE-scaled.jpg","type":"image\/jpeg"}],"author":"administrador","twitter_card":"summary_large_image","twitter_misc":{"Escrito por":"administrador","Tiempo de lectura":"1 minuto"},"schema":{"@context":"https:\/\/schema.org","@graph":[{"@type":"Article","@id":"https:\/\/cbne.cl\/wpCNE\/ceremonia-inicio-ano-escolar-2025-senda-y-certificaciones-internacionales\/#article","isPartOf":{"@id":"https:\/\/cbne.cl\/wpCNE\/ceremonia-inicio-ano-escolar-2025-senda-y-certificaciones-internacionales\/"},"author":{"name":"administrador","@id":"https:\/\/cbne.cl\/wpCNE\/#\/schema\/person\/e70cae86af2d376d31c9df4a32c77067"},"headline":"CEREMONIA INICIO A\u00d1O ESCOLAR 2025, SENDA Y CERTIFICACIONES INTERNACIONALES","datePublished":"2025-04-08T19:59:35+00:00","dateModified":"2025-04-08T20:15:27+00:00","mainEntityOfPage":{"@id":"https:\/\/cbne.cl\/wpCNE\/ceremonia-inicio-ano-escolar-2025-senda-y-certificaciones-internacionales\/"},"wordCount":184,"publisher":{"@id":"https:\/\/cbne.cl\/wpCNE\/#organization"},"image":{"@id":"https:\/\/cbne.cl\/wpCNE\/ceremonia-inicio-ano-escolar-2025-senda-y-certificaciones-internacionales\/#primaryimage"},"thumbnailUrl":"https:\/\/cbne.cl\/wpCNE\/wp-content\/uploads\/2025\/04\/00-ACTO-SENDA-PREVIENE-scaled.jpg","articleSection":["CBNE 2025"],"inLanguage":"es"},{"@type":"WebPage","@id":"https:\/\/cbne.cl\/wpCNE\/ceremonia-inicio-ano-escolar-2025-senda-y-certificaciones-internacionales\/","url":"https:\/\/cbne.cl\/wpCNE\/ceremonia-inicio-ano-escolar-2025-senda-y-certificaciones-internacionales\/","name":"CEREMONIA INICIO A\u00d1O ESCOLAR 2025, SENDA Y CERTIFICACIONES INTERNACIONALES - COLEGIO BICENTENARIO NUEVA ESPERANZA","isPartOf":{"@id":"https:\/\/cbne.cl\/wpCNE\/#website"},"primaryImageOfPage":{"@id":"https:\/\/cbne.cl\/wpCNE\/ceremonia-inicio-ano-escolar-2025-senda-y-certificaciones-internacionales\/#primaryimage"},"image":{"@id":"https:\/\/cbne.cl\/wpCNE\/ceremonia-inicio-ano-escolar-2025-senda-y-certificaciones-internacionales\/#primaryimage"},"thumbnailUrl":"https:\/\/cbne.cl\/wpCNE\/wp-content\/uploads\/2025\/04\/00-ACTO-SENDA-PREVIENE-scaled.jpg","datePublished":"2025-04-08T19:59:35+00:00","dateModified":"2025-04-08T20:15:27+00:00","breadcrumb":{"@id":"https:\/\/cbne.cl\/wpCNE\/ceremonia-inicio-ano-escolar-2025-senda-y-certificaciones-internacionales\/#breadcrumb"},"inLanguage":"es","potentialAction":[{"@type":"ReadAction","target":["https:\/\/cbne.cl\/wpCNE\/ceremonia-inicio-ano-escolar-2025-senda-y-certificaciones-internacionales\/"]}]},{"@type":"ImageObject","inLanguage":"es","@id":"https:\/\/cbne.cl\/wpCNE\/ceremonia-inicio-ano-escolar-2025-senda-y-certificaciones-internacionales\/#primaryimage","url":"https:\/\/cbne.cl\/wpCNE\/wp-content\/uploads\/2025\/04\/00-ACTO-SENDA-PREVIENE-scaled.jpg","contentUrl":"https:\/\/cbne.cl\/wpCNE\/wp-content\/uploads\/2025\/04\/00-ACTO-SENDA-PREVIENE-scaled.jpg","width":2560,"height":1707},{"@type":"BreadcrumbList","@id":"https:\/\/cbne.cl\/wpCNE\/ceremonia-inicio-ano-escolar-2025-senda-y-certificaciones-internacionales\/#breadcrumb","itemListElement":[{"@type":"ListItem","position":1,"name":"Portada","item":"https:\/\/cbne.cl\/wpCNE\/"},{"@type":"ListItem","position":2,"name":"CEREMONIA INICIO A\u00d1O ESCOLAR 2025, SENDA Y CERTIFICACIONES INTERNACIONALES"}]},{"@type":"WebSite","@id":"https:\/\/cbne.cl\/wpCNE\/#website","url":"https:\/\/cbne.cl\/wpCNE\/","name":"COLEGIO BICENTENARIO NUEVA ESPERANZA","description":"&quot;Educando desde la afectividad&quot;","publisher":{"@id":"https:\/\/cbne.cl\/wpCNE\/#organization"},"potentialAction":[{"@type":"SearchAction","target":{"@type":"EntryPoint","urlTemplate":"https:\/\/cbne.cl\/wpCNE\/?s={search_term_string}"},"query-input":{"@type":"PropertyValueSpecification","valueRequired":true,"valueName":"search_term_string"}}],"inLanguage":"es"},{"@type":"Organization","@id":"https:\/\/cbne.cl\/wpCNE\/#organization","name":"COLEGIO BICENTENARIO NUEVA ESPERANZA","url":"https:\/\/cbne.cl\/wpCNE\/","logo":{"@type":"ImageObject","inLanguage":"es","@id":"https:\/\/cbne.cl\/wpCNE\/#\/schema\/logo\/image\/","url":"https:\/\/cbne.cl\/wpCNE\/wp-content\/uploads\/2020\/07\/cropped-cropped-web150x150.png","contentUrl":"https:\/\/cbne.cl\/wpCNE\/wp-content\/uploads\/2020\/07\/cropped-cropped-web150x150.png","width":150,"height":150,"caption":"COLEGIO BICENTENARIO NUEVA ESPERANZA"},"image":{"@id":"https:\/\/cbne.cl\/wpCNE\/#\/schema\/logo\/image\/"}},{"@type":"Person","@id":"https:\/\/cbne.cl\/wpCNE\/#\/schema\/person\/e70cae86af2d376d31c9df4a32c77067","name":"administrador","image":{"@type":"ImageObject","inLanguage":"es","@id":"https:\/\/secure.gravatar.com\/avatar\/2bb82521b7d9910a42114952efdc357245391fbd79322d9d21f7d587e222a509?s=96&d=mm&r=g","url":"https:\/\/secure.gravatar.com\/avatar\/2bb82521b7d9910a42114952efdc357245391fbd79322d9d21f7d587e222a509?s=96&d=mm&r=g","contentUrl":"https:\/\/secure.gravatar.com\/avatar\/2bb82521b7d9910a42114952efdc357245391fbd79322d9d21f7d587e222a509?s=96&d=mm&r=g","caption":"administrador"},"sameAs":["https:\/\/colegionuevaesperanza.cl\/wpCNE"],"url":"https:\/\/cbne.cl\/wpCNE\/author\/administrador\/"}]}},"featured_image_urls":{"full":["https:\/\/cbne.cl\/wpCNE\/wp-content\/uploads\/2025\/04\/00-ACTO-SENDA-PREVIENE-scaled.jpg",2560,1707,false],"thumbnail":["https:\/\/cbne.cl\/wpCNE\/wp-content\/uploads\/2025\/04\/00-ACTO-SENDA-PREVIENE-150x150.jpg",150,150,true],"medium":["https:\/\/cbne.cl\/wpCNE\/wp-content\/uploads\/2025\/04\/00-ACTO-SENDA-PREVIENE-300x200.jpg",300,200,true],"medium_large":["https:\/\/cbne.cl\/wpCNE\/wp-content\/uploads\/2025\/04\/00-ACTO-SENDA-PREVIENE-768x512.jpg",640,427,true],"large":["https:\/\/cbne.cl\/wpCNE\/wp-content\/uploads\/2025\/04\/00-ACTO-SENDA-PREVIENE-1024x683.jpg",640,427,true],"1536x1536":["https:\/\/cbne.cl\/wpCNE\/wp-content\/uploads\/2025\/04\/00-ACTO-SENDA-PREVIENE-1536x1024.jpg",1536,1024,true],"2048x2048":["https:\/\/cbne.cl\/wpCNE\/wp-content\/uploads\/2025\/04\/00-ACTO-SENDA-PREVIENE-2048x1365.jpg",2048,1365,true],"morenews-large":["https:\/\/cbne.cl\/wpCNE\/wp-content\/uploads\/2025\/04\/00-ACTO-SENDA-PREVIENE-825x575.jpg",825,575,true],"morenews-medium":["https:\/\/cbne.cl\/wpCNE\/wp-content\/uploads\/2025\/04\/00-ACTO-SENDA-PREVIENE-590x410.jpg",590,410,true]},"author_info":{"display_name":"administrador","author_link":"https:\/\/cbne.cl\/wpCNE\/author\/administrador\/"},"category_info":"<a href=\"https:\/\/cbne.cl\/wpCNE\/category\/cbne-2025\/\" rel=\"category tag\">CBNE 2025<\/a>","tag_info":"CBNE 2025","comment_count":"0","_links":{"self":[{"href":"https:\/\/cbne.cl\/wpCNE\/wp-json\/wp\/v2\/posts\/7998","targetHints":{"allow":["GET"]}}],"collection":[{"href":"https:\/\/cbne.cl\/wpCNE\/wp-json\/wp\/v2\/posts"}],"about":[{"href":"https:\/\/cbne.cl\/wpCNE\/wp-json\/wp\/v2\/types\/post"}],"author":[{"embeddable":true,"href":"https:\/\/cbne.cl\/wpCNE\/wp-json\/wp\/v2\/users\/1"}],"replies":[{"embeddable":true,"href":"https:\/\/cbne.cl\/wpCNE\/wp-json\/wp\/v2\/comments?post=7998"}],"version-history":[{"count":2,"href":"https:\/\/cbne.cl\/wpCNE\/wp-json\/wp\/v2\/posts\/7998\/revisions"}],"predecessor-version":[{"id":8007,"href":"https:\/\/cbne.cl\/wpCNE\/wp-json\/wp\/v2\/posts\/7998\/revisions\/8007"}],"wp:featuredmedia":[{"embeddable":true,"href":"https:\/\/cbne.cl\/wpCNE\/wp-json\/wp\/v2\/media\/8000"}],"wp:attachment":[{"href":"https:\/\/cbne.cl\/wpCNE\/wp-json\/wp\/v2\/media?parent=7998"}],"wp:term":[{"taxonomy":"category","embeddable":true,"href":"https:\/\/cbne.cl\/wpCNE\/wp-json\/wp\/v2\/categories?post=7998"},{"taxonomy":"post_tag","embeddable":true,"href":"https:\/\/cbne.cl\/wpCNE\/wp-json\/wp\/v2\/tags?post=7998"}],"curies":[{"name":"wp","href":"https:\/\/api.w.org\/{rel}","templated":true}]}}