{"id":7947,"date":"2024-11-19T09:36:32","date_gmt":"2024-11-19T12:36:32","guid":{"rendered":"https:\/\/cbne.cl\/wpCNE\/?p=7947"},"modified":"2024-11-20T09:37:12","modified_gmt":"2024-11-20T12:37:12","slug":"celebrando-y-descubriendo-la-lectura-en-primero-basico","status":"publish","type":"post","link":"https:\/\/cbne.cl\/wpCNE\/celebrando-y-descubriendo-la-lectura-en-primero-basico\/","title":{"rendered":"CELEBRANDO Y DESCUBRIENDO LA LECTURA EN PRIMERO B\u00c1SICO"},"content":{"rendered":"\n<p>Este viernes, nuestros estudiantes de Primero B\u00e1sico vivieron un momento muy especial: \u00a1celebraron su primer logro literario al leer por primera vez! <img decoding=\"async\" height=\"16\" width=\"16\" alt=\"\ud83c\udf89\" src=\"https:\/\/static.xx.fbcdn.net\/images\/emoji.php\/v9\/t8c\/1\/16\/1f389.png\"> Este evento marca un hito en su a\u00f1o acad\u00e9mico y en su camino como lectores, un logro incre\u00edble que nos llena de orgullo y emoci\u00f3n <img decoding=\"async\" height=\"16\" width=\"16\" alt=\"\ud83d\udc9a\" src=\"https:\/\/static.xx.fbcdn.net\/images\/emoji.php\/v9\/t94\/1\/16\/1f49a.png\"><img decoding=\"async\" height=\"16\" width=\"16\" alt=\"\ud83e\udd79\" src=\"https:\/\/static.xx.fbcdn.net\/images\/emoji.php\/v9\/t73\/1\/16\/1f979.png\">.<\/p>\n\n\n\n<p>A trav\u00e9s de la lectura, nuestros peque\u00f1os se abren a un mundo de imaginaci\u00f3n, conocimiento y creatividad. Agradecemos enormemente a <a><\/a>toda nuestra comunidad educativa por este importante hito para todos; Profesores, asistentes de la educaci\u00f3n, apoderados y a todos quienes est\u00e1n detr\u00e1s de este trabajo de educar <img decoding=\"async\" height=\"16\" width=\"16\" alt=\"\ud83d\udc9a\" src=\"https:\/\/static.xx.fbcdn.net\/images\/emoji.php\/v9\/t94\/1\/16\/1f49a.png\"><img loading=\"lazy\" decoding=\"async\" height=\"16\" width=\"16\" alt=\"\ud83e\udd70\" src=\"https:\/\/static.xx.fbcdn.net\/images\/emoji.php\/v9\/tea\/1\/16\/1f970.png\"><\/p>\n\n\n\n<p><a href=\"https:\/\/www.facebook.com\/photo\/?fbid=1296819285014815&amp;set=pcb.1296820141681396&amp;__cft__[0]=AZXrkL_FU2tbI6u_tOXy0fq9GOKGkmkCALsFbfwnZi0q3D67O-9D5vpwgNQ7JYltIF_9gxkwxwIq_F5kJUj5_dDXelzZL1o5pE1_YQENOImu9ms_URcpFr734zzmp1BUDQR62xDUhI8qcyodq5d5Cp8gZQPNFxVxc-nHgtpJXtBVI9lG_hoMd2Bfbodr7WjzHUA&amp;__tn__=*bH-R\"><\/a><\/p>\n\n\n\n<figure class=\"wp-block-image\"><a href=\"https:\/\/www.facebook.com\/photo\/?fbid=1296819285014815&amp;set=pcb.1296820141681396&amp;__cft__[0]=AZXrkL_FU2tbI6u_tOXy0fq9GOKGkmkCALsFbfwnZi0q3D67O-9D5vpwgNQ7JYltIF_9gxkwxwIq_F5kJUj5_dDXelzZL1o5pE1_YQENOImu9ms_URcpFr734zzmp1BUDQR62xDUhI8qcyodq5d5Cp8gZQPNFxVxc-nHgtpJXtBVI9lG_hoMd2Bfbodr7WjzHUA&amp;__tn__=*bH-R\"><img decoding=\"async\" src=\"https:\/\/scontent.fccp1-1.fna.fbcdn.net\/v\/t39.30808-6\/467517874_1296516698378407_1446542619081274646_n.jpg?stp=dst-jpg_p526x395&amp;_nc_cat=102&amp;ccb=1-7&amp;_nc_sid=127cfc&amp;_nc_eui2=AeEjIAy3FpwDCULKbqsCBm4CozlycyWt-LWjOXJzJa34tYI-D287ZMWjcABxBVDWN04&amp;_nc_ohc=qRI2E5Co9MYQ7kNvgEZgFo0&amp;_nc_zt=23&amp;_nc_ht=scontent.fccp1-1.fna&amp;_nc_gid=AaiSynqHSQ2Zff12AYN_9Eu&amp;oh=00_AYDMomdM00YeMMuBVH8asvCVV1-CAp6MT7vPBcyyLtMdZg&amp;oe=67438FB7\" alt=\"\"\/><\/a><\/figure>\n\n\n\n<p><a href=\"https:\/\/www.facebook.com\/photo\/?fbid=1296819361681474&amp;set=pcb.1296820141681396&amp;__cft__[0]=AZXrkL_FU2tbI6u_tOXy0fq9GOKGkmkCALsFbfwnZi0q3D67O-9D5vpwgNQ7JYltIF_9gxkwxwIq_F5kJUj5_dDXelzZL1o5pE1_YQENOImu9ms_URcpFr734zzmp1BUDQR62xDUhI8qcyodq5d5Cp8gZQPNFxVxc-nHgtpJXtBVI9lG_hoMd2Bfbodr7WjzHUA&amp;__tn__=*bH-R\"><\/a><\/p>\n\n\n\n<figure class=\"wp-block-image\"><a href=\"https:\/\/www.facebook.com\/photo\/?fbid=1296819361681474&amp;set=pcb.1296820141681396&amp;__cft__[0]=AZXrkL_FU2tbI6u_tOXy0fq9GOKGkmkCALsFbfwnZi0q3D67O-9D5vpwgNQ7JYltIF_9gxkwxwIq_F5kJUj5_dDXelzZL1o5pE1_YQENOImu9ms_URcpFr734zzmp1BUDQR62xDUhI8qcyodq5d5Cp8gZQPNFxVxc-nHgtpJXtBVI9lG_hoMd2Bfbodr7WjzHUA&amp;__tn__=*bH-R\"><img decoding=\"async\" src=\"https:\/\/scontent.fccp1-1.fna.fbcdn.net\/v\/t39.30808-6\/467432289_1296516665045077_6918713854784350865_n.jpg?stp=dst-jpg_p526x395&amp;_nc_cat=102&amp;ccb=1-7&amp;_nc_sid=127cfc&amp;_nc_eui2=AeG6StkI6g9zEQqf9u58zrjU7j8dYdztVXTuPx1h3O1VdOJUJ10XYUey0P1GiV9hzOI&amp;_nc_ohc=Wp1DugKUCDwQ7kNvgFL2txh&amp;_nc_zt=23&amp;_nc_ht=scontent.fccp1-1.fna&amp;_nc_gid=AaiSynqHSQ2Zff12AYN_9Eu&amp;oh=00_AYB5FgWLQQkLrqdl7TgxpLRcykdnA1KjUEW2VIf1OyFeFw&amp;oe=6743A27B\" alt=\"\"\/><\/a><\/figure>\n\n\n\n<p><a href=\"https:\/\/www.facebook.com\/photo\/?fbid=1296819255014818&amp;set=pcb.1296820141681396&amp;__cft__[0]=AZXrkL_FU2tbI6u_tOXy0fq9GOKGkmkCALsFbfwnZi0q3D67O-9D5vpwgNQ7JYltIF_9gxkwxwIq_F5kJUj5_dDXelzZL1o5pE1_YQENOImu9ms_URcpFr734zzmp1BUDQR62xDUhI8qcyodq5d5Cp8gZQPNFxVxc-nHgtpJXtBVI9lG_hoMd2Bfbodr7WjzHUA&amp;__tn__=*bH-R\"><\/a><\/p>\n\n\n\n<figure class=\"wp-block-image\"><a href=\"https:\/\/www.facebook.com\/photo\/?fbid=1296819255014818&amp;set=pcb.1296820141681396&amp;__cft__[0]=AZXrkL_FU2tbI6u_tOXy0fq9GOKGkmkCALsFbfwnZi0q3D67O-9D5vpwgNQ7JYltIF_9gxkwxwIq_F5kJUj5_dDXelzZL1o5pE1_YQENOImu9ms_URcpFr734zzmp1BUDQR62xDUhI8qcyodq5d5Cp8gZQPNFxVxc-nHgtpJXtBVI9lG_hoMd2Bfbodr7WjzHUA&amp;__tn__=*bH-R\"><img decoding=\"async\" src=\"https:\/\/scontent.fccp1-1.fna.fbcdn.net\/v\/t39.30808-6\/467490698_1296516711711739_7400919543776407455_n.jpg?stp=dst-jpg_p526x395&amp;_nc_cat=104&amp;ccb=1-7&amp;_nc_sid=127cfc&amp;_nc_eui2=AeGjzIuM_JOLu7HGz9Zee8Ez_tIboUHaKKj-0huhQdooqE5fHjOAzLiG9qkqdVYzTrc&amp;_nc_ohc=TdFArcMAq9wQ7kNvgFANue-&amp;_nc_zt=23&amp;_nc_ht=scontent.fccp1-1.fna&amp;_nc_gid=AaiSynqHSQ2Zff12AYN_9Eu&amp;oh=00_AYDTfZrK8etjGUAMAxMgPcgBRkotxUqvigPmVYXGiIT-FA&amp;oe=6743B6D4\" alt=\"\"\/><\/a><\/figure>\n\n\n\n<p><a href=\"https:\/\/www.facebook.com\/photo\/?fbid=1296819245014819&amp;set=pcb.1296820141681396&amp;__cft__[0]=AZXrkL_FU2tbI6u_tOXy0fq9GOKGkmkCALsFbfwnZi0q3D67O-9D5vpwgNQ7JYltIF_9gxkwxwIq_F5kJUj5_dDXelzZL1o5pE1_YQENOImu9ms_URcpFr734zzmp1BUDQR62xDUhI8qcyodq5d5Cp8gZQPNFxVxc-nHgtpJXtBVI9lG_hoMd2Bfbodr7WjzHUA&amp;__tn__=*bH-R\"><\/a><\/p>\n\n\n\n<figure class=\"wp-block-image\"><a href=\"https:\/\/www.facebook.com\/photo\/?fbid=1296819245014819&amp;set=pcb.1296820141681396&amp;__cft__[0]=AZXrkL_FU2tbI6u_tOXy0fq9GOKGkmkCALsFbfwnZi0q3D67O-9D5vpwgNQ7JYltIF_9gxkwxwIq_F5kJUj5_dDXelzZL1o5pE1_YQENOImu9ms_URcpFr734zzmp1BUDQR62xDUhI8qcyodq5d5Cp8gZQPNFxVxc-nHgtpJXtBVI9lG_hoMd2Bfbodr7WjzHUA&amp;__tn__=*bH-R\"><img decoding=\"async\" src=\"https:\/\/scontent.fccp1-1.fna.fbcdn.net\/v\/t39.30808-6\/467510932_1296516795045064_6704458896423605169_n.jpg?stp=dst-jpg_p526x395&amp;_nc_cat=111&amp;ccb=1-7&amp;_nc_sid=127cfc&amp;_nc_eui2=AeHp7STSKv1bWlN167pNMoPMY9uNEEiSKv5j240QSJIq_h5yQPyyWq6F0r38-rMVW0Y&amp;_nc_ohc=sSKigIOOFcsQ7kNvgFz88Kc&amp;_nc_zt=23&amp;_nc_ht=scontent.fccp1-1.fna&amp;_nc_gid=AaiSynqHSQ2Zff12AYN_9Eu&amp;oh=00_AYBn-zi83O6Dq4tezDH8ineSe5WNMKFfW6mvFGhKZG55lw&amp;oe=6743AECA\" alt=\"\"\/><\/a><\/figure>\n\n\n\n<p><a href=\"https:\/\/www.facebook.com\/photo\/?fbid=1296819295014814&amp;set=pcb.1296820141681396&amp;__cft__[0]=AZXrkL_FU2tbI6u_tOXy0fq9GOKGkmkCALsFbfwnZi0q3D67O-9D5vpwgNQ7JYltIF_9gxkwxwIq_F5kJUj5_dDXelzZL1o5pE1_YQENOImu9ms_URcpFr734zzmp1BUDQR62xDUhI8qcyodq5d5Cp8gZQPNFxVxc-nHgtpJXtBVI9lG_hoMd2Bfbodr7WjzHUA&amp;__tn__=*bH-R\"><\/a><\/p>\n\n\n\n<figure class=\"wp-block-image\"><a href=\"https:\/\/www.facebook.com\/photo\/?fbid=1296819295014814&amp;set=pcb.1296820141681396&amp;__cft__[0]=AZXrkL_FU2tbI6u_tOXy0fq9GOKGkmkCALsFbfwnZi0q3D67O-9D5vpwgNQ7JYltIF_9gxkwxwIq_F5kJUj5_dDXelzZL1o5pE1_YQENOImu9ms_URcpFr734zzmp1BUDQR62xDUhI8qcyodq5d5Cp8gZQPNFxVxc-nHgtpJXtBVI9lG_hoMd2Bfbodr7WjzHUA&amp;__tn__=*bH-R\"><img decoding=\"async\" src=\"https:\/\/scontent.fccp1-1.fna.fbcdn.net\/v\/t39.30808-6\/467671581_1296516825045061_5273753174989007304_n.jpg?stp=dst-jpg_p526x395&amp;_nc_cat=105&amp;ccb=1-7&amp;_nc_sid=127cfc&amp;_nc_eui2=AeHsL1FQAmFVGi53PZIfZCtdDK2VdGju4AMMrZV0aO7gA7zou0k0cjdFMiOAOjtwAQY&amp;_nc_ohc=ztKyuMmx5YkQ7kNvgFU50sX&amp;_nc_zt=23&amp;_nc_ht=scontent.fccp1-1.fna&amp;_nc_gid=AaiSynqHSQ2Zff12AYN_9Eu&amp;oh=00_AYDQggJra6b2z0aHx2YAOKFi3Q37q2VxX_2w0A__cXNgKg&amp;oe=6743B87E\" alt=\"\"\/><\/a><\/figure>\n","protected":false},"excerpt":{"rendered":"<p>Este viernes, nuestros estudiantes de Primero B\u00e1sico vivieron un momento muy especial: \u00a1celebraron su primer logro literario al<\/p>\n","protected":false},"author":1,"featured_media":7948,"comment_status":"closed","ping_status":"closed","sticky":false,"template":"","format":"standard","meta":{"footnotes":""},"categories":[256],"tags":[],"class_list":["post-7947","post","type-post","status-publish","format-standard","has-post-thumbnail","hentry","category-cbne2024"],"yoast_head":"<!-- This site is optimized with the Yoast SEO plugin v27.5 - https:\/\/yoast.com\/product\/yoast-seo-wordpress\/ -->\n<title>CELEBRANDO Y DESCUBRIENDO LA LECTURA EN PRIMERO B\u00c1SICO - COLEGIO BICENTENARIO NUEVA ESPERANZA<\/title>\n<meta name=\"robots\" content=\"index, follow, max-snippet:-1, max-image-preview:large, max-video-preview:-1\" \/>\n<link rel=\"canonical\" href=\"https:\/\/cbne.cl\/wpCNE\/celebrando-y-descubriendo-la-lectura-en-primero-basico\/\" \/>\n<meta property=\"og:locale\" content=\"es_ES\" \/>\n<meta property=\"og:type\" content=\"article\" \/>\n<meta property=\"og:title\" content=\"CELEBRANDO Y DESCUBRIENDO LA LECTURA EN PRIMERO B\u00c1SICO - COLEGIO BICENTENARIO NUEVA ESPERANZA\" \/>\n<meta property=\"og:description\" content=\"Este viernes, nuestros estudiantes de Primero B\u00e1sico vivieron un momento muy especial: \u00a1celebraron su primer logro literario al\" \/>\n<meta property=\"og:url\" content=\"https:\/\/cbne.cl\/wpCNE\/celebrando-y-descubriendo-la-lectura-en-primero-basico\/\" \/>\n<meta property=\"og:site_name\" content=\"COLEGIO BICENTENARIO NUEVA ESPERANZA\" \/>\n<meta property=\"article:published_time\" content=\"2024-11-19T12:36:32+00:00\" \/>\n<meta property=\"article:modified_time\" content=\"2024-11-20T12:37:12+00:00\" \/>\n<meta property=\"og:image\" content=\"https:\/\/cbne.cl\/wpCNE\/wp-content\/uploads\/2024\/11\/00-7.jpg\" \/>\n\t<meta property=\"og:image:width\" content=\"2048\" \/>\n\t<meta property=\"og:image:height\" content=\"1365\" \/>\n\t<meta property=\"og:image:type\" content=\"image\/jpeg\" \/>\n<meta name=\"author\" content=\"administrador\" \/>\n<meta name=\"twitter:card\" content=\"summary_large_image\" \/>\n<meta name=\"twitter:label1\" content=\"Escrito por\" \/>\n\t<meta name=\"twitter:data1\" content=\"administrador\" \/>\n\t<meta name=\"twitter:label2\" content=\"Tiempo de lectura\" \/>\n\t<meta name=\"twitter:data2\" content=\"3 minutos\" \/>\n<script type=\"application\/ld+json\" class=\"yoast-schema-graph\">{\"@context\":\"https:\\\/\\\/schema.org\",\"@graph\":[{\"@type\":\"Article\",\"@id\":\"https:\\\/\\\/cbne.cl\\\/wpCNE\\\/celebrando-y-descubriendo-la-lectura-en-primero-basico\\\/#article\",\"isPartOf\":{\"@id\":\"https:\\\/\\\/cbne.cl\\\/wpCNE\\\/celebrando-y-descubriendo-la-lectura-en-primero-basico\\\/\"},\"author\":{\"name\":\"administrador\",\"@id\":\"https:\\\/\\\/cbne.cl\\\/wpCNE\\\/#\\\/schema\\\/person\\\/e70cae86af2d376d31c9df4a32c77067\"},\"headline\":\"CELEBRANDO Y DESCUBRIENDO LA LECTURA EN PRIMERO B\u00c1SICO\",\"datePublished\":\"2024-11-19T12:36:32+00:00\",\"dateModified\":\"2024-11-20T12:37:12+00:00\",\"mainEntityOfPage\":{\"@id\":\"https:\\\/\\\/cbne.cl\\\/wpCNE\\\/celebrando-y-descubriendo-la-lectura-en-primero-basico\\\/\"},\"wordCount\":114,\"publisher\":{\"@id\":\"https:\\\/\\\/cbne.cl\\\/wpCNE\\\/#organization\"},\"image\":{\"@id\":\"https:\\\/\\\/cbne.cl\\\/wpCNE\\\/celebrando-y-descubriendo-la-lectura-en-primero-basico\\\/#primaryimage\"},\"thumbnailUrl\":\"https:\\\/\\\/cbne.cl\\\/wpCNE\\\/wp-content\\\/uploads\\\/2024\\\/11\\\/00-7.jpg\",\"articleSection\":[\"CBNE 2024\"],\"inLanguage\":\"es\"},{\"@type\":\"WebPage\",\"@id\":\"https:\\\/\\\/cbne.cl\\\/wpCNE\\\/celebrando-y-descubriendo-la-lectura-en-primero-basico\\\/\",\"url\":\"https:\\\/\\\/cbne.cl\\\/wpCNE\\\/celebrando-y-descubriendo-la-lectura-en-primero-basico\\\/\",\"name\":\"CELEBRANDO Y DESCUBRIENDO LA LECTURA EN PRIMERO B\u00c1SICO - COLEGIO BICENTENARIO NUEVA ESPERANZA\",\"isPartOf\":{\"@id\":\"https:\\\/\\\/cbne.cl\\\/wpCNE\\\/#website\"},\"primaryImageOfPage\":{\"@id\":\"https:\\\/\\\/cbne.cl\\\/wpCNE\\\/celebrando-y-descubriendo-la-lectura-en-primero-basico\\\/#primaryimage\"},\"image\":{\"@id\":\"https:\\\/\\\/cbne.cl\\\/wpCNE\\\/celebrando-y-descubriendo-la-lectura-en-primero-basico\\\/#primaryimage\"},\"thumbnailUrl\":\"https:\\\/\\\/cbne.cl\\\/wpCNE\\\/wp-content\\\/uploads\\\/2024\\\/11\\\/00-7.jpg\",\"datePublished\":\"2024-11-19T12:36:32+00:00\",\"dateModified\":\"2024-11-20T12:37:12+00:00\",\"breadcrumb\":{\"@id\":\"https:\\\/\\\/cbne.cl\\\/wpCNE\\\/celebrando-y-descubriendo-la-lectura-en-primero-basico\\\/#breadcrumb\"},\"inLanguage\":\"es\",\"potentialAction\":[{\"@type\":\"ReadAction\",\"target\":[\"https:\\\/\\\/cbne.cl\\\/wpCNE\\\/celebrando-y-descubriendo-la-lectura-en-primero-basico\\\/\"]}]},{\"@type\":\"ImageObject\",\"inLanguage\":\"es\",\"@id\":\"https:\\\/\\\/cbne.cl\\\/wpCNE\\\/celebrando-y-descubriendo-la-lectura-en-primero-basico\\\/#primaryimage\",\"url\":\"https:\\\/\\\/cbne.cl\\\/wpCNE\\\/wp-content\\\/uploads\\\/2024\\\/11\\\/00-7.jpg\",\"contentUrl\":\"https:\\\/\\\/cbne.cl\\\/wpCNE\\\/wp-content\\\/uploads\\\/2024\\\/11\\\/00-7.jpg\",\"width\":2048,\"height\":1365},{\"@type\":\"BreadcrumbList\",\"@id\":\"https:\\\/\\\/cbne.cl\\\/wpCNE\\\/celebrando-y-descubriendo-la-lectura-en-primero-basico\\\/#breadcrumb\",\"itemListElement\":[{\"@type\":\"ListItem\",\"position\":1,\"name\":\"Portada\",\"item\":\"https:\\\/\\\/cbne.cl\\\/wpCNE\\\/\"},{\"@type\":\"ListItem\",\"position\":2,\"name\":\"CELEBRANDO Y DESCUBRIENDO LA LECTURA EN PRIMERO B\u00c1SICO\"}]},{\"@type\":\"WebSite\",\"@id\":\"https:\\\/\\\/cbne.cl\\\/wpCNE\\\/#website\",\"url\":\"https:\\\/\\\/cbne.cl\\\/wpCNE\\\/\",\"name\":\"COLEGIO BICENTENARIO NUEVA ESPERANZA\",\"description\":\"&quot;Educando desde la afectividad&quot;\",\"publisher\":{\"@id\":\"https:\\\/\\\/cbne.cl\\\/wpCNE\\\/#organization\"},\"potentialAction\":[{\"@type\":\"SearchAction\",\"target\":{\"@type\":\"EntryPoint\",\"urlTemplate\":\"https:\\\/\\\/cbne.cl\\\/wpCNE\\\/?s={search_term_string}\"},\"query-input\":{\"@type\":\"PropertyValueSpecification\",\"valueRequired\":true,\"valueName\":\"search_term_string\"}}],\"inLanguage\":\"es\"},{\"@type\":\"Organization\",\"@id\":\"https:\\\/\\\/cbne.cl\\\/wpCNE\\\/#organization\",\"name\":\"COLEGIO BICENTENARIO NUEVA ESPERANZA\",\"url\":\"https:\\\/\\\/cbne.cl\\\/wpCNE\\\/\",\"logo\":{\"@type\":\"ImageObject\",\"inLanguage\":\"es\",\"@id\":\"https:\\\/\\\/cbne.cl\\\/wpCNE\\\/#\\\/schema\\\/logo\\\/image\\\/\",\"url\":\"https:\\\/\\\/cbne.cl\\\/wpCNE\\\/wp-content\\\/uploads\\\/2020\\\/07\\\/cropped-cropped-web150x150.png\",\"contentUrl\":\"https:\\\/\\\/cbne.cl\\\/wpCNE\\\/wp-content\\\/uploads\\\/2020\\\/07\\\/cropped-cropped-web150x150.png\",\"width\":150,\"height\":150,\"caption\":\"COLEGIO BICENTENARIO NUEVA ESPERANZA\"},\"image\":{\"@id\":\"https:\\\/\\\/cbne.cl\\\/wpCNE\\\/#\\\/schema\\\/logo\\\/image\\\/\"}},{\"@type\":\"Person\",\"@id\":\"https:\\\/\\\/cbne.cl\\\/wpCNE\\\/#\\\/schema\\\/person\\\/e70cae86af2d376d31c9df4a32c77067\",\"name\":\"administrador\",\"image\":{\"@type\":\"ImageObject\",\"inLanguage\":\"es\",\"@id\":\"https:\\\/\\\/secure.gravatar.com\\\/avatar\\\/2bb82521b7d9910a42114952efdc357245391fbd79322d9d21f7d587e222a509?s=96&d=mm&r=g\",\"url\":\"https:\\\/\\\/secure.gravatar.com\\\/avatar\\\/2bb82521b7d9910a42114952efdc357245391fbd79322d9d21f7d587e222a509?s=96&d=mm&r=g\",\"contentUrl\":\"https:\\\/\\\/secure.gravatar.com\\\/avatar\\\/2bb82521b7d9910a42114952efdc357245391fbd79322d9d21f7d587e222a509?s=96&d=mm&r=g\",\"caption\":\"administrador\"},\"sameAs\":[\"https:\\\/\\\/colegionuevaesperanza.cl\\\/wpCNE\"],\"url\":\"https:\\\/\\\/cbne.cl\\\/wpCNE\\\/author\\\/administrador\\\/\"}]}<\/script>\n<!-- \/ Yoast SEO plugin. -->","yoast_head_json":{"title":"CELEBRANDO Y DESCUBRIENDO LA LECTURA EN PRIMERO B\u00c1SICO - COLEGIO BICENTENARIO NUEVA ESPERANZA","robots":{"index":"index","follow":"follow","max-snippet":"max-snippet:-1","max-image-preview":"max-image-preview:large","max-video-preview":"max-video-preview:-1"},"canonical":"https:\/\/cbne.cl\/wpCNE\/celebrando-y-descubriendo-la-lectura-en-primero-basico\/","og_locale":"es_ES","og_type":"article","og_title":"CELEBRANDO Y DESCUBRIENDO LA LECTURA EN PRIMERO B\u00c1SICO - COLEGIO BICENTENARIO NUEVA ESPERANZA","og_description":"Este viernes, nuestros estudiantes de Primero B\u00e1sico vivieron un momento muy especial: \u00a1celebraron su primer logro literario al","og_url":"https:\/\/cbne.cl\/wpCNE\/celebrando-y-descubriendo-la-lectura-en-primero-basico\/","og_site_name":"COLEGIO BICENTENARIO NUEVA ESPERANZA","article_published_time":"2024-11-19T12:36:32+00:00","article_modified_time":"2024-11-20T12:37:12+00:00","og_image":[{"width":2048,"height":1365,"url":"https:\/\/cbne.cl\/wpCNE\/wp-content\/uploads\/2024\/11\/00-7.jpg","type":"image\/jpeg"}],"author":"administrador","twitter_card":"summary_large_image","twitter_misc":{"Escrito por":"administrador","Tiempo de lectura":"3 minutos"},"schema":{"@context":"https:\/\/schema.org","@graph":[{"@type":"Article","@id":"https:\/\/cbne.cl\/wpCNE\/celebrando-y-descubriendo-la-lectura-en-primero-basico\/#article","isPartOf":{"@id":"https:\/\/cbne.cl\/wpCNE\/celebrando-y-descubriendo-la-lectura-en-primero-basico\/"},"author":{"name":"administrador","@id":"https:\/\/cbne.cl\/wpCNE\/#\/schema\/person\/e70cae86af2d376d31c9df4a32c77067"},"headline":"CELEBRANDO Y DESCUBRIENDO LA LECTURA EN PRIMERO B\u00c1SICO","datePublished":"2024-11-19T12:36:32+00:00","dateModified":"2024-11-20T12:37:12+00:00","mainEntityOfPage":{"@id":"https:\/\/cbne.cl\/wpCNE\/celebrando-y-descubriendo-la-lectura-en-primero-basico\/"},"wordCount":114,"publisher":{"@id":"https:\/\/cbne.cl\/wpCNE\/#organization"},"image":{"@id":"https:\/\/cbne.cl\/wpCNE\/celebrando-y-descubriendo-la-lectura-en-primero-basico\/#primaryimage"},"thumbnailUrl":"https:\/\/cbne.cl\/wpCNE\/wp-content\/uploads\/2024\/11\/00-7.jpg","articleSection":["CBNE 2024"],"inLanguage":"es"},{"@type":"WebPage","@id":"https:\/\/cbne.cl\/wpCNE\/celebrando-y-descubriendo-la-lectura-en-primero-basico\/","url":"https:\/\/cbne.cl\/wpCNE\/celebrando-y-descubriendo-la-lectura-en-primero-basico\/","name":"CELEBRANDO Y DESCUBRIENDO LA LECTURA EN PRIMERO B\u00c1SICO - COLEGIO BICENTENARIO NUEVA ESPERANZA","isPartOf":{"@id":"https:\/\/cbne.cl\/wpCNE\/#website"},"primaryImageOfPage":{"@id":"https:\/\/cbne.cl\/wpCNE\/celebrando-y-descubriendo-la-lectura-en-primero-basico\/#primaryimage"},"image":{"@id":"https:\/\/cbne.cl\/wpCNE\/celebrando-y-descubriendo-la-lectura-en-primero-basico\/#primaryimage"},"thumbnailUrl":"https:\/\/cbne.cl\/wpCNE\/wp-content\/uploads\/2024\/11\/00-7.jpg","datePublished":"2024-11-19T12:36:32+00:00","dateModified":"2024-11-20T12:37:12+00:00","breadcrumb":{"@id":"https:\/\/cbne.cl\/wpCNE\/celebrando-y-descubriendo-la-lectura-en-primero-basico\/#breadcrumb"},"inLanguage":"es","potentialAction":[{"@type":"ReadAction","target":["https:\/\/cbne.cl\/wpCNE\/celebrando-y-descubriendo-la-lectura-en-primero-basico\/"]}]},{"@type":"ImageObject","inLanguage":"es","@id":"https:\/\/cbne.cl\/wpCNE\/celebrando-y-descubriendo-la-lectura-en-primero-basico\/#primaryimage","url":"https:\/\/cbne.cl\/wpCNE\/wp-content\/uploads\/2024\/11\/00-7.jpg","contentUrl":"https:\/\/cbne.cl\/wpCNE\/wp-content\/uploads\/2024\/11\/00-7.jpg","width":2048,"height":1365},{"@type":"BreadcrumbList","@id":"https:\/\/cbne.cl\/wpCNE\/celebrando-y-descubriendo-la-lectura-en-primero-basico\/#breadcrumb","itemListElement":[{"@type":"ListItem","position":1,"name":"Portada","item":"https:\/\/cbne.cl\/wpCNE\/"},{"@type":"ListItem","position":2,"name":"CELEBRANDO Y DESCUBRIENDO LA LECTURA EN PRIMERO B\u00c1SICO"}]},{"@type":"WebSite","@id":"https:\/\/cbne.cl\/wpCNE\/#website","url":"https:\/\/cbne.cl\/wpCNE\/","name":"COLEGIO BICENTENARIO NUEVA ESPERANZA","description":"&quot;Educando desde la afectividad&quot;","publisher":{"@id":"https:\/\/cbne.cl\/wpCNE\/#organization"},"potentialAction":[{"@type":"SearchAction","target":{"@type":"EntryPoint","urlTemplate":"https:\/\/cbne.cl\/wpCNE\/?s={search_term_string}"},"query-input":{"@type":"PropertyValueSpecification","valueRequired":true,"valueName":"search_term_string"}}],"inLanguage":"es"},{"@type":"Organization","@id":"https:\/\/cbne.cl\/wpCNE\/#organization","name":"COLEGIO BICENTENARIO NUEVA ESPERANZA","url":"https:\/\/cbne.cl\/wpCNE\/","logo":{"@type":"ImageObject","inLanguage":"es","@id":"https:\/\/cbne.cl\/wpCNE\/#\/schema\/logo\/image\/","url":"https:\/\/cbne.cl\/wpCNE\/wp-content\/uploads\/2020\/07\/cropped-cropped-web150x150.png","contentUrl":"https:\/\/cbne.cl\/wpCNE\/wp-content\/uploads\/2020\/07\/cropped-cropped-web150x150.png","width":150,"height":150,"caption":"COLEGIO BICENTENARIO NUEVA ESPERANZA"},"image":{"@id":"https:\/\/cbne.cl\/wpCNE\/#\/schema\/logo\/image\/"}},{"@type":"Person","@id":"https:\/\/cbne.cl\/wpCNE\/#\/schema\/person\/e70cae86af2d376d31c9df4a32c77067","name":"administrador","image":{"@type":"ImageObject","inLanguage":"es","@id":"https:\/\/secure.gravatar.com\/avatar\/2bb82521b7d9910a42114952efdc357245391fbd79322d9d21f7d587e222a509?s=96&d=mm&r=g","url":"https:\/\/secure.gravatar.com\/avatar\/2bb82521b7d9910a42114952efdc357245391fbd79322d9d21f7d587e222a509?s=96&d=mm&r=g","contentUrl":"https:\/\/secure.gravatar.com\/avatar\/2bb82521b7d9910a42114952efdc357245391fbd79322d9d21f7d587e222a509?s=96&d=mm&r=g","caption":"administrador"},"sameAs":["https:\/\/colegionuevaesperanza.cl\/wpCNE"],"url":"https:\/\/cbne.cl\/wpCNE\/author\/administrador\/"}]}},"featured_image_urls":{"full":["https:\/\/cbne.cl\/wpCNE\/wp-content\/uploads\/2024\/11\/00-7.jpg",2048,1365,false],"thumbnail":["https:\/\/cbne.cl\/wpCNE\/wp-content\/uploads\/2024\/11\/00-7-150x150.jpg",150,150,true],"medium":["https:\/\/cbne.cl\/wpCNE\/wp-content\/uploads\/2024\/11\/00-7-300x200.jpg",300,200,true],"medium_large":["https:\/\/cbne.cl\/wpCNE\/wp-content\/uploads\/2024\/11\/00-7-768x512.jpg",640,427,true],"large":["https:\/\/cbne.cl\/wpCNE\/wp-content\/uploads\/2024\/11\/00-7-1024x683.jpg",640,427,true],"1536x1536":["https:\/\/cbne.cl\/wpCNE\/wp-content\/uploads\/2024\/11\/00-7-1536x1024.jpg",1536,1024,true],"2048x2048":["https:\/\/cbne.cl\/wpCNE\/wp-content\/uploads\/2024\/11\/00-7.jpg",2048,1365,false],"morenews-large":["https:\/\/cbne.cl\/wpCNE\/wp-content\/uploads\/2024\/11\/00-7-825x575.jpg",825,575,true],"morenews-medium":["https:\/\/cbne.cl\/wpCNE\/wp-content\/uploads\/2024\/11\/00-7-590x410.jpg",590,410,true]},"author_info":{"display_name":"administrador","author_link":"https:\/\/cbne.cl\/wpCNE\/author\/administrador\/"},"category_info":"<a href=\"https:\/\/cbne.cl\/wpCNE\/category\/cbne2024\/\" rel=\"category tag\">CBNE 2024<\/a>","tag_info":"CBNE 2024","comment_count":"0","_links":{"self":[{"href":"https:\/\/cbne.cl\/wpCNE\/wp-json\/wp\/v2\/posts\/7947","targetHints":{"allow":["GET"]}}],"collection":[{"href":"https:\/\/cbne.cl\/wpCNE\/wp-json\/wp\/v2\/posts"}],"about":[{"href":"https:\/\/cbne.cl\/wpCNE\/wp-json\/wp\/v2\/types\/post"}],"author":[{"embeddable":true,"href":"https:\/\/cbne.cl\/wpCNE\/wp-json\/wp\/v2\/users\/1"}],"replies":[{"embeddable":true,"href":"https:\/\/cbne.cl\/wpCNE\/wp-json\/wp\/v2\/comments?post=7947"}],"version-history":[{"count":1,"href":"https:\/\/cbne.cl\/wpCNE\/wp-json\/wp\/v2\/posts\/7947\/revisions"}],"predecessor-version":[{"id":7949,"href":"https:\/\/cbne.cl\/wpCNE\/wp-json\/wp\/v2\/posts\/7947\/revisions\/7949"}],"wp:featuredmedia":[{"embeddable":true,"href":"https:\/\/cbne.cl\/wpCNE\/wp-json\/wp\/v2\/media\/7948"}],"wp:attachment":[{"href":"https:\/\/cbne.cl\/wpCNE\/wp-json\/wp\/v2\/media?parent=7947"}],"wp:term":[{"taxonomy":"category","embeddable":true,"href":"https:\/\/cbne.cl\/wpCNE\/wp-json\/wp\/v2\/categories?post=7947"},{"taxonomy":"post_tag","embeddable":true,"href":"https:\/\/cbne.cl\/wpCNE\/wp-json\/wp\/v2\/tags?post=7947"}],"curies":[{"name":"wp","href":"https:\/\/api.w.org\/{rel}","templated":true}]}}