{"id":7859,"date":"2024-10-22T09:53:35","date_gmt":"2024-10-22T12:53:35","guid":{"rendered":"https:\/\/cbne.cl\/wpCNE\/?p=7859"},"modified":"2024-10-28T09:58:03","modified_gmt":"2024-10-28T12:58:03","slug":"estudiantes-de-nuestro-electivo-de-artes-participaran-en-el-xvi-festival-nacional-de-cine-de-estudiantes-secundarios-fescies","status":"publish","type":"post","link":"https:\/\/cbne.cl\/wpCNE\/estudiantes-de-nuestro-electivo-de-artes-participaran-en-el-xvi-festival-nacional-de-cine-de-estudiantes-secundarios-fescies\/","title":{"rendered":"ESTUDIANTES DE NUESTRO ELECTIVO DE ARTES PARTICIPAR\u00c1N EN EL XVI FESTIVAL NACIONAL DE CINE DE ESTUDIANTES SECUNDARIOS (FESCIES)"},"content":{"rendered":"\n<p><img decoding=\"async\" height=\"16\" width=\"16\" alt=\"\ud83c\udfac\" src=\"https:\/\/static.xx.fbcdn.net\/images\/emoji.php\/v9\/t2d\/1\/16\/1f3ac.png\"><img decoding=\"async\" height=\"16\" width=\"16\" alt=\"\u2728\" src=\"https:\/\/static.xx.fbcdn.net\/images\/emoji.php\/v9\/tf4\/1\/16\/2728.png\"> \u00a1Estamos emocionados de anunciar que nuestros estudiantes del electivo de Artes y Medios Audiovisuales participar\u00e1n en el XVI Festival Nacional de Cine de Estudiantes Secundarios FESCIES! <img decoding=\"async\" height=\"16\" width=\"16\" alt=\"\ud83c\udfa5\" src=\"https:\/\/static.xx.fbcdn.net\/images\/emoji.php\/v9\/tff\/1\/16\/1f3a5.png\"><img loading=\"lazy\" decoding=\"async\" height=\"16\" width=\"16\" alt=\"\ud83c\udf1f\" src=\"https:\/\/static.xx.fbcdn.net\/images\/emoji.php\/v9\/te0\/1\/16\/1f31f.png\"><\/p>\n\n\n\n<p>Guiados por el profesor Alejandro V\u00e1squez, nuestros estudiantes han explorado los principios fundamentales del lenguaje audiovisual, como los planos, el movimiento y los \u00e1ngulos de c\u00e1mara, adem\u00e1s de perfeccionar sus habilidades en edici\u00f3n de video. Estos conocimientos los han <a><\/a>plasmado en 7 impactantes producciones que ser\u00e1n presentadas en la Sala \u201cRub\u00e9n Dar\u00edo\u201d del Centro de Extensi\u00f3n y Comunicaciones de la Universidad de Valpara\u00edso <img loading=\"lazy\" decoding=\"async\" height=\"16\" width=\"16\" alt=\"\ud83d\ude01\" src=\"https:\/\/static.xx.fbcdn.net\/images\/emoji.php\/v9\/t4f\/1\/16\/1f601.png\">.<\/p>\n\n\n\n<p>\u00a1Y si no puedes asistir, no te preocupes! Podr\u00e1s ver las proyecciones en vivo a trav\u00e9s de las redes sociales de FESCIES en Facebook Live e Instagram . <img loading=\"lazy\" decoding=\"async\" height=\"16\" width=\"16\" alt=\"\ud83d\udcf2\" src=\"https:\/\/static.xx.fbcdn.net\/images\/emoji.php\/v9\/td8\/1\/16\/1f4f2.png\"><img decoding=\"async\" height=\"16\" width=\"16\" alt=\"\ud83c\udfa5\" src=\"https:\/\/static.xx.fbcdn.net\/images\/emoji.php\/v9\/tff\/1\/16\/1f3a5.png\"><\/p>\n\n\n\n<p>Programaci\u00f3n de exposiciones:<\/p>\n\n\n\n<p><img loading=\"lazy\" decoding=\"async\" height=\"16\" width=\"16\" alt=\"\ud83d\udcc5\" src=\"https:\/\/static.xx.fbcdn.net\/images\/emoji.php\/v9\/t7e\/1\/16\/1f4c5.png\"> Martes 22 &#8211; 17:00 hrs:<\/p>\n\n\n\n<p>El cordero \u2013 Lorenzo Acu\u00f1a, Nicol\u00e1s Zambrano, Fernando Villagra<\/p>\n\n\n\n<p><img loading=\"lazy\" decoding=\"async\" height=\"16\" width=\"16\" alt=\"\ud83d\udcc5\" src=\"https:\/\/static.xx.fbcdn.net\/images\/emoji.php\/v9\/t7e\/1\/16\/1f4c5.png\"> Mi\u00e9rcoles 23 &#8211; 17:00 hrs:<\/p>\n\n\n\n<p>\u00bfEst\u00e1s aburrido todav\u00eda? \u2013 Mart\u00edn Ocampo, Constanza Ram\u00edrez<\/p>\n\n\n\n<p>T\u00fa puedes esperar, ellos no \u2013 Lorenzo Acu\u00f1a, Fernando Villagra, Nicol\u00e1s Zambrano<\/p>\n\n\n\n<p>Enigma \u2013 Alejandra R\u00edos, Jessica Fritz<\/p>\n\n\n\n<p>La sombra en el corredor \u2013 Emilia Sald\u00eda, Paloma Pasmi\u00f1o<\/p>\n\n\n\n<p><img loading=\"lazy\" decoding=\"async\" height=\"16\" width=\"16\" alt=\"\ud83d\udcc5\" src=\"https:\/\/static.xx.fbcdn.net\/images\/emoji.php\/v9\/t7e\/1\/16\/1f4c5.png\"> Jueves 24 &#8211; 16:00 hrs:<\/p>\n\n\n\n<p>La \u00faltima carta \u2013 Martina Valderrama, Paloma Pasmi\u00f1o<\/p>\n\n\n\n<p>La bodega 3 \u2013 Martina Valderrama, Maribel Vega<\/p>\n\n\n\n<p><img loading=\"lazy\" decoding=\"async\" height=\"16\" width=\"16\" alt=\"\ud83c\udfc6\" src=\"https:\/\/static.xx.fbcdn.net\/images\/emoji.php\/v9\/tbe\/1\/16\/1f3c6.png\"> Jueves 24 &#8211; 17:30 hrs:<\/p>\n\n\n\n<p>\u00a1No te pierdas la ceremonia de premiaci\u00f3n y conoce a los ganadores de cada categor\u00eda!<\/p>\n\n\n\n<p>Este evento promete estar lleno de talento, creatividad y pasi\u00f3n. \u00a1Te esperamos! <img loading=\"lazy\" decoding=\"async\" height=\"16\" width=\"16\" alt=\"\ud83c\udf89\" src=\"https:\/\/static.xx.fbcdn.net\/images\/emoji.php\/v9\/t8c\/1\/16\/1f389.png\"><a href=\"https:\/\/www.facebook.com\/hashtag\/fescies?__eep__=6&amp;__cft__[0]=AZXPifTeR9E8e1ydRVzvZpQyLuWvvm2lbuUTrtyZvIS6-CvTQs3aJjcu-M-SaMuZ42xp1WB9J75Ivj5MKSdbKuXVy7lMoba57_J6O9S3jKeDtDR17jgJRquE_Cl8eHUZnN4SvojCHZnXfqBZutPWgg8xta20-ZtvcJD6EBPXFf5EYBt8WLZhZJba_8LywnISOX4hP3mCha48NZLMUpevEK7J&amp;__tn__=*NK-R\">#FESCIES<\/a><a href=\"https:\/\/www.facebook.com\/hashtag\/cineestudiantil?__eep__=6&amp;__cft__[0]=AZXPifTeR9E8e1ydRVzvZpQyLuWvvm2lbuUTrtyZvIS6-CvTQs3aJjcu-M-SaMuZ42xp1WB9J75Ivj5MKSdbKuXVy7lMoba57_J6O9S3jKeDtDR17jgJRquE_Cl8eHUZnN4SvojCHZnXfqBZutPWgg8xta20-ZtvcJD6EBPXFf5EYBt8WLZhZJba_8LywnISOX4hP3mCha48NZLMUpevEK7J&amp;__tn__=*NK-R\">#CineEstudiantil<\/a><a href=\"https:\/\/www.facebook.com\/hashtag\/orgulloescolar?__eep__=6&amp;__cft__[0]=AZXPifTeR9E8e1ydRVzvZpQyLuWvvm2lbuUTrtyZvIS6-CvTQs3aJjcu-M-SaMuZ42xp1WB9J75Ivj5MKSdbKuXVy7lMoba57_J6O9S3jKeDtDR17jgJRquE_Cl8eHUZnN4SvojCHZnXfqBZutPWgg8xta20-ZtvcJD6EBPXFf5EYBt8WLZhZJba_8LywnISOX4hP3mCha48NZLMUpevEK7J&amp;__tn__=*NK-R\">#OrgulloEscolar<\/a><a href=\"https:\/\/www.facebook.com\/hashtag\/artesymediosaudiovisualescbne?__eep__=6&amp;__cft__[0]=AZXPifTeR9E8e1ydRVzvZpQyLuWvvm2lbuUTrtyZvIS6-CvTQs3aJjcu-M-SaMuZ42xp1WB9J75Ivj5MKSdbKuXVy7lMoba57_J6O9S3jKeDtDR17jgJRquE_Cl8eHUZnN4SvojCHZnXfqBZutPWgg8xta20-ZtvcJD6EBPXFf5EYBt8WLZhZJba_8LywnISOX4hP3mCha48NZLMUpevEK7J&amp;__tn__=*NK-R\">#ArtesYMediosAudiovisualesCBNE<\/a><\/p>\n\n\n\n<figure class=\"wp-block-gallery has-nested-images columns-default is-cropped wp-block-gallery-1 is-layout-flex wp-block-gallery-is-layout-flex\">\n<figure class=\"wp-block-image size-large\"><img loading=\"lazy\" decoding=\"async\" width=\"1024\" height=\"1024\" data-id=\"7860\" src=\"https:\/\/cbne.cl\/wpCNE\/wp-content\/uploads\/2024\/10\/02-17-1024x1024.jpg\" alt=\"\" class=\"wp-image-7860\" srcset=\"https:\/\/cbne.cl\/wpCNE\/wp-content\/uploads\/2024\/10\/02-17-1024x1024.jpg 1024w, https:\/\/cbne.cl\/wpCNE\/wp-content\/uploads\/2024\/10\/02-17-300x300.jpg 300w, https:\/\/cbne.cl\/wpCNE\/wp-content\/uploads\/2024\/10\/02-17-150x150.jpg 150w, https:\/\/cbne.cl\/wpCNE\/wp-content\/uploads\/2024\/10\/02-17-768x768.jpg 768w, https:\/\/cbne.cl\/wpCNE\/wp-content\/uploads\/2024\/10\/02-17.jpg 1080w\" sizes=\"(max-width: 1024px) 100vw, 1024px\" \/><\/figure>\n\n\n\n<figure class=\"wp-block-image size-large\"><img loading=\"lazy\" decoding=\"async\" width=\"1024\" height=\"1024\" data-id=\"7861\" src=\"https:\/\/cbne.cl\/wpCNE\/wp-content\/uploads\/2024\/10\/03-15-1024x1024.jpg\" alt=\"\" class=\"wp-image-7861\" srcset=\"https:\/\/cbne.cl\/wpCNE\/wp-content\/uploads\/2024\/10\/03-15-1024x1024.jpg 1024w, https:\/\/cbne.cl\/wpCNE\/wp-content\/uploads\/2024\/10\/03-15-300x300.jpg 300w, https:\/\/cbne.cl\/wpCNE\/wp-content\/uploads\/2024\/10\/03-15-150x150.jpg 150w, https:\/\/cbne.cl\/wpCNE\/wp-content\/uploads\/2024\/10\/03-15-768x768.jpg 768w, https:\/\/cbne.cl\/wpCNE\/wp-content\/uploads\/2024\/10\/03-15.jpg 1080w\" sizes=\"(max-width: 1024px) 100vw, 1024px\" \/><\/figure>\n\n\n\n<figure class=\"wp-block-image size-large\"><img loading=\"lazy\" decoding=\"async\" width=\"1024\" height=\"1024\" data-id=\"7862\" src=\"https:\/\/cbne.cl\/wpCNE\/wp-content\/uploads\/2024\/10\/04-14-1024x1024.jpg\" alt=\"\" class=\"wp-image-7862\" srcset=\"https:\/\/cbne.cl\/wpCNE\/wp-content\/uploads\/2024\/10\/04-14-1024x1024.jpg 1024w, https:\/\/cbne.cl\/wpCNE\/wp-content\/uploads\/2024\/10\/04-14-300x300.jpg 300w, https:\/\/cbne.cl\/wpCNE\/wp-content\/uploads\/2024\/10\/04-14-150x150.jpg 150w, https:\/\/cbne.cl\/wpCNE\/wp-content\/uploads\/2024\/10\/04-14-768x768.jpg 768w, https:\/\/cbne.cl\/wpCNE\/wp-content\/uploads\/2024\/10\/04-14.jpg 1080w\" sizes=\"(max-width: 1024px) 100vw, 1024px\" \/><\/figure>\n\n\n\n<figure class=\"wp-block-image size-large\"><img loading=\"lazy\" decoding=\"async\" width=\"1024\" height=\"1024\" data-id=\"7865\" src=\"https:\/\/cbne.cl\/wpCNE\/wp-content\/uploads\/2024\/10\/05-14-1024x1024.jpg\" alt=\"\" class=\"wp-image-7865\" srcset=\"https:\/\/cbne.cl\/wpCNE\/wp-content\/uploads\/2024\/10\/05-14-1024x1024.jpg 1024w, https:\/\/cbne.cl\/wpCNE\/wp-content\/uploads\/2024\/10\/05-14-300x300.jpg 300w, https:\/\/cbne.cl\/wpCNE\/wp-content\/uploads\/2024\/10\/05-14-150x150.jpg 150w, https:\/\/cbne.cl\/wpCNE\/wp-content\/uploads\/2024\/10\/05-14-768x768.jpg 768w, https:\/\/cbne.cl\/wpCNE\/wp-content\/uploads\/2024\/10\/05-14.jpg 1080w\" sizes=\"(max-width: 1024px) 100vw, 1024px\" \/><\/figure>\n\n\n\n<figure class=\"wp-block-image size-large\"><img loading=\"lazy\" decoding=\"async\" width=\"1024\" height=\"1024\" data-id=\"7863\" src=\"https:\/\/cbne.cl\/wpCNE\/wp-content\/uploads\/2024\/10\/06-14-1024x1024.jpg\" alt=\"\" class=\"wp-image-7863\" srcset=\"https:\/\/cbne.cl\/wpCNE\/wp-content\/uploads\/2024\/10\/06-14-1024x1024.jpg 1024w, https:\/\/cbne.cl\/wpCNE\/wp-content\/uploads\/2024\/10\/06-14-300x300.jpg 300w, https:\/\/cbne.cl\/wpCNE\/wp-content\/uploads\/2024\/10\/06-14-150x150.jpg 150w, https:\/\/cbne.cl\/wpCNE\/wp-content\/uploads\/2024\/10\/06-14-768x768.jpg 768w, https:\/\/cbne.cl\/wpCNE\/wp-content\/uploads\/2024\/10\/06-14.jpg 1080w\" sizes=\"(max-width: 1024px) 100vw, 1024px\" \/><\/figure>\n\n\n\n<figure class=\"wp-block-image size-large\"><img loading=\"lazy\" decoding=\"async\" width=\"1024\" height=\"1024\" data-id=\"7864\" src=\"https:\/\/cbne.cl\/wpCNE\/wp-content\/uploads\/2024\/10\/07-14-1024x1024.jpg\" alt=\"\" class=\"wp-image-7864\" srcset=\"https:\/\/cbne.cl\/wpCNE\/wp-content\/uploads\/2024\/10\/07-14-1024x1024.jpg 1024w, https:\/\/cbne.cl\/wpCNE\/wp-content\/uploads\/2024\/10\/07-14-300x300.jpg 300w, https:\/\/cbne.cl\/wpCNE\/wp-content\/uploads\/2024\/10\/07-14-150x150.jpg 150w, https:\/\/cbne.cl\/wpCNE\/wp-content\/uploads\/2024\/10\/07-14-768x768.jpg 768w, https:\/\/cbne.cl\/wpCNE\/wp-content\/uploads\/2024\/10\/07-14.jpg 1080w\" sizes=\"(max-width: 1024px) 100vw, 1024px\" \/><\/figure>\n<\/figure>\n","protected":false},"excerpt":{"rendered":"<p>\u00a1Estamos emocionados de anunciar que nuestros estudiantes del electivo de Artes y Medios Audiovisuales participar\u00e1n en el XVI<\/p>\n","protected":false},"author":1,"featured_media":7866,"comment_status":"closed","ping_status":"closed","sticky":false,"template":"","format":"standard","meta":{"footnotes":""},"categories":[256],"tags":[],"class_list":["post-7859","post","type-post","status-publish","format-standard","has-post-thumbnail","hentry","category-cbne2024"],"yoast_head":"<!-- This site is optimized with the Yoast SEO plugin v27.5 - https:\/\/yoast.com\/product\/yoast-seo-wordpress\/ -->\n<title>ESTUDIANTES DE NUESTRO ELECTIVO DE ARTES PARTICIPAR\u00c1N EN EL XVI FESTIVAL NACIONAL DE CINE DE ESTUDIANTES SECUNDARIOS (FESCIES) - COLEGIO BICENTENARIO NUEVA ESPERANZA<\/title>\n<meta name=\"robots\" content=\"index, follow, max-snippet:-1, max-image-preview:large, max-video-preview:-1\" \/>\n<link rel=\"canonical\" href=\"https:\/\/cbne.cl\/wpCNE\/estudiantes-de-nuestro-electivo-de-artes-participaran-en-el-xvi-festival-nacional-de-cine-de-estudiantes-secundarios-fescies\/\" \/>\n<meta property=\"og:locale\" content=\"es_ES\" \/>\n<meta property=\"og:type\" content=\"article\" \/>\n<meta property=\"og:title\" content=\"ESTUDIANTES DE NUESTRO ELECTIVO DE ARTES PARTICIPAR\u00c1N EN EL XVI FESTIVAL NACIONAL DE CINE DE ESTUDIANTES SECUNDARIOS (FESCIES) - COLEGIO BICENTENARIO NUEVA ESPERANZA\" \/>\n<meta property=\"og:description\" content=\"\u00a1Estamos emocionados de anunciar que nuestros estudiantes del electivo de Artes y Medios Audiovisuales participar\u00e1n en el XVI\" \/>\n<meta property=\"og:url\" content=\"https:\/\/cbne.cl\/wpCNE\/estudiantes-de-nuestro-electivo-de-artes-participaran-en-el-xvi-festival-nacional-de-cine-de-estudiantes-secundarios-fescies\/\" \/>\n<meta property=\"og:site_name\" content=\"COLEGIO BICENTENARIO NUEVA ESPERANZA\" \/>\n<meta property=\"article:published_time\" content=\"2024-10-22T12:53:35+00:00\" \/>\n<meta property=\"article:modified_time\" content=\"2024-10-28T12:58:03+00:00\" \/>\n<meta property=\"og:image\" content=\"https:\/\/cbne.cl\/wpCNE\/wp-content\/uploads\/2024\/10\/01-17.jpg\" \/>\n\t<meta property=\"og:image:width\" content=\"1080\" \/>\n\t<meta property=\"og:image:height\" content=\"1080\" \/>\n\t<meta property=\"og:image:type\" content=\"image\/jpeg\" \/>\n<meta name=\"author\" content=\"administrador\" \/>\n<meta name=\"twitter:card\" content=\"summary_large_image\" \/>\n<meta name=\"twitter:label1\" content=\"Escrito por\" \/>\n\t<meta name=\"twitter:data1\" content=\"administrador\" \/>\n\t<meta name=\"twitter:label2\" content=\"Tiempo de lectura\" \/>\n\t<meta name=\"twitter:data2\" content=\"5 minutos\" \/>\n<script type=\"application\/ld+json\" class=\"yoast-schema-graph\">{\"@context\":\"https:\\\/\\\/schema.org\",\"@graph\":[{\"@type\":\"Article\",\"@id\":\"https:\\\/\\\/cbne.cl\\\/wpCNE\\\/estudiantes-de-nuestro-electivo-de-artes-participaran-en-el-xvi-festival-nacional-de-cine-de-estudiantes-secundarios-fescies\\\/#article\",\"isPartOf\":{\"@id\":\"https:\\\/\\\/cbne.cl\\\/wpCNE\\\/estudiantes-de-nuestro-electivo-de-artes-participaran-en-el-xvi-festival-nacional-de-cine-de-estudiantes-secundarios-fescies\\\/\"},\"author\":{\"name\":\"administrador\",\"@id\":\"https:\\\/\\\/cbne.cl\\\/wpCNE\\\/#\\\/schema\\\/person\\\/e70cae86af2d376d31c9df4a32c77067\"},\"headline\":\"ESTUDIANTES DE NUESTRO ELECTIVO DE ARTES PARTICIPAR\u00c1N EN EL XVI FESTIVAL NACIONAL DE CINE DE ESTUDIANTES SECUNDARIOS (FESCIES)\",\"datePublished\":\"2024-10-22T12:53:35+00:00\",\"dateModified\":\"2024-10-28T12:58:03+00:00\",\"mainEntityOfPage\":{\"@id\":\"https:\\\/\\\/cbne.cl\\\/wpCNE\\\/estudiantes-de-nuestro-electivo-de-artes-participaran-en-el-xvi-festival-nacional-de-cine-de-estudiantes-secundarios-fescies\\\/\"},\"wordCount\":262,\"publisher\":{\"@id\":\"https:\\\/\\\/cbne.cl\\\/wpCNE\\\/#organization\"},\"image\":{\"@id\":\"https:\\\/\\\/cbne.cl\\\/wpCNE\\\/estudiantes-de-nuestro-electivo-de-artes-participaran-en-el-xvi-festival-nacional-de-cine-de-estudiantes-secundarios-fescies\\\/#primaryimage\"},\"thumbnailUrl\":\"https:\\\/\\\/cbne.cl\\\/wpCNE\\\/wp-content\\\/uploads\\\/2024\\\/10\\\/01-17.jpg\",\"articleSection\":[\"CBNE 2024\"],\"inLanguage\":\"es\"},{\"@type\":\"WebPage\",\"@id\":\"https:\\\/\\\/cbne.cl\\\/wpCNE\\\/estudiantes-de-nuestro-electivo-de-artes-participaran-en-el-xvi-festival-nacional-de-cine-de-estudiantes-secundarios-fescies\\\/\",\"url\":\"https:\\\/\\\/cbne.cl\\\/wpCNE\\\/estudiantes-de-nuestro-electivo-de-artes-participaran-en-el-xvi-festival-nacional-de-cine-de-estudiantes-secundarios-fescies\\\/\",\"name\":\"ESTUDIANTES DE NUESTRO ELECTIVO DE ARTES PARTICIPAR\u00c1N EN EL XVI FESTIVAL NACIONAL DE CINE DE ESTUDIANTES SECUNDARIOS (FESCIES) - COLEGIO BICENTENARIO NUEVA ESPERANZA\",\"isPartOf\":{\"@id\":\"https:\\\/\\\/cbne.cl\\\/wpCNE\\\/#website\"},\"primaryImageOfPage\":{\"@id\":\"https:\\\/\\\/cbne.cl\\\/wpCNE\\\/estudiantes-de-nuestro-electivo-de-artes-participaran-en-el-xvi-festival-nacional-de-cine-de-estudiantes-secundarios-fescies\\\/#primaryimage\"},\"image\":{\"@id\":\"https:\\\/\\\/cbne.cl\\\/wpCNE\\\/estudiantes-de-nuestro-electivo-de-artes-participaran-en-el-xvi-festival-nacional-de-cine-de-estudiantes-secundarios-fescies\\\/#primaryimage\"},\"thumbnailUrl\":\"https:\\\/\\\/cbne.cl\\\/wpCNE\\\/wp-content\\\/uploads\\\/2024\\\/10\\\/01-17.jpg\",\"datePublished\":\"2024-10-22T12:53:35+00:00\",\"dateModified\":\"2024-10-28T12:58:03+00:00\",\"breadcrumb\":{\"@id\":\"https:\\\/\\\/cbne.cl\\\/wpCNE\\\/estudiantes-de-nuestro-electivo-de-artes-participaran-en-el-xvi-festival-nacional-de-cine-de-estudiantes-secundarios-fescies\\\/#breadcrumb\"},\"inLanguage\":\"es\",\"potentialAction\":[{\"@type\":\"ReadAction\",\"target\":[\"https:\\\/\\\/cbne.cl\\\/wpCNE\\\/estudiantes-de-nuestro-electivo-de-artes-participaran-en-el-xvi-festival-nacional-de-cine-de-estudiantes-secundarios-fescies\\\/\"]}]},{\"@type\":\"ImageObject\",\"inLanguage\":\"es\",\"@id\":\"https:\\\/\\\/cbne.cl\\\/wpCNE\\\/estudiantes-de-nuestro-electivo-de-artes-participaran-en-el-xvi-festival-nacional-de-cine-de-estudiantes-secundarios-fescies\\\/#primaryimage\",\"url\":\"https:\\\/\\\/cbne.cl\\\/wpCNE\\\/wp-content\\\/uploads\\\/2024\\\/10\\\/01-17.jpg\",\"contentUrl\":\"https:\\\/\\\/cbne.cl\\\/wpCNE\\\/wp-content\\\/uploads\\\/2024\\\/10\\\/01-17.jpg\",\"width\":1080,\"height\":1080},{\"@type\":\"BreadcrumbList\",\"@id\":\"https:\\\/\\\/cbne.cl\\\/wpCNE\\\/estudiantes-de-nuestro-electivo-de-artes-participaran-en-el-xvi-festival-nacional-de-cine-de-estudiantes-secundarios-fescies\\\/#breadcrumb\",\"itemListElement\":[{\"@type\":\"ListItem\",\"position\":1,\"name\":\"Portada\",\"item\":\"https:\\\/\\\/cbne.cl\\\/wpCNE\\\/\"},{\"@type\":\"ListItem\",\"position\":2,\"name\":\"ESTUDIANTES DE NUESTRO ELECTIVO DE ARTES PARTICIPAR\u00c1N EN EL XVI FESTIVAL NACIONAL DE CINE DE ESTUDIANTES SECUNDARIOS (FESCIES)\"}]},{\"@type\":\"WebSite\",\"@id\":\"https:\\\/\\\/cbne.cl\\\/wpCNE\\\/#website\",\"url\":\"https:\\\/\\\/cbne.cl\\\/wpCNE\\\/\",\"name\":\"COLEGIO BICENTENARIO NUEVA ESPERANZA\",\"description\":\"&quot;Educando desde la afectividad&quot;\",\"publisher\":{\"@id\":\"https:\\\/\\\/cbne.cl\\\/wpCNE\\\/#organization\"},\"potentialAction\":[{\"@type\":\"SearchAction\",\"target\":{\"@type\":\"EntryPoint\",\"urlTemplate\":\"https:\\\/\\\/cbne.cl\\\/wpCNE\\\/?s={search_term_string}\"},\"query-input\":{\"@type\":\"PropertyValueSpecification\",\"valueRequired\":true,\"valueName\":\"search_term_string\"}}],\"inLanguage\":\"es\"},{\"@type\":\"Organization\",\"@id\":\"https:\\\/\\\/cbne.cl\\\/wpCNE\\\/#organization\",\"name\":\"COLEGIO BICENTENARIO NUEVA ESPERANZA\",\"url\":\"https:\\\/\\\/cbne.cl\\\/wpCNE\\\/\",\"logo\":{\"@type\":\"ImageObject\",\"inLanguage\":\"es\",\"@id\":\"https:\\\/\\\/cbne.cl\\\/wpCNE\\\/#\\\/schema\\\/logo\\\/image\\\/\",\"url\":\"https:\\\/\\\/cbne.cl\\\/wpCNE\\\/wp-content\\\/uploads\\\/2020\\\/07\\\/cropped-cropped-web150x150.png\",\"contentUrl\":\"https:\\\/\\\/cbne.cl\\\/wpCNE\\\/wp-content\\\/uploads\\\/2020\\\/07\\\/cropped-cropped-web150x150.png\",\"width\":150,\"height\":150,\"caption\":\"COLEGIO BICENTENARIO NUEVA ESPERANZA\"},\"image\":{\"@id\":\"https:\\\/\\\/cbne.cl\\\/wpCNE\\\/#\\\/schema\\\/logo\\\/image\\\/\"}},{\"@type\":\"Person\",\"@id\":\"https:\\\/\\\/cbne.cl\\\/wpCNE\\\/#\\\/schema\\\/person\\\/e70cae86af2d376d31c9df4a32c77067\",\"name\":\"administrador\",\"image\":{\"@type\":\"ImageObject\",\"inLanguage\":\"es\",\"@id\":\"https:\\\/\\\/secure.gravatar.com\\\/avatar\\\/2bb82521b7d9910a42114952efdc357245391fbd79322d9d21f7d587e222a509?s=96&d=mm&r=g\",\"url\":\"https:\\\/\\\/secure.gravatar.com\\\/avatar\\\/2bb82521b7d9910a42114952efdc357245391fbd79322d9d21f7d587e222a509?s=96&d=mm&r=g\",\"contentUrl\":\"https:\\\/\\\/secure.gravatar.com\\\/avatar\\\/2bb82521b7d9910a42114952efdc357245391fbd79322d9d21f7d587e222a509?s=96&d=mm&r=g\",\"caption\":\"administrador\"},\"sameAs\":[\"https:\\\/\\\/colegionuevaesperanza.cl\\\/wpCNE\"],\"url\":\"https:\\\/\\\/cbne.cl\\\/wpCNE\\\/author\\\/administrador\\\/\"}]}<\/script>\n<!-- \/ Yoast SEO plugin. -->","yoast_head_json":{"title":"ESTUDIANTES DE NUESTRO ELECTIVO DE ARTES PARTICIPAR\u00c1N EN EL XVI FESTIVAL NACIONAL DE CINE DE ESTUDIANTES SECUNDARIOS (FESCIES) - COLEGIO BICENTENARIO NUEVA ESPERANZA","robots":{"index":"index","follow":"follow","max-snippet":"max-snippet:-1","max-image-preview":"max-image-preview:large","max-video-preview":"max-video-preview:-1"},"canonical":"https:\/\/cbne.cl\/wpCNE\/estudiantes-de-nuestro-electivo-de-artes-participaran-en-el-xvi-festival-nacional-de-cine-de-estudiantes-secundarios-fescies\/","og_locale":"es_ES","og_type":"article","og_title":"ESTUDIANTES DE NUESTRO ELECTIVO DE ARTES PARTICIPAR\u00c1N EN EL XVI FESTIVAL NACIONAL DE CINE DE ESTUDIANTES SECUNDARIOS (FESCIES) - COLEGIO BICENTENARIO NUEVA ESPERANZA","og_description":"\u00a1Estamos emocionados de anunciar que nuestros estudiantes del electivo de Artes y Medios Audiovisuales participar\u00e1n en el XVI","og_url":"https:\/\/cbne.cl\/wpCNE\/estudiantes-de-nuestro-electivo-de-artes-participaran-en-el-xvi-festival-nacional-de-cine-de-estudiantes-secundarios-fescies\/","og_site_name":"COLEGIO BICENTENARIO NUEVA ESPERANZA","article_published_time":"2024-10-22T12:53:35+00:00","article_modified_time":"2024-10-28T12:58:03+00:00","og_image":[{"width":1080,"height":1080,"url":"https:\/\/cbne.cl\/wpCNE\/wp-content\/uploads\/2024\/10\/01-17.jpg","type":"image\/jpeg"}],"author":"administrador","twitter_card":"summary_large_image","twitter_misc":{"Escrito por":"administrador","Tiempo de lectura":"5 minutos"},"schema":{"@context":"https:\/\/schema.org","@graph":[{"@type":"Article","@id":"https:\/\/cbne.cl\/wpCNE\/estudiantes-de-nuestro-electivo-de-artes-participaran-en-el-xvi-festival-nacional-de-cine-de-estudiantes-secundarios-fescies\/#article","isPartOf":{"@id":"https:\/\/cbne.cl\/wpCNE\/estudiantes-de-nuestro-electivo-de-artes-participaran-en-el-xvi-festival-nacional-de-cine-de-estudiantes-secundarios-fescies\/"},"author":{"name":"administrador","@id":"https:\/\/cbne.cl\/wpCNE\/#\/schema\/person\/e70cae86af2d376d31c9df4a32c77067"},"headline":"ESTUDIANTES DE NUESTRO ELECTIVO DE ARTES PARTICIPAR\u00c1N EN EL XVI FESTIVAL NACIONAL DE CINE DE ESTUDIANTES SECUNDARIOS (FESCIES)","datePublished":"2024-10-22T12:53:35+00:00","dateModified":"2024-10-28T12:58:03+00:00","mainEntityOfPage":{"@id":"https:\/\/cbne.cl\/wpCNE\/estudiantes-de-nuestro-electivo-de-artes-participaran-en-el-xvi-festival-nacional-de-cine-de-estudiantes-secundarios-fescies\/"},"wordCount":262,"publisher":{"@id":"https:\/\/cbne.cl\/wpCNE\/#organization"},"image":{"@id":"https:\/\/cbne.cl\/wpCNE\/estudiantes-de-nuestro-electivo-de-artes-participaran-en-el-xvi-festival-nacional-de-cine-de-estudiantes-secundarios-fescies\/#primaryimage"},"thumbnailUrl":"https:\/\/cbne.cl\/wpCNE\/wp-content\/uploads\/2024\/10\/01-17.jpg","articleSection":["CBNE 2024"],"inLanguage":"es"},{"@type":"WebPage","@id":"https:\/\/cbne.cl\/wpCNE\/estudiantes-de-nuestro-electivo-de-artes-participaran-en-el-xvi-festival-nacional-de-cine-de-estudiantes-secundarios-fescies\/","url":"https:\/\/cbne.cl\/wpCNE\/estudiantes-de-nuestro-electivo-de-artes-participaran-en-el-xvi-festival-nacional-de-cine-de-estudiantes-secundarios-fescies\/","name":"ESTUDIANTES DE NUESTRO ELECTIVO DE ARTES PARTICIPAR\u00c1N EN EL XVI FESTIVAL NACIONAL DE CINE DE ESTUDIANTES SECUNDARIOS (FESCIES) - COLEGIO BICENTENARIO NUEVA ESPERANZA","isPartOf":{"@id":"https:\/\/cbne.cl\/wpCNE\/#website"},"primaryImageOfPage":{"@id":"https:\/\/cbne.cl\/wpCNE\/estudiantes-de-nuestro-electivo-de-artes-participaran-en-el-xvi-festival-nacional-de-cine-de-estudiantes-secundarios-fescies\/#primaryimage"},"image":{"@id":"https:\/\/cbne.cl\/wpCNE\/estudiantes-de-nuestro-electivo-de-artes-participaran-en-el-xvi-festival-nacional-de-cine-de-estudiantes-secundarios-fescies\/#primaryimage"},"thumbnailUrl":"https:\/\/cbne.cl\/wpCNE\/wp-content\/uploads\/2024\/10\/01-17.jpg","datePublished":"2024-10-22T12:53:35+00:00","dateModified":"2024-10-28T12:58:03+00:00","breadcrumb":{"@id":"https:\/\/cbne.cl\/wpCNE\/estudiantes-de-nuestro-electivo-de-artes-participaran-en-el-xvi-festival-nacional-de-cine-de-estudiantes-secundarios-fescies\/#breadcrumb"},"inLanguage":"es","potentialAction":[{"@type":"ReadAction","target":["https:\/\/cbne.cl\/wpCNE\/estudiantes-de-nuestro-electivo-de-artes-participaran-en-el-xvi-festival-nacional-de-cine-de-estudiantes-secundarios-fescies\/"]}]},{"@type":"ImageObject","inLanguage":"es","@id":"https:\/\/cbne.cl\/wpCNE\/estudiantes-de-nuestro-electivo-de-artes-participaran-en-el-xvi-festival-nacional-de-cine-de-estudiantes-secundarios-fescies\/#primaryimage","url":"https:\/\/cbne.cl\/wpCNE\/wp-content\/uploads\/2024\/10\/01-17.jpg","contentUrl":"https:\/\/cbne.cl\/wpCNE\/wp-content\/uploads\/2024\/10\/01-17.jpg","width":1080,"height":1080},{"@type":"BreadcrumbList","@id":"https:\/\/cbne.cl\/wpCNE\/estudiantes-de-nuestro-electivo-de-artes-participaran-en-el-xvi-festival-nacional-de-cine-de-estudiantes-secundarios-fescies\/#breadcrumb","itemListElement":[{"@type":"ListItem","position":1,"name":"Portada","item":"https:\/\/cbne.cl\/wpCNE\/"},{"@type":"ListItem","position":2,"name":"ESTUDIANTES DE NUESTRO ELECTIVO DE ARTES PARTICIPAR\u00c1N EN EL XVI FESTIVAL NACIONAL DE CINE DE ESTUDIANTES SECUNDARIOS (FESCIES)"}]},{"@type":"WebSite","@id":"https:\/\/cbne.cl\/wpCNE\/#website","url":"https:\/\/cbne.cl\/wpCNE\/","name":"COLEGIO BICENTENARIO NUEVA ESPERANZA","description":"&quot;Educando desde la afectividad&quot;","publisher":{"@id":"https:\/\/cbne.cl\/wpCNE\/#organization"},"potentialAction":[{"@type":"SearchAction","target":{"@type":"EntryPoint","urlTemplate":"https:\/\/cbne.cl\/wpCNE\/?s={search_term_string}"},"query-input":{"@type":"PropertyValueSpecification","valueRequired":true,"valueName":"search_term_string"}}],"inLanguage":"es"},{"@type":"Organization","@id":"https:\/\/cbne.cl\/wpCNE\/#organization","name":"COLEGIO BICENTENARIO NUEVA ESPERANZA","url":"https:\/\/cbne.cl\/wpCNE\/","logo":{"@type":"ImageObject","inLanguage":"es","@id":"https:\/\/cbne.cl\/wpCNE\/#\/schema\/logo\/image\/","url":"https:\/\/cbne.cl\/wpCNE\/wp-content\/uploads\/2020\/07\/cropped-cropped-web150x150.png","contentUrl":"https:\/\/cbne.cl\/wpCNE\/wp-content\/uploads\/2020\/07\/cropped-cropped-web150x150.png","width":150,"height":150,"caption":"COLEGIO BICENTENARIO NUEVA ESPERANZA"},"image":{"@id":"https:\/\/cbne.cl\/wpCNE\/#\/schema\/logo\/image\/"}},{"@type":"Person","@id":"https:\/\/cbne.cl\/wpCNE\/#\/schema\/person\/e70cae86af2d376d31c9df4a32c77067","name":"administrador","image":{"@type":"ImageObject","inLanguage":"es","@id":"https:\/\/secure.gravatar.com\/avatar\/2bb82521b7d9910a42114952efdc357245391fbd79322d9d21f7d587e222a509?s=96&d=mm&r=g","url":"https:\/\/secure.gravatar.com\/avatar\/2bb82521b7d9910a42114952efdc357245391fbd79322d9d21f7d587e222a509?s=96&d=mm&r=g","contentUrl":"https:\/\/secure.gravatar.com\/avatar\/2bb82521b7d9910a42114952efdc357245391fbd79322d9d21f7d587e222a509?s=96&d=mm&r=g","caption":"administrador"},"sameAs":["https:\/\/colegionuevaesperanza.cl\/wpCNE"],"url":"https:\/\/cbne.cl\/wpCNE\/author\/administrador\/"}]}},"featured_image_urls":{"full":["https:\/\/cbne.cl\/wpCNE\/wp-content\/uploads\/2024\/10\/01-17.jpg",1080,1080,false],"thumbnail":["https:\/\/cbne.cl\/wpCNE\/wp-content\/uploads\/2024\/10\/01-17-150x150.jpg",150,150,true],"medium":["https:\/\/cbne.cl\/wpCNE\/wp-content\/uploads\/2024\/10\/01-17-300x300.jpg",300,300,true],"medium_large":["https:\/\/cbne.cl\/wpCNE\/wp-content\/uploads\/2024\/10\/01-17-768x768.jpg",640,640,true],"large":["https:\/\/cbne.cl\/wpCNE\/wp-content\/uploads\/2024\/10\/01-17-1024x1024.jpg",640,640,true],"1536x1536":["https:\/\/cbne.cl\/wpCNE\/wp-content\/uploads\/2024\/10\/01-17.jpg",1080,1080,false],"2048x2048":["https:\/\/cbne.cl\/wpCNE\/wp-content\/uploads\/2024\/10\/01-17.jpg",1080,1080,false],"morenews-large":["https:\/\/cbne.cl\/wpCNE\/wp-content\/uploads\/2024\/10\/01-17-825x575.jpg",825,575,true],"morenews-medium":["https:\/\/cbne.cl\/wpCNE\/wp-content\/uploads\/2024\/10\/01-17-590x410.jpg",590,410,true]},"author_info":{"display_name":"administrador","author_link":"https:\/\/cbne.cl\/wpCNE\/author\/administrador\/"},"category_info":"<a href=\"https:\/\/cbne.cl\/wpCNE\/category\/cbne2024\/\" rel=\"category tag\">CBNE 2024<\/a>","tag_info":"CBNE 2024","comment_count":"0","_links":{"self":[{"href":"https:\/\/cbne.cl\/wpCNE\/wp-json\/wp\/v2\/posts\/7859","targetHints":{"allow":["GET"]}}],"collection":[{"href":"https:\/\/cbne.cl\/wpCNE\/wp-json\/wp\/v2\/posts"}],"about":[{"href":"https:\/\/cbne.cl\/wpCNE\/wp-json\/wp\/v2\/types\/post"}],"author":[{"embeddable":true,"href":"https:\/\/cbne.cl\/wpCNE\/wp-json\/wp\/v2\/users\/1"}],"replies":[{"embeddable":true,"href":"https:\/\/cbne.cl\/wpCNE\/wp-json\/wp\/v2\/comments?post=7859"}],"version-history":[{"count":1,"href":"https:\/\/cbne.cl\/wpCNE\/wp-json\/wp\/v2\/posts\/7859\/revisions"}],"predecessor-version":[{"id":7867,"href":"https:\/\/cbne.cl\/wpCNE\/wp-json\/wp\/v2\/posts\/7859\/revisions\/7867"}],"wp:featuredmedia":[{"embeddable":true,"href":"https:\/\/cbne.cl\/wpCNE\/wp-json\/wp\/v2\/media\/7866"}],"wp:attachment":[{"href":"https:\/\/cbne.cl\/wpCNE\/wp-json\/wp\/v2\/media?parent=7859"}],"wp:term":[{"taxonomy":"category","embeddable":true,"href":"https:\/\/cbne.cl\/wpCNE\/wp-json\/wp\/v2\/categories?post=7859"},{"taxonomy":"post_tag","embeddable":true,"href":"https:\/\/cbne.cl\/wpCNE\/wp-json\/wp\/v2\/tags?post=7859"}],"curies":[{"name":"wp","href":"https:\/\/api.w.org\/{rel}","templated":true}]}}