{"id":7813,"date":"2024-10-17T10:38:38","date_gmt":"2024-10-17T13:38:38","guid":{"rendered":"https:\/\/cbne.cl\/wpCNE\/?p=7813"},"modified":"2024-10-17T10:39:08","modified_gmt":"2024-10-17T13:39:08","slug":"admision-escolar-2025","status":"publish","type":"post","link":"https:\/\/cbne.cl\/wpCNE\/admision-escolar-2025\/","title":{"rendered":"ADMISI\u00d3N ESCOLAR 2025"},"content":{"rendered":"\n<p>RESULTADOS DISPONIBLES <img decoding=\"async\" height=\"16\" width=\"16\" alt=\"\ud83d\udc4f\" src=\"https:\/\/static.xx.fbcdn.net\/images\/emoji.php\/v9\/tfe\/1\/16\/1f44f.png\"><\/p>\n\n\n\n<p>Queremos que tomes una decisi\u00f3n informada, por eso te contamos qu\u00e9 opciones tendr\u00e1s al ver tus resultados. \u200b<\/p>\n\n\n\n<p>\u00a1No <a><\/a>lo olvides! Si rechazas quedar\u00e1s sin establecimiento y deber\u00e1s volver a postular durante el Periodo Complementario de postulaci\u00f3n.\u200b<\/p>\n\n\n\n<p>M\u00e1s informaci\u00f3n en <a href=\"http:\/\/sistemadeadmisionescolar.cl\/?fbclid=IwZXh0bgNhZW0CMTAAAR23XNXPpldroHdJA2bO3W8GlSg-ApYx6ScR_bB0BVvKgwb7a8QjKAdFYdA_aem_85vqBR641ChU-fIrpg11mQ\" rel=\"noreferrer noopener\" target=\"_blank\">sistemadeadmisionescolar.cl<\/a><\/p>\n\n\n\n<figure class=\"wp-block-image size-large\"><img fetchpriority=\"high\" decoding=\"async\" width=\"819\" height=\"1024\" src=\"https:\/\/cbne.cl\/wpCNE\/wp-content\/uploads\/2024\/10\/02-14-819x1024.jpg\" alt=\"\" class=\"wp-image-7815\" srcset=\"https:\/\/cbne.cl\/wpCNE\/wp-content\/uploads\/2024\/10\/02-14-819x1024.jpg 819w, https:\/\/cbne.cl\/wpCNE\/wp-content\/uploads\/2024\/10\/02-14-240x300.jpg 240w, https:\/\/cbne.cl\/wpCNE\/wp-content\/uploads\/2024\/10\/02-14-768x960.jpg 768w, https:\/\/cbne.cl\/wpCNE\/wp-content\/uploads\/2024\/10\/02-14-1024x1280.jpg 1024w, https:\/\/cbne.cl\/wpCNE\/wp-content\/uploads\/2024\/10\/02-14.jpg 1080w\" sizes=\"(max-width: 819px) 100vw, 819px\" \/><\/figure>\n\n\n\n<figure class=\"wp-block-image size-large\"><img decoding=\"async\" width=\"819\" height=\"1024\" src=\"https:\/\/cbne.cl\/wpCNE\/wp-content\/uploads\/2024\/10\/03-13-819x1024.jpg\" alt=\"\" class=\"wp-image-7816\" srcset=\"https:\/\/cbne.cl\/wpCNE\/wp-content\/uploads\/2024\/10\/03-13-819x1024.jpg 819w, https:\/\/cbne.cl\/wpCNE\/wp-content\/uploads\/2024\/10\/03-13-240x300.jpg 240w, https:\/\/cbne.cl\/wpCNE\/wp-content\/uploads\/2024\/10\/03-13-768x960.jpg 768w, https:\/\/cbne.cl\/wpCNE\/wp-content\/uploads\/2024\/10\/03-13-1024x1280.jpg 1024w, https:\/\/cbne.cl\/wpCNE\/wp-content\/uploads\/2024\/10\/03-13.jpg 1080w\" sizes=\"(max-width: 819px) 100vw, 819px\" \/><\/figure>\n","protected":false},"excerpt":{"rendered":"<p>RESULTADOS DISPONIBLES Queremos que tomes una decisi\u00f3n informada, por eso te contamos qu\u00e9 opciones tendr\u00e1s al ver tus<\/p>\n","protected":false},"author":1,"featured_media":7814,"comment_status":"closed","ping_status":"closed","sticky":false,"template":"","format":"standard","meta":{"footnotes":""},"categories":[256],"tags":[],"class_list":["post-7813","post","type-post","status-publish","format-standard","has-post-thumbnail","hentry","category-cbne2024"],"yoast_head":"<!-- This site is optimized with the Yoast SEO plugin v27.5 - https:\/\/yoast.com\/product\/yoast-seo-wordpress\/ -->\n<title>ADMISI\u00d3N ESCOLAR 2025 - COLEGIO BICENTENARIO NUEVA ESPERANZA<\/title>\n<meta name=\"robots\" content=\"index, follow, max-snippet:-1, max-image-preview:large, max-video-preview:-1\" \/>\n<link rel=\"canonical\" href=\"https:\/\/cbne.cl\/wpCNE\/admision-escolar-2025\/\" \/>\n<meta property=\"og:locale\" content=\"es_ES\" \/>\n<meta property=\"og:type\" content=\"article\" \/>\n<meta property=\"og:title\" content=\"ADMISI\u00d3N ESCOLAR 2025 - COLEGIO BICENTENARIO NUEVA ESPERANZA\" \/>\n<meta property=\"og:description\" content=\"RESULTADOS DISPONIBLES Queremos que tomes una decisi\u00f3n informada, por eso te contamos qu\u00e9 opciones tendr\u00e1s al ver tus\" \/>\n<meta property=\"og:url\" content=\"https:\/\/cbne.cl\/wpCNE\/admision-escolar-2025\/\" \/>\n<meta property=\"og:site_name\" content=\"COLEGIO BICENTENARIO NUEVA ESPERANZA\" \/>\n<meta property=\"article:published_time\" content=\"2024-10-17T13:38:38+00:00\" \/>\n<meta property=\"article:modified_time\" content=\"2024-10-17T13:39:08+00:00\" \/>\n<meta property=\"og:image\" content=\"https:\/\/cbne.cl\/wpCNE\/wp-content\/uploads\/2024\/10\/01-14.jpg\" \/>\n\t<meta property=\"og:image:width\" content=\"1080\" \/>\n\t<meta property=\"og:image:height\" content=\"1350\" \/>\n\t<meta property=\"og:image:type\" content=\"image\/jpeg\" \/>\n<meta name=\"author\" content=\"administrador\" \/>\n<meta name=\"twitter:card\" content=\"summary_large_image\" \/>\n<meta name=\"twitter:label1\" content=\"Escrito por\" \/>\n\t<meta name=\"twitter:data1\" content=\"administrador\" \/>\n\t<meta name=\"twitter:label2\" content=\"Tiempo de lectura\" \/>\n\t<meta name=\"twitter:data2\" content=\"2 minutos\" \/>\n<script type=\"application\/ld+json\" class=\"yoast-schema-graph\">{\"@context\":\"https:\\\/\\\/schema.org\",\"@graph\":[{\"@type\":\"Article\",\"@id\":\"https:\\\/\\\/cbne.cl\\\/wpCNE\\\/admision-escolar-2025\\\/#article\",\"isPartOf\":{\"@id\":\"https:\\\/\\\/cbne.cl\\\/wpCNE\\\/admision-escolar-2025\\\/\"},\"author\":{\"name\":\"administrador\",\"@id\":\"https:\\\/\\\/cbne.cl\\\/wpCNE\\\/#\\\/schema\\\/person\\\/e70cae86af2d376d31c9df4a32c77067\"},\"headline\":\"ADMISI\u00d3N ESCOLAR 2025\",\"datePublished\":\"2024-10-17T13:38:38+00:00\",\"dateModified\":\"2024-10-17T13:39:08+00:00\",\"mainEntityOfPage\":{\"@id\":\"https:\\\/\\\/cbne.cl\\\/wpCNE\\\/admision-escolar-2025\\\/\"},\"wordCount\":53,\"publisher\":{\"@id\":\"https:\\\/\\\/cbne.cl\\\/wpCNE\\\/#organization\"},\"image\":{\"@id\":\"https:\\\/\\\/cbne.cl\\\/wpCNE\\\/admision-escolar-2025\\\/#primaryimage\"},\"thumbnailUrl\":\"https:\\\/\\\/cbne.cl\\\/wpCNE\\\/wp-content\\\/uploads\\\/2024\\\/10\\\/01-14.jpg\",\"articleSection\":[\"CBNE 2024\"],\"inLanguage\":\"es\"},{\"@type\":\"WebPage\",\"@id\":\"https:\\\/\\\/cbne.cl\\\/wpCNE\\\/admision-escolar-2025\\\/\",\"url\":\"https:\\\/\\\/cbne.cl\\\/wpCNE\\\/admision-escolar-2025\\\/\",\"name\":\"ADMISI\u00d3N ESCOLAR 2025 - COLEGIO BICENTENARIO NUEVA ESPERANZA\",\"isPartOf\":{\"@id\":\"https:\\\/\\\/cbne.cl\\\/wpCNE\\\/#website\"},\"primaryImageOfPage\":{\"@id\":\"https:\\\/\\\/cbne.cl\\\/wpCNE\\\/admision-escolar-2025\\\/#primaryimage\"},\"image\":{\"@id\":\"https:\\\/\\\/cbne.cl\\\/wpCNE\\\/admision-escolar-2025\\\/#primaryimage\"},\"thumbnailUrl\":\"https:\\\/\\\/cbne.cl\\\/wpCNE\\\/wp-content\\\/uploads\\\/2024\\\/10\\\/01-14.jpg\",\"datePublished\":\"2024-10-17T13:38:38+00:00\",\"dateModified\":\"2024-10-17T13:39:08+00:00\",\"breadcrumb\":{\"@id\":\"https:\\\/\\\/cbne.cl\\\/wpCNE\\\/admision-escolar-2025\\\/#breadcrumb\"},\"inLanguage\":\"es\",\"potentialAction\":[{\"@type\":\"ReadAction\",\"target\":[\"https:\\\/\\\/cbne.cl\\\/wpCNE\\\/admision-escolar-2025\\\/\"]}]},{\"@type\":\"ImageObject\",\"inLanguage\":\"es\",\"@id\":\"https:\\\/\\\/cbne.cl\\\/wpCNE\\\/admision-escolar-2025\\\/#primaryimage\",\"url\":\"https:\\\/\\\/cbne.cl\\\/wpCNE\\\/wp-content\\\/uploads\\\/2024\\\/10\\\/01-14.jpg\",\"contentUrl\":\"https:\\\/\\\/cbne.cl\\\/wpCNE\\\/wp-content\\\/uploads\\\/2024\\\/10\\\/01-14.jpg\",\"width\":1080,\"height\":1350},{\"@type\":\"BreadcrumbList\",\"@id\":\"https:\\\/\\\/cbne.cl\\\/wpCNE\\\/admision-escolar-2025\\\/#breadcrumb\",\"itemListElement\":[{\"@type\":\"ListItem\",\"position\":1,\"name\":\"Portada\",\"item\":\"https:\\\/\\\/cbne.cl\\\/wpCNE\\\/\"},{\"@type\":\"ListItem\",\"position\":2,\"name\":\"ADMISI\u00d3N ESCOLAR 2025\"}]},{\"@type\":\"WebSite\",\"@id\":\"https:\\\/\\\/cbne.cl\\\/wpCNE\\\/#website\",\"url\":\"https:\\\/\\\/cbne.cl\\\/wpCNE\\\/\",\"name\":\"COLEGIO BICENTENARIO NUEVA ESPERANZA\",\"description\":\"&quot;Educando desde la afectividad&quot;\",\"publisher\":{\"@id\":\"https:\\\/\\\/cbne.cl\\\/wpCNE\\\/#organization\"},\"potentialAction\":[{\"@type\":\"SearchAction\",\"target\":{\"@type\":\"EntryPoint\",\"urlTemplate\":\"https:\\\/\\\/cbne.cl\\\/wpCNE\\\/?s={search_term_string}\"},\"query-input\":{\"@type\":\"PropertyValueSpecification\",\"valueRequired\":true,\"valueName\":\"search_term_string\"}}],\"inLanguage\":\"es\"},{\"@type\":\"Organization\",\"@id\":\"https:\\\/\\\/cbne.cl\\\/wpCNE\\\/#organization\",\"name\":\"COLEGIO BICENTENARIO NUEVA ESPERANZA\",\"url\":\"https:\\\/\\\/cbne.cl\\\/wpCNE\\\/\",\"logo\":{\"@type\":\"ImageObject\",\"inLanguage\":\"es\",\"@id\":\"https:\\\/\\\/cbne.cl\\\/wpCNE\\\/#\\\/schema\\\/logo\\\/image\\\/\",\"url\":\"https:\\\/\\\/cbne.cl\\\/wpCNE\\\/wp-content\\\/uploads\\\/2020\\\/07\\\/cropped-cropped-web150x150.png\",\"contentUrl\":\"https:\\\/\\\/cbne.cl\\\/wpCNE\\\/wp-content\\\/uploads\\\/2020\\\/07\\\/cropped-cropped-web150x150.png\",\"width\":150,\"height\":150,\"caption\":\"COLEGIO BICENTENARIO NUEVA ESPERANZA\"},\"image\":{\"@id\":\"https:\\\/\\\/cbne.cl\\\/wpCNE\\\/#\\\/schema\\\/logo\\\/image\\\/\"}},{\"@type\":\"Person\",\"@id\":\"https:\\\/\\\/cbne.cl\\\/wpCNE\\\/#\\\/schema\\\/person\\\/e70cae86af2d376d31c9df4a32c77067\",\"name\":\"administrador\",\"image\":{\"@type\":\"ImageObject\",\"inLanguage\":\"es\",\"@id\":\"https:\\\/\\\/secure.gravatar.com\\\/avatar\\\/2bb82521b7d9910a42114952efdc357245391fbd79322d9d21f7d587e222a509?s=96&d=mm&r=g\",\"url\":\"https:\\\/\\\/secure.gravatar.com\\\/avatar\\\/2bb82521b7d9910a42114952efdc357245391fbd79322d9d21f7d587e222a509?s=96&d=mm&r=g\",\"contentUrl\":\"https:\\\/\\\/secure.gravatar.com\\\/avatar\\\/2bb82521b7d9910a42114952efdc357245391fbd79322d9d21f7d587e222a509?s=96&d=mm&r=g\",\"caption\":\"administrador\"},\"sameAs\":[\"https:\\\/\\\/colegionuevaesperanza.cl\\\/wpCNE\"],\"url\":\"https:\\\/\\\/cbne.cl\\\/wpCNE\\\/author\\\/administrador\\\/\"}]}<\/script>\n<!-- \/ Yoast SEO plugin. -->","yoast_head_json":{"title":"ADMISI\u00d3N ESCOLAR 2025 - COLEGIO BICENTENARIO NUEVA ESPERANZA","robots":{"index":"index","follow":"follow","max-snippet":"max-snippet:-1","max-image-preview":"max-image-preview:large","max-video-preview":"max-video-preview:-1"},"canonical":"https:\/\/cbne.cl\/wpCNE\/admision-escolar-2025\/","og_locale":"es_ES","og_type":"article","og_title":"ADMISI\u00d3N ESCOLAR 2025 - COLEGIO BICENTENARIO NUEVA ESPERANZA","og_description":"RESULTADOS DISPONIBLES Queremos que tomes una decisi\u00f3n informada, por eso te contamos qu\u00e9 opciones tendr\u00e1s al ver tus","og_url":"https:\/\/cbne.cl\/wpCNE\/admision-escolar-2025\/","og_site_name":"COLEGIO BICENTENARIO NUEVA ESPERANZA","article_published_time":"2024-10-17T13:38:38+00:00","article_modified_time":"2024-10-17T13:39:08+00:00","og_image":[{"width":1080,"height":1350,"url":"https:\/\/cbne.cl\/wpCNE\/wp-content\/uploads\/2024\/10\/01-14.jpg","type":"image\/jpeg"}],"author":"administrador","twitter_card":"summary_large_image","twitter_misc":{"Escrito por":"administrador","Tiempo de lectura":"2 minutos"},"schema":{"@context":"https:\/\/schema.org","@graph":[{"@type":"Article","@id":"https:\/\/cbne.cl\/wpCNE\/admision-escolar-2025\/#article","isPartOf":{"@id":"https:\/\/cbne.cl\/wpCNE\/admision-escolar-2025\/"},"author":{"name":"administrador","@id":"https:\/\/cbne.cl\/wpCNE\/#\/schema\/person\/e70cae86af2d376d31c9df4a32c77067"},"headline":"ADMISI\u00d3N ESCOLAR 2025","datePublished":"2024-10-17T13:38:38+00:00","dateModified":"2024-10-17T13:39:08+00:00","mainEntityOfPage":{"@id":"https:\/\/cbne.cl\/wpCNE\/admision-escolar-2025\/"},"wordCount":53,"publisher":{"@id":"https:\/\/cbne.cl\/wpCNE\/#organization"},"image":{"@id":"https:\/\/cbne.cl\/wpCNE\/admision-escolar-2025\/#primaryimage"},"thumbnailUrl":"https:\/\/cbne.cl\/wpCNE\/wp-content\/uploads\/2024\/10\/01-14.jpg","articleSection":["CBNE 2024"],"inLanguage":"es"},{"@type":"WebPage","@id":"https:\/\/cbne.cl\/wpCNE\/admision-escolar-2025\/","url":"https:\/\/cbne.cl\/wpCNE\/admision-escolar-2025\/","name":"ADMISI\u00d3N ESCOLAR 2025 - COLEGIO BICENTENARIO NUEVA ESPERANZA","isPartOf":{"@id":"https:\/\/cbne.cl\/wpCNE\/#website"},"primaryImageOfPage":{"@id":"https:\/\/cbne.cl\/wpCNE\/admision-escolar-2025\/#primaryimage"},"image":{"@id":"https:\/\/cbne.cl\/wpCNE\/admision-escolar-2025\/#primaryimage"},"thumbnailUrl":"https:\/\/cbne.cl\/wpCNE\/wp-content\/uploads\/2024\/10\/01-14.jpg","datePublished":"2024-10-17T13:38:38+00:00","dateModified":"2024-10-17T13:39:08+00:00","breadcrumb":{"@id":"https:\/\/cbne.cl\/wpCNE\/admision-escolar-2025\/#breadcrumb"},"inLanguage":"es","potentialAction":[{"@type":"ReadAction","target":["https:\/\/cbne.cl\/wpCNE\/admision-escolar-2025\/"]}]},{"@type":"ImageObject","inLanguage":"es","@id":"https:\/\/cbne.cl\/wpCNE\/admision-escolar-2025\/#primaryimage","url":"https:\/\/cbne.cl\/wpCNE\/wp-content\/uploads\/2024\/10\/01-14.jpg","contentUrl":"https:\/\/cbne.cl\/wpCNE\/wp-content\/uploads\/2024\/10\/01-14.jpg","width":1080,"height":1350},{"@type":"BreadcrumbList","@id":"https:\/\/cbne.cl\/wpCNE\/admision-escolar-2025\/#breadcrumb","itemListElement":[{"@type":"ListItem","position":1,"name":"Portada","item":"https:\/\/cbne.cl\/wpCNE\/"},{"@type":"ListItem","position":2,"name":"ADMISI\u00d3N ESCOLAR 2025"}]},{"@type":"WebSite","@id":"https:\/\/cbne.cl\/wpCNE\/#website","url":"https:\/\/cbne.cl\/wpCNE\/","name":"COLEGIO BICENTENARIO NUEVA ESPERANZA","description":"&quot;Educando desde la afectividad&quot;","publisher":{"@id":"https:\/\/cbne.cl\/wpCNE\/#organization"},"potentialAction":[{"@type":"SearchAction","target":{"@type":"EntryPoint","urlTemplate":"https:\/\/cbne.cl\/wpCNE\/?s={search_term_string}"},"query-input":{"@type":"PropertyValueSpecification","valueRequired":true,"valueName":"search_term_string"}}],"inLanguage":"es"},{"@type":"Organization","@id":"https:\/\/cbne.cl\/wpCNE\/#organization","name":"COLEGIO BICENTENARIO NUEVA ESPERANZA","url":"https:\/\/cbne.cl\/wpCNE\/","logo":{"@type":"ImageObject","inLanguage":"es","@id":"https:\/\/cbne.cl\/wpCNE\/#\/schema\/logo\/image\/","url":"https:\/\/cbne.cl\/wpCNE\/wp-content\/uploads\/2020\/07\/cropped-cropped-web150x150.png","contentUrl":"https:\/\/cbne.cl\/wpCNE\/wp-content\/uploads\/2020\/07\/cropped-cropped-web150x150.png","width":150,"height":150,"caption":"COLEGIO BICENTENARIO NUEVA ESPERANZA"},"image":{"@id":"https:\/\/cbne.cl\/wpCNE\/#\/schema\/logo\/image\/"}},{"@type":"Person","@id":"https:\/\/cbne.cl\/wpCNE\/#\/schema\/person\/e70cae86af2d376d31c9df4a32c77067","name":"administrador","image":{"@type":"ImageObject","inLanguage":"es","@id":"https:\/\/secure.gravatar.com\/avatar\/2bb82521b7d9910a42114952efdc357245391fbd79322d9d21f7d587e222a509?s=96&d=mm&r=g","url":"https:\/\/secure.gravatar.com\/avatar\/2bb82521b7d9910a42114952efdc357245391fbd79322d9d21f7d587e222a509?s=96&d=mm&r=g","contentUrl":"https:\/\/secure.gravatar.com\/avatar\/2bb82521b7d9910a42114952efdc357245391fbd79322d9d21f7d587e222a509?s=96&d=mm&r=g","caption":"administrador"},"sameAs":["https:\/\/colegionuevaesperanza.cl\/wpCNE"],"url":"https:\/\/cbne.cl\/wpCNE\/author\/administrador\/"}]}},"featured_image_urls":{"full":["https:\/\/cbne.cl\/wpCNE\/wp-content\/uploads\/2024\/10\/01-14.jpg",1080,1350,false],"thumbnail":["https:\/\/cbne.cl\/wpCNE\/wp-content\/uploads\/2024\/10\/01-14-150x150.jpg",150,150,true],"medium":["https:\/\/cbne.cl\/wpCNE\/wp-content\/uploads\/2024\/10\/01-14-240x300.jpg",240,300,true],"medium_large":["https:\/\/cbne.cl\/wpCNE\/wp-content\/uploads\/2024\/10\/01-14-768x960.jpg",640,800,true],"large":["https:\/\/cbne.cl\/wpCNE\/wp-content\/uploads\/2024\/10\/01-14-819x1024.jpg",640,800,true],"1536x1536":["https:\/\/cbne.cl\/wpCNE\/wp-content\/uploads\/2024\/10\/01-14.jpg",1080,1350,false],"2048x2048":["https:\/\/cbne.cl\/wpCNE\/wp-content\/uploads\/2024\/10\/01-14.jpg",1080,1350,false],"morenews-large":["https:\/\/cbne.cl\/wpCNE\/wp-content\/uploads\/2024\/10\/01-14-825x575.jpg",825,575,true],"morenews-medium":["https:\/\/cbne.cl\/wpCNE\/wp-content\/uploads\/2024\/10\/01-14-590x410.jpg",590,410,true]},"author_info":{"display_name":"administrador","author_link":"https:\/\/cbne.cl\/wpCNE\/author\/administrador\/"},"category_info":"<a href=\"https:\/\/cbne.cl\/wpCNE\/category\/cbne2024\/\" rel=\"category tag\">CBNE 2024<\/a>","tag_info":"CBNE 2024","comment_count":"0","_links":{"self":[{"href":"https:\/\/cbne.cl\/wpCNE\/wp-json\/wp\/v2\/posts\/7813","targetHints":{"allow":["GET"]}}],"collection":[{"href":"https:\/\/cbne.cl\/wpCNE\/wp-json\/wp\/v2\/posts"}],"about":[{"href":"https:\/\/cbne.cl\/wpCNE\/wp-json\/wp\/v2\/types\/post"}],"author":[{"embeddable":true,"href":"https:\/\/cbne.cl\/wpCNE\/wp-json\/wp\/v2\/users\/1"}],"replies":[{"embeddable":true,"href":"https:\/\/cbne.cl\/wpCNE\/wp-json\/wp\/v2\/comments?post=7813"}],"version-history":[{"count":2,"href":"https:\/\/cbne.cl\/wpCNE\/wp-json\/wp\/v2\/posts\/7813\/revisions"}],"predecessor-version":[{"id":7818,"href":"https:\/\/cbne.cl\/wpCNE\/wp-json\/wp\/v2\/posts\/7813\/revisions\/7818"}],"wp:featuredmedia":[{"embeddable":true,"href":"https:\/\/cbne.cl\/wpCNE\/wp-json\/wp\/v2\/media\/7814"}],"wp:attachment":[{"href":"https:\/\/cbne.cl\/wpCNE\/wp-json\/wp\/v2\/media?parent=7813"}],"wp:term":[{"taxonomy":"category","embeddable":true,"href":"https:\/\/cbne.cl\/wpCNE\/wp-json\/wp\/v2\/categories?post=7813"},{"taxonomy":"post_tag","embeddable":true,"href":"https:\/\/cbne.cl\/wpCNE\/wp-json\/wp\/v2\/tags?post=7813"}],"curies":[{"name":"wp","href":"https:\/\/api.w.org\/{rel}","templated":true}]}}