{"id":7597,"date":"2024-10-02T14:31:54","date_gmt":"2024-10-02T17:31:54","guid":{"rendered":"https:\/\/cbne.cl\/wpCNE\/?p=7597"},"modified":"2024-10-03T14:35:53","modified_gmt":"2024-10-03T17:35:53","slug":"nuestro-equipo-futsal-damas-al-regional","status":"publish","type":"post","link":"https:\/\/cbne.cl\/wpCNE\/nuestro-equipo-futsal-damas-al-regional\/","title":{"rendered":"NUESTRO EQUIPO FUTSAL DAMAS AL REGIONAL"},"content":{"rendered":"\n<p>\u00a1PASAMOS AL REGIONAL FUTSAL DAMAS!<\/p>\n\n\n\n<p>Con mucha alegr\u00eda queremos comentarles que nuestro colegio se ha coronado como campe\u00f3n del Provincial Futsal Damas en un emocionante torneo celebrado en el polideportivo de Quill\u00f3n <img decoding=\"async\" height=\"16\" width=\"16\" alt=\"\ud83d\ude01\" src=\"https:\/\/static.xx.fbcdn.net\/images\/emoji.php\/v9\/t4f\/1\/16\/1f601.png\"><img decoding=\"async\" height=\"16\" width=\"16\" alt=\"\ud83d\udcaa\" src=\"https:\/\/static.xx.fbcdn.net\/images\/emoji.php\/v9\/t6c\/1\/16\/1f4aa.png\"><img decoding=\"async\" height=\"16\" width=\"16\" alt=\"\u2728\" src=\"https:\/\/static.xx.fbcdn.net\/images\/emoji.php\/v9\/tf4\/1\/16\/2728.png\"><\/p>\n\n\n\n<p>En nuestro primer partido, nos enfrentamos a Bulnes, y luego dimos un gran paso a la final contra Chill\u00e1n, donde logramos el triunfo que tanto buscaba el equipo<img loading=\"lazy\" decoding=\"async\" height=\"16\" width=\"16\" alt=\"\ud83e\udd47\" src=\"https:\/\/static.xx.fbcdn.net\/images\/emoji.php\/v9\/t94\/1\/16\/1f947.png\"><img loading=\"lazy\" decoding=\"async\" height=\"16\" width=\"16\" alt=\"\ud83e\udd79\" src=\"https:\/\/static.xx.fbcdn.net\/images\/emoji.php\/v9\/t73\/1\/16\/1f979.png\"><img loading=\"lazy\" decoding=\"async\" height=\"16\" width=\"16\" alt=\"\u26bd\" src=\"https:\/\/static.xx.fbcdn.net\/images\/emoji.php\/v9\/taf\/1\/16\/26bd.png\"><\/p>\n\n\n\n<p>Este <a><\/a>logro es el resultado de un esfuerzo incre\u00edble y un trabajo en equipo que nos llev\u00f3 a ganar el sectorial el pasado 29 de septiembre en San Ignacio<img loading=\"lazy\" decoding=\"async\" height=\"16\" width=\"16\" alt=\"\ud83c\udf1f\" src=\"https:\/\/static.xx.fbcdn.net\/images\/emoji.php\/v9\/te0\/1\/16\/1f31f.png\"><img loading=\"lazy\" decoding=\"async\" height=\"16\" width=\"16\" alt=\"\ud83d\udc96\" src=\"https:\/\/static.xx.fbcdn.net\/images\/emoji.php\/v9\/te9\/1\/16\/1f496.png\">. Es la segunda vez en la historia de nuestro Colegio que alcanzamos este desaf\u00edo, y no podr\u00edamos estar m\u00e1s orgullosos por el gran trabajo que han realizado estas muchachas en compa\u00f1\u00eda del profesor Esteban Correa <img loading=\"lazy\" decoding=\"async\" height=\"16\" width=\"16\" alt=\"\ud83d\udc4f\" src=\"https:\/\/static.xx.fbcdn.net\/images\/emoji.php\/v9\/tfe\/1\/16\/1f44f.png\"><img loading=\"lazy\" decoding=\"async\" height=\"16\" width=\"16\" alt=\"\ud83e\udee1\" src=\"https:\/\/static.xx.fbcdn.net\/images\/emoji.php\/v9\/t25\/1\/16\/1fae1.png\">.<\/p>\n\n\n\n<p>\u00a1Juntos, hemos demostrado que con dedicaci\u00f3n y pasi\u00f3n, los sue\u00f1os se hacen realidad! <img loading=\"lazy\" decoding=\"async\" height=\"16\" width=\"16\" alt=\"\ud83d\ude4c\" src=\"https:\/\/static.xx.fbcdn.net\/images\/emoji.php\/v9\/tfd\/1\/16\/1f64c.png\"><img loading=\"lazy\" decoding=\"async\" height=\"16\" width=\"16\" alt=\"\u2764\ufe0f\" src=\"https:\/\/static.xx.fbcdn.net\/images\/emoji.php\/v9\/t6c\/1\/16\/2764.png\"><\/p>\n\n\n\n<p>Nos vamos a la siguiente etapa, al regional el pr\u00f3ximo 23 de octubre. \u00a1Vamos por m\u00e1s Colegio Bicentenario Nueva Esperanza! <img decoding=\"async\" height=\"16\" width=\"16\" alt=\"\ud83d\udcaa\" src=\"https:\/\/static.xx.fbcdn.net\/images\/emoji.php\/v9\/t6c\/1\/16\/1f4aa.png\"><img loading=\"lazy\" decoding=\"async\" height=\"16\" width=\"16\" alt=\"\u26a1\ufe0f\" src=\"https:\/\/static.xx.fbcdn.net\/images\/emoji.php\/v9\/t5d\/1\/16\/26a1.png\"><img decoding=\"async\" height=\"16\" width=\"16\" alt=\"\ud83d\ude01\" src=\"https:\/\/static.xx.fbcdn.net\/images\/emoji.php\/v9\/t4f\/1\/16\/1f601.png\"><img loading=\"lazy\" decoding=\"async\" height=\"16\" width=\"16\" alt=\"\ud83d\udc4f\" src=\"https:\/\/static.xx.fbcdn.net\/images\/emoji.php\/v9\/tfe\/1\/16\/1f44f.png\"><\/p>\n\n\n\n<figure class=\"wp-block-gallery has-nested-images columns-default is-cropped wp-block-gallery-1 is-layout-flex wp-block-gallery-is-layout-flex\">\n<figure class=\"wp-block-image size-large\"><img loading=\"lazy\" decoding=\"async\" width=\"768\" height=\"1024\" data-id=\"7598\" src=\"https:\/\/cbne.cl\/wpCNE\/wp-content\/uploads\/2024\/10\/01-2-768x1024.jpg\" alt=\"\" class=\"wp-image-7598\" srcset=\"https:\/\/cbne.cl\/wpCNE\/wp-content\/uploads\/2024\/10\/01-2-768x1024.jpg 768w, https:\/\/cbne.cl\/wpCNE\/wp-content\/uploads\/2024\/10\/01-2-225x300.jpg 225w, https:\/\/cbne.cl\/wpCNE\/wp-content\/uploads\/2024\/10\/01-2-1152x1536.jpg 1152w, https:\/\/cbne.cl\/wpCNE\/wp-content\/uploads\/2024\/10\/01-2-1024x1365.jpg 1024w, https:\/\/cbne.cl\/wpCNE\/wp-content\/uploads\/2024\/10\/01-2.jpg 1536w\" sizes=\"(max-width: 768px) 100vw, 768px\" \/><\/figure>\n\n\n\n<figure class=\"wp-block-image size-large\"><img loading=\"lazy\" decoding=\"async\" width=\"768\" height=\"1024\" data-id=\"7602\" src=\"https:\/\/cbne.cl\/wpCNE\/wp-content\/uploads\/2024\/10\/02-2-768x1024.jpg\" alt=\"\" class=\"wp-image-7602\" srcset=\"https:\/\/cbne.cl\/wpCNE\/wp-content\/uploads\/2024\/10\/02-2-768x1024.jpg 768w, https:\/\/cbne.cl\/wpCNE\/wp-content\/uploads\/2024\/10\/02-2-225x300.jpg 225w, https:\/\/cbne.cl\/wpCNE\/wp-content\/uploads\/2024\/10\/02-2-1152x1536.jpg 1152w, https:\/\/cbne.cl\/wpCNE\/wp-content\/uploads\/2024\/10\/02-2-1024x1365.jpg 1024w, https:\/\/cbne.cl\/wpCNE\/wp-content\/uploads\/2024\/10\/02-2.jpg 1536w\" sizes=\"(max-width: 768px) 100vw, 768px\" \/><\/figure>\n\n\n\n<figure class=\"wp-block-image size-large\"><img loading=\"lazy\" decoding=\"async\" width=\"768\" height=\"1024\" data-id=\"7599\" src=\"https:\/\/cbne.cl\/wpCNE\/wp-content\/uploads\/2024\/10\/03-1-768x1024.jpg\" alt=\"\" class=\"wp-image-7599\" srcset=\"https:\/\/cbne.cl\/wpCNE\/wp-content\/uploads\/2024\/10\/03-1-768x1024.jpg 768w, https:\/\/cbne.cl\/wpCNE\/wp-content\/uploads\/2024\/10\/03-1-225x300.jpg 225w, https:\/\/cbne.cl\/wpCNE\/wp-content\/uploads\/2024\/10\/03-1-1152x1536.jpg 1152w, https:\/\/cbne.cl\/wpCNE\/wp-content\/uploads\/2024\/10\/03-1-1024x1365.jpg 1024w, https:\/\/cbne.cl\/wpCNE\/wp-content\/uploads\/2024\/10\/03-1.jpg 1536w\" sizes=\"(max-width: 768px) 100vw, 768px\" \/><\/figure>\n\n\n\n<figure class=\"wp-block-image size-large\"><img loading=\"lazy\" decoding=\"async\" width=\"768\" height=\"1024\" data-id=\"7603\" src=\"https:\/\/cbne.cl\/wpCNE\/wp-content\/uploads\/2024\/10\/04-1-768x1024.jpg\" alt=\"\" class=\"wp-image-7603\" srcset=\"https:\/\/cbne.cl\/wpCNE\/wp-content\/uploads\/2024\/10\/04-1-768x1024.jpg 768w, https:\/\/cbne.cl\/wpCNE\/wp-content\/uploads\/2024\/10\/04-1-225x300.jpg 225w, https:\/\/cbne.cl\/wpCNE\/wp-content\/uploads\/2024\/10\/04-1-1152x1536.jpg 1152w, https:\/\/cbne.cl\/wpCNE\/wp-content\/uploads\/2024\/10\/04-1-1024x1365.jpg 1024w, https:\/\/cbne.cl\/wpCNE\/wp-content\/uploads\/2024\/10\/04-1.jpg 1536w\" sizes=\"(max-width: 768px) 100vw, 768px\" \/><\/figure>\n\n\n\n<figure class=\"wp-block-image size-large\"><img loading=\"lazy\" decoding=\"async\" width=\"1024\" height=\"768\" data-id=\"7600\" src=\"https:\/\/cbne.cl\/wpCNE\/wp-content\/uploads\/2024\/10\/05-1-1024x768.jpg\" alt=\"\" class=\"wp-image-7600\" srcset=\"https:\/\/cbne.cl\/wpCNE\/wp-content\/uploads\/2024\/10\/05-1-1024x768.jpg 1024w, https:\/\/cbne.cl\/wpCNE\/wp-content\/uploads\/2024\/10\/05-1-300x225.jpg 300w, https:\/\/cbne.cl\/wpCNE\/wp-content\/uploads\/2024\/10\/05-1-768x576.jpg 768w, https:\/\/cbne.cl\/wpCNE\/wp-content\/uploads\/2024\/10\/05-1-1536x1152.jpg 1536w, https:\/\/cbne.cl\/wpCNE\/wp-content\/uploads\/2024\/10\/05-1.jpg 2048w\" sizes=\"(max-width: 1024px) 100vw, 1024px\" \/><\/figure>\n\n\n\n<figure class=\"wp-block-image size-large\"><img loading=\"lazy\" decoding=\"async\" width=\"768\" height=\"1024\" data-id=\"7601\" src=\"https:\/\/cbne.cl\/wpCNE\/wp-content\/uploads\/2024\/10\/06-1-768x1024.jpg\" alt=\"\" class=\"wp-image-7601\" srcset=\"https:\/\/cbne.cl\/wpCNE\/wp-content\/uploads\/2024\/10\/06-1-768x1024.jpg 768w, https:\/\/cbne.cl\/wpCNE\/wp-content\/uploads\/2024\/10\/06-1-225x300.jpg 225w, https:\/\/cbne.cl\/wpCNE\/wp-content\/uploads\/2024\/10\/06-1-1152x1536.jpg 1152w, https:\/\/cbne.cl\/wpCNE\/wp-content\/uploads\/2024\/10\/06-1-1024x1365.jpg 1024w, https:\/\/cbne.cl\/wpCNE\/wp-content\/uploads\/2024\/10\/06-1.jpg 1536w\" sizes=\"(max-width: 768px) 100vw, 768px\" \/><\/figure>\n\n\n\n<figure class=\"wp-block-image size-large\"><img loading=\"lazy\" decoding=\"async\" width=\"768\" height=\"1024\" data-id=\"7604\" src=\"https:\/\/cbne.cl\/wpCNE\/wp-content\/uploads\/2024\/10\/07-1-768x1024.jpg\" alt=\"\" class=\"wp-image-7604\" srcset=\"https:\/\/cbne.cl\/wpCNE\/wp-content\/uploads\/2024\/10\/07-1-768x1024.jpg 768w, https:\/\/cbne.cl\/wpCNE\/wp-content\/uploads\/2024\/10\/07-1-225x300.jpg 225w, https:\/\/cbne.cl\/wpCNE\/wp-content\/uploads\/2024\/10\/07-1-1152x1536.jpg 1152w, https:\/\/cbne.cl\/wpCNE\/wp-content\/uploads\/2024\/10\/07-1-1024x1365.jpg 1024w, https:\/\/cbne.cl\/wpCNE\/wp-content\/uploads\/2024\/10\/07-1.jpg 1536w\" sizes=\"(max-width: 768px) 100vw, 768px\" \/><\/figure>\n\n\n\n<figure class=\"wp-block-image size-large\"><img decoding=\"async\" data-id=\"7605\" src=\"https:\/\/cbne.cl\/wpCNE\/wp-content\/uploads\/2024\/10\/08-1-1024x768.jpg\" alt=\"\" class=\"wp-image-7605\"\/><\/figure>\n\n\n\n<figure class=\"wp-block-image size-large\"><img loading=\"lazy\" decoding=\"async\" width=\"768\" height=\"1024\" data-id=\"7606\" src=\"https:\/\/cbne.cl\/wpCNE\/wp-content\/uploads\/2024\/10\/09-1-768x1024.jpg\" alt=\"\" class=\"wp-image-7606\" srcset=\"https:\/\/cbne.cl\/wpCNE\/wp-content\/uploads\/2024\/10\/09-1-768x1024.jpg 768w, https:\/\/cbne.cl\/wpCNE\/wp-content\/uploads\/2024\/10\/09-1-225x300.jpg 225w, https:\/\/cbne.cl\/wpCNE\/wp-content\/uploads\/2024\/10\/09-1-1152x1536.jpg 1152w, https:\/\/cbne.cl\/wpCNE\/wp-content\/uploads\/2024\/10\/09-1-1024x1365.jpg 1024w, https:\/\/cbne.cl\/wpCNE\/wp-content\/uploads\/2024\/10\/09-1.jpg 1536w\" sizes=\"(max-width: 768px) 100vw, 768px\" \/><\/figure>\n\n\n\n<figure class=\"wp-block-image size-large\"><img loading=\"lazy\" decoding=\"async\" width=\"768\" height=\"1024\" data-id=\"7607\" src=\"https:\/\/cbne.cl\/wpCNE\/wp-content\/uploads\/2024\/10\/10-1-768x1024.jpg\" alt=\"\" class=\"wp-image-7607\" srcset=\"https:\/\/cbne.cl\/wpCNE\/wp-content\/uploads\/2024\/10\/10-1-768x1024.jpg 768w, https:\/\/cbne.cl\/wpCNE\/wp-content\/uploads\/2024\/10\/10-1-225x300.jpg 225w, https:\/\/cbne.cl\/wpCNE\/wp-content\/uploads\/2024\/10\/10-1-1152x1536.jpg 1152w, https:\/\/cbne.cl\/wpCNE\/wp-content\/uploads\/2024\/10\/10-1-1024x1365.jpg 1024w, https:\/\/cbne.cl\/wpCNE\/wp-content\/uploads\/2024\/10\/10-1.jpg 1536w\" sizes=\"(max-width: 768px) 100vw, 768px\" \/><\/figure>\n\n\n\n<figure class=\"wp-block-image size-large\"><img loading=\"lazy\" decoding=\"async\" width=\"768\" height=\"1024\" data-id=\"7608\" src=\"https:\/\/cbne.cl\/wpCNE\/wp-content\/uploads\/2024\/10\/11-768x1024.jpg\" alt=\"\" class=\"wp-image-7608\" srcset=\"https:\/\/cbne.cl\/wpCNE\/wp-content\/uploads\/2024\/10\/11-768x1024.jpg 768w, https:\/\/cbne.cl\/wpCNE\/wp-content\/uploads\/2024\/10\/11-225x300.jpg 225w, https:\/\/cbne.cl\/wpCNE\/wp-content\/uploads\/2024\/10\/11-1152x1536.jpg 1152w, https:\/\/cbne.cl\/wpCNE\/wp-content\/uploads\/2024\/10\/11-1024x1365.jpg 1024w, https:\/\/cbne.cl\/wpCNE\/wp-content\/uploads\/2024\/10\/11.jpg 1536w\" sizes=\"(max-width: 768px) 100vw, 768px\" \/><\/figure>\n<\/figure>\n","protected":false},"excerpt":{"rendered":"<p>\u00a1PASAMOS AL REGIONAL FUTSAL DAMAS! Con mucha alegr\u00eda queremos comentarles que nuestro colegio se ha coronado como campe\u00f3n<\/p>\n","protected":false},"author":1,"featured_media":7605,"comment_status":"closed","ping_status":"closed","sticky":false,"template":"","format":"standard","meta":{"footnotes":""},"categories":[256],"tags":[],"class_list":["post-7597","post","type-post","status-publish","format-standard","has-post-thumbnail","hentry","category-cbne2024"],"yoast_head":"<!-- This site is optimized with the Yoast SEO plugin v27.4 - https:\/\/yoast.com\/product\/yoast-seo-wordpress\/ -->\n<title>NUESTRO EQUIPO FUTSAL DAMAS AL REGIONAL - COLEGIO BICENTENARIO NUEVA ESPERANZA<\/title>\n<meta name=\"robots\" content=\"index, follow, max-snippet:-1, max-image-preview:large, max-video-preview:-1\" \/>\n<link rel=\"canonical\" href=\"https:\/\/cbne.cl\/wpCNE\/nuestro-equipo-futsal-damas-al-regional\/\" \/>\n<meta property=\"og:locale\" content=\"es_ES\" \/>\n<meta property=\"og:type\" content=\"article\" \/>\n<meta property=\"og:title\" content=\"NUESTRO EQUIPO FUTSAL DAMAS AL REGIONAL - COLEGIO BICENTENARIO NUEVA ESPERANZA\" \/>\n<meta property=\"og:description\" content=\"\u00a1PASAMOS AL REGIONAL FUTSAL DAMAS! Con mucha alegr\u00eda queremos comentarles que nuestro colegio se ha coronado como campe\u00f3n\" \/>\n<meta property=\"og:url\" content=\"https:\/\/cbne.cl\/wpCNE\/nuestro-equipo-futsal-damas-al-regional\/\" \/>\n<meta property=\"og:site_name\" content=\"COLEGIO BICENTENARIO NUEVA ESPERANZA\" \/>\n<meta property=\"article:published_time\" content=\"2024-10-02T17:31:54+00:00\" \/>\n<meta property=\"article:modified_time\" content=\"2024-10-03T17:35:53+00:00\" \/>\n<meta property=\"og:image\" content=\"https:\/\/cbne.cl\/wpCNE\/wp-content\/uploads\/2024\/10\/08-1-e1727976928109.jpg\" \/>\n\t<meta property=\"og:image:width\" content=\"1525\" \/>\n\t<meta property=\"og:image:height\" content=\"860\" \/>\n\t<meta property=\"og:image:type\" content=\"image\/jpeg\" \/>\n<meta name=\"author\" content=\"administrador\" \/>\n<meta name=\"twitter:card\" content=\"summary_large_image\" \/>\n<meta name=\"twitter:label1\" content=\"Escrito por\" \/>\n\t<meta name=\"twitter:data1\" content=\"administrador\" \/>\n\t<meta name=\"twitter:label2\" content=\"Tiempo de lectura\" \/>\n\t<meta name=\"twitter:data2\" content=\"7 minutos\" \/>\n<script type=\"application\/ld+json\" class=\"yoast-schema-graph\">{\"@context\":\"https:\\\/\\\/schema.org\",\"@graph\":[{\"@type\":\"Article\",\"@id\":\"https:\\\/\\\/cbne.cl\\\/wpCNE\\\/nuestro-equipo-futsal-damas-al-regional\\\/#article\",\"isPartOf\":{\"@id\":\"https:\\\/\\\/cbne.cl\\\/wpCNE\\\/nuestro-equipo-futsal-damas-al-regional\\\/\"},\"author\":{\"name\":\"administrador\",\"@id\":\"https:\\\/\\\/cbne.cl\\\/wpCNE\\\/#\\\/schema\\\/person\\\/e70cae86af2d376d31c9df4a32c77067\"},\"headline\":\"NUESTRO EQUIPO FUTSAL DAMAS AL REGIONAL\",\"datePublished\":\"2024-10-02T17:31:54+00:00\",\"dateModified\":\"2024-10-03T17:35:53+00:00\",\"mainEntityOfPage\":{\"@id\":\"https:\\\/\\\/cbne.cl\\\/wpCNE\\\/nuestro-equipo-futsal-damas-al-regional\\\/\"},\"wordCount\":175,\"publisher\":{\"@id\":\"https:\\\/\\\/cbne.cl\\\/wpCNE\\\/#organization\"},\"image\":{\"@id\":\"https:\\\/\\\/cbne.cl\\\/wpCNE\\\/nuestro-equipo-futsal-damas-al-regional\\\/#primaryimage\"},\"thumbnailUrl\":\"https:\\\/\\\/cbne.cl\\\/wpCNE\\\/wp-content\\\/uploads\\\/2024\\\/10\\\/08-1-e1727976928109.jpg\",\"articleSection\":[\"CBNE 2024\"],\"inLanguage\":\"es\"},{\"@type\":\"WebPage\",\"@id\":\"https:\\\/\\\/cbne.cl\\\/wpCNE\\\/nuestro-equipo-futsal-damas-al-regional\\\/\",\"url\":\"https:\\\/\\\/cbne.cl\\\/wpCNE\\\/nuestro-equipo-futsal-damas-al-regional\\\/\",\"name\":\"NUESTRO EQUIPO FUTSAL DAMAS AL REGIONAL - COLEGIO BICENTENARIO NUEVA ESPERANZA\",\"isPartOf\":{\"@id\":\"https:\\\/\\\/cbne.cl\\\/wpCNE\\\/#website\"},\"primaryImageOfPage\":{\"@id\":\"https:\\\/\\\/cbne.cl\\\/wpCNE\\\/nuestro-equipo-futsal-damas-al-regional\\\/#primaryimage\"},\"image\":{\"@id\":\"https:\\\/\\\/cbne.cl\\\/wpCNE\\\/nuestro-equipo-futsal-damas-al-regional\\\/#primaryimage\"},\"thumbnailUrl\":\"https:\\\/\\\/cbne.cl\\\/wpCNE\\\/wp-content\\\/uploads\\\/2024\\\/10\\\/08-1-e1727976928109.jpg\",\"datePublished\":\"2024-10-02T17:31:54+00:00\",\"dateModified\":\"2024-10-03T17:35:53+00:00\",\"breadcrumb\":{\"@id\":\"https:\\\/\\\/cbne.cl\\\/wpCNE\\\/nuestro-equipo-futsal-damas-al-regional\\\/#breadcrumb\"},\"inLanguage\":\"es\",\"potentialAction\":[{\"@type\":\"ReadAction\",\"target\":[\"https:\\\/\\\/cbne.cl\\\/wpCNE\\\/nuestro-equipo-futsal-damas-al-regional\\\/\"]}]},{\"@type\":\"ImageObject\",\"inLanguage\":\"es\",\"@id\":\"https:\\\/\\\/cbne.cl\\\/wpCNE\\\/nuestro-equipo-futsal-damas-al-regional\\\/#primaryimage\",\"url\":\"https:\\\/\\\/cbne.cl\\\/wpCNE\\\/wp-content\\\/uploads\\\/2024\\\/10\\\/08-1-e1727976928109.jpg\",\"contentUrl\":\"https:\\\/\\\/cbne.cl\\\/wpCNE\\\/wp-content\\\/uploads\\\/2024\\\/10\\\/08-1-e1727976928109.jpg\",\"width\":1525,\"height\":860},{\"@type\":\"BreadcrumbList\",\"@id\":\"https:\\\/\\\/cbne.cl\\\/wpCNE\\\/nuestro-equipo-futsal-damas-al-regional\\\/#breadcrumb\",\"itemListElement\":[{\"@type\":\"ListItem\",\"position\":1,\"name\":\"Portada\",\"item\":\"https:\\\/\\\/cbne.cl\\\/wpCNE\\\/\"},{\"@type\":\"ListItem\",\"position\":2,\"name\":\"NUESTRO EQUIPO FUTSAL DAMAS AL REGIONAL\"}]},{\"@type\":\"WebSite\",\"@id\":\"https:\\\/\\\/cbne.cl\\\/wpCNE\\\/#website\",\"url\":\"https:\\\/\\\/cbne.cl\\\/wpCNE\\\/\",\"name\":\"COLEGIO BICENTENARIO NUEVA ESPERANZA\",\"description\":\"&quot;Educando desde la afectividad&quot;\",\"publisher\":{\"@id\":\"https:\\\/\\\/cbne.cl\\\/wpCNE\\\/#organization\"},\"potentialAction\":[{\"@type\":\"SearchAction\",\"target\":{\"@type\":\"EntryPoint\",\"urlTemplate\":\"https:\\\/\\\/cbne.cl\\\/wpCNE\\\/?s={search_term_string}\"},\"query-input\":{\"@type\":\"PropertyValueSpecification\",\"valueRequired\":true,\"valueName\":\"search_term_string\"}}],\"inLanguage\":\"es\"},{\"@type\":\"Organization\",\"@id\":\"https:\\\/\\\/cbne.cl\\\/wpCNE\\\/#organization\",\"name\":\"COLEGIO BICENTENARIO NUEVA ESPERANZA\",\"url\":\"https:\\\/\\\/cbne.cl\\\/wpCNE\\\/\",\"logo\":{\"@type\":\"ImageObject\",\"inLanguage\":\"es\",\"@id\":\"https:\\\/\\\/cbne.cl\\\/wpCNE\\\/#\\\/schema\\\/logo\\\/image\\\/\",\"url\":\"https:\\\/\\\/cbne.cl\\\/wpCNE\\\/wp-content\\\/uploads\\\/2020\\\/07\\\/cropped-cropped-web150x150.png\",\"contentUrl\":\"https:\\\/\\\/cbne.cl\\\/wpCNE\\\/wp-content\\\/uploads\\\/2020\\\/07\\\/cropped-cropped-web150x150.png\",\"width\":150,\"height\":150,\"caption\":\"COLEGIO BICENTENARIO NUEVA ESPERANZA\"},\"image\":{\"@id\":\"https:\\\/\\\/cbne.cl\\\/wpCNE\\\/#\\\/schema\\\/logo\\\/image\\\/\"}},{\"@type\":\"Person\",\"@id\":\"https:\\\/\\\/cbne.cl\\\/wpCNE\\\/#\\\/schema\\\/person\\\/e70cae86af2d376d31c9df4a32c77067\",\"name\":\"administrador\",\"image\":{\"@type\":\"ImageObject\",\"inLanguage\":\"es\",\"@id\":\"https:\\\/\\\/secure.gravatar.com\\\/avatar\\\/2bb82521b7d9910a42114952efdc357245391fbd79322d9d21f7d587e222a509?s=96&d=mm&r=g\",\"url\":\"https:\\\/\\\/secure.gravatar.com\\\/avatar\\\/2bb82521b7d9910a42114952efdc357245391fbd79322d9d21f7d587e222a509?s=96&d=mm&r=g\",\"contentUrl\":\"https:\\\/\\\/secure.gravatar.com\\\/avatar\\\/2bb82521b7d9910a42114952efdc357245391fbd79322d9d21f7d587e222a509?s=96&d=mm&r=g\",\"caption\":\"administrador\"},\"sameAs\":[\"https:\\\/\\\/colegionuevaesperanza.cl\\\/wpCNE\"],\"url\":\"https:\\\/\\\/cbne.cl\\\/wpCNE\\\/author\\\/administrador\\\/\"}]}<\/script>\n<!-- \/ Yoast SEO plugin. -->","yoast_head_json":{"title":"NUESTRO EQUIPO FUTSAL DAMAS AL REGIONAL - COLEGIO BICENTENARIO NUEVA ESPERANZA","robots":{"index":"index","follow":"follow","max-snippet":"max-snippet:-1","max-image-preview":"max-image-preview:large","max-video-preview":"max-video-preview:-1"},"canonical":"https:\/\/cbne.cl\/wpCNE\/nuestro-equipo-futsal-damas-al-regional\/","og_locale":"es_ES","og_type":"article","og_title":"NUESTRO EQUIPO FUTSAL DAMAS AL REGIONAL - COLEGIO BICENTENARIO NUEVA ESPERANZA","og_description":"\u00a1PASAMOS AL REGIONAL FUTSAL DAMAS! Con mucha alegr\u00eda queremos comentarles que nuestro colegio se ha coronado como campe\u00f3n","og_url":"https:\/\/cbne.cl\/wpCNE\/nuestro-equipo-futsal-damas-al-regional\/","og_site_name":"COLEGIO BICENTENARIO NUEVA ESPERANZA","article_published_time":"2024-10-02T17:31:54+00:00","article_modified_time":"2024-10-03T17:35:53+00:00","og_image":[{"width":1525,"height":860,"url":"https:\/\/cbne.cl\/wpCNE\/wp-content\/uploads\/2024\/10\/08-1-e1727976928109.jpg","type":"image\/jpeg"}],"author":"administrador","twitter_card":"summary_large_image","twitter_misc":{"Escrito por":"administrador","Tiempo de lectura":"7 minutos"},"schema":{"@context":"https:\/\/schema.org","@graph":[{"@type":"Article","@id":"https:\/\/cbne.cl\/wpCNE\/nuestro-equipo-futsal-damas-al-regional\/#article","isPartOf":{"@id":"https:\/\/cbne.cl\/wpCNE\/nuestro-equipo-futsal-damas-al-regional\/"},"author":{"name":"administrador","@id":"https:\/\/cbne.cl\/wpCNE\/#\/schema\/person\/e70cae86af2d376d31c9df4a32c77067"},"headline":"NUESTRO EQUIPO FUTSAL DAMAS AL REGIONAL","datePublished":"2024-10-02T17:31:54+00:00","dateModified":"2024-10-03T17:35:53+00:00","mainEntityOfPage":{"@id":"https:\/\/cbne.cl\/wpCNE\/nuestro-equipo-futsal-damas-al-regional\/"},"wordCount":175,"publisher":{"@id":"https:\/\/cbne.cl\/wpCNE\/#organization"},"image":{"@id":"https:\/\/cbne.cl\/wpCNE\/nuestro-equipo-futsal-damas-al-regional\/#primaryimage"},"thumbnailUrl":"https:\/\/cbne.cl\/wpCNE\/wp-content\/uploads\/2024\/10\/08-1-e1727976928109.jpg","articleSection":["CBNE 2024"],"inLanguage":"es"},{"@type":"WebPage","@id":"https:\/\/cbne.cl\/wpCNE\/nuestro-equipo-futsal-damas-al-regional\/","url":"https:\/\/cbne.cl\/wpCNE\/nuestro-equipo-futsal-damas-al-regional\/","name":"NUESTRO EQUIPO FUTSAL DAMAS AL REGIONAL - COLEGIO BICENTENARIO NUEVA ESPERANZA","isPartOf":{"@id":"https:\/\/cbne.cl\/wpCNE\/#website"},"primaryImageOfPage":{"@id":"https:\/\/cbne.cl\/wpCNE\/nuestro-equipo-futsal-damas-al-regional\/#primaryimage"},"image":{"@id":"https:\/\/cbne.cl\/wpCNE\/nuestro-equipo-futsal-damas-al-regional\/#primaryimage"},"thumbnailUrl":"https:\/\/cbne.cl\/wpCNE\/wp-content\/uploads\/2024\/10\/08-1-e1727976928109.jpg","datePublished":"2024-10-02T17:31:54+00:00","dateModified":"2024-10-03T17:35:53+00:00","breadcrumb":{"@id":"https:\/\/cbne.cl\/wpCNE\/nuestro-equipo-futsal-damas-al-regional\/#breadcrumb"},"inLanguage":"es","potentialAction":[{"@type":"ReadAction","target":["https:\/\/cbne.cl\/wpCNE\/nuestro-equipo-futsal-damas-al-regional\/"]}]},{"@type":"ImageObject","inLanguage":"es","@id":"https:\/\/cbne.cl\/wpCNE\/nuestro-equipo-futsal-damas-al-regional\/#primaryimage","url":"https:\/\/cbne.cl\/wpCNE\/wp-content\/uploads\/2024\/10\/08-1-e1727976928109.jpg","contentUrl":"https:\/\/cbne.cl\/wpCNE\/wp-content\/uploads\/2024\/10\/08-1-e1727976928109.jpg","width":1525,"height":860},{"@type":"BreadcrumbList","@id":"https:\/\/cbne.cl\/wpCNE\/nuestro-equipo-futsal-damas-al-regional\/#breadcrumb","itemListElement":[{"@type":"ListItem","position":1,"name":"Portada","item":"https:\/\/cbne.cl\/wpCNE\/"},{"@type":"ListItem","position":2,"name":"NUESTRO EQUIPO FUTSAL DAMAS AL REGIONAL"}]},{"@type":"WebSite","@id":"https:\/\/cbne.cl\/wpCNE\/#website","url":"https:\/\/cbne.cl\/wpCNE\/","name":"COLEGIO BICENTENARIO NUEVA ESPERANZA","description":"&quot;Educando desde la afectividad&quot;","publisher":{"@id":"https:\/\/cbne.cl\/wpCNE\/#organization"},"potentialAction":[{"@type":"SearchAction","target":{"@type":"EntryPoint","urlTemplate":"https:\/\/cbne.cl\/wpCNE\/?s={search_term_string}"},"query-input":{"@type":"PropertyValueSpecification","valueRequired":true,"valueName":"search_term_string"}}],"inLanguage":"es"},{"@type":"Organization","@id":"https:\/\/cbne.cl\/wpCNE\/#organization","name":"COLEGIO BICENTENARIO NUEVA ESPERANZA","url":"https:\/\/cbne.cl\/wpCNE\/","logo":{"@type":"ImageObject","inLanguage":"es","@id":"https:\/\/cbne.cl\/wpCNE\/#\/schema\/logo\/image\/","url":"https:\/\/cbne.cl\/wpCNE\/wp-content\/uploads\/2020\/07\/cropped-cropped-web150x150.png","contentUrl":"https:\/\/cbne.cl\/wpCNE\/wp-content\/uploads\/2020\/07\/cropped-cropped-web150x150.png","width":150,"height":150,"caption":"COLEGIO BICENTENARIO NUEVA ESPERANZA"},"image":{"@id":"https:\/\/cbne.cl\/wpCNE\/#\/schema\/logo\/image\/"}},{"@type":"Person","@id":"https:\/\/cbne.cl\/wpCNE\/#\/schema\/person\/e70cae86af2d376d31c9df4a32c77067","name":"administrador","image":{"@type":"ImageObject","inLanguage":"es","@id":"https:\/\/secure.gravatar.com\/avatar\/2bb82521b7d9910a42114952efdc357245391fbd79322d9d21f7d587e222a509?s=96&d=mm&r=g","url":"https:\/\/secure.gravatar.com\/avatar\/2bb82521b7d9910a42114952efdc357245391fbd79322d9d21f7d587e222a509?s=96&d=mm&r=g","contentUrl":"https:\/\/secure.gravatar.com\/avatar\/2bb82521b7d9910a42114952efdc357245391fbd79322d9d21f7d587e222a509?s=96&d=mm&r=g","caption":"administrador"},"sameAs":["https:\/\/colegionuevaesperanza.cl\/wpCNE"],"url":"https:\/\/cbne.cl\/wpCNE\/author\/administrador\/"}]}},"featured_image_urls":{"full":["https:\/\/cbne.cl\/wpCNE\/wp-content\/uploads\/2024\/10\/08-1-e1727976928109.jpg",1525,860,false],"thumbnail":["https:\/\/cbne.cl\/wpCNE\/wp-content\/uploads\/2024\/10\/08-1-e1727976928109-150x150.jpg",150,150,true],"medium":["https:\/\/cbne.cl\/wpCNE\/wp-content\/uploads\/2024\/10\/08-1-e1727976928109-300x169.jpg",300,169,true],"medium_large":["https:\/\/cbne.cl\/wpCNE\/wp-content\/uploads\/2024\/10\/08-1-e1727976928109-768x433.jpg",640,361,true],"large":["https:\/\/cbne.cl\/wpCNE\/wp-content\/uploads\/2024\/10\/08-1-e1727976928109-1024x577.jpg",640,361,true],"1536x1536":["https:\/\/cbne.cl\/wpCNE\/wp-content\/uploads\/2024\/10\/08-1-1536x1152.jpg",1536,1152,true],"2048x2048":["https:\/\/cbne.cl\/wpCNE\/wp-content\/uploads\/2024\/10\/08-1-e1727976928109.jpg",1525,860,false],"morenews-large":["https:\/\/cbne.cl\/wpCNE\/wp-content\/uploads\/2024\/10\/08-1-e1727976928109-825x575.jpg",825,575,true],"morenews-medium":["https:\/\/cbne.cl\/wpCNE\/wp-content\/uploads\/2024\/10\/08-1-e1727976928109-590x410.jpg",590,410,true]},"author_info":{"display_name":"administrador","author_link":"https:\/\/cbne.cl\/wpCNE\/author\/administrador\/"},"category_info":"<a href=\"https:\/\/cbne.cl\/wpCNE\/category\/cbne2024\/\" rel=\"category tag\">CBNE 2024<\/a>","tag_info":"CBNE 2024","comment_count":"0","_links":{"self":[{"href":"https:\/\/cbne.cl\/wpCNE\/wp-json\/wp\/v2\/posts\/7597","targetHints":{"allow":["GET"]}}],"collection":[{"href":"https:\/\/cbne.cl\/wpCNE\/wp-json\/wp\/v2\/posts"}],"about":[{"href":"https:\/\/cbne.cl\/wpCNE\/wp-json\/wp\/v2\/types\/post"}],"author":[{"embeddable":true,"href":"https:\/\/cbne.cl\/wpCNE\/wp-json\/wp\/v2\/users\/1"}],"replies":[{"embeddable":true,"href":"https:\/\/cbne.cl\/wpCNE\/wp-json\/wp\/v2\/comments?post=7597"}],"version-history":[{"count":1,"href":"https:\/\/cbne.cl\/wpCNE\/wp-json\/wp\/v2\/posts\/7597\/revisions"}],"predecessor-version":[{"id":7609,"href":"https:\/\/cbne.cl\/wpCNE\/wp-json\/wp\/v2\/posts\/7597\/revisions\/7609"}],"wp:featuredmedia":[{"embeddable":true,"href":"https:\/\/cbne.cl\/wpCNE\/wp-json\/wp\/v2\/media\/7605"}],"wp:attachment":[{"href":"https:\/\/cbne.cl\/wpCNE\/wp-json\/wp\/v2\/media?parent=7597"}],"wp:term":[{"taxonomy":"category","embeddable":true,"href":"https:\/\/cbne.cl\/wpCNE\/wp-json\/wp\/v2\/categories?post=7597"},{"taxonomy":"post_tag","embeddable":true,"href":"https:\/\/cbne.cl\/wpCNE\/wp-json\/wp\/v2\/tags?post=7597"}],"curies":[{"name":"wp","href":"https:\/\/api.w.org\/{rel}","templated":true}]}}