{"id":7492,"date":"2024-09-07T10:55:59","date_gmt":"2024-09-07T13:55:59","guid":{"rendered":"https:\/\/cbne.cl\/wpCNE\/?p=7492"},"modified":"2024-09-23T11:34:57","modified_gmt":"2024-09-23T14:34:57","slug":"corrida-familiar-fiestas-patrias","status":"publish","type":"post","link":"https:\/\/cbne.cl\/wpCNE\/corrida-familiar-fiestas-patrias\/","title":{"rendered":"CORRIDA FAMILIAR FIESTAS PATRIAS"},"content":{"rendered":"\n<p>Este a\u00f1o participamos como comunidad educativa en la 4ta version de la corrida de fiestas patrias organizada por el programa elige vida sana del cesfam de campanario, en categor\u00eda 2k y 5k<img decoding=\"async\" height=\"16\" width=\"16\" src=\"https:\/\/static.xx.fbcdn.net\/images\/emoji.php\/v9\/t4f\/1\/16\/1f601.png\" alt=\"\ud83d\ude01\">.<\/p>\n\n\n\n<p>En esta ocasi\u00f3n se movilizaron una gran cantidad de estudiantes de ense\u00f1anza b\u00e1sica y media, sumado a sus apoderados y ex alumnos del establecimiento en la cual destacamos la participaci\u00f3n masiva de todos en el evento <img decoding=\"async\" height=\"16\" width=\"16\" alt=\"\ud83d\udc9a\" src=\"https:\/\/static.xx.fbcdn.net\/images\/emoji.php\/v9\/t94\/1\/16\/1f49a.png\"><img decoding=\"async\" height=\"16\" width=\"16\" alt=\"\ud83d\udc4f\ud83c\udffb\" src=\"https:\/\/static.xx.fbcdn.net\/images\/emoji.php\/v9\/tf9\/1\/16\/1f44f_1f3fb.png\">.<\/p>\n\n\n\n<p><a><\/a>Agradecemos al programa por la invitaci\u00f3n de este a\u00f1o y los anteriores, al director del colegio por su presencia y por supuesto a todos\/as las personas que participaron del evento que son parte de nuestra comunidad educativa <img loading=\"lazy\" decoding=\"async\" height=\"16\" width=\"16\" alt=\"\ud83d\ude01\" src=\"https:\/\/static.xx.fbcdn.net\/images\/emoji.php\/v9\/t4f\/1\/16\/1f601.png\"><img decoding=\"async\" height=\"16\" width=\"16\" alt=\"\ud83d\udc9a\" src=\"https:\/\/static.xx.fbcdn.net\/images\/emoji.php\/v9\/t94\/1\/16\/1f49a.png\">.<\/p>\n\n\n\n<p><strong>Lugares a destacar:<\/strong><\/p>\n\n\n\n<p><strong><em>Categor\u00eda 2K<\/em><\/strong><\/p>\n\n\n\n<p>Ni\u00f1os sub10: Sebast\u00edan Mancilla 2do lugar<\/p>\n\n\n\n<p>Categor\u00eda 2k ni\u00f1as sub 13: P\u00eda Mancilla 1 lugar<\/p>\n\n\n\n<p>Categor\u00eda damas sub 19: Paz Espinoza 2 lugar, Nicol San Mart\u00edn 3 Lugar<\/p>\n\n\n\n<p>Categor\u00eda varones Sub 19: 1 lugar Nicol\u00e1s Saavedra (ex estudiante), 2 lugar Francisco Villagra (ex estudiante), 3 lugar Matias Seguel (3ro medio)<\/p>\n\n\n\n<p>Categor\u00eda Varones 20-30 a\u00f1os: Esteban Correa 3 lugar (profesor de Educaci\u00f3n F\u00edsica del colegio)<\/p>\n\n\n\n<p><img loading=\"lazy\" decoding=\"async\" height=\"16\" width=\"16\" src=\"https:\/\/static.xx.fbcdn.net\/images\/emoji.php\/v9\/t94\/1\/16\/1f49a.png\" alt=\"\ud83d\udc9a\"><img loading=\"lazy\" decoding=\"async\" height=\"16\" width=\"16\" src=\"https:\/\/static.xx.fbcdn.net\/images\/emoji.php\/v9\/tf9\/1\/16\/1f44f_1f3fb.png\" alt=\"\ud83d\udc4f\ud83c\udffb\"><\/p>\n\n\n\n<figure class=\"wp-block-gallery has-nested-images columns-default is-cropped wp-block-gallery-1 is-layout-flex wp-block-gallery-is-layout-flex\">\n<figure class=\"wp-block-image size-large\"><img loading=\"lazy\" decoding=\"async\" width=\"819\" height=\"1024\" data-id=\"7494\" src=\"https:\/\/cbne.cl\/wpCNE\/wp-content\/uploads\/2024\/09\/0-819x1024.jpg\" alt=\"\" class=\"wp-image-7494\" srcset=\"https:\/\/cbne.cl\/wpCNE\/wp-content\/uploads\/2024\/09\/0-819x1024.jpg 819w, https:\/\/cbne.cl\/wpCNE\/wp-content\/uploads\/2024\/09\/0-240x300.jpg 240w, https:\/\/cbne.cl\/wpCNE\/wp-content\/uploads\/2024\/09\/0-768x960.jpg 768w, https:\/\/cbne.cl\/wpCNE\/wp-content\/uploads\/2024\/09\/0-1024x1280.jpg 1024w, https:\/\/cbne.cl\/wpCNE\/wp-content\/uploads\/2024\/09\/0.jpg 1080w\" sizes=\"(max-width: 819px) 100vw, 819px\" \/><\/figure>\n\n\n\n<figure class=\"wp-block-image size-large\"><img loading=\"lazy\" decoding=\"async\" width=\"819\" height=\"1024\" data-id=\"7497\" src=\"https:\/\/cbne.cl\/wpCNE\/wp-content\/uploads\/2024\/09\/01-819x1024.jpg\" alt=\"\" class=\"wp-image-7497\" srcset=\"https:\/\/cbne.cl\/wpCNE\/wp-content\/uploads\/2024\/09\/01-819x1024.jpg 819w, https:\/\/cbne.cl\/wpCNE\/wp-content\/uploads\/2024\/09\/01-240x300.jpg 240w, https:\/\/cbne.cl\/wpCNE\/wp-content\/uploads\/2024\/09\/01-768x960.jpg 768w, https:\/\/cbne.cl\/wpCNE\/wp-content\/uploads\/2024\/09\/01-1024x1280.jpg 1024w, https:\/\/cbne.cl\/wpCNE\/wp-content\/uploads\/2024\/09\/01.jpg 1080w\" sizes=\"(max-width: 819px) 100vw, 819px\" \/><\/figure>\n\n\n\n<figure class=\"wp-block-image size-large\"><img loading=\"lazy\" decoding=\"async\" width=\"819\" height=\"1024\" data-id=\"7495\" src=\"https:\/\/cbne.cl\/wpCNE\/wp-content\/uploads\/2024\/09\/02-819x1024.jpg\" alt=\"\" class=\"wp-image-7495\" srcset=\"https:\/\/cbne.cl\/wpCNE\/wp-content\/uploads\/2024\/09\/02-819x1024.jpg 819w, https:\/\/cbne.cl\/wpCNE\/wp-content\/uploads\/2024\/09\/02-240x300.jpg 240w, https:\/\/cbne.cl\/wpCNE\/wp-content\/uploads\/2024\/09\/02-768x960.jpg 768w, https:\/\/cbne.cl\/wpCNE\/wp-content\/uploads\/2024\/09\/02-1024x1280.jpg 1024w, https:\/\/cbne.cl\/wpCNE\/wp-content\/uploads\/2024\/09\/02.jpg 1080w\" sizes=\"(max-width: 819px) 100vw, 819px\" \/><\/figure>\n\n\n\n<figure class=\"wp-block-image size-large\"><img loading=\"lazy\" decoding=\"async\" width=\"819\" height=\"1024\" data-id=\"7493\" src=\"https:\/\/cbne.cl\/wpCNE\/wp-content\/uploads\/2024\/09\/03-819x1024.jpg\" alt=\"\" class=\"wp-image-7493\" srcset=\"https:\/\/cbne.cl\/wpCNE\/wp-content\/uploads\/2024\/09\/03-819x1024.jpg 819w, https:\/\/cbne.cl\/wpCNE\/wp-content\/uploads\/2024\/09\/03-240x300.jpg 240w, https:\/\/cbne.cl\/wpCNE\/wp-content\/uploads\/2024\/09\/03-768x960.jpg 768w, https:\/\/cbne.cl\/wpCNE\/wp-content\/uploads\/2024\/09\/03-1024x1280.jpg 1024w, https:\/\/cbne.cl\/wpCNE\/wp-content\/uploads\/2024\/09\/03.jpg 1080w\" sizes=\"(max-width: 819px) 100vw, 819px\" \/><\/figure>\n\n\n\n<figure class=\"wp-block-image size-large\"><img loading=\"lazy\" decoding=\"async\" width=\"819\" height=\"1024\" data-id=\"7498\" src=\"https:\/\/cbne.cl\/wpCNE\/wp-content\/uploads\/2024\/09\/04-819x1024.jpg\" alt=\"\" class=\"wp-image-7498\" srcset=\"https:\/\/cbne.cl\/wpCNE\/wp-content\/uploads\/2024\/09\/04-819x1024.jpg 819w, https:\/\/cbne.cl\/wpCNE\/wp-content\/uploads\/2024\/09\/04-240x300.jpg 240w, https:\/\/cbne.cl\/wpCNE\/wp-content\/uploads\/2024\/09\/04-768x960.jpg 768w, https:\/\/cbne.cl\/wpCNE\/wp-content\/uploads\/2024\/09\/04-1024x1280.jpg 1024w, https:\/\/cbne.cl\/wpCNE\/wp-content\/uploads\/2024\/09\/04.jpg 1080w\" sizes=\"(max-width: 819px) 100vw, 819px\" \/><\/figure>\n\n\n\n<figure class=\"wp-block-image size-large\"><img loading=\"lazy\" decoding=\"async\" width=\"819\" height=\"1024\" data-id=\"7496\" src=\"https:\/\/cbne.cl\/wpCNE\/wp-content\/uploads\/2024\/09\/05-819x1024.jpg\" alt=\"\" class=\"wp-image-7496\" srcset=\"https:\/\/cbne.cl\/wpCNE\/wp-content\/uploads\/2024\/09\/05-819x1024.jpg 819w, https:\/\/cbne.cl\/wpCNE\/wp-content\/uploads\/2024\/09\/05-240x300.jpg 240w, https:\/\/cbne.cl\/wpCNE\/wp-content\/uploads\/2024\/09\/05-768x960.jpg 768w, https:\/\/cbne.cl\/wpCNE\/wp-content\/uploads\/2024\/09\/05-1024x1280.jpg 1024w, https:\/\/cbne.cl\/wpCNE\/wp-content\/uploads\/2024\/09\/05.jpg 1080w\" sizes=\"(max-width: 819px) 100vw, 819px\" \/><\/figure>\n\n\n\n<figure class=\"wp-block-image size-large\"><img loading=\"lazy\" decoding=\"async\" width=\"819\" height=\"1024\" data-id=\"7499\" src=\"https:\/\/cbne.cl\/wpCNE\/wp-content\/uploads\/2024\/09\/07-819x1024.jpg\" alt=\"\" class=\"wp-image-7499\" srcset=\"https:\/\/cbne.cl\/wpCNE\/wp-content\/uploads\/2024\/09\/07-819x1024.jpg 819w, https:\/\/cbne.cl\/wpCNE\/wp-content\/uploads\/2024\/09\/07-240x300.jpg 240w, https:\/\/cbne.cl\/wpCNE\/wp-content\/uploads\/2024\/09\/07-768x960.jpg 768w, https:\/\/cbne.cl\/wpCNE\/wp-content\/uploads\/2024\/09\/07-1024x1280.jpg 1024w, https:\/\/cbne.cl\/wpCNE\/wp-content\/uploads\/2024\/09\/07.jpg 1080w\" sizes=\"(max-width: 819px) 100vw, 819px\" \/><\/figure>\n\n\n\n<figure class=\"wp-block-image size-large\"><img loading=\"lazy\" decoding=\"async\" width=\"819\" height=\"1024\" data-id=\"7500\" src=\"https:\/\/cbne.cl\/wpCNE\/wp-content\/uploads\/2024\/09\/08-819x1024.jpg\" alt=\"\" class=\"wp-image-7500\" srcset=\"https:\/\/cbne.cl\/wpCNE\/wp-content\/uploads\/2024\/09\/08-819x1024.jpg 819w, https:\/\/cbne.cl\/wpCNE\/wp-content\/uploads\/2024\/09\/08-240x300.jpg 240w, https:\/\/cbne.cl\/wpCNE\/wp-content\/uploads\/2024\/09\/08-768x960.jpg 768w, https:\/\/cbne.cl\/wpCNE\/wp-content\/uploads\/2024\/09\/08-1024x1280.jpg 1024w, https:\/\/cbne.cl\/wpCNE\/wp-content\/uploads\/2024\/09\/08.jpg 1080w\" sizes=\"(max-width: 819px) 100vw, 819px\" \/><\/figure>\n\n\n\n<figure class=\"wp-block-image size-large\"><img loading=\"lazy\" decoding=\"async\" width=\"819\" height=\"1024\" data-id=\"7501\" src=\"https:\/\/cbne.cl\/wpCNE\/wp-content\/uploads\/2024\/09\/09-819x1024.jpg\" alt=\"\" class=\"wp-image-7501\" srcset=\"https:\/\/cbne.cl\/wpCNE\/wp-content\/uploads\/2024\/09\/09-819x1024.jpg 819w, https:\/\/cbne.cl\/wpCNE\/wp-content\/uploads\/2024\/09\/09-240x300.jpg 240w, https:\/\/cbne.cl\/wpCNE\/wp-content\/uploads\/2024\/09\/09-768x960.jpg 768w, https:\/\/cbne.cl\/wpCNE\/wp-content\/uploads\/2024\/09\/09-1024x1280.jpg 1024w, https:\/\/cbne.cl\/wpCNE\/wp-content\/uploads\/2024\/09\/09.jpg 1080w\" sizes=\"(max-width: 819px) 100vw, 819px\" \/><\/figure>\n<\/figure>\n","protected":false},"excerpt":{"rendered":"<p>Este a\u00f1o participamos como comunidad educativa en la 4ta version de la corrida de fiestas patrias organizada por<\/p>\n","protected":false},"author":1,"featured_media":7501,"comment_status":"closed","ping_status":"closed","sticky":false,"template":"","format":"standard","meta":{"footnotes":""},"categories":[256],"tags":[172,175,264,169,162],"class_list":["post-7492","post","type-post","status-publish","format-standard","has-post-thumbnail","hentry","category-cbne2024","tag-cbne","tag-colegio","tag-corrida-familiar","tag-cuidado","tag-deporte"],"yoast_head":"<!-- This site is optimized with the Yoast SEO plugin v27.5 - https:\/\/yoast.com\/product\/yoast-seo-wordpress\/ -->\n<title>CORRIDA FAMILIAR FIESTAS PATRIAS - COLEGIO BICENTENARIO NUEVA ESPERANZA<\/title>\n<meta name=\"robots\" content=\"index, follow, max-snippet:-1, max-image-preview:large, max-video-preview:-1\" \/>\n<link rel=\"canonical\" href=\"https:\/\/cbne.cl\/wpCNE\/corrida-familiar-fiestas-patrias\/\" \/>\n<meta property=\"og:locale\" content=\"es_ES\" \/>\n<meta property=\"og:type\" content=\"article\" \/>\n<meta property=\"og:title\" content=\"CORRIDA FAMILIAR FIESTAS PATRIAS - COLEGIO BICENTENARIO NUEVA ESPERANZA\" \/>\n<meta property=\"og:description\" content=\"Este a\u00f1o participamos como comunidad educativa en la 4ta version de la corrida de fiestas patrias organizada por\" \/>\n<meta property=\"og:url\" content=\"https:\/\/cbne.cl\/wpCNE\/corrida-familiar-fiestas-patrias\/\" \/>\n<meta property=\"og:site_name\" content=\"COLEGIO BICENTENARIO NUEVA ESPERANZA\" \/>\n<meta property=\"article:published_time\" content=\"2024-09-07T13:55:59+00:00\" \/>\n<meta property=\"article:modified_time\" content=\"2024-09-23T14:34:57+00:00\" \/>\n<meta property=\"og:image\" content=\"https:\/\/cbne.cl\/wpCNE\/wp-content\/uploads\/2024\/09\/09.jpg\" \/>\n\t<meta property=\"og:image:width\" content=\"1080\" \/>\n\t<meta property=\"og:image:height\" content=\"1350\" \/>\n\t<meta property=\"og:image:type\" content=\"image\/jpeg\" \/>\n<meta name=\"author\" content=\"administrador\" \/>\n<meta name=\"twitter:card\" content=\"summary_large_image\" \/>\n<meta name=\"twitter:label1\" content=\"Escrito por\" \/>\n\t<meta name=\"twitter:data1\" content=\"administrador\" \/>\n\t<meta name=\"twitter:label2\" content=\"Tiempo de lectura\" \/>\n\t<meta name=\"twitter:data2\" content=\"5 minutos\" \/>\n<script type=\"application\/ld+json\" class=\"yoast-schema-graph\">{\"@context\":\"https:\\\/\\\/schema.org\",\"@graph\":[{\"@type\":\"Article\",\"@id\":\"https:\\\/\\\/cbne.cl\\\/wpCNE\\\/corrida-familiar-fiestas-patrias\\\/#article\",\"isPartOf\":{\"@id\":\"https:\\\/\\\/cbne.cl\\\/wpCNE\\\/corrida-familiar-fiestas-patrias\\\/\"},\"author\":{\"name\":\"administrador\",\"@id\":\"https:\\\/\\\/cbne.cl\\\/wpCNE\\\/#\\\/schema\\\/person\\\/e70cae86af2d376d31c9df4a32c77067\"},\"headline\":\"CORRIDA FAMILIAR FIESTAS PATRIAS\",\"datePublished\":\"2024-09-07T13:55:59+00:00\",\"dateModified\":\"2024-09-23T14:34:57+00:00\",\"mainEntityOfPage\":{\"@id\":\"https:\\\/\\\/cbne.cl\\\/wpCNE\\\/corrida-familiar-fiestas-patrias\\\/\"},\"wordCount\":191,\"publisher\":{\"@id\":\"https:\\\/\\\/cbne.cl\\\/wpCNE\\\/#organization\"},\"image\":{\"@id\":\"https:\\\/\\\/cbne.cl\\\/wpCNE\\\/corrida-familiar-fiestas-patrias\\\/#primaryimage\"},\"thumbnailUrl\":\"https:\\\/\\\/cbne.cl\\\/wpCNE\\\/wp-content\\\/uploads\\\/2024\\\/09\\\/09.jpg\",\"keywords\":[\"cbne\",\"colegio\",\"Corrida familiar\",\"Cuidado\",\"Deporte\"],\"articleSection\":[\"CBNE 2024\"],\"inLanguage\":\"es\"},{\"@type\":\"WebPage\",\"@id\":\"https:\\\/\\\/cbne.cl\\\/wpCNE\\\/corrida-familiar-fiestas-patrias\\\/\",\"url\":\"https:\\\/\\\/cbne.cl\\\/wpCNE\\\/corrida-familiar-fiestas-patrias\\\/\",\"name\":\"CORRIDA FAMILIAR FIESTAS PATRIAS - COLEGIO BICENTENARIO NUEVA ESPERANZA\",\"isPartOf\":{\"@id\":\"https:\\\/\\\/cbne.cl\\\/wpCNE\\\/#website\"},\"primaryImageOfPage\":{\"@id\":\"https:\\\/\\\/cbne.cl\\\/wpCNE\\\/corrida-familiar-fiestas-patrias\\\/#primaryimage\"},\"image\":{\"@id\":\"https:\\\/\\\/cbne.cl\\\/wpCNE\\\/corrida-familiar-fiestas-patrias\\\/#primaryimage\"},\"thumbnailUrl\":\"https:\\\/\\\/cbne.cl\\\/wpCNE\\\/wp-content\\\/uploads\\\/2024\\\/09\\\/09.jpg\",\"datePublished\":\"2024-09-07T13:55:59+00:00\",\"dateModified\":\"2024-09-23T14:34:57+00:00\",\"breadcrumb\":{\"@id\":\"https:\\\/\\\/cbne.cl\\\/wpCNE\\\/corrida-familiar-fiestas-patrias\\\/#breadcrumb\"},\"inLanguage\":\"es\",\"potentialAction\":[{\"@type\":\"ReadAction\",\"target\":[\"https:\\\/\\\/cbne.cl\\\/wpCNE\\\/corrida-familiar-fiestas-patrias\\\/\"]}]},{\"@type\":\"ImageObject\",\"inLanguage\":\"es\",\"@id\":\"https:\\\/\\\/cbne.cl\\\/wpCNE\\\/corrida-familiar-fiestas-patrias\\\/#primaryimage\",\"url\":\"https:\\\/\\\/cbne.cl\\\/wpCNE\\\/wp-content\\\/uploads\\\/2024\\\/09\\\/09.jpg\",\"contentUrl\":\"https:\\\/\\\/cbne.cl\\\/wpCNE\\\/wp-content\\\/uploads\\\/2024\\\/09\\\/09.jpg\",\"width\":1080,\"height\":1350},{\"@type\":\"BreadcrumbList\",\"@id\":\"https:\\\/\\\/cbne.cl\\\/wpCNE\\\/corrida-familiar-fiestas-patrias\\\/#breadcrumb\",\"itemListElement\":[{\"@type\":\"ListItem\",\"position\":1,\"name\":\"Portada\",\"item\":\"https:\\\/\\\/cbne.cl\\\/wpCNE\\\/\"},{\"@type\":\"ListItem\",\"position\":2,\"name\":\"CORRIDA FAMILIAR FIESTAS PATRIAS\"}]},{\"@type\":\"WebSite\",\"@id\":\"https:\\\/\\\/cbne.cl\\\/wpCNE\\\/#website\",\"url\":\"https:\\\/\\\/cbne.cl\\\/wpCNE\\\/\",\"name\":\"COLEGIO BICENTENARIO NUEVA ESPERANZA\",\"description\":\"&quot;Educando desde la afectividad&quot;\",\"publisher\":{\"@id\":\"https:\\\/\\\/cbne.cl\\\/wpCNE\\\/#organization\"},\"potentialAction\":[{\"@type\":\"SearchAction\",\"target\":{\"@type\":\"EntryPoint\",\"urlTemplate\":\"https:\\\/\\\/cbne.cl\\\/wpCNE\\\/?s={search_term_string}\"},\"query-input\":{\"@type\":\"PropertyValueSpecification\",\"valueRequired\":true,\"valueName\":\"search_term_string\"}}],\"inLanguage\":\"es\"},{\"@type\":\"Organization\",\"@id\":\"https:\\\/\\\/cbne.cl\\\/wpCNE\\\/#organization\",\"name\":\"COLEGIO BICENTENARIO NUEVA ESPERANZA\",\"url\":\"https:\\\/\\\/cbne.cl\\\/wpCNE\\\/\",\"logo\":{\"@type\":\"ImageObject\",\"inLanguage\":\"es\",\"@id\":\"https:\\\/\\\/cbne.cl\\\/wpCNE\\\/#\\\/schema\\\/logo\\\/image\\\/\",\"url\":\"https:\\\/\\\/cbne.cl\\\/wpCNE\\\/wp-content\\\/uploads\\\/2020\\\/07\\\/cropped-cropped-web150x150.png\",\"contentUrl\":\"https:\\\/\\\/cbne.cl\\\/wpCNE\\\/wp-content\\\/uploads\\\/2020\\\/07\\\/cropped-cropped-web150x150.png\",\"width\":150,\"height\":150,\"caption\":\"COLEGIO BICENTENARIO NUEVA ESPERANZA\"},\"image\":{\"@id\":\"https:\\\/\\\/cbne.cl\\\/wpCNE\\\/#\\\/schema\\\/logo\\\/image\\\/\"}},{\"@type\":\"Person\",\"@id\":\"https:\\\/\\\/cbne.cl\\\/wpCNE\\\/#\\\/schema\\\/person\\\/e70cae86af2d376d31c9df4a32c77067\",\"name\":\"administrador\",\"image\":{\"@type\":\"ImageObject\",\"inLanguage\":\"es\",\"@id\":\"https:\\\/\\\/secure.gravatar.com\\\/avatar\\\/2bb82521b7d9910a42114952efdc357245391fbd79322d9d21f7d587e222a509?s=96&d=mm&r=g\",\"url\":\"https:\\\/\\\/secure.gravatar.com\\\/avatar\\\/2bb82521b7d9910a42114952efdc357245391fbd79322d9d21f7d587e222a509?s=96&d=mm&r=g\",\"contentUrl\":\"https:\\\/\\\/secure.gravatar.com\\\/avatar\\\/2bb82521b7d9910a42114952efdc357245391fbd79322d9d21f7d587e222a509?s=96&d=mm&r=g\",\"caption\":\"administrador\"},\"sameAs\":[\"https:\\\/\\\/colegionuevaesperanza.cl\\\/wpCNE\"],\"url\":\"https:\\\/\\\/cbne.cl\\\/wpCNE\\\/author\\\/administrador\\\/\"}]}<\/script>\n<!-- \/ Yoast SEO plugin. -->","yoast_head_json":{"title":"CORRIDA FAMILIAR FIESTAS PATRIAS - COLEGIO BICENTENARIO NUEVA ESPERANZA","robots":{"index":"index","follow":"follow","max-snippet":"max-snippet:-1","max-image-preview":"max-image-preview:large","max-video-preview":"max-video-preview:-1"},"canonical":"https:\/\/cbne.cl\/wpCNE\/corrida-familiar-fiestas-patrias\/","og_locale":"es_ES","og_type":"article","og_title":"CORRIDA FAMILIAR FIESTAS PATRIAS - COLEGIO BICENTENARIO NUEVA ESPERANZA","og_description":"Este a\u00f1o participamos como comunidad educativa en la 4ta version de la corrida de fiestas patrias organizada por","og_url":"https:\/\/cbne.cl\/wpCNE\/corrida-familiar-fiestas-patrias\/","og_site_name":"COLEGIO BICENTENARIO NUEVA ESPERANZA","article_published_time":"2024-09-07T13:55:59+00:00","article_modified_time":"2024-09-23T14:34:57+00:00","og_image":[{"width":1080,"height":1350,"url":"https:\/\/cbne.cl\/wpCNE\/wp-content\/uploads\/2024\/09\/09.jpg","type":"image\/jpeg"}],"author":"administrador","twitter_card":"summary_large_image","twitter_misc":{"Escrito por":"administrador","Tiempo de lectura":"5 minutos"},"schema":{"@context":"https:\/\/schema.org","@graph":[{"@type":"Article","@id":"https:\/\/cbne.cl\/wpCNE\/corrida-familiar-fiestas-patrias\/#article","isPartOf":{"@id":"https:\/\/cbne.cl\/wpCNE\/corrida-familiar-fiestas-patrias\/"},"author":{"name":"administrador","@id":"https:\/\/cbne.cl\/wpCNE\/#\/schema\/person\/e70cae86af2d376d31c9df4a32c77067"},"headline":"CORRIDA FAMILIAR FIESTAS PATRIAS","datePublished":"2024-09-07T13:55:59+00:00","dateModified":"2024-09-23T14:34:57+00:00","mainEntityOfPage":{"@id":"https:\/\/cbne.cl\/wpCNE\/corrida-familiar-fiestas-patrias\/"},"wordCount":191,"publisher":{"@id":"https:\/\/cbne.cl\/wpCNE\/#organization"},"image":{"@id":"https:\/\/cbne.cl\/wpCNE\/corrida-familiar-fiestas-patrias\/#primaryimage"},"thumbnailUrl":"https:\/\/cbne.cl\/wpCNE\/wp-content\/uploads\/2024\/09\/09.jpg","keywords":["cbne","colegio","Corrida familiar","Cuidado","Deporte"],"articleSection":["CBNE 2024"],"inLanguage":"es"},{"@type":"WebPage","@id":"https:\/\/cbne.cl\/wpCNE\/corrida-familiar-fiestas-patrias\/","url":"https:\/\/cbne.cl\/wpCNE\/corrida-familiar-fiestas-patrias\/","name":"CORRIDA FAMILIAR FIESTAS PATRIAS - COLEGIO BICENTENARIO NUEVA ESPERANZA","isPartOf":{"@id":"https:\/\/cbne.cl\/wpCNE\/#website"},"primaryImageOfPage":{"@id":"https:\/\/cbne.cl\/wpCNE\/corrida-familiar-fiestas-patrias\/#primaryimage"},"image":{"@id":"https:\/\/cbne.cl\/wpCNE\/corrida-familiar-fiestas-patrias\/#primaryimage"},"thumbnailUrl":"https:\/\/cbne.cl\/wpCNE\/wp-content\/uploads\/2024\/09\/09.jpg","datePublished":"2024-09-07T13:55:59+00:00","dateModified":"2024-09-23T14:34:57+00:00","breadcrumb":{"@id":"https:\/\/cbne.cl\/wpCNE\/corrida-familiar-fiestas-patrias\/#breadcrumb"},"inLanguage":"es","potentialAction":[{"@type":"ReadAction","target":["https:\/\/cbne.cl\/wpCNE\/corrida-familiar-fiestas-patrias\/"]}]},{"@type":"ImageObject","inLanguage":"es","@id":"https:\/\/cbne.cl\/wpCNE\/corrida-familiar-fiestas-patrias\/#primaryimage","url":"https:\/\/cbne.cl\/wpCNE\/wp-content\/uploads\/2024\/09\/09.jpg","contentUrl":"https:\/\/cbne.cl\/wpCNE\/wp-content\/uploads\/2024\/09\/09.jpg","width":1080,"height":1350},{"@type":"BreadcrumbList","@id":"https:\/\/cbne.cl\/wpCNE\/corrida-familiar-fiestas-patrias\/#breadcrumb","itemListElement":[{"@type":"ListItem","position":1,"name":"Portada","item":"https:\/\/cbne.cl\/wpCNE\/"},{"@type":"ListItem","position":2,"name":"CORRIDA FAMILIAR FIESTAS PATRIAS"}]},{"@type":"WebSite","@id":"https:\/\/cbne.cl\/wpCNE\/#website","url":"https:\/\/cbne.cl\/wpCNE\/","name":"COLEGIO BICENTENARIO NUEVA ESPERANZA","description":"&quot;Educando desde la afectividad&quot;","publisher":{"@id":"https:\/\/cbne.cl\/wpCNE\/#organization"},"potentialAction":[{"@type":"SearchAction","target":{"@type":"EntryPoint","urlTemplate":"https:\/\/cbne.cl\/wpCNE\/?s={search_term_string}"},"query-input":{"@type":"PropertyValueSpecification","valueRequired":true,"valueName":"search_term_string"}}],"inLanguage":"es"},{"@type":"Organization","@id":"https:\/\/cbne.cl\/wpCNE\/#organization","name":"COLEGIO BICENTENARIO NUEVA ESPERANZA","url":"https:\/\/cbne.cl\/wpCNE\/","logo":{"@type":"ImageObject","inLanguage":"es","@id":"https:\/\/cbne.cl\/wpCNE\/#\/schema\/logo\/image\/","url":"https:\/\/cbne.cl\/wpCNE\/wp-content\/uploads\/2020\/07\/cropped-cropped-web150x150.png","contentUrl":"https:\/\/cbne.cl\/wpCNE\/wp-content\/uploads\/2020\/07\/cropped-cropped-web150x150.png","width":150,"height":150,"caption":"COLEGIO BICENTENARIO NUEVA ESPERANZA"},"image":{"@id":"https:\/\/cbne.cl\/wpCNE\/#\/schema\/logo\/image\/"}},{"@type":"Person","@id":"https:\/\/cbne.cl\/wpCNE\/#\/schema\/person\/e70cae86af2d376d31c9df4a32c77067","name":"administrador","image":{"@type":"ImageObject","inLanguage":"es","@id":"https:\/\/secure.gravatar.com\/avatar\/2bb82521b7d9910a42114952efdc357245391fbd79322d9d21f7d587e222a509?s=96&d=mm&r=g","url":"https:\/\/secure.gravatar.com\/avatar\/2bb82521b7d9910a42114952efdc357245391fbd79322d9d21f7d587e222a509?s=96&d=mm&r=g","contentUrl":"https:\/\/secure.gravatar.com\/avatar\/2bb82521b7d9910a42114952efdc357245391fbd79322d9d21f7d587e222a509?s=96&d=mm&r=g","caption":"administrador"},"sameAs":["https:\/\/colegionuevaesperanza.cl\/wpCNE"],"url":"https:\/\/cbne.cl\/wpCNE\/author\/administrador\/"}]}},"featured_image_urls":{"full":["https:\/\/cbne.cl\/wpCNE\/wp-content\/uploads\/2024\/09\/09.jpg",1080,1350,false],"thumbnail":["https:\/\/cbne.cl\/wpCNE\/wp-content\/uploads\/2024\/09\/09-150x150.jpg",150,150,true],"medium":["https:\/\/cbne.cl\/wpCNE\/wp-content\/uploads\/2024\/09\/09-240x300.jpg",240,300,true],"medium_large":["https:\/\/cbne.cl\/wpCNE\/wp-content\/uploads\/2024\/09\/09-768x960.jpg",640,800,true],"large":["https:\/\/cbne.cl\/wpCNE\/wp-content\/uploads\/2024\/09\/09-819x1024.jpg",640,800,true],"1536x1536":["https:\/\/cbne.cl\/wpCNE\/wp-content\/uploads\/2024\/09\/09.jpg",1080,1350,false],"2048x2048":["https:\/\/cbne.cl\/wpCNE\/wp-content\/uploads\/2024\/09\/09.jpg",1080,1350,false],"morenews-large":["https:\/\/cbne.cl\/wpCNE\/wp-content\/uploads\/2024\/09\/09-825x575.jpg",825,575,true],"morenews-medium":["https:\/\/cbne.cl\/wpCNE\/wp-content\/uploads\/2024\/09\/09-590x410.jpg",590,410,true]},"author_info":{"display_name":"administrador","author_link":"https:\/\/cbne.cl\/wpCNE\/author\/administrador\/"},"category_info":"<a href=\"https:\/\/cbne.cl\/wpCNE\/category\/cbne2024\/\" rel=\"category tag\">CBNE 2024<\/a>","tag_info":"CBNE 2024","comment_count":"0","_links":{"self":[{"href":"https:\/\/cbne.cl\/wpCNE\/wp-json\/wp\/v2\/posts\/7492","targetHints":{"allow":["GET"]}}],"collection":[{"href":"https:\/\/cbne.cl\/wpCNE\/wp-json\/wp\/v2\/posts"}],"about":[{"href":"https:\/\/cbne.cl\/wpCNE\/wp-json\/wp\/v2\/types\/post"}],"author":[{"embeddable":true,"href":"https:\/\/cbne.cl\/wpCNE\/wp-json\/wp\/v2\/users\/1"}],"replies":[{"embeddable":true,"href":"https:\/\/cbne.cl\/wpCNE\/wp-json\/wp\/v2\/comments?post=7492"}],"version-history":[{"count":1,"href":"https:\/\/cbne.cl\/wpCNE\/wp-json\/wp\/v2\/posts\/7492\/revisions"}],"predecessor-version":[{"id":7502,"href":"https:\/\/cbne.cl\/wpCNE\/wp-json\/wp\/v2\/posts\/7492\/revisions\/7502"}],"wp:featuredmedia":[{"embeddable":true,"href":"https:\/\/cbne.cl\/wpCNE\/wp-json\/wp\/v2\/media\/7501"}],"wp:attachment":[{"href":"https:\/\/cbne.cl\/wpCNE\/wp-json\/wp\/v2\/media?parent=7492"}],"wp:term":[{"taxonomy":"category","embeddable":true,"href":"https:\/\/cbne.cl\/wpCNE\/wp-json\/wp\/v2\/categories?post=7492"},{"taxonomy":"post_tag","embeddable":true,"href":"https:\/\/cbne.cl\/wpCNE\/wp-json\/wp\/v2\/tags?post=7492"}],"curies":[{"name":"wp","href":"https:\/\/api.w.org\/{rel}","templated":true}]}}