{"id":7337,"date":"2023-09-11T12:18:05","date_gmt":"2023-09-11T15:18:05","guid":{"rendered":"https:\/\/colegionuevaesperanza.cl\/wpCNE\/?p=7337"},"modified":"2023-12-19T12:19:31","modified_gmt":"2023-12-19T15:19:31","slug":"conmemoramos-el-dia-mundial-prevencion-del-suicidio","status":"publish","type":"post","link":"https:\/\/cbne.cl\/wpCNE\/conmemoramos-el-dia-mundial-prevencion-del-suicidio\/","title":{"rendered":"CONMEMORAMOS EL DIA MUNDIAL PREVENCI\u00d3N DEL SUICIDIO"},"content":{"rendered":"\n<figure class=\"wp-block-image size-large\"><img fetchpriority=\"high\" decoding=\"async\" width=\"1024\" height=\"1024\" src=\"https:\/\/colegionuevaesperanza.cl\/wpCNE\/wp-content\/uploads\/2023\/12\/WhatsApp-Image-2023-09-11-at-14.28.00-1024x1024.jpeg\" alt=\"\" class=\"wp-image-7338\" srcset=\"https:\/\/cbne.cl\/wpCNE\/wp-content\/uploads\/2023\/12\/WhatsApp-Image-2023-09-11-at-14.28.00-1024x1024.jpeg 1024w, https:\/\/cbne.cl\/wpCNE\/wp-content\/uploads\/2023\/12\/WhatsApp-Image-2023-09-11-at-14.28.00-300x300.jpeg 300w, https:\/\/cbne.cl\/wpCNE\/wp-content\/uploads\/2023\/12\/WhatsApp-Image-2023-09-11-at-14.28.00-150x150.jpeg 150w, https:\/\/cbne.cl\/wpCNE\/wp-content\/uploads\/2023\/12\/WhatsApp-Image-2023-09-11-at-14.28.00-768x768.jpeg 768w, https:\/\/cbne.cl\/wpCNE\/wp-content\/uploads\/2023\/12\/WhatsApp-Image-2023-09-11-at-14.28.00.jpeg 1080w\" sizes=\"(max-width: 1024px) 100vw, 1024px\" \/><\/figure>\n\n\n\n<p>Cada 10 de septiembre se conmemora el D\u00eda Mundial Prevenci\u00f3n del suicidio, donde recalcamos la importancia de redes de apoyo importantes para nuestro bienestar emocional. Te entregamos informaci\u00f3n en los siguientes flayers, a cargo de nuestro Departamento de Convivencia Escolar.<\/p>\n\n\n\n\n\n<p><\/p>\n","protected":false},"excerpt":{"rendered":"<p>Cada 10 de septiembre se conmemora el D\u00eda Mundial Prevenci\u00f3n del suicidio, donde recalcamos la importancia de redes<\/p>\n","protected":false},"author":4,"featured_media":0,"comment_status":"open","ping_status":"closed","sticky":false,"template":"","format":"standard","meta":{"footnotes":""},"categories":[255],"tags":[],"class_list":["post-7337","post","type-post","status-publish","format-standard","hentry","category-cbne2023"],"yoast_head":"<!-- This site is optimized with the Yoast SEO plugin v27.5 - https:\/\/yoast.com\/product\/yoast-seo-wordpress\/ -->\n<title>CONMEMORAMOS EL DIA MUNDIAL PREVENCI\u00d3N DEL SUICIDIO - COLEGIO BICENTENARIO NUEVA ESPERANZA<\/title>\n<meta name=\"robots\" content=\"index, follow, max-snippet:-1, max-image-preview:large, max-video-preview:-1\" \/>\n<link rel=\"canonical\" href=\"https:\/\/cbne.cl\/wpCNE\/conmemoramos-el-dia-mundial-prevencion-del-suicidio\/\" \/>\n<meta property=\"og:locale\" content=\"es_ES\" \/>\n<meta property=\"og:type\" content=\"article\" \/>\n<meta property=\"og:title\" content=\"CONMEMORAMOS EL DIA MUNDIAL PREVENCI\u00d3N DEL SUICIDIO - COLEGIO BICENTENARIO NUEVA ESPERANZA\" \/>\n<meta property=\"og:description\" content=\"Cada 10 de septiembre se conmemora el D\u00eda Mundial Prevenci\u00f3n del suicidio, donde recalcamos la importancia de redes\" \/>\n<meta property=\"og:url\" content=\"https:\/\/cbne.cl\/wpCNE\/conmemoramos-el-dia-mundial-prevencion-del-suicidio\/\" \/>\n<meta property=\"og:site_name\" content=\"COLEGIO BICENTENARIO NUEVA ESPERANZA\" \/>\n<meta property=\"article:published_time\" content=\"2023-09-11T15:18:05+00:00\" \/>\n<meta property=\"article:modified_time\" content=\"2023-12-19T15:19:31+00:00\" \/>\n<meta property=\"og:image\" content=\"https:\/\/colegionuevaesperanza.cl\/wpCNE\/wp-content\/uploads\/2023\/12\/WhatsApp-Image-2023-09-11-at-14.28.00-1024x1024.jpeg\" \/>\n<meta name=\"twitter:card\" content=\"summary_large_image\" \/>\n<meta name=\"twitter:label1\" content=\"Escrito por\" \/>\n\t<meta name=\"twitter:data1\" content=\"\" \/>\n\t<meta name=\"twitter:label2\" content=\"Tiempo de lectura\" \/>\n\t<meta name=\"twitter:data2\" content=\"1 minuto\" \/>\n<script type=\"application\/ld+json\" class=\"yoast-schema-graph\">{\"@context\":\"https:\\\/\\\/schema.org\",\"@graph\":[{\"@type\":\"Article\",\"@id\":\"https:\\\/\\\/cbne.cl\\\/wpCNE\\\/conmemoramos-el-dia-mundial-prevencion-del-suicidio\\\/#article\",\"isPartOf\":{\"@id\":\"https:\\\/\\\/cbne.cl\\\/wpCNE\\\/conmemoramos-el-dia-mundial-prevencion-del-suicidio\\\/\"},\"author\":{\"name\":\"\",\"@id\":\"\"},\"headline\":\"CONMEMORAMOS EL DIA MUNDIAL PREVENCI\u00d3N DEL SUICIDIO\",\"datePublished\":\"2023-09-11T15:18:05+00:00\",\"dateModified\":\"2023-12-19T15:19:31+00:00\",\"mainEntityOfPage\":{\"@id\":\"https:\\\/\\\/cbne.cl\\\/wpCNE\\\/conmemoramos-el-dia-mundial-prevencion-del-suicidio\\\/\"},\"wordCount\":50,\"commentCount\":0,\"publisher\":{\"@id\":\"https:\\\/\\\/cbne.cl\\\/wpCNE\\\/#organization\"},\"image\":{\"@id\":\"https:\\\/\\\/cbne.cl\\\/wpCNE\\\/conmemoramos-el-dia-mundial-prevencion-del-suicidio\\\/#primaryimage\"},\"thumbnailUrl\":\"https:\\\/\\\/colegionuevaesperanza.cl\\\/wpCNE\\\/wp-content\\\/uploads\\\/2023\\\/12\\\/WhatsApp-Image-2023-09-11-at-14.28.00-1024x1024.jpeg\",\"articleSection\":[\"CBNE 2023\"],\"inLanguage\":\"es\",\"potentialAction\":[{\"@type\":\"CommentAction\",\"name\":\"Comment\",\"target\":[\"https:\\\/\\\/cbne.cl\\\/wpCNE\\\/conmemoramos-el-dia-mundial-prevencion-del-suicidio\\\/#respond\"]}]},{\"@type\":\"WebPage\",\"@id\":\"https:\\\/\\\/cbne.cl\\\/wpCNE\\\/conmemoramos-el-dia-mundial-prevencion-del-suicidio\\\/\",\"url\":\"https:\\\/\\\/cbne.cl\\\/wpCNE\\\/conmemoramos-el-dia-mundial-prevencion-del-suicidio\\\/\",\"name\":\"CONMEMORAMOS EL DIA MUNDIAL PREVENCI\u00d3N DEL SUICIDIO - COLEGIO BICENTENARIO NUEVA ESPERANZA\",\"isPartOf\":{\"@id\":\"https:\\\/\\\/cbne.cl\\\/wpCNE\\\/#website\"},\"primaryImageOfPage\":{\"@id\":\"https:\\\/\\\/cbne.cl\\\/wpCNE\\\/conmemoramos-el-dia-mundial-prevencion-del-suicidio\\\/#primaryimage\"},\"image\":{\"@id\":\"https:\\\/\\\/cbne.cl\\\/wpCNE\\\/conmemoramos-el-dia-mundial-prevencion-del-suicidio\\\/#primaryimage\"},\"thumbnailUrl\":\"https:\\\/\\\/colegionuevaesperanza.cl\\\/wpCNE\\\/wp-content\\\/uploads\\\/2023\\\/12\\\/WhatsApp-Image-2023-09-11-at-14.28.00-1024x1024.jpeg\",\"datePublished\":\"2023-09-11T15:18:05+00:00\",\"dateModified\":\"2023-12-19T15:19:31+00:00\",\"breadcrumb\":{\"@id\":\"https:\\\/\\\/cbne.cl\\\/wpCNE\\\/conmemoramos-el-dia-mundial-prevencion-del-suicidio\\\/#breadcrumb\"},\"inLanguage\":\"es\",\"potentialAction\":[{\"@type\":\"ReadAction\",\"target\":[\"https:\\\/\\\/cbne.cl\\\/wpCNE\\\/conmemoramos-el-dia-mundial-prevencion-del-suicidio\\\/\"]}]},{\"@type\":\"ImageObject\",\"inLanguage\":\"es\",\"@id\":\"https:\\\/\\\/cbne.cl\\\/wpCNE\\\/conmemoramos-el-dia-mundial-prevencion-del-suicidio\\\/#primaryimage\",\"url\":\"https:\\\/\\\/colegionuevaesperanza.cl\\\/wpCNE\\\/wp-content\\\/uploads\\\/2023\\\/12\\\/WhatsApp-Image-2023-09-11-at-14.28.00-1024x1024.jpeg\",\"contentUrl\":\"https:\\\/\\\/colegionuevaesperanza.cl\\\/wpCNE\\\/wp-content\\\/uploads\\\/2023\\\/12\\\/WhatsApp-Image-2023-09-11-at-14.28.00-1024x1024.jpeg\"},{\"@type\":\"BreadcrumbList\",\"@id\":\"https:\\\/\\\/cbne.cl\\\/wpCNE\\\/conmemoramos-el-dia-mundial-prevencion-del-suicidio\\\/#breadcrumb\",\"itemListElement\":[{\"@type\":\"ListItem\",\"position\":1,\"name\":\"Portada\",\"item\":\"https:\\\/\\\/cbne.cl\\\/wpCNE\\\/\"},{\"@type\":\"ListItem\",\"position\":2,\"name\":\"CONMEMORAMOS EL DIA MUNDIAL PREVENCI\u00d3N DEL SUICIDIO\"}]},{\"@type\":\"WebSite\",\"@id\":\"https:\\\/\\\/cbne.cl\\\/wpCNE\\\/#website\",\"url\":\"https:\\\/\\\/cbne.cl\\\/wpCNE\\\/\",\"name\":\"COLEGIO BICENTENARIO NUEVA ESPERANZA\",\"description\":\"&quot;Educando desde la afectividad&quot;\",\"publisher\":{\"@id\":\"https:\\\/\\\/cbne.cl\\\/wpCNE\\\/#organization\"},\"potentialAction\":[{\"@type\":\"SearchAction\",\"target\":{\"@type\":\"EntryPoint\",\"urlTemplate\":\"https:\\\/\\\/cbne.cl\\\/wpCNE\\\/?s={search_term_string}\"},\"query-input\":{\"@type\":\"PropertyValueSpecification\",\"valueRequired\":true,\"valueName\":\"search_term_string\"}}],\"inLanguage\":\"es\"},{\"@type\":\"Organization\",\"@id\":\"https:\\\/\\\/cbne.cl\\\/wpCNE\\\/#organization\",\"name\":\"COLEGIO BICENTENARIO NUEVA ESPERANZA\",\"url\":\"https:\\\/\\\/cbne.cl\\\/wpCNE\\\/\",\"logo\":{\"@type\":\"ImageObject\",\"inLanguage\":\"es\",\"@id\":\"https:\\\/\\\/cbne.cl\\\/wpCNE\\\/#\\\/schema\\\/logo\\\/image\\\/\",\"url\":\"https:\\\/\\\/cbne.cl\\\/wpCNE\\\/wp-content\\\/uploads\\\/2020\\\/07\\\/cropped-cropped-web150x150.png\",\"contentUrl\":\"https:\\\/\\\/cbne.cl\\\/wpCNE\\\/wp-content\\\/uploads\\\/2020\\\/07\\\/cropped-cropped-web150x150.png\",\"width\":150,\"height\":150,\"caption\":\"COLEGIO BICENTENARIO NUEVA ESPERANZA\"},\"image\":{\"@id\":\"https:\\\/\\\/cbne.cl\\\/wpCNE\\\/#\\\/schema\\\/logo\\\/image\\\/\"}},{\"@type\":\"Person\",\"@id\":\"\",\"url\":\"https:\\\/\\\/cbne.cl\\\/wpCNE\\\/author\\\/\"}]}<\/script>\n<!-- \/ Yoast SEO plugin. -->","yoast_head_json":{"title":"CONMEMORAMOS EL DIA MUNDIAL PREVENCI\u00d3N DEL SUICIDIO - COLEGIO BICENTENARIO NUEVA ESPERANZA","robots":{"index":"index","follow":"follow","max-snippet":"max-snippet:-1","max-image-preview":"max-image-preview:large","max-video-preview":"max-video-preview:-1"},"canonical":"https:\/\/cbne.cl\/wpCNE\/conmemoramos-el-dia-mundial-prevencion-del-suicidio\/","og_locale":"es_ES","og_type":"article","og_title":"CONMEMORAMOS EL DIA MUNDIAL PREVENCI\u00d3N DEL SUICIDIO - COLEGIO BICENTENARIO NUEVA ESPERANZA","og_description":"Cada 10 de septiembre se conmemora el D\u00eda Mundial Prevenci\u00f3n del suicidio, donde recalcamos la importancia de redes","og_url":"https:\/\/cbne.cl\/wpCNE\/conmemoramos-el-dia-mundial-prevencion-del-suicidio\/","og_site_name":"COLEGIO BICENTENARIO NUEVA ESPERANZA","article_published_time":"2023-09-11T15:18:05+00:00","article_modified_time":"2023-12-19T15:19:31+00:00","og_image":[{"url":"https:\/\/colegionuevaesperanza.cl\/wpCNE\/wp-content\/uploads\/2023\/12\/WhatsApp-Image-2023-09-11-at-14.28.00-1024x1024.jpeg","type":"","width":"","height":""}],"twitter_card":"summary_large_image","twitter_misc":{"Escrito por":"","Tiempo de lectura":"1 minuto"},"schema":{"@context":"https:\/\/schema.org","@graph":[{"@type":"Article","@id":"https:\/\/cbne.cl\/wpCNE\/conmemoramos-el-dia-mundial-prevencion-del-suicidio\/#article","isPartOf":{"@id":"https:\/\/cbne.cl\/wpCNE\/conmemoramos-el-dia-mundial-prevencion-del-suicidio\/"},"author":{"name":"","@id":""},"headline":"CONMEMORAMOS EL DIA MUNDIAL PREVENCI\u00d3N DEL SUICIDIO","datePublished":"2023-09-11T15:18:05+00:00","dateModified":"2023-12-19T15:19:31+00:00","mainEntityOfPage":{"@id":"https:\/\/cbne.cl\/wpCNE\/conmemoramos-el-dia-mundial-prevencion-del-suicidio\/"},"wordCount":50,"commentCount":0,"publisher":{"@id":"https:\/\/cbne.cl\/wpCNE\/#organization"},"image":{"@id":"https:\/\/cbne.cl\/wpCNE\/conmemoramos-el-dia-mundial-prevencion-del-suicidio\/#primaryimage"},"thumbnailUrl":"https:\/\/colegionuevaesperanza.cl\/wpCNE\/wp-content\/uploads\/2023\/12\/WhatsApp-Image-2023-09-11-at-14.28.00-1024x1024.jpeg","articleSection":["CBNE 2023"],"inLanguage":"es","potentialAction":[{"@type":"CommentAction","name":"Comment","target":["https:\/\/cbne.cl\/wpCNE\/conmemoramos-el-dia-mundial-prevencion-del-suicidio\/#respond"]}]},{"@type":"WebPage","@id":"https:\/\/cbne.cl\/wpCNE\/conmemoramos-el-dia-mundial-prevencion-del-suicidio\/","url":"https:\/\/cbne.cl\/wpCNE\/conmemoramos-el-dia-mundial-prevencion-del-suicidio\/","name":"CONMEMORAMOS EL DIA MUNDIAL PREVENCI\u00d3N DEL SUICIDIO - COLEGIO BICENTENARIO NUEVA ESPERANZA","isPartOf":{"@id":"https:\/\/cbne.cl\/wpCNE\/#website"},"primaryImageOfPage":{"@id":"https:\/\/cbne.cl\/wpCNE\/conmemoramos-el-dia-mundial-prevencion-del-suicidio\/#primaryimage"},"image":{"@id":"https:\/\/cbne.cl\/wpCNE\/conmemoramos-el-dia-mundial-prevencion-del-suicidio\/#primaryimage"},"thumbnailUrl":"https:\/\/colegionuevaesperanza.cl\/wpCNE\/wp-content\/uploads\/2023\/12\/WhatsApp-Image-2023-09-11-at-14.28.00-1024x1024.jpeg","datePublished":"2023-09-11T15:18:05+00:00","dateModified":"2023-12-19T15:19:31+00:00","breadcrumb":{"@id":"https:\/\/cbne.cl\/wpCNE\/conmemoramos-el-dia-mundial-prevencion-del-suicidio\/#breadcrumb"},"inLanguage":"es","potentialAction":[{"@type":"ReadAction","target":["https:\/\/cbne.cl\/wpCNE\/conmemoramos-el-dia-mundial-prevencion-del-suicidio\/"]}]},{"@type":"ImageObject","inLanguage":"es","@id":"https:\/\/cbne.cl\/wpCNE\/conmemoramos-el-dia-mundial-prevencion-del-suicidio\/#primaryimage","url":"https:\/\/colegionuevaesperanza.cl\/wpCNE\/wp-content\/uploads\/2023\/12\/WhatsApp-Image-2023-09-11-at-14.28.00-1024x1024.jpeg","contentUrl":"https:\/\/colegionuevaesperanza.cl\/wpCNE\/wp-content\/uploads\/2023\/12\/WhatsApp-Image-2023-09-11-at-14.28.00-1024x1024.jpeg"},{"@type":"BreadcrumbList","@id":"https:\/\/cbne.cl\/wpCNE\/conmemoramos-el-dia-mundial-prevencion-del-suicidio\/#breadcrumb","itemListElement":[{"@type":"ListItem","position":1,"name":"Portada","item":"https:\/\/cbne.cl\/wpCNE\/"},{"@type":"ListItem","position":2,"name":"CONMEMORAMOS EL DIA MUNDIAL PREVENCI\u00d3N DEL SUICIDIO"}]},{"@type":"WebSite","@id":"https:\/\/cbne.cl\/wpCNE\/#website","url":"https:\/\/cbne.cl\/wpCNE\/","name":"COLEGIO BICENTENARIO NUEVA ESPERANZA","description":"&quot;Educando desde la afectividad&quot;","publisher":{"@id":"https:\/\/cbne.cl\/wpCNE\/#organization"},"potentialAction":[{"@type":"SearchAction","target":{"@type":"EntryPoint","urlTemplate":"https:\/\/cbne.cl\/wpCNE\/?s={search_term_string}"},"query-input":{"@type":"PropertyValueSpecification","valueRequired":true,"valueName":"search_term_string"}}],"inLanguage":"es"},{"@type":"Organization","@id":"https:\/\/cbne.cl\/wpCNE\/#organization","name":"COLEGIO BICENTENARIO NUEVA ESPERANZA","url":"https:\/\/cbne.cl\/wpCNE\/","logo":{"@type":"ImageObject","inLanguage":"es","@id":"https:\/\/cbne.cl\/wpCNE\/#\/schema\/logo\/image\/","url":"https:\/\/cbne.cl\/wpCNE\/wp-content\/uploads\/2020\/07\/cropped-cropped-web150x150.png","contentUrl":"https:\/\/cbne.cl\/wpCNE\/wp-content\/uploads\/2020\/07\/cropped-cropped-web150x150.png","width":150,"height":150,"caption":"COLEGIO BICENTENARIO NUEVA ESPERANZA"},"image":{"@id":"https:\/\/cbne.cl\/wpCNE\/#\/schema\/logo\/image\/"}},{"@type":"Person","@id":"","url":"https:\/\/cbne.cl\/wpCNE\/author\/"}]}},"featured_image_urls":{"full":"","thumbnail":"","medium":"","medium_large":"","large":"","1536x1536":"","2048x2048":"","morenews-large":"","morenews-medium":""},"author_info":{"display_name":"","author_link":"https:\/\/cbne.cl\/wpCNE\/author\/"},"category_info":"<a href=\"https:\/\/cbne.cl\/wpCNE\/category\/cbne2023\/\" rel=\"category tag\">CBNE 2023<\/a>","tag_info":"CBNE 2023","comment_count":"0","_links":{"self":[{"href":"https:\/\/cbne.cl\/wpCNE\/wp-json\/wp\/v2\/posts\/7337","targetHints":{"allow":["GET"]}}],"collection":[{"href":"https:\/\/cbne.cl\/wpCNE\/wp-json\/wp\/v2\/posts"}],"about":[{"href":"https:\/\/cbne.cl\/wpCNE\/wp-json\/wp\/v2\/types\/post"}],"author":[{"embeddable":true,"href":"https:\/\/cbne.cl\/wpCNE\/wp-json\/wp\/v2\/users\/4"}],"replies":[{"embeddable":true,"href":"https:\/\/cbne.cl\/wpCNE\/wp-json\/wp\/v2\/comments?post=7337"}],"version-history":[{"count":1,"href":"https:\/\/cbne.cl\/wpCNE\/wp-json\/wp\/v2\/posts\/7337\/revisions"}],"predecessor-version":[{"id":7339,"href":"https:\/\/cbne.cl\/wpCNE\/wp-json\/wp\/v2\/posts\/7337\/revisions\/7339"}],"wp:attachment":[{"href":"https:\/\/cbne.cl\/wpCNE\/wp-json\/wp\/v2\/media?parent=7337"}],"wp:term":[{"taxonomy":"category","embeddable":true,"href":"https:\/\/cbne.cl\/wpCNE\/wp-json\/wp\/v2\/categories?post=7337"},{"taxonomy":"post_tag","embeddable":true,"href":"https:\/\/cbne.cl\/wpCNE\/wp-json\/wp\/v2\/tags?post=7337"}],"curies":[{"name":"wp","href":"https:\/\/api.w.org\/{rel}","templated":true}]}}