{"id":7314,"date":"2023-08-25T12:10:20","date_gmt":"2023-08-25T15:10:20","guid":{"rendered":"https:\/\/colegionuevaesperanza.cl\/wpCNE\/?p=7314"},"modified":"2023-12-19T12:11:04","modified_gmt":"2023-12-19T15:11:04","slug":"uniendo-nuestra-comunidad-congreso-pedagogico-2023","status":"publish","type":"post","link":"https:\/\/cbne.cl\/wpCNE\/uniendo-nuestra-comunidad-congreso-pedagogico-2023\/","title":{"rendered":"UNIENDO NUESTRA COMUNIDAD: CONGRESO PEDAG\u00d3GICO 2023"},"content":{"rendered":"\n<figure class=\"wp-block-image size-large\"><img fetchpriority=\"high\" decoding=\"async\" width=\"1024\" height=\"683\" src=\"https:\/\/colegionuevaesperanza.cl\/wpCNE\/wp-content\/uploads\/2023\/12\/370273375_994027408627339_2760109202616767647_n-1024x683.jpg\" alt=\"\" class=\"wp-image-7315\" srcset=\"https:\/\/cbne.cl\/wpCNE\/wp-content\/uploads\/2023\/12\/370273375_994027408627339_2760109202616767647_n-1024x683.jpg 1024w, https:\/\/cbne.cl\/wpCNE\/wp-content\/uploads\/2023\/12\/370273375_994027408627339_2760109202616767647_n-300x200.jpg 300w, https:\/\/cbne.cl\/wpCNE\/wp-content\/uploads\/2023\/12\/370273375_994027408627339_2760109202616767647_n-768x512.jpg 768w, https:\/\/cbne.cl\/wpCNE\/wp-content\/uploads\/2023\/12\/370273375_994027408627339_2760109202616767647_n-1536x1024.jpg 1536w, https:\/\/cbne.cl\/wpCNE\/wp-content\/uploads\/2023\/12\/370273375_994027408627339_2760109202616767647_n.jpg 2048w\" sizes=\"(max-width: 1024px) 100vw, 1024px\" \/><\/figure>\n\n\n\n<p><img decoding=\"async\" height=\"16\" width=\"16\" alt=\"\u27a1\ufe0f\" src=\"https:\/\/static.xx.fbcdn.net\/images\/emoji.php\/v9\/t25\/1.5\/16\/27a1.png\"> \u00bfQu\u00e9 es el congreso?<\/p>\n\n\n\n<p>El Congreso Pedag\u00f3gico &amp; Curricular: La educaci\u00f3n es el tema, es un proceso participativo promovido por el Ministerio de Educaci\u00f3n de Chile y coorganizado con la Oficina Regional de Educaci\u00f3n para Am\u00e9rica Latina y el Caribe (OREALC\/UNESCO Santiago), para que las comunidades educativas y la ciudadan\u00eda en general, aporten en la construcci\u00f3n de acuerdos que orienten las pol\u00edticas educativas de los pr\u00f3ximos a\u00f1os. En el contexto de la reactivaci\u00f3n educativa, es de gran relevancia abrir estos espacios de di\u00e1logo que nos permitan abordar las necesidades presentes y futuras de la educaci\u00f3n.<\/p>\n\n\n\n<p>En la instancia buscamos responder a interrogantes como \u00bfQU\u00c9 APRENDER? \u00bfC\u00d3MO APRENDER? \u00bfCU\u00c1NDO Y D\u00d3NDE APRENDER?<\/p>\n\n\n\n<p>En nuestro colegio tuvimos jornadas de reflexi\u00f3n entre apoderados, funcionarios y estudiantes durante la semana, quienes pudieron interactuar y compartir experiencias personales en pro de la educaci\u00f3n de todos\/as <img decoding=\"async\" height=\"16\" width=\"16\" alt=\"\ud83e\udd70\" src=\"https:\/\/static.xx.fbcdn.net\/images\/emoji.php\/v9\/t43\/1.5\/16\/1f970.png\"><\/p>\n","protected":false},"excerpt":{"rendered":"<p>\u00bfQu\u00e9 es el congreso? El Congreso Pedag\u00f3gico &amp; Curricular: La educaci\u00f3n es el tema, es un proceso participativo<\/p>\n","protected":false},"author":4,"featured_media":0,"comment_status":"open","ping_status":"closed","sticky":false,"template":"","format":"standard","meta":{"footnotes":""},"categories":[255],"tags":[],"class_list":["post-7314","post","type-post","status-publish","format-standard","hentry","category-cbne2023"],"yoast_head":"<!-- This site is optimized with the Yoast SEO plugin v27.5 - https:\/\/yoast.com\/product\/yoast-seo-wordpress\/ -->\n<title>UNIENDO NUESTRA COMUNIDAD: CONGRESO PEDAG\u00d3GICO 2023 - COLEGIO BICENTENARIO NUEVA ESPERANZA<\/title>\n<meta name=\"robots\" content=\"index, follow, max-snippet:-1, max-image-preview:large, max-video-preview:-1\" \/>\n<link rel=\"canonical\" href=\"https:\/\/cbne.cl\/wpCNE\/uniendo-nuestra-comunidad-congreso-pedagogico-2023\/\" \/>\n<meta property=\"og:locale\" content=\"es_ES\" \/>\n<meta property=\"og:type\" content=\"article\" \/>\n<meta property=\"og:title\" content=\"UNIENDO NUESTRA COMUNIDAD: CONGRESO PEDAG\u00d3GICO 2023 - COLEGIO BICENTENARIO NUEVA ESPERANZA\" \/>\n<meta property=\"og:description\" content=\"\u00bfQu\u00e9 es el congreso? El Congreso Pedag\u00f3gico &amp; Curricular: La educaci\u00f3n es el tema, es un proceso participativo\" \/>\n<meta property=\"og:url\" content=\"https:\/\/cbne.cl\/wpCNE\/uniendo-nuestra-comunidad-congreso-pedagogico-2023\/\" \/>\n<meta property=\"og:site_name\" content=\"COLEGIO BICENTENARIO NUEVA ESPERANZA\" \/>\n<meta property=\"article:published_time\" content=\"2023-08-25T15:10:20+00:00\" \/>\n<meta property=\"article:modified_time\" content=\"2023-12-19T15:11:04+00:00\" \/>\n<meta property=\"og:image\" content=\"https:\/\/colegionuevaesperanza.cl\/wpCNE\/wp-content\/uploads\/2023\/12\/370273375_994027408627339_2760109202616767647_n-1024x683.jpg\" \/>\n<meta name=\"twitter:card\" content=\"summary_large_image\" \/>\n<meta name=\"twitter:label1\" content=\"Escrito por\" \/>\n\t<meta name=\"twitter:data1\" content=\"\" \/>\n\t<meta name=\"twitter:label2\" content=\"Tiempo de lectura\" \/>\n\t<meta name=\"twitter:data2\" content=\"2 minutos\" \/>\n<script type=\"application\/ld+json\" class=\"yoast-schema-graph\">{\"@context\":\"https:\\\/\\\/schema.org\",\"@graph\":[{\"@type\":\"Article\",\"@id\":\"https:\\\/\\\/cbne.cl\\\/wpCNE\\\/uniendo-nuestra-comunidad-congreso-pedagogico-2023\\\/#article\",\"isPartOf\":{\"@id\":\"https:\\\/\\\/cbne.cl\\\/wpCNE\\\/uniendo-nuestra-comunidad-congreso-pedagogico-2023\\\/\"},\"author\":{\"name\":\"\",\"@id\":\"\"},\"headline\":\"UNIENDO NUESTRA COMUNIDAD: CONGRESO PEDAG\u00d3GICO 2023\",\"datePublished\":\"2023-08-25T15:10:20+00:00\",\"dateModified\":\"2023-12-19T15:11:04+00:00\",\"mainEntityOfPage\":{\"@id\":\"https:\\\/\\\/cbne.cl\\\/wpCNE\\\/uniendo-nuestra-comunidad-congreso-pedagogico-2023\\\/\"},\"wordCount\":166,\"commentCount\":0,\"publisher\":{\"@id\":\"https:\\\/\\\/cbne.cl\\\/wpCNE\\\/#organization\"},\"image\":{\"@id\":\"https:\\\/\\\/cbne.cl\\\/wpCNE\\\/uniendo-nuestra-comunidad-congreso-pedagogico-2023\\\/#primaryimage\"},\"thumbnailUrl\":\"https:\\\/\\\/colegionuevaesperanza.cl\\\/wpCNE\\\/wp-content\\\/uploads\\\/2023\\\/12\\\/370273375_994027408627339_2760109202616767647_n-1024x683.jpg\",\"articleSection\":[\"CBNE 2023\"],\"inLanguage\":\"es\",\"potentialAction\":[{\"@type\":\"CommentAction\",\"name\":\"Comment\",\"target\":[\"https:\\\/\\\/cbne.cl\\\/wpCNE\\\/uniendo-nuestra-comunidad-congreso-pedagogico-2023\\\/#respond\"]}]},{\"@type\":\"WebPage\",\"@id\":\"https:\\\/\\\/cbne.cl\\\/wpCNE\\\/uniendo-nuestra-comunidad-congreso-pedagogico-2023\\\/\",\"url\":\"https:\\\/\\\/cbne.cl\\\/wpCNE\\\/uniendo-nuestra-comunidad-congreso-pedagogico-2023\\\/\",\"name\":\"UNIENDO NUESTRA COMUNIDAD: CONGRESO PEDAG\u00d3GICO 2023 - COLEGIO BICENTENARIO NUEVA ESPERANZA\",\"isPartOf\":{\"@id\":\"https:\\\/\\\/cbne.cl\\\/wpCNE\\\/#website\"},\"primaryImageOfPage\":{\"@id\":\"https:\\\/\\\/cbne.cl\\\/wpCNE\\\/uniendo-nuestra-comunidad-congreso-pedagogico-2023\\\/#primaryimage\"},\"image\":{\"@id\":\"https:\\\/\\\/cbne.cl\\\/wpCNE\\\/uniendo-nuestra-comunidad-congreso-pedagogico-2023\\\/#primaryimage\"},\"thumbnailUrl\":\"https:\\\/\\\/colegionuevaesperanza.cl\\\/wpCNE\\\/wp-content\\\/uploads\\\/2023\\\/12\\\/370273375_994027408627339_2760109202616767647_n-1024x683.jpg\",\"datePublished\":\"2023-08-25T15:10:20+00:00\",\"dateModified\":\"2023-12-19T15:11:04+00:00\",\"breadcrumb\":{\"@id\":\"https:\\\/\\\/cbne.cl\\\/wpCNE\\\/uniendo-nuestra-comunidad-congreso-pedagogico-2023\\\/#breadcrumb\"},\"inLanguage\":\"es\",\"potentialAction\":[{\"@type\":\"ReadAction\",\"target\":[\"https:\\\/\\\/cbne.cl\\\/wpCNE\\\/uniendo-nuestra-comunidad-congreso-pedagogico-2023\\\/\"]}]},{\"@type\":\"ImageObject\",\"inLanguage\":\"es\",\"@id\":\"https:\\\/\\\/cbne.cl\\\/wpCNE\\\/uniendo-nuestra-comunidad-congreso-pedagogico-2023\\\/#primaryimage\",\"url\":\"https:\\\/\\\/colegionuevaesperanza.cl\\\/wpCNE\\\/wp-content\\\/uploads\\\/2023\\\/12\\\/370273375_994027408627339_2760109202616767647_n-1024x683.jpg\",\"contentUrl\":\"https:\\\/\\\/colegionuevaesperanza.cl\\\/wpCNE\\\/wp-content\\\/uploads\\\/2023\\\/12\\\/370273375_994027408627339_2760109202616767647_n-1024x683.jpg\"},{\"@type\":\"BreadcrumbList\",\"@id\":\"https:\\\/\\\/cbne.cl\\\/wpCNE\\\/uniendo-nuestra-comunidad-congreso-pedagogico-2023\\\/#breadcrumb\",\"itemListElement\":[{\"@type\":\"ListItem\",\"position\":1,\"name\":\"Portada\",\"item\":\"https:\\\/\\\/cbne.cl\\\/wpCNE\\\/\"},{\"@type\":\"ListItem\",\"position\":2,\"name\":\"UNIENDO NUESTRA COMUNIDAD: CONGRESO PEDAG\u00d3GICO 2023\"}]},{\"@type\":\"WebSite\",\"@id\":\"https:\\\/\\\/cbne.cl\\\/wpCNE\\\/#website\",\"url\":\"https:\\\/\\\/cbne.cl\\\/wpCNE\\\/\",\"name\":\"COLEGIO BICENTENARIO NUEVA ESPERANZA\",\"description\":\"&quot;Educando desde la afectividad&quot;\",\"publisher\":{\"@id\":\"https:\\\/\\\/cbne.cl\\\/wpCNE\\\/#organization\"},\"potentialAction\":[{\"@type\":\"SearchAction\",\"target\":{\"@type\":\"EntryPoint\",\"urlTemplate\":\"https:\\\/\\\/cbne.cl\\\/wpCNE\\\/?s={search_term_string}\"},\"query-input\":{\"@type\":\"PropertyValueSpecification\",\"valueRequired\":true,\"valueName\":\"search_term_string\"}}],\"inLanguage\":\"es\"},{\"@type\":\"Organization\",\"@id\":\"https:\\\/\\\/cbne.cl\\\/wpCNE\\\/#organization\",\"name\":\"COLEGIO BICENTENARIO NUEVA ESPERANZA\",\"url\":\"https:\\\/\\\/cbne.cl\\\/wpCNE\\\/\",\"logo\":{\"@type\":\"ImageObject\",\"inLanguage\":\"es\",\"@id\":\"https:\\\/\\\/cbne.cl\\\/wpCNE\\\/#\\\/schema\\\/logo\\\/image\\\/\",\"url\":\"https:\\\/\\\/cbne.cl\\\/wpCNE\\\/wp-content\\\/uploads\\\/2020\\\/07\\\/cropped-cropped-web150x150.png\",\"contentUrl\":\"https:\\\/\\\/cbne.cl\\\/wpCNE\\\/wp-content\\\/uploads\\\/2020\\\/07\\\/cropped-cropped-web150x150.png\",\"width\":150,\"height\":150,\"caption\":\"COLEGIO BICENTENARIO NUEVA ESPERANZA\"},\"image\":{\"@id\":\"https:\\\/\\\/cbne.cl\\\/wpCNE\\\/#\\\/schema\\\/logo\\\/image\\\/\"}},{\"@type\":\"Person\",\"@id\":\"\",\"url\":\"https:\\\/\\\/cbne.cl\\\/wpCNE\\\/author\\\/\"}]}<\/script>\n<!-- \/ Yoast SEO plugin. -->","yoast_head_json":{"title":"UNIENDO NUESTRA COMUNIDAD: CONGRESO PEDAG\u00d3GICO 2023 - COLEGIO BICENTENARIO NUEVA ESPERANZA","robots":{"index":"index","follow":"follow","max-snippet":"max-snippet:-1","max-image-preview":"max-image-preview:large","max-video-preview":"max-video-preview:-1"},"canonical":"https:\/\/cbne.cl\/wpCNE\/uniendo-nuestra-comunidad-congreso-pedagogico-2023\/","og_locale":"es_ES","og_type":"article","og_title":"UNIENDO NUESTRA COMUNIDAD: CONGRESO PEDAG\u00d3GICO 2023 - COLEGIO BICENTENARIO NUEVA ESPERANZA","og_description":"\u00bfQu\u00e9 es el congreso? El Congreso Pedag\u00f3gico &amp; Curricular: La educaci\u00f3n es el tema, es un proceso participativo","og_url":"https:\/\/cbne.cl\/wpCNE\/uniendo-nuestra-comunidad-congreso-pedagogico-2023\/","og_site_name":"COLEGIO BICENTENARIO NUEVA ESPERANZA","article_published_time":"2023-08-25T15:10:20+00:00","article_modified_time":"2023-12-19T15:11:04+00:00","og_image":[{"url":"https:\/\/colegionuevaesperanza.cl\/wpCNE\/wp-content\/uploads\/2023\/12\/370273375_994027408627339_2760109202616767647_n-1024x683.jpg","type":"","width":"","height":""}],"twitter_card":"summary_large_image","twitter_misc":{"Escrito por":"","Tiempo de lectura":"2 minutos"},"schema":{"@context":"https:\/\/schema.org","@graph":[{"@type":"Article","@id":"https:\/\/cbne.cl\/wpCNE\/uniendo-nuestra-comunidad-congreso-pedagogico-2023\/#article","isPartOf":{"@id":"https:\/\/cbne.cl\/wpCNE\/uniendo-nuestra-comunidad-congreso-pedagogico-2023\/"},"author":{"name":"","@id":""},"headline":"UNIENDO NUESTRA COMUNIDAD: CONGRESO PEDAG\u00d3GICO 2023","datePublished":"2023-08-25T15:10:20+00:00","dateModified":"2023-12-19T15:11:04+00:00","mainEntityOfPage":{"@id":"https:\/\/cbne.cl\/wpCNE\/uniendo-nuestra-comunidad-congreso-pedagogico-2023\/"},"wordCount":166,"commentCount":0,"publisher":{"@id":"https:\/\/cbne.cl\/wpCNE\/#organization"},"image":{"@id":"https:\/\/cbne.cl\/wpCNE\/uniendo-nuestra-comunidad-congreso-pedagogico-2023\/#primaryimage"},"thumbnailUrl":"https:\/\/colegionuevaesperanza.cl\/wpCNE\/wp-content\/uploads\/2023\/12\/370273375_994027408627339_2760109202616767647_n-1024x683.jpg","articleSection":["CBNE 2023"],"inLanguage":"es","potentialAction":[{"@type":"CommentAction","name":"Comment","target":["https:\/\/cbne.cl\/wpCNE\/uniendo-nuestra-comunidad-congreso-pedagogico-2023\/#respond"]}]},{"@type":"WebPage","@id":"https:\/\/cbne.cl\/wpCNE\/uniendo-nuestra-comunidad-congreso-pedagogico-2023\/","url":"https:\/\/cbne.cl\/wpCNE\/uniendo-nuestra-comunidad-congreso-pedagogico-2023\/","name":"UNIENDO NUESTRA COMUNIDAD: CONGRESO PEDAG\u00d3GICO 2023 - COLEGIO BICENTENARIO NUEVA ESPERANZA","isPartOf":{"@id":"https:\/\/cbne.cl\/wpCNE\/#website"},"primaryImageOfPage":{"@id":"https:\/\/cbne.cl\/wpCNE\/uniendo-nuestra-comunidad-congreso-pedagogico-2023\/#primaryimage"},"image":{"@id":"https:\/\/cbne.cl\/wpCNE\/uniendo-nuestra-comunidad-congreso-pedagogico-2023\/#primaryimage"},"thumbnailUrl":"https:\/\/colegionuevaesperanza.cl\/wpCNE\/wp-content\/uploads\/2023\/12\/370273375_994027408627339_2760109202616767647_n-1024x683.jpg","datePublished":"2023-08-25T15:10:20+00:00","dateModified":"2023-12-19T15:11:04+00:00","breadcrumb":{"@id":"https:\/\/cbne.cl\/wpCNE\/uniendo-nuestra-comunidad-congreso-pedagogico-2023\/#breadcrumb"},"inLanguage":"es","potentialAction":[{"@type":"ReadAction","target":["https:\/\/cbne.cl\/wpCNE\/uniendo-nuestra-comunidad-congreso-pedagogico-2023\/"]}]},{"@type":"ImageObject","inLanguage":"es","@id":"https:\/\/cbne.cl\/wpCNE\/uniendo-nuestra-comunidad-congreso-pedagogico-2023\/#primaryimage","url":"https:\/\/colegionuevaesperanza.cl\/wpCNE\/wp-content\/uploads\/2023\/12\/370273375_994027408627339_2760109202616767647_n-1024x683.jpg","contentUrl":"https:\/\/colegionuevaesperanza.cl\/wpCNE\/wp-content\/uploads\/2023\/12\/370273375_994027408627339_2760109202616767647_n-1024x683.jpg"},{"@type":"BreadcrumbList","@id":"https:\/\/cbne.cl\/wpCNE\/uniendo-nuestra-comunidad-congreso-pedagogico-2023\/#breadcrumb","itemListElement":[{"@type":"ListItem","position":1,"name":"Portada","item":"https:\/\/cbne.cl\/wpCNE\/"},{"@type":"ListItem","position":2,"name":"UNIENDO NUESTRA COMUNIDAD: CONGRESO PEDAG\u00d3GICO 2023"}]},{"@type":"WebSite","@id":"https:\/\/cbne.cl\/wpCNE\/#website","url":"https:\/\/cbne.cl\/wpCNE\/","name":"COLEGIO BICENTENARIO NUEVA ESPERANZA","description":"&quot;Educando desde la afectividad&quot;","publisher":{"@id":"https:\/\/cbne.cl\/wpCNE\/#organization"},"potentialAction":[{"@type":"SearchAction","target":{"@type":"EntryPoint","urlTemplate":"https:\/\/cbne.cl\/wpCNE\/?s={search_term_string}"},"query-input":{"@type":"PropertyValueSpecification","valueRequired":true,"valueName":"search_term_string"}}],"inLanguage":"es"},{"@type":"Organization","@id":"https:\/\/cbne.cl\/wpCNE\/#organization","name":"COLEGIO BICENTENARIO NUEVA ESPERANZA","url":"https:\/\/cbne.cl\/wpCNE\/","logo":{"@type":"ImageObject","inLanguage":"es","@id":"https:\/\/cbne.cl\/wpCNE\/#\/schema\/logo\/image\/","url":"https:\/\/cbne.cl\/wpCNE\/wp-content\/uploads\/2020\/07\/cropped-cropped-web150x150.png","contentUrl":"https:\/\/cbne.cl\/wpCNE\/wp-content\/uploads\/2020\/07\/cropped-cropped-web150x150.png","width":150,"height":150,"caption":"COLEGIO BICENTENARIO NUEVA ESPERANZA"},"image":{"@id":"https:\/\/cbne.cl\/wpCNE\/#\/schema\/logo\/image\/"}},{"@type":"Person","@id":"","url":"https:\/\/cbne.cl\/wpCNE\/author\/"}]}},"featured_image_urls":{"full":"","thumbnail":"","medium":"","medium_large":"","large":"","1536x1536":"","2048x2048":"","morenews-large":"","morenews-medium":""},"author_info":{"display_name":"","author_link":"https:\/\/cbne.cl\/wpCNE\/author\/"},"category_info":"<a href=\"https:\/\/cbne.cl\/wpCNE\/category\/cbne2023\/\" rel=\"category tag\">CBNE 2023<\/a>","tag_info":"CBNE 2023","comment_count":"0","_links":{"self":[{"href":"https:\/\/cbne.cl\/wpCNE\/wp-json\/wp\/v2\/posts\/7314","targetHints":{"allow":["GET"]}}],"collection":[{"href":"https:\/\/cbne.cl\/wpCNE\/wp-json\/wp\/v2\/posts"}],"about":[{"href":"https:\/\/cbne.cl\/wpCNE\/wp-json\/wp\/v2\/types\/post"}],"author":[{"embeddable":true,"href":"https:\/\/cbne.cl\/wpCNE\/wp-json\/wp\/v2\/users\/4"}],"replies":[{"embeddable":true,"href":"https:\/\/cbne.cl\/wpCNE\/wp-json\/wp\/v2\/comments?post=7314"}],"version-history":[{"count":1,"href":"https:\/\/cbne.cl\/wpCNE\/wp-json\/wp\/v2\/posts\/7314\/revisions"}],"predecessor-version":[{"id":7316,"href":"https:\/\/cbne.cl\/wpCNE\/wp-json\/wp\/v2\/posts\/7314\/revisions\/7316"}],"wp:attachment":[{"href":"https:\/\/cbne.cl\/wpCNE\/wp-json\/wp\/v2\/media?parent=7314"}],"wp:term":[{"taxonomy":"category","embeddable":true,"href":"https:\/\/cbne.cl\/wpCNE\/wp-json\/wp\/v2\/categories?post=7314"},{"taxonomy":"post_tag","embeddable":true,"href":"https:\/\/cbne.cl\/wpCNE\/wp-json\/wp\/v2\/tags?post=7314"}],"curies":[{"name":"wp","href":"https:\/\/api.w.org\/{rel}","templated":true}]}}