{"id":7310,"date":"2023-08-23T11:33:00","date_gmt":"2023-08-23T14:33:00","guid":{"rendered":"https:\/\/colegionuevaesperanza.cl\/wpCNE\/?p=7310"},"modified":"2023-12-19T12:10:15","modified_gmt":"2023-12-19T15:10:15","slug":"con-antonia-nos-vamos-al-placer-de-oir-leer-2023","status":"publish","type":"post","link":"https:\/\/cbne.cl\/wpCNE\/con-antonia-nos-vamos-al-placer-de-oir-leer-2023\/","title":{"rendered":"CON ANTONIA NOS VAMOS AL \u00abPLACER DE OIR LEER\u00bb 2023"},"content":{"rendered":"\n<figure class=\"wp-block-image size-full\"><img fetchpriority=\"high\" decoding=\"async\" width=\"900\" height=\"600\" src=\"https:\/\/colegionuevaesperanza.cl\/wpCNE\/wp-content\/uploads\/2023\/12\/368362124_992922102071203_3847627180678215259_n.jpg\" alt=\"\" class=\"wp-image-7312\" srcset=\"https:\/\/cbne.cl\/wpCNE\/wp-content\/uploads\/2023\/12\/368362124_992922102071203_3847627180678215259_n.jpg 900w, https:\/\/cbne.cl\/wpCNE\/wp-content\/uploads\/2023\/12\/368362124_992922102071203_3847627180678215259_n-300x200.jpg 300w, https:\/\/cbne.cl\/wpCNE\/wp-content\/uploads\/2023\/12\/368362124_992922102071203_3847627180678215259_n-768x512.jpg 768w\" sizes=\"(max-width: 900px) 100vw, 900px\" \/><\/figure>\n\n\n\n<p>Estimada comunidad, como bien sabemos, Antonia Mena ser\u00e1 la pr\u00f3xima estudiante que participar\u00e1 del gran concurso de lectura \u00abEl Placer de O\u00edr leer\u00bb en su versi\u00f3n 2023, y queremos entregarle todo nuestro apoyo en su participaci\u00f3n <img decoding=\"async\" height=\"16\" width=\"16\" alt=\"\ud83e\udd79\" src=\"https:\/\/static.xx.fbcdn.net\/images\/emoji.php\/v9\/tcc\/1.5\/16\/1f979.png\"><img decoding=\"async\" height=\"16\" width=\"16\" alt=\"\ud83e\udd70\" src=\"https:\/\/static.xx.fbcdn.net\/images\/emoji.php\/v9\/t43\/1.5\/16\/1f970.png\"><\/p>\n\n\n\n<p>Este concurso (que se realizar\u00e1 este a\u00f1o en el mes de Octubre) est\u00e1 inspirado en la iniciativa francesa Les Petits Champions de la Lecture y se realiza con el prop\u00f3sito de estimular la lectura y el amor por los libros en los alumnos. Desde su creaci\u00f3n en 2014, ha impactado a cerca de 108.000 ni\u00f1os <img decoding=\"async\" height=\"16\" width=\"16\" alt=\"\ud83e\udd70\" src=\"https:\/\/static.xx.fbcdn.net\/images\/emoji.php\/v9\/t43\/1.5\/16\/1f970.png\"><\/p>\n\n\n\n<p>Antonia, te deseamos el mejor de los \u00e9xitos en tu pr\u00f3ximo desaf\u00edo. Confiamos en tus capacidades basados en tu amor por la lectura. Sabemos que, m\u00e1s all\u00e1 de los resultados, este proceso marcar\u00e1 un hito importante en tu vida. No olvides que estaremos aqu\u00ed para apoyar e impulsar siempre tus objetivos <img loading=\"lazy\" decoding=\"async\" height=\"16\" width=\"16\" alt=\"\u2764\ufe0f\" src=\"https:\/\/static.xx.fbcdn.net\/images\/emoji.php\/v9\/tf3\/1.5\/16\/2764.png\"><img decoding=\"async\" height=\"16\" width=\"16\" alt=\"\ud83e\udd79\" src=\"https:\/\/static.xx.fbcdn.net\/images\/emoji.php\/v9\/tcc\/1.5\/16\/1f979.png\"><\/p>\n\n\n\n<p>\u00a1VAMOS QUE SE PUEDE!<\/p>\n","protected":false},"excerpt":{"rendered":"<p>Estimada comunidad, como bien sabemos, Antonia Mena ser\u00e1 la pr\u00f3xima estudiante que participar\u00e1 del gran concurso de lectura<\/p>\n","protected":false},"author":4,"featured_media":0,"comment_status":"open","ping_status":"closed","sticky":false,"template":"","format":"standard","meta":{"footnotes":""},"categories":[255],"tags":[],"class_list":["post-7310","post","type-post","status-publish","format-standard","hentry","category-cbne2023"],"yoast_head":"<!-- This site is optimized with the Yoast SEO plugin v27.5 - https:\/\/yoast.com\/product\/yoast-seo-wordpress\/ -->\n<title>CON ANTONIA NOS VAMOS AL &quot;PLACER DE OIR LEER&quot; 2023 - COLEGIO BICENTENARIO NUEVA ESPERANZA<\/title>\n<meta name=\"robots\" content=\"index, follow, max-snippet:-1, max-image-preview:large, max-video-preview:-1\" \/>\n<link rel=\"canonical\" href=\"https:\/\/cbne.cl\/wpCNE\/con-antonia-nos-vamos-al-placer-de-oir-leer-2023\/\" \/>\n<meta property=\"og:locale\" content=\"es_ES\" \/>\n<meta property=\"og:type\" content=\"article\" \/>\n<meta property=\"og:title\" content=\"CON ANTONIA NOS VAMOS AL &quot;PLACER DE OIR LEER&quot; 2023 - COLEGIO BICENTENARIO NUEVA ESPERANZA\" \/>\n<meta property=\"og:description\" content=\"Estimada comunidad, como bien sabemos, Antonia Mena ser\u00e1 la pr\u00f3xima estudiante que participar\u00e1 del gran concurso de lectura\" \/>\n<meta property=\"og:url\" content=\"https:\/\/cbne.cl\/wpCNE\/con-antonia-nos-vamos-al-placer-de-oir-leer-2023\/\" \/>\n<meta property=\"og:site_name\" content=\"COLEGIO BICENTENARIO NUEVA ESPERANZA\" \/>\n<meta property=\"article:published_time\" content=\"2023-08-23T14:33:00+00:00\" \/>\n<meta property=\"article:modified_time\" content=\"2023-12-19T15:10:15+00:00\" \/>\n<meta property=\"og:image\" content=\"https:\/\/colegionuevaesperanza.cl\/wpCNE\/wp-content\/uploads\/2023\/12\/368362124_992922102071203_3847627180678215259_n.jpg\" \/>\n<meta name=\"twitter:card\" content=\"summary_large_image\" \/>\n<meta name=\"twitter:label1\" content=\"Escrito por\" \/>\n\t<meta name=\"twitter:data1\" content=\"\" \/>\n\t<meta name=\"twitter:label2\" content=\"Tiempo de lectura\" \/>\n\t<meta name=\"twitter:data2\" content=\"2 minutos\" \/>\n<script type=\"application\/ld+json\" class=\"yoast-schema-graph\">{\"@context\":\"https:\\\/\\\/schema.org\",\"@graph\":[{\"@type\":\"Article\",\"@id\":\"https:\\\/\\\/cbne.cl\\\/wpCNE\\\/con-antonia-nos-vamos-al-placer-de-oir-leer-2023\\\/#article\",\"isPartOf\":{\"@id\":\"https:\\\/\\\/cbne.cl\\\/wpCNE\\\/con-antonia-nos-vamos-al-placer-de-oir-leer-2023\\\/\"},\"author\":{\"name\":\"\",\"@id\":\"\"},\"headline\":\"CON ANTONIA NOS VAMOS AL \u00abPLACER DE OIR LEER\u00bb 2023\",\"datePublished\":\"2023-08-23T14:33:00+00:00\",\"dateModified\":\"2023-12-19T15:10:15+00:00\",\"mainEntityOfPage\":{\"@id\":\"https:\\\/\\\/cbne.cl\\\/wpCNE\\\/con-antonia-nos-vamos-al-placer-de-oir-leer-2023\\\/\"},\"wordCount\":163,\"commentCount\":0,\"publisher\":{\"@id\":\"https:\\\/\\\/cbne.cl\\\/wpCNE\\\/#organization\"},\"image\":{\"@id\":\"https:\\\/\\\/cbne.cl\\\/wpCNE\\\/con-antonia-nos-vamos-al-placer-de-oir-leer-2023\\\/#primaryimage\"},\"thumbnailUrl\":\"https:\\\/\\\/colegionuevaesperanza.cl\\\/wpCNE\\\/wp-content\\\/uploads\\\/2023\\\/12\\\/368362124_992922102071203_3847627180678215259_n.jpg\",\"articleSection\":[\"CBNE 2023\"],\"inLanguage\":\"es\",\"potentialAction\":[{\"@type\":\"CommentAction\",\"name\":\"Comment\",\"target\":[\"https:\\\/\\\/cbne.cl\\\/wpCNE\\\/con-antonia-nos-vamos-al-placer-de-oir-leer-2023\\\/#respond\"]}]},{\"@type\":\"WebPage\",\"@id\":\"https:\\\/\\\/cbne.cl\\\/wpCNE\\\/con-antonia-nos-vamos-al-placer-de-oir-leer-2023\\\/\",\"url\":\"https:\\\/\\\/cbne.cl\\\/wpCNE\\\/con-antonia-nos-vamos-al-placer-de-oir-leer-2023\\\/\",\"name\":\"CON ANTONIA NOS VAMOS AL \\\"PLACER DE OIR LEER\\\" 2023 - COLEGIO BICENTENARIO NUEVA ESPERANZA\",\"isPartOf\":{\"@id\":\"https:\\\/\\\/cbne.cl\\\/wpCNE\\\/#website\"},\"primaryImageOfPage\":{\"@id\":\"https:\\\/\\\/cbne.cl\\\/wpCNE\\\/con-antonia-nos-vamos-al-placer-de-oir-leer-2023\\\/#primaryimage\"},\"image\":{\"@id\":\"https:\\\/\\\/cbne.cl\\\/wpCNE\\\/con-antonia-nos-vamos-al-placer-de-oir-leer-2023\\\/#primaryimage\"},\"thumbnailUrl\":\"https:\\\/\\\/colegionuevaesperanza.cl\\\/wpCNE\\\/wp-content\\\/uploads\\\/2023\\\/12\\\/368362124_992922102071203_3847627180678215259_n.jpg\",\"datePublished\":\"2023-08-23T14:33:00+00:00\",\"dateModified\":\"2023-12-19T15:10:15+00:00\",\"breadcrumb\":{\"@id\":\"https:\\\/\\\/cbne.cl\\\/wpCNE\\\/con-antonia-nos-vamos-al-placer-de-oir-leer-2023\\\/#breadcrumb\"},\"inLanguage\":\"es\",\"potentialAction\":[{\"@type\":\"ReadAction\",\"target\":[\"https:\\\/\\\/cbne.cl\\\/wpCNE\\\/con-antonia-nos-vamos-al-placer-de-oir-leer-2023\\\/\"]}]},{\"@type\":\"ImageObject\",\"inLanguage\":\"es\",\"@id\":\"https:\\\/\\\/cbne.cl\\\/wpCNE\\\/con-antonia-nos-vamos-al-placer-de-oir-leer-2023\\\/#primaryimage\",\"url\":\"https:\\\/\\\/colegionuevaesperanza.cl\\\/wpCNE\\\/wp-content\\\/uploads\\\/2023\\\/12\\\/368362124_992922102071203_3847627180678215259_n.jpg\",\"contentUrl\":\"https:\\\/\\\/colegionuevaesperanza.cl\\\/wpCNE\\\/wp-content\\\/uploads\\\/2023\\\/12\\\/368362124_992922102071203_3847627180678215259_n.jpg\"},{\"@type\":\"BreadcrumbList\",\"@id\":\"https:\\\/\\\/cbne.cl\\\/wpCNE\\\/con-antonia-nos-vamos-al-placer-de-oir-leer-2023\\\/#breadcrumb\",\"itemListElement\":[{\"@type\":\"ListItem\",\"position\":1,\"name\":\"Portada\",\"item\":\"https:\\\/\\\/cbne.cl\\\/wpCNE\\\/\"},{\"@type\":\"ListItem\",\"position\":2,\"name\":\"CON ANTONIA NOS VAMOS AL \u00abPLACER DE OIR LEER\u00bb 2023\"}]},{\"@type\":\"WebSite\",\"@id\":\"https:\\\/\\\/cbne.cl\\\/wpCNE\\\/#website\",\"url\":\"https:\\\/\\\/cbne.cl\\\/wpCNE\\\/\",\"name\":\"COLEGIO BICENTENARIO NUEVA ESPERANZA\",\"description\":\"&quot;Educando desde la afectividad&quot;\",\"publisher\":{\"@id\":\"https:\\\/\\\/cbne.cl\\\/wpCNE\\\/#organization\"},\"potentialAction\":[{\"@type\":\"SearchAction\",\"target\":{\"@type\":\"EntryPoint\",\"urlTemplate\":\"https:\\\/\\\/cbne.cl\\\/wpCNE\\\/?s={search_term_string}\"},\"query-input\":{\"@type\":\"PropertyValueSpecification\",\"valueRequired\":true,\"valueName\":\"search_term_string\"}}],\"inLanguage\":\"es\"},{\"@type\":\"Organization\",\"@id\":\"https:\\\/\\\/cbne.cl\\\/wpCNE\\\/#organization\",\"name\":\"COLEGIO BICENTENARIO NUEVA ESPERANZA\",\"url\":\"https:\\\/\\\/cbne.cl\\\/wpCNE\\\/\",\"logo\":{\"@type\":\"ImageObject\",\"inLanguage\":\"es\",\"@id\":\"https:\\\/\\\/cbne.cl\\\/wpCNE\\\/#\\\/schema\\\/logo\\\/image\\\/\",\"url\":\"https:\\\/\\\/cbne.cl\\\/wpCNE\\\/wp-content\\\/uploads\\\/2020\\\/07\\\/cropped-cropped-web150x150.png\",\"contentUrl\":\"https:\\\/\\\/cbne.cl\\\/wpCNE\\\/wp-content\\\/uploads\\\/2020\\\/07\\\/cropped-cropped-web150x150.png\",\"width\":150,\"height\":150,\"caption\":\"COLEGIO BICENTENARIO NUEVA ESPERANZA\"},\"image\":{\"@id\":\"https:\\\/\\\/cbne.cl\\\/wpCNE\\\/#\\\/schema\\\/logo\\\/image\\\/\"}},{\"@type\":\"Person\",\"@id\":\"\",\"url\":\"https:\\\/\\\/cbne.cl\\\/wpCNE\\\/author\\\/\"}]}<\/script>\n<!-- \/ Yoast SEO plugin. -->","yoast_head_json":{"title":"CON ANTONIA NOS VAMOS AL \"PLACER DE OIR LEER\" 2023 - COLEGIO BICENTENARIO NUEVA ESPERANZA","robots":{"index":"index","follow":"follow","max-snippet":"max-snippet:-1","max-image-preview":"max-image-preview:large","max-video-preview":"max-video-preview:-1"},"canonical":"https:\/\/cbne.cl\/wpCNE\/con-antonia-nos-vamos-al-placer-de-oir-leer-2023\/","og_locale":"es_ES","og_type":"article","og_title":"CON ANTONIA NOS VAMOS AL \"PLACER DE OIR LEER\" 2023 - COLEGIO BICENTENARIO NUEVA ESPERANZA","og_description":"Estimada comunidad, como bien sabemos, Antonia Mena ser\u00e1 la pr\u00f3xima estudiante que participar\u00e1 del gran concurso de lectura","og_url":"https:\/\/cbne.cl\/wpCNE\/con-antonia-nos-vamos-al-placer-de-oir-leer-2023\/","og_site_name":"COLEGIO BICENTENARIO NUEVA ESPERANZA","article_published_time":"2023-08-23T14:33:00+00:00","article_modified_time":"2023-12-19T15:10:15+00:00","og_image":[{"url":"https:\/\/colegionuevaesperanza.cl\/wpCNE\/wp-content\/uploads\/2023\/12\/368362124_992922102071203_3847627180678215259_n.jpg","type":"","width":"","height":""}],"twitter_card":"summary_large_image","twitter_misc":{"Escrito por":"","Tiempo de lectura":"2 minutos"},"schema":{"@context":"https:\/\/schema.org","@graph":[{"@type":"Article","@id":"https:\/\/cbne.cl\/wpCNE\/con-antonia-nos-vamos-al-placer-de-oir-leer-2023\/#article","isPartOf":{"@id":"https:\/\/cbne.cl\/wpCNE\/con-antonia-nos-vamos-al-placer-de-oir-leer-2023\/"},"author":{"name":"","@id":""},"headline":"CON ANTONIA NOS VAMOS AL \u00abPLACER DE OIR LEER\u00bb 2023","datePublished":"2023-08-23T14:33:00+00:00","dateModified":"2023-12-19T15:10:15+00:00","mainEntityOfPage":{"@id":"https:\/\/cbne.cl\/wpCNE\/con-antonia-nos-vamos-al-placer-de-oir-leer-2023\/"},"wordCount":163,"commentCount":0,"publisher":{"@id":"https:\/\/cbne.cl\/wpCNE\/#organization"},"image":{"@id":"https:\/\/cbne.cl\/wpCNE\/con-antonia-nos-vamos-al-placer-de-oir-leer-2023\/#primaryimage"},"thumbnailUrl":"https:\/\/colegionuevaesperanza.cl\/wpCNE\/wp-content\/uploads\/2023\/12\/368362124_992922102071203_3847627180678215259_n.jpg","articleSection":["CBNE 2023"],"inLanguage":"es","potentialAction":[{"@type":"CommentAction","name":"Comment","target":["https:\/\/cbne.cl\/wpCNE\/con-antonia-nos-vamos-al-placer-de-oir-leer-2023\/#respond"]}]},{"@type":"WebPage","@id":"https:\/\/cbne.cl\/wpCNE\/con-antonia-nos-vamos-al-placer-de-oir-leer-2023\/","url":"https:\/\/cbne.cl\/wpCNE\/con-antonia-nos-vamos-al-placer-de-oir-leer-2023\/","name":"CON ANTONIA NOS VAMOS AL \"PLACER DE OIR LEER\" 2023 - COLEGIO BICENTENARIO NUEVA ESPERANZA","isPartOf":{"@id":"https:\/\/cbne.cl\/wpCNE\/#website"},"primaryImageOfPage":{"@id":"https:\/\/cbne.cl\/wpCNE\/con-antonia-nos-vamos-al-placer-de-oir-leer-2023\/#primaryimage"},"image":{"@id":"https:\/\/cbne.cl\/wpCNE\/con-antonia-nos-vamos-al-placer-de-oir-leer-2023\/#primaryimage"},"thumbnailUrl":"https:\/\/colegionuevaesperanza.cl\/wpCNE\/wp-content\/uploads\/2023\/12\/368362124_992922102071203_3847627180678215259_n.jpg","datePublished":"2023-08-23T14:33:00+00:00","dateModified":"2023-12-19T15:10:15+00:00","breadcrumb":{"@id":"https:\/\/cbne.cl\/wpCNE\/con-antonia-nos-vamos-al-placer-de-oir-leer-2023\/#breadcrumb"},"inLanguage":"es","potentialAction":[{"@type":"ReadAction","target":["https:\/\/cbne.cl\/wpCNE\/con-antonia-nos-vamos-al-placer-de-oir-leer-2023\/"]}]},{"@type":"ImageObject","inLanguage":"es","@id":"https:\/\/cbne.cl\/wpCNE\/con-antonia-nos-vamos-al-placer-de-oir-leer-2023\/#primaryimage","url":"https:\/\/colegionuevaesperanza.cl\/wpCNE\/wp-content\/uploads\/2023\/12\/368362124_992922102071203_3847627180678215259_n.jpg","contentUrl":"https:\/\/colegionuevaesperanza.cl\/wpCNE\/wp-content\/uploads\/2023\/12\/368362124_992922102071203_3847627180678215259_n.jpg"},{"@type":"BreadcrumbList","@id":"https:\/\/cbne.cl\/wpCNE\/con-antonia-nos-vamos-al-placer-de-oir-leer-2023\/#breadcrumb","itemListElement":[{"@type":"ListItem","position":1,"name":"Portada","item":"https:\/\/cbne.cl\/wpCNE\/"},{"@type":"ListItem","position":2,"name":"CON ANTONIA NOS VAMOS AL \u00abPLACER DE OIR LEER\u00bb 2023"}]},{"@type":"WebSite","@id":"https:\/\/cbne.cl\/wpCNE\/#website","url":"https:\/\/cbne.cl\/wpCNE\/","name":"COLEGIO BICENTENARIO NUEVA ESPERANZA","description":"&quot;Educando desde la afectividad&quot;","publisher":{"@id":"https:\/\/cbne.cl\/wpCNE\/#organization"},"potentialAction":[{"@type":"SearchAction","target":{"@type":"EntryPoint","urlTemplate":"https:\/\/cbne.cl\/wpCNE\/?s={search_term_string}"},"query-input":{"@type":"PropertyValueSpecification","valueRequired":true,"valueName":"search_term_string"}}],"inLanguage":"es"},{"@type":"Organization","@id":"https:\/\/cbne.cl\/wpCNE\/#organization","name":"COLEGIO BICENTENARIO NUEVA ESPERANZA","url":"https:\/\/cbne.cl\/wpCNE\/","logo":{"@type":"ImageObject","inLanguage":"es","@id":"https:\/\/cbne.cl\/wpCNE\/#\/schema\/logo\/image\/","url":"https:\/\/cbne.cl\/wpCNE\/wp-content\/uploads\/2020\/07\/cropped-cropped-web150x150.png","contentUrl":"https:\/\/cbne.cl\/wpCNE\/wp-content\/uploads\/2020\/07\/cropped-cropped-web150x150.png","width":150,"height":150,"caption":"COLEGIO BICENTENARIO NUEVA ESPERANZA"},"image":{"@id":"https:\/\/cbne.cl\/wpCNE\/#\/schema\/logo\/image\/"}},{"@type":"Person","@id":"","url":"https:\/\/cbne.cl\/wpCNE\/author\/"}]}},"featured_image_urls":{"full":"","thumbnail":"","medium":"","medium_large":"","large":"","1536x1536":"","2048x2048":"","morenews-large":"","morenews-medium":""},"author_info":{"display_name":"","author_link":"https:\/\/cbne.cl\/wpCNE\/author\/"},"category_info":"<a href=\"https:\/\/cbne.cl\/wpCNE\/category\/cbne2023\/\" rel=\"category tag\">CBNE 2023<\/a>","tag_info":"CBNE 2023","comment_count":"0","_links":{"self":[{"href":"https:\/\/cbne.cl\/wpCNE\/wp-json\/wp\/v2\/posts\/7310","targetHints":{"allow":["GET"]}}],"collection":[{"href":"https:\/\/cbne.cl\/wpCNE\/wp-json\/wp\/v2\/posts"}],"about":[{"href":"https:\/\/cbne.cl\/wpCNE\/wp-json\/wp\/v2\/types\/post"}],"author":[{"embeddable":true,"href":"https:\/\/cbne.cl\/wpCNE\/wp-json\/wp\/v2\/users\/4"}],"replies":[{"embeddable":true,"href":"https:\/\/cbne.cl\/wpCNE\/wp-json\/wp\/v2\/comments?post=7310"}],"version-history":[{"count":1,"href":"https:\/\/cbne.cl\/wpCNE\/wp-json\/wp\/v2\/posts\/7310\/revisions"}],"predecessor-version":[{"id":7313,"href":"https:\/\/cbne.cl\/wpCNE\/wp-json\/wp\/v2\/posts\/7310\/revisions\/7313"}],"wp:attachment":[{"href":"https:\/\/cbne.cl\/wpCNE\/wp-json\/wp\/v2\/media?parent=7310"}],"wp:term":[{"taxonomy":"category","embeddable":true,"href":"https:\/\/cbne.cl\/wpCNE\/wp-json\/wp\/v2\/categories?post=7310"},{"taxonomy":"post_tag","embeddable":true,"href":"https:\/\/cbne.cl\/wpCNE\/wp-json\/wp\/v2\/tags?post=7310"}],"curies":[{"name":"wp","href":"https:\/\/api.w.org\/{rel}","templated":true}]}}