{"id":7270,"date":"2023-08-02T09:23:15","date_gmt":"2023-08-02T12:23:15","guid":{"rendered":"https:\/\/colegionuevaesperanza.cl\/wpCNE\/?p=7270"},"modified":"2023-10-12T09:25:46","modified_gmt":"2023-10-12T12:25:46","slug":"charla-educativa-comparto-mi-experiencia-contigo","status":"publish","type":"post","link":"https:\/\/cbne.cl\/wpCNE\/charla-educativa-comparto-mi-experiencia-contigo\/","title":{"rendered":"CHARLA EDUCATIVA, \u00abCOMPARTO MI EXPERIENCIA CONTIGO\u00bb"},"content":{"rendered":"\n<figure class=\"wp-block-image size-full\"><img fetchpriority=\"high\" decoding=\"async\" width=\"1024\" height=\"460\" src=\"https:\/\/colegionuevaesperanza.cl\/wpCNE\/wp-content\/uploads\/2023\/10\/WhatsApp-Image-2023-09-01-at-12.24.02-1.jpeg\" alt=\"\" class=\"wp-image-7271\" srcset=\"https:\/\/cbne.cl\/wpCNE\/wp-content\/uploads\/2023\/10\/WhatsApp-Image-2023-09-01-at-12.24.02-1.jpeg 1024w, https:\/\/cbne.cl\/wpCNE\/wp-content\/uploads\/2023\/10\/WhatsApp-Image-2023-09-01-at-12.24.02-1-300x135.jpeg 300w, https:\/\/cbne.cl\/wpCNE\/wp-content\/uploads\/2023\/10\/WhatsApp-Image-2023-09-01-at-12.24.02-1-768x345.jpeg 768w\" sizes=\"(max-width: 1024px) 100vw, 1024px\" \/><\/figure>\n\n\n\n<p>El pasado jueves 27 de julio realizamos una charla dirigida a estudiantes de ense\u00f1anza b\u00e1sica y media, desde 8\u00b0 b\u00e1sico a 4\u00b0 medio, con el objetivo de fomentar en la comunidad estudiantil la importancia de mantener buenas calificaciones y buen rendimiento acad\u00e9mico <img decoding=\"async\" height=\"16\" width=\"16\" alt=\"\ud83d\udcaa\ud83c\udffb\" src=\"https:\/\/static.xx.fbcdn.net\/images\/emoji.php\/v9\/t80\/1.5\/16\/1f4aa_1f3fb.png\"><img decoding=\"async\" height=\"16\" width=\"16\" alt=\"\ud83d\ude09\" src=\"https:\/\/static.xx.fbcdn.net\/images\/emoji.php\/v9\/tb0\/1.5\/16\/1f609.png\"><\/p>\n\n\n\n<p>Los expositores fueron los estudiantes Martina Albornoz, Lotero Flores (4\u00b0medio) y Benjam\u00edn Vilches (ex estudiante) quienes contaron sus experiencias en su proceso de estudio; Martina, refiri\u00f3 sobre sus t\u00e9cnicas de estudio, la importancia de NEM; Loreto, coment\u00f3 su experiencia sobre su viaje a Italia como pasante del programa, se\u00f1al\u00f3 su proceso de postulaci\u00f3n y enfoque educativo de dicho pa\u00eds; Benjam\u00edn, relat\u00f3 su experiencia universitaria, la importancia de conocerse como individuo (fortalezas y debilidades) para determinar sus sue\u00f1os o metas, la importancia de las habilidades sociales, valoraci\u00f3n de la familia y el colegio como redes de apoyo <img loading=\"lazy\" decoding=\"async\" height=\"16\" width=\"16\" src=\"https:\/\/static.xx.fbcdn.net\/images\/emoji.php\/v9\/tcc\/1.5\/16\/1f979.png\" alt=\"\ud83e\udd79\"><img loading=\"lazy\" decoding=\"async\" height=\"16\" width=\"16\" src=\"https:\/\/static.xx.fbcdn.net\/images\/emoji.php\/v9\/tf3\/1.5\/16\/2764.png\" alt=\"\u2764\ufe0f\"><img loading=\"lazy\" decoding=\"async\" height=\"16\" width=\"16\" src=\"https:\/\/static.xx.fbcdn.net\/images\/emoji.php\/v9\/tf3\/1.5\/16\/2764.png\" alt=\"\u2764\ufe0f\"><img loading=\"lazy\" decoding=\"async\" height=\"16\" width=\"16\" src=\"https:\/\/static.xx.fbcdn.net\/images\/emoji.php\/v9\/tf3\/1.5\/16\/2764.png\" alt=\"\u2764\ufe0f\"><img loading=\"lazy\" decoding=\"async\" height=\"16\" width=\"16\" src=\"https:\/\/static.xx.fbcdn.net\/images\/emoji.php\/v9\/tf3\/1.5\/16\/2764.png\" alt=\"\u2764\ufe0f\"><\/p>\n\n\n\n<figure class=\"wp-block-image size-full\"><img loading=\"lazy\" decoding=\"async\" width=\"1024\" height=\"576\" src=\"https:\/\/colegionuevaesperanza.cl\/wpCNE\/wp-content\/uploads\/2023\/10\/364781571_980876156609131_4063729070079533978_n.jpg\" alt=\"\" class=\"wp-image-7272\" srcset=\"https:\/\/cbne.cl\/wpCNE\/wp-content\/uploads\/2023\/10\/364781571_980876156609131_4063729070079533978_n.jpg 1024w, https:\/\/cbne.cl\/wpCNE\/wp-content\/uploads\/2023\/10\/364781571_980876156609131_4063729070079533978_n-300x169.jpg 300w, https:\/\/cbne.cl\/wpCNE\/wp-content\/uploads\/2023\/10\/364781571_980876156609131_4063729070079533978_n-768x432.jpg 768w\" sizes=\"(max-width: 1024px) 100vw, 1024px\" \/><\/figure>\n\n\n\n<p>Se espera que podamos continuar fomentando estos espacios de di\u00e1logos entre estudiantes, los que sin duda ayudan a crear ambientes seguro para la educaci\u00f3n de todos y todas <img loading=\"lazy\" decoding=\"async\" height=\"16\" width=\"16\" alt=\"\u2764\ufe0f\" src=\"https:\/\/static.xx.fbcdn.net\/images\/emoji.php\/v9\/tf3\/1.5\/16\/2764.png\"><img loading=\"lazy\" decoding=\"async\" height=\"16\" width=\"16\" alt=\"\ud83e\udd29\" src=\"https:\/\/static.xx.fbcdn.net\/images\/emoji.php\/v9\/tb1\/1.5\/16\/1f929.png\"><\/p>\n\n\n\n<p>\u00a1Excelente! <img loading=\"lazy\" decoding=\"async\" height=\"16\" width=\"16\" alt=\"\u2705\" src=\"https:\/\/static.xx.fbcdn.net\/images\/emoji.php\/v9\/tba\/1.5\/16\/2705.png\"><img loading=\"lazy\" decoding=\"async\" height=\"16\" width=\"16\" alt=\"\ud83d\ude01\" src=\"https:\/\/static.xx.fbcdn.net\/images\/emoji.php\/v9\/ta8\/1.5\/16\/1f601.png\"><\/p>\n","protected":false},"excerpt":{"rendered":"<p>El pasado jueves 27 de julio realizamos una charla dirigida a estudiantes de ense\u00f1anza b\u00e1sica y media, desde<\/p>\n","protected":false},"author":4,"featured_media":0,"comment_status":"open","ping_status":"closed","sticky":false,"template":"","format":"standard","meta":{"footnotes":""},"categories":[255],"tags":[],"class_list":["post-7270","post","type-post","status-publish","format-standard","hentry","category-cbne2023"],"yoast_head":"<!-- This site is optimized with the Yoast SEO plugin v27.5 - https:\/\/yoast.com\/product\/yoast-seo-wordpress\/ -->\n<title>CHARLA EDUCATIVA, &quot;COMPARTO MI EXPERIENCIA CONTIGO&quot; - COLEGIO BICENTENARIO NUEVA ESPERANZA<\/title>\n<meta name=\"robots\" content=\"index, follow, max-snippet:-1, max-image-preview:large, max-video-preview:-1\" \/>\n<link rel=\"canonical\" href=\"https:\/\/cbne.cl\/wpCNE\/charla-educativa-comparto-mi-experiencia-contigo\/\" \/>\n<meta property=\"og:locale\" content=\"es_ES\" \/>\n<meta property=\"og:type\" content=\"article\" \/>\n<meta property=\"og:title\" content=\"CHARLA EDUCATIVA, &quot;COMPARTO MI EXPERIENCIA CONTIGO&quot; - COLEGIO BICENTENARIO NUEVA ESPERANZA\" \/>\n<meta property=\"og:description\" content=\"El pasado jueves 27 de julio realizamos una charla dirigida a estudiantes de ense\u00f1anza b\u00e1sica y media, desde\" \/>\n<meta property=\"og:url\" content=\"https:\/\/cbne.cl\/wpCNE\/charla-educativa-comparto-mi-experiencia-contigo\/\" \/>\n<meta property=\"og:site_name\" content=\"COLEGIO BICENTENARIO NUEVA ESPERANZA\" \/>\n<meta property=\"article:published_time\" content=\"2023-08-02T12:23:15+00:00\" \/>\n<meta property=\"article:modified_time\" content=\"2023-10-12T12:25:46+00:00\" \/>\n<meta property=\"og:image\" content=\"https:\/\/colegionuevaesperanza.cl\/wpCNE\/wp-content\/uploads\/2023\/10\/WhatsApp-Image-2023-09-01-at-12.24.02-1.jpeg\" \/>\n<meta name=\"twitter:card\" content=\"summary_large_image\" \/>\n<meta name=\"twitter:label1\" content=\"Escrito por\" \/>\n\t<meta name=\"twitter:data1\" content=\"\" \/>\n\t<meta name=\"twitter:label2\" content=\"Tiempo de lectura\" \/>\n\t<meta name=\"twitter:data2\" content=\"4 minutos\" \/>\n<script type=\"application\/ld+json\" class=\"yoast-schema-graph\">{\"@context\":\"https:\\\/\\\/schema.org\",\"@graph\":[{\"@type\":\"Article\",\"@id\":\"https:\\\/\\\/cbne.cl\\\/wpCNE\\\/charla-educativa-comparto-mi-experiencia-contigo\\\/#article\",\"isPartOf\":{\"@id\":\"https:\\\/\\\/cbne.cl\\\/wpCNE\\\/charla-educativa-comparto-mi-experiencia-contigo\\\/\"},\"author\":{\"name\":\"\",\"@id\":\"\"},\"headline\":\"CHARLA EDUCATIVA, \u00abCOMPARTO MI EXPERIENCIA CONTIGO\u00bb\",\"datePublished\":\"2023-08-02T12:23:15+00:00\",\"dateModified\":\"2023-10-12T12:25:46+00:00\",\"mainEntityOfPage\":{\"@id\":\"https:\\\/\\\/cbne.cl\\\/wpCNE\\\/charla-educativa-comparto-mi-experiencia-contigo\\\/\"},\"wordCount\":184,\"commentCount\":0,\"publisher\":{\"@id\":\"https:\\\/\\\/cbne.cl\\\/wpCNE\\\/#organization\"},\"image\":{\"@id\":\"https:\\\/\\\/cbne.cl\\\/wpCNE\\\/charla-educativa-comparto-mi-experiencia-contigo\\\/#primaryimage\"},\"thumbnailUrl\":\"https:\\\/\\\/colegionuevaesperanza.cl\\\/wpCNE\\\/wp-content\\\/uploads\\\/2023\\\/10\\\/WhatsApp-Image-2023-09-01-at-12.24.02-1.jpeg\",\"articleSection\":[\"CBNE 2023\"],\"inLanguage\":\"es\",\"potentialAction\":[{\"@type\":\"CommentAction\",\"name\":\"Comment\",\"target\":[\"https:\\\/\\\/cbne.cl\\\/wpCNE\\\/charla-educativa-comparto-mi-experiencia-contigo\\\/#respond\"]}]},{\"@type\":\"WebPage\",\"@id\":\"https:\\\/\\\/cbne.cl\\\/wpCNE\\\/charla-educativa-comparto-mi-experiencia-contigo\\\/\",\"url\":\"https:\\\/\\\/cbne.cl\\\/wpCNE\\\/charla-educativa-comparto-mi-experiencia-contigo\\\/\",\"name\":\"CHARLA EDUCATIVA, \\\"COMPARTO MI EXPERIENCIA CONTIGO\\\" - COLEGIO BICENTENARIO NUEVA ESPERANZA\",\"isPartOf\":{\"@id\":\"https:\\\/\\\/cbne.cl\\\/wpCNE\\\/#website\"},\"primaryImageOfPage\":{\"@id\":\"https:\\\/\\\/cbne.cl\\\/wpCNE\\\/charla-educativa-comparto-mi-experiencia-contigo\\\/#primaryimage\"},\"image\":{\"@id\":\"https:\\\/\\\/cbne.cl\\\/wpCNE\\\/charla-educativa-comparto-mi-experiencia-contigo\\\/#primaryimage\"},\"thumbnailUrl\":\"https:\\\/\\\/colegionuevaesperanza.cl\\\/wpCNE\\\/wp-content\\\/uploads\\\/2023\\\/10\\\/WhatsApp-Image-2023-09-01-at-12.24.02-1.jpeg\",\"datePublished\":\"2023-08-02T12:23:15+00:00\",\"dateModified\":\"2023-10-12T12:25:46+00:00\",\"breadcrumb\":{\"@id\":\"https:\\\/\\\/cbne.cl\\\/wpCNE\\\/charla-educativa-comparto-mi-experiencia-contigo\\\/#breadcrumb\"},\"inLanguage\":\"es\",\"potentialAction\":[{\"@type\":\"ReadAction\",\"target\":[\"https:\\\/\\\/cbne.cl\\\/wpCNE\\\/charla-educativa-comparto-mi-experiencia-contigo\\\/\"]}]},{\"@type\":\"ImageObject\",\"inLanguage\":\"es\",\"@id\":\"https:\\\/\\\/cbne.cl\\\/wpCNE\\\/charla-educativa-comparto-mi-experiencia-contigo\\\/#primaryimage\",\"url\":\"https:\\\/\\\/colegionuevaesperanza.cl\\\/wpCNE\\\/wp-content\\\/uploads\\\/2023\\\/10\\\/WhatsApp-Image-2023-09-01-at-12.24.02-1.jpeg\",\"contentUrl\":\"https:\\\/\\\/colegionuevaesperanza.cl\\\/wpCNE\\\/wp-content\\\/uploads\\\/2023\\\/10\\\/WhatsApp-Image-2023-09-01-at-12.24.02-1.jpeg\"},{\"@type\":\"BreadcrumbList\",\"@id\":\"https:\\\/\\\/cbne.cl\\\/wpCNE\\\/charla-educativa-comparto-mi-experiencia-contigo\\\/#breadcrumb\",\"itemListElement\":[{\"@type\":\"ListItem\",\"position\":1,\"name\":\"Portada\",\"item\":\"https:\\\/\\\/cbne.cl\\\/wpCNE\\\/\"},{\"@type\":\"ListItem\",\"position\":2,\"name\":\"CHARLA EDUCATIVA, \u00abCOMPARTO MI EXPERIENCIA CONTIGO\u00bb\"}]},{\"@type\":\"WebSite\",\"@id\":\"https:\\\/\\\/cbne.cl\\\/wpCNE\\\/#website\",\"url\":\"https:\\\/\\\/cbne.cl\\\/wpCNE\\\/\",\"name\":\"COLEGIO BICENTENARIO NUEVA ESPERANZA\",\"description\":\"&quot;Educando desde la afectividad&quot;\",\"publisher\":{\"@id\":\"https:\\\/\\\/cbne.cl\\\/wpCNE\\\/#organization\"},\"potentialAction\":[{\"@type\":\"SearchAction\",\"target\":{\"@type\":\"EntryPoint\",\"urlTemplate\":\"https:\\\/\\\/cbne.cl\\\/wpCNE\\\/?s={search_term_string}\"},\"query-input\":{\"@type\":\"PropertyValueSpecification\",\"valueRequired\":true,\"valueName\":\"search_term_string\"}}],\"inLanguage\":\"es\"},{\"@type\":\"Organization\",\"@id\":\"https:\\\/\\\/cbne.cl\\\/wpCNE\\\/#organization\",\"name\":\"COLEGIO BICENTENARIO NUEVA ESPERANZA\",\"url\":\"https:\\\/\\\/cbne.cl\\\/wpCNE\\\/\",\"logo\":{\"@type\":\"ImageObject\",\"inLanguage\":\"es\",\"@id\":\"https:\\\/\\\/cbne.cl\\\/wpCNE\\\/#\\\/schema\\\/logo\\\/image\\\/\",\"url\":\"https:\\\/\\\/cbne.cl\\\/wpCNE\\\/wp-content\\\/uploads\\\/2020\\\/07\\\/cropped-cropped-web150x150.png\",\"contentUrl\":\"https:\\\/\\\/cbne.cl\\\/wpCNE\\\/wp-content\\\/uploads\\\/2020\\\/07\\\/cropped-cropped-web150x150.png\",\"width\":150,\"height\":150,\"caption\":\"COLEGIO BICENTENARIO NUEVA ESPERANZA\"},\"image\":{\"@id\":\"https:\\\/\\\/cbne.cl\\\/wpCNE\\\/#\\\/schema\\\/logo\\\/image\\\/\"}},{\"@type\":\"Person\",\"@id\":\"\",\"url\":\"https:\\\/\\\/cbne.cl\\\/wpCNE\\\/author\\\/\"}]}<\/script>\n<!-- \/ Yoast SEO plugin. -->","yoast_head_json":{"title":"CHARLA EDUCATIVA, \"COMPARTO MI EXPERIENCIA CONTIGO\" - COLEGIO BICENTENARIO NUEVA ESPERANZA","robots":{"index":"index","follow":"follow","max-snippet":"max-snippet:-1","max-image-preview":"max-image-preview:large","max-video-preview":"max-video-preview:-1"},"canonical":"https:\/\/cbne.cl\/wpCNE\/charla-educativa-comparto-mi-experiencia-contigo\/","og_locale":"es_ES","og_type":"article","og_title":"CHARLA EDUCATIVA, \"COMPARTO MI EXPERIENCIA CONTIGO\" - COLEGIO BICENTENARIO NUEVA ESPERANZA","og_description":"El pasado jueves 27 de julio realizamos una charla dirigida a estudiantes de ense\u00f1anza b\u00e1sica y media, desde","og_url":"https:\/\/cbne.cl\/wpCNE\/charla-educativa-comparto-mi-experiencia-contigo\/","og_site_name":"COLEGIO BICENTENARIO NUEVA ESPERANZA","article_published_time":"2023-08-02T12:23:15+00:00","article_modified_time":"2023-10-12T12:25:46+00:00","og_image":[{"url":"https:\/\/colegionuevaesperanza.cl\/wpCNE\/wp-content\/uploads\/2023\/10\/WhatsApp-Image-2023-09-01-at-12.24.02-1.jpeg","type":"","width":"","height":""}],"twitter_card":"summary_large_image","twitter_misc":{"Escrito por":"","Tiempo de lectura":"4 minutos"},"schema":{"@context":"https:\/\/schema.org","@graph":[{"@type":"Article","@id":"https:\/\/cbne.cl\/wpCNE\/charla-educativa-comparto-mi-experiencia-contigo\/#article","isPartOf":{"@id":"https:\/\/cbne.cl\/wpCNE\/charla-educativa-comparto-mi-experiencia-contigo\/"},"author":{"name":"","@id":""},"headline":"CHARLA EDUCATIVA, \u00abCOMPARTO MI EXPERIENCIA CONTIGO\u00bb","datePublished":"2023-08-02T12:23:15+00:00","dateModified":"2023-10-12T12:25:46+00:00","mainEntityOfPage":{"@id":"https:\/\/cbne.cl\/wpCNE\/charla-educativa-comparto-mi-experiencia-contigo\/"},"wordCount":184,"commentCount":0,"publisher":{"@id":"https:\/\/cbne.cl\/wpCNE\/#organization"},"image":{"@id":"https:\/\/cbne.cl\/wpCNE\/charla-educativa-comparto-mi-experiencia-contigo\/#primaryimage"},"thumbnailUrl":"https:\/\/colegionuevaesperanza.cl\/wpCNE\/wp-content\/uploads\/2023\/10\/WhatsApp-Image-2023-09-01-at-12.24.02-1.jpeg","articleSection":["CBNE 2023"],"inLanguage":"es","potentialAction":[{"@type":"CommentAction","name":"Comment","target":["https:\/\/cbne.cl\/wpCNE\/charla-educativa-comparto-mi-experiencia-contigo\/#respond"]}]},{"@type":"WebPage","@id":"https:\/\/cbne.cl\/wpCNE\/charla-educativa-comparto-mi-experiencia-contigo\/","url":"https:\/\/cbne.cl\/wpCNE\/charla-educativa-comparto-mi-experiencia-contigo\/","name":"CHARLA EDUCATIVA, \"COMPARTO MI EXPERIENCIA CONTIGO\" - COLEGIO BICENTENARIO NUEVA ESPERANZA","isPartOf":{"@id":"https:\/\/cbne.cl\/wpCNE\/#website"},"primaryImageOfPage":{"@id":"https:\/\/cbne.cl\/wpCNE\/charla-educativa-comparto-mi-experiencia-contigo\/#primaryimage"},"image":{"@id":"https:\/\/cbne.cl\/wpCNE\/charla-educativa-comparto-mi-experiencia-contigo\/#primaryimage"},"thumbnailUrl":"https:\/\/colegionuevaesperanza.cl\/wpCNE\/wp-content\/uploads\/2023\/10\/WhatsApp-Image-2023-09-01-at-12.24.02-1.jpeg","datePublished":"2023-08-02T12:23:15+00:00","dateModified":"2023-10-12T12:25:46+00:00","breadcrumb":{"@id":"https:\/\/cbne.cl\/wpCNE\/charla-educativa-comparto-mi-experiencia-contigo\/#breadcrumb"},"inLanguage":"es","potentialAction":[{"@type":"ReadAction","target":["https:\/\/cbne.cl\/wpCNE\/charla-educativa-comparto-mi-experiencia-contigo\/"]}]},{"@type":"ImageObject","inLanguage":"es","@id":"https:\/\/cbne.cl\/wpCNE\/charla-educativa-comparto-mi-experiencia-contigo\/#primaryimage","url":"https:\/\/colegionuevaesperanza.cl\/wpCNE\/wp-content\/uploads\/2023\/10\/WhatsApp-Image-2023-09-01-at-12.24.02-1.jpeg","contentUrl":"https:\/\/colegionuevaesperanza.cl\/wpCNE\/wp-content\/uploads\/2023\/10\/WhatsApp-Image-2023-09-01-at-12.24.02-1.jpeg"},{"@type":"BreadcrumbList","@id":"https:\/\/cbne.cl\/wpCNE\/charla-educativa-comparto-mi-experiencia-contigo\/#breadcrumb","itemListElement":[{"@type":"ListItem","position":1,"name":"Portada","item":"https:\/\/cbne.cl\/wpCNE\/"},{"@type":"ListItem","position":2,"name":"CHARLA EDUCATIVA, \u00abCOMPARTO MI EXPERIENCIA CONTIGO\u00bb"}]},{"@type":"WebSite","@id":"https:\/\/cbne.cl\/wpCNE\/#website","url":"https:\/\/cbne.cl\/wpCNE\/","name":"COLEGIO BICENTENARIO NUEVA ESPERANZA","description":"&quot;Educando desde la afectividad&quot;","publisher":{"@id":"https:\/\/cbne.cl\/wpCNE\/#organization"},"potentialAction":[{"@type":"SearchAction","target":{"@type":"EntryPoint","urlTemplate":"https:\/\/cbne.cl\/wpCNE\/?s={search_term_string}"},"query-input":{"@type":"PropertyValueSpecification","valueRequired":true,"valueName":"search_term_string"}}],"inLanguage":"es"},{"@type":"Organization","@id":"https:\/\/cbne.cl\/wpCNE\/#organization","name":"COLEGIO BICENTENARIO NUEVA ESPERANZA","url":"https:\/\/cbne.cl\/wpCNE\/","logo":{"@type":"ImageObject","inLanguage":"es","@id":"https:\/\/cbne.cl\/wpCNE\/#\/schema\/logo\/image\/","url":"https:\/\/cbne.cl\/wpCNE\/wp-content\/uploads\/2020\/07\/cropped-cropped-web150x150.png","contentUrl":"https:\/\/cbne.cl\/wpCNE\/wp-content\/uploads\/2020\/07\/cropped-cropped-web150x150.png","width":150,"height":150,"caption":"COLEGIO BICENTENARIO NUEVA ESPERANZA"},"image":{"@id":"https:\/\/cbne.cl\/wpCNE\/#\/schema\/logo\/image\/"}},{"@type":"Person","@id":"","url":"https:\/\/cbne.cl\/wpCNE\/author\/"}]}},"featured_image_urls":{"full":"","thumbnail":"","medium":"","medium_large":"","large":"","1536x1536":"","2048x2048":"","morenews-large":"","morenews-medium":""},"author_info":{"display_name":"","author_link":"https:\/\/cbne.cl\/wpCNE\/author\/"},"category_info":"<a href=\"https:\/\/cbne.cl\/wpCNE\/category\/cbne2023\/\" rel=\"category tag\">CBNE 2023<\/a>","tag_info":"CBNE 2023","comment_count":"0","_links":{"self":[{"href":"https:\/\/cbne.cl\/wpCNE\/wp-json\/wp\/v2\/posts\/7270","targetHints":{"allow":["GET"]}}],"collection":[{"href":"https:\/\/cbne.cl\/wpCNE\/wp-json\/wp\/v2\/posts"}],"about":[{"href":"https:\/\/cbne.cl\/wpCNE\/wp-json\/wp\/v2\/types\/post"}],"author":[{"embeddable":true,"href":"https:\/\/cbne.cl\/wpCNE\/wp-json\/wp\/v2\/users\/4"}],"replies":[{"embeddable":true,"href":"https:\/\/cbne.cl\/wpCNE\/wp-json\/wp\/v2\/comments?post=7270"}],"version-history":[{"count":1,"href":"https:\/\/cbne.cl\/wpCNE\/wp-json\/wp\/v2\/posts\/7270\/revisions"}],"predecessor-version":[{"id":7273,"href":"https:\/\/cbne.cl\/wpCNE\/wp-json\/wp\/v2\/posts\/7270\/revisions\/7273"}],"wp:attachment":[{"href":"https:\/\/cbne.cl\/wpCNE\/wp-json\/wp\/v2\/media?parent=7270"}],"wp:term":[{"taxonomy":"category","embeddable":true,"href":"https:\/\/cbne.cl\/wpCNE\/wp-json\/wp\/v2\/categories?post=7270"},{"taxonomy":"post_tag","embeddable":true,"href":"https:\/\/cbne.cl\/wpCNE\/wp-json\/wp\/v2\/tags?post=7270"}],"curies":[{"name":"wp","href":"https:\/\/api.w.org\/{rel}","templated":true}]}}