{"id":7233,"date":"2023-07-24T11:13:36","date_gmt":"2023-07-24T14:13:36","guid":{"rendered":"https:\/\/colegionuevaesperanza.cl\/wpCNE\/?p=7233"},"modified":"2023-07-27T11:14:34","modified_gmt":"2023-07-27T14:14:34","slug":"participamos-del-torneo-provincial-de-futbol","status":"publish","type":"post","link":"https:\/\/cbne.cl\/wpCNE\/participamos-del-torneo-provincial-de-futbol\/","title":{"rendered":"PARTICIPAMOS DEL TORNEO PROVINCIAL DE FUTBOL"},"content":{"rendered":"\n<figure class=\"wp-block-image size-large\"><img fetchpriority=\"high\" decoding=\"async\" width=\"768\" height=\"1024\" src=\"https:\/\/colegionuevaesperanza.cl\/wpCNE\/wp-content\/uploads\/2023\/07\/WhatsApp-Image-2023-07-20-at-14.50.02-768x1024.jpeg\" alt=\"\" class=\"wp-image-7234\" srcset=\"https:\/\/cbne.cl\/wpCNE\/wp-content\/uploads\/2023\/07\/WhatsApp-Image-2023-07-20-at-14.50.02-768x1024.jpeg 768w, https:\/\/cbne.cl\/wpCNE\/wp-content\/uploads\/2023\/07\/WhatsApp-Image-2023-07-20-at-14.50.02-225x300.jpeg 225w, https:\/\/cbne.cl\/wpCNE\/wp-content\/uploads\/2023\/07\/WhatsApp-Image-2023-07-20-at-14.50.02.jpeg 960w\" sizes=\"(max-width: 768px) 100vw, 768px\" \/><\/figure>\n\n\n\n<p>La semana pasada tuvimos una jornada deportiva junto a nuestros estudiantes del colegio quienes participaron de un torneo provincial de f\u00fatbol sub14 desarrollado en la comuna de El Carmen <img decoding=\"async\" height=\"16\" width=\"16\" alt=\"\ud83e\udd29\" src=\"https:\/\/static.xx.fbcdn.net\/images\/emoji.php\/v9\/tb1\/1.5\/16\/1f929.png\"><img decoding=\"async\" height=\"16\" width=\"16\" alt=\"\u26bd\" src=\"https:\/\/static.xx.fbcdn.net\/images\/emoji.php\/v9\/t36\/1.5\/16\/26bd.png\"><\/p>\n\n\n\n<p>Los estudiantes lograron obtener el cuarto lugar tras haberse enfrentado al Colegio de Quill\u00f3n y colegio local, acompa\u00f1ados por su profesor de Ed. f\u00edsica y director t\u00e9cnico, Esteban Correa <img loading=\"lazy\" decoding=\"async\" height=\"16\" width=\"16\" src=\"https:\/\/static.xx.fbcdn.net\/images\/emoji.php\/v9\/t36\/1.5\/16\/26bd.png\" alt=\"\u26bd\"><img loading=\"lazy\" decoding=\"async\" height=\"16\" width=\"16\" src=\"https:\/\/static.xx.fbcdn.net\/images\/emoji.php\/v9\/td8\/1.5\/16\/1f60a.png\" alt=\"\ud83d\ude0a\"><\/p>\n\n\n\n<figure class=\"wp-block-image size-large\"><img loading=\"lazy\" decoding=\"async\" width=\"1024\" height=\"768\" src=\"https:\/\/colegionuevaesperanza.cl\/wpCNE\/wp-content\/uploads\/2023\/07\/WhatsApp-Image-2023-07-20-at-14.49.55-1024x768.jpeg\" alt=\"\" class=\"wp-image-7235\" srcset=\"https:\/\/cbne.cl\/wpCNE\/wp-content\/uploads\/2023\/07\/WhatsApp-Image-2023-07-20-at-14.49.55-1024x768.jpeg 1024w, https:\/\/cbne.cl\/wpCNE\/wp-content\/uploads\/2023\/07\/WhatsApp-Image-2023-07-20-at-14.49.55-300x225.jpeg 300w, https:\/\/cbne.cl\/wpCNE\/wp-content\/uploads\/2023\/07\/WhatsApp-Image-2023-07-20-at-14.49.55-768x576.jpeg 768w, https:\/\/cbne.cl\/wpCNE\/wp-content\/uploads\/2023\/07\/WhatsApp-Image-2023-07-20-at-14.49.55.jpeg 1280w\" sizes=\"(max-width: 1024px) 100vw, 1024px\" \/><\/figure>\n\n\n\n<p>\u00abEsto es un resultado in\u00e9dito para nuestros estudiantes y para la historia del colegio. Nunca hab\u00edamos participado de este tipo de torneos, lo que resulta ser super satisfactorio para toda la comunidad m\u00e1s all\u00e1 de los resultados obtenidos\u00bb, agreg\u00f3 el profesor.<\/p>\n\n\n\n<p>Se espera que este tipo de actividades se repitan durante todo el a\u00f1o para seguir fomentando el deporte en nuestros estudiantes <img loading=\"lazy\" decoding=\"async\" height=\"16\" width=\"16\" alt=\"\ud83d\ude09\" src=\"https:\/\/static.xx.fbcdn.net\/images\/emoji.php\/v9\/tb0\/1.5\/16\/1f609.png\"><img decoding=\"async\" height=\"16\" width=\"16\" alt=\"\ud83e\udd29\" src=\"https:\/\/static.xx.fbcdn.net\/images\/emoji.php\/v9\/tb1\/1.5\/16\/1f929.png\"><img loading=\"lazy\" decoding=\"async\" height=\"16\" width=\"16\" alt=\"\ud83d\udc9a\" src=\"https:\/\/static.xx.fbcdn.net\/images\/emoji.php\/v9\/ted\/1.5\/16\/1f49a.png\"><\/p>\n\n\n\n<p>\u00a1Felicidades a todos!<\/p>\n","protected":false},"excerpt":{"rendered":"<p>La semana pasada tuvimos una jornada deportiva junto a nuestros estudiantes del colegio quienes participaron de un torneo<\/p>\n","protected":false},"author":4,"featured_media":0,"comment_status":"open","ping_status":"closed","sticky":false,"template":"","format":"standard","meta":{"footnotes":""},"categories":[255],"tags":[],"class_list":["post-7233","post","type-post","status-publish","format-standard","hentry","category-cbne2023"],"yoast_head":"<!-- This site is optimized with the Yoast SEO plugin v27.5 - https:\/\/yoast.com\/product\/yoast-seo-wordpress\/ -->\n<title>PARTICIPAMOS DEL TORNEO PROVINCIAL DE FUTBOL - COLEGIO BICENTENARIO NUEVA ESPERANZA<\/title>\n<meta name=\"robots\" content=\"index, follow, max-snippet:-1, max-image-preview:large, max-video-preview:-1\" \/>\n<link rel=\"canonical\" href=\"https:\/\/cbne.cl\/wpCNE\/participamos-del-torneo-provincial-de-futbol\/\" \/>\n<meta property=\"og:locale\" content=\"es_ES\" \/>\n<meta property=\"og:type\" content=\"article\" \/>\n<meta property=\"og:title\" content=\"PARTICIPAMOS DEL TORNEO PROVINCIAL DE FUTBOL - COLEGIO BICENTENARIO NUEVA ESPERANZA\" \/>\n<meta property=\"og:description\" content=\"La semana pasada tuvimos una jornada deportiva junto a nuestros estudiantes del colegio quienes participaron de un torneo\" \/>\n<meta property=\"og:url\" content=\"https:\/\/cbne.cl\/wpCNE\/participamos-del-torneo-provincial-de-futbol\/\" \/>\n<meta property=\"og:site_name\" content=\"COLEGIO BICENTENARIO NUEVA ESPERANZA\" \/>\n<meta property=\"article:published_time\" content=\"2023-07-24T14:13:36+00:00\" \/>\n<meta property=\"article:modified_time\" content=\"2023-07-27T14:14:34+00:00\" \/>\n<meta property=\"og:image\" content=\"https:\/\/colegionuevaesperanza.cl\/wpCNE\/wp-content\/uploads\/2023\/07\/WhatsApp-Image-2023-07-20-at-14.50.02-768x1024.jpeg\" \/>\n<meta name=\"twitter:card\" content=\"summary_large_image\" \/>\n<meta name=\"twitter:label1\" content=\"Escrito por\" \/>\n\t<meta name=\"twitter:data1\" content=\"\" \/>\n\t<meta name=\"twitter:label2\" content=\"Tiempo de lectura\" \/>\n\t<meta name=\"twitter:data2\" content=\"3 minutos\" \/>\n<script type=\"application\/ld+json\" class=\"yoast-schema-graph\">{\"@context\":\"https:\\\/\\\/schema.org\",\"@graph\":[{\"@type\":\"Article\",\"@id\":\"https:\\\/\\\/cbne.cl\\\/wpCNE\\\/participamos-del-torneo-provincial-de-futbol\\\/#article\",\"isPartOf\":{\"@id\":\"https:\\\/\\\/cbne.cl\\\/wpCNE\\\/participamos-del-torneo-provincial-de-futbol\\\/\"},\"author\":{\"name\":\"\",\"@id\":\"\"},\"headline\":\"PARTICIPAMOS DEL TORNEO PROVINCIAL DE FUTBOL\",\"datePublished\":\"2023-07-24T14:13:36+00:00\",\"dateModified\":\"2023-07-27T14:14:34+00:00\",\"mainEntityOfPage\":{\"@id\":\"https:\\\/\\\/cbne.cl\\\/wpCNE\\\/participamos-del-torneo-provincial-de-futbol\\\/\"},\"wordCount\":138,\"commentCount\":0,\"publisher\":{\"@id\":\"https:\\\/\\\/cbne.cl\\\/wpCNE\\\/#organization\"},\"image\":{\"@id\":\"https:\\\/\\\/cbne.cl\\\/wpCNE\\\/participamos-del-torneo-provincial-de-futbol\\\/#primaryimage\"},\"thumbnailUrl\":\"https:\\\/\\\/colegionuevaesperanza.cl\\\/wpCNE\\\/wp-content\\\/uploads\\\/2023\\\/07\\\/WhatsApp-Image-2023-07-20-at-14.50.02-768x1024.jpeg\",\"articleSection\":[\"CBNE 2023\"],\"inLanguage\":\"es\",\"potentialAction\":[{\"@type\":\"CommentAction\",\"name\":\"Comment\",\"target\":[\"https:\\\/\\\/cbne.cl\\\/wpCNE\\\/participamos-del-torneo-provincial-de-futbol\\\/#respond\"]}]},{\"@type\":\"WebPage\",\"@id\":\"https:\\\/\\\/cbne.cl\\\/wpCNE\\\/participamos-del-torneo-provincial-de-futbol\\\/\",\"url\":\"https:\\\/\\\/cbne.cl\\\/wpCNE\\\/participamos-del-torneo-provincial-de-futbol\\\/\",\"name\":\"PARTICIPAMOS DEL TORNEO PROVINCIAL DE FUTBOL - COLEGIO BICENTENARIO NUEVA ESPERANZA\",\"isPartOf\":{\"@id\":\"https:\\\/\\\/cbne.cl\\\/wpCNE\\\/#website\"},\"primaryImageOfPage\":{\"@id\":\"https:\\\/\\\/cbne.cl\\\/wpCNE\\\/participamos-del-torneo-provincial-de-futbol\\\/#primaryimage\"},\"image\":{\"@id\":\"https:\\\/\\\/cbne.cl\\\/wpCNE\\\/participamos-del-torneo-provincial-de-futbol\\\/#primaryimage\"},\"thumbnailUrl\":\"https:\\\/\\\/colegionuevaesperanza.cl\\\/wpCNE\\\/wp-content\\\/uploads\\\/2023\\\/07\\\/WhatsApp-Image-2023-07-20-at-14.50.02-768x1024.jpeg\",\"datePublished\":\"2023-07-24T14:13:36+00:00\",\"dateModified\":\"2023-07-27T14:14:34+00:00\",\"breadcrumb\":{\"@id\":\"https:\\\/\\\/cbne.cl\\\/wpCNE\\\/participamos-del-torneo-provincial-de-futbol\\\/#breadcrumb\"},\"inLanguage\":\"es\",\"potentialAction\":[{\"@type\":\"ReadAction\",\"target\":[\"https:\\\/\\\/cbne.cl\\\/wpCNE\\\/participamos-del-torneo-provincial-de-futbol\\\/\"]}]},{\"@type\":\"ImageObject\",\"inLanguage\":\"es\",\"@id\":\"https:\\\/\\\/cbne.cl\\\/wpCNE\\\/participamos-del-torneo-provincial-de-futbol\\\/#primaryimage\",\"url\":\"https:\\\/\\\/colegionuevaesperanza.cl\\\/wpCNE\\\/wp-content\\\/uploads\\\/2023\\\/07\\\/WhatsApp-Image-2023-07-20-at-14.50.02-768x1024.jpeg\",\"contentUrl\":\"https:\\\/\\\/colegionuevaesperanza.cl\\\/wpCNE\\\/wp-content\\\/uploads\\\/2023\\\/07\\\/WhatsApp-Image-2023-07-20-at-14.50.02-768x1024.jpeg\"},{\"@type\":\"BreadcrumbList\",\"@id\":\"https:\\\/\\\/cbne.cl\\\/wpCNE\\\/participamos-del-torneo-provincial-de-futbol\\\/#breadcrumb\",\"itemListElement\":[{\"@type\":\"ListItem\",\"position\":1,\"name\":\"Portada\",\"item\":\"https:\\\/\\\/cbne.cl\\\/wpCNE\\\/\"},{\"@type\":\"ListItem\",\"position\":2,\"name\":\"PARTICIPAMOS DEL TORNEO PROVINCIAL DE FUTBOL\"}]},{\"@type\":\"WebSite\",\"@id\":\"https:\\\/\\\/cbne.cl\\\/wpCNE\\\/#website\",\"url\":\"https:\\\/\\\/cbne.cl\\\/wpCNE\\\/\",\"name\":\"COLEGIO BICENTENARIO NUEVA ESPERANZA\",\"description\":\"&quot;Educando desde la afectividad&quot;\",\"publisher\":{\"@id\":\"https:\\\/\\\/cbne.cl\\\/wpCNE\\\/#organization\"},\"potentialAction\":[{\"@type\":\"SearchAction\",\"target\":{\"@type\":\"EntryPoint\",\"urlTemplate\":\"https:\\\/\\\/cbne.cl\\\/wpCNE\\\/?s={search_term_string}\"},\"query-input\":{\"@type\":\"PropertyValueSpecification\",\"valueRequired\":true,\"valueName\":\"search_term_string\"}}],\"inLanguage\":\"es\"},{\"@type\":\"Organization\",\"@id\":\"https:\\\/\\\/cbne.cl\\\/wpCNE\\\/#organization\",\"name\":\"COLEGIO BICENTENARIO NUEVA ESPERANZA\",\"url\":\"https:\\\/\\\/cbne.cl\\\/wpCNE\\\/\",\"logo\":{\"@type\":\"ImageObject\",\"inLanguage\":\"es\",\"@id\":\"https:\\\/\\\/cbne.cl\\\/wpCNE\\\/#\\\/schema\\\/logo\\\/image\\\/\",\"url\":\"https:\\\/\\\/cbne.cl\\\/wpCNE\\\/wp-content\\\/uploads\\\/2020\\\/07\\\/cropped-cropped-web150x150.png\",\"contentUrl\":\"https:\\\/\\\/cbne.cl\\\/wpCNE\\\/wp-content\\\/uploads\\\/2020\\\/07\\\/cropped-cropped-web150x150.png\",\"width\":150,\"height\":150,\"caption\":\"COLEGIO BICENTENARIO NUEVA ESPERANZA\"},\"image\":{\"@id\":\"https:\\\/\\\/cbne.cl\\\/wpCNE\\\/#\\\/schema\\\/logo\\\/image\\\/\"}},{\"@type\":\"Person\",\"@id\":\"\",\"url\":\"https:\\\/\\\/cbne.cl\\\/wpCNE\\\/author\\\/\"}]}<\/script>\n<!-- \/ Yoast SEO plugin. -->","yoast_head_json":{"title":"PARTICIPAMOS DEL TORNEO PROVINCIAL DE FUTBOL - COLEGIO BICENTENARIO NUEVA ESPERANZA","robots":{"index":"index","follow":"follow","max-snippet":"max-snippet:-1","max-image-preview":"max-image-preview:large","max-video-preview":"max-video-preview:-1"},"canonical":"https:\/\/cbne.cl\/wpCNE\/participamos-del-torneo-provincial-de-futbol\/","og_locale":"es_ES","og_type":"article","og_title":"PARTICIPAMOS DEL TORNEO PROVINCIAL DE FUTBOL - COLEGIO BICENTENARIO NUEVA ESPERANZA","og_description":"La semana pasada tuvimos una jornada deportiva junto a nuestros estudiantes del colegio quienes participaron de un torneo","og_url":"https:\/\/cbne.cl\/wpCNE\/participamos-del-torneo-provincial-de-futbol\/","og_site_name":"COLEGIO BICENTENARIO NUEVA ESPERANZA","article_published_time":"2023-07-24T14:13:36+00:00","article_modified_time":"2023-07-27T14:14:34+00:00","og_image":[{"url":"https:\/\/colegionuevaesperanza.cl\/wpCNE\/wp-content\/uploads\/2023\/07\/WhatsApp-Image-2023-07-20-at-14.50.02-768x1024.jpeg","type":"","width":"","height":""}],"twitter_card":"summary_large_image","twitter_misc":{"Escrito por":"","Tiempo de lectura":"3 minutos"},"schema":{"@context":"https:\/\/schema.org","@graph":[{"@type":"Article","@id":"https:\/\/cbne.cl\/wpCNE\/participamos-del-torneo-provincial-de-futbol\/#article","isPartOf":{"@id":"https:\/\/cbne.cl\/wpCNE\/participamos-del-torneo-provincial-de-futbol\/"},"author":{"name":"","@id":""},"headline":"PARTICIPAMOS DEL TORNEO PROVINCIAL DE FUTBOL","datePublished":"2023-07-24T14:13:36+00:00","dateModified":"2023-07-27T14:14:34+00:00","mainEntityOfPage":{"@id":"https:\/\/cbne.cl\/wpCNE\/participamos-del-torneo-provincial-de-futbol\/"},"wordCount":138,"commentCount":0,"publisher":{"@id":"https:\/\/cbne.cl\/wpCNE\/#organization"},"image":{"@id":"https:\/\/cbne.cl\/wpCNE\/participamos-del-torneo-provincial-de-futbol\/#primaryimage"},"thumbnailUrl":"https:\/\/colegionuevaesperanza.cl\/wpCNE\/wp-content\/uploads\/2023\/07\/WhatsApp-Image-2023-07-20-at-14.50.02-768x1024.jpeg","articleSection":["CBNE 2023"],"inLanguage":"es","potentialAction":[{"@type":"CommentAction","name":"Comment","target":["https:\/\/cbne.cl\/wpCNE\/participamos-del-torneo-provincial-de-futbol\/#respond"]}]},{"@type":"WebPage","@id":"https:\/\/cbne.cl\/wpCNE\/participamos-del-torneo-provincial-de-futbol\/","url":"https:\/\/cbne.cl\/wpCNE\/participamos-del-torneo-provincial-de-futbol\/","name":"PARTICIPAMOS DEL TORNEO PROVINCIAL DE FUTBOL - COLEGIO BICENTENARIO NUEVA ESPERANZA","isPartOf":{"@id":"https:\/\/cbne.cl\/wpCNE\/#website"},"primaryImageOfPage":{"@id":"https:\/\/cbne.cl\/wpCNE\/participamos-del-torneo-provincial-de-futbol\/#primaryimage"},"image":{"@id":"https:\/\/cbne.cl\/wpCNE\/participamos-del-torneo-provincial-de-futbol\/#primaryimage"},"thumbnailUrl":"https:\/\/colegionuevaesperanza.cl\/wpCNE\/wp-content\/uploads\/2023\/07\/WhatsApp-Image-2023-07-20-at-14.50.02-768x1024.jpeg","datePublished":"2023-07-24T14:13:36+00:00","dateModified":"2023-07-27T14:14:34+00:00","breadcrumb":{"@id":"https:\/\/cbne.cl\/wpCNE\/participamos-del-torneo-provincial-de-futbol\/#breadcrumb"},"inLanguage":"es","potentialAction":[{"@type":"ReadAction","target":["https:\/\/cbne.cl\/wpCNE\/participamos-del-torneo-provincial-de-futbol\/"]}]},{"@type":"ImageObject","inLanguage":"es","@id":"https:\/\/cbne.cl\/wpCNE\/participamos-del-torneo-provincial-de-futbol\/#primaryimage","url":"https:\/\/colegionuevaesperanza.cl\/wpCNE\/wp-content\/uploads\/2023\/07\/WhatsApp-Image-2023-07-20-at-14.50.02-768x1024.jpeg","contentUrl":"https:\/\/colegionuevaesperanza.cl\/wpCNE\/wp-content\/uploads\/2023\/07\/WhatsApp-Image-2023-07-20-at-14.50.02-768x1024.jpeg"},{"@type":"BreadcrumbList","@id":"https:\/\/cbne.cl\/wpCNE\/participamos-del-torneo-provincial-de-futbol\/#breadcrumb","itemListElement":[{"@type":"ListItem","position":1,"name":"Portada","item":"https:\/\/cbne.cl\/wpCNE\/"},{"@type":"ListItem","position":2,"name":"PARTICIPAMOS DEL TORNEO PROVINCIAL DE FUTBOL"}]},{"@type":"WebSite","@id":"https:\/\/cbne.cl\/wpCNE\/#website","url":"https:\/\/cbne.cl\/wpCNE\/","name":"COLEGIO BICENTENARIO NUEVA ESPERANZA","description":"&quot;Educando desde la afectividad&quot;","publisher":{"@id":"https:\/\/cbne.cl\/wpCNE\/#organization"},"potentialAction":[{"@type":"SearchAction","target":{"@type":"EntryPoint","urlTemplate":"https:\/\/cbne.cl\/wpCNE\/?s={search_term_string}"},"query-input":{"@type":"PropertyValueSpecification","valueRequired":true,"valueName":"search_term_string"}}],"inLanguage":"es"},{"@type":"Organization","@id":"https:\/\/cbne.cl\/wpCNE\/#organization","name":"COLEGIO BICENTENARIO NUEVA ESPERANZA","url":"https:\/\/cbne.cl\/wpCNE\/","logo":{"@type":"ImageObject","inLanguage":"es","@id":"https:\/\/cbne.cl\/wpCNE\/#\/schema\/logo\/image\/","url":"https:\/\/cbne.cl\/wpCNE\/wp-content\/uploads\/2020\/07\/cropped-cropped-web150x150.png","contentUrl":"https:\/\/cbne.cl\/wpCNE\/wp-content\/uploads\/2020\/07\/cropped-cropped-web150x150.png","width":150,"height":150,"caption":"COLEGIO BICENTENARIO NUEVA ESPERANZA"},"image":{"@id":"https:\/\/cbne.cl\/wpCNE\/#\/schema\/logo\/image\/"}},{"@type":"Person","@id":"","url":"https:\/\/cbne.cl\/wpCNE\/author\/"}]}},"featured_image_urls":{"full":"","thumbnail":"","medium":"","medium_large":"","large":"","1536x1536":"","2048x2048":"","morenews-large":"","morenews-medium":""},"author_info":{"display_name":"","author_link":"https:\/\/cbne.cl\/wpCNE\/author\/"},"category_info":"<a href=\"https:\/\/cbne.cl\/wpCNE\/category\/cbne2023\/\" rel=\"category tag\">CBNE 2023<\/a>","tag_info":"CBNE 2023","comment_count":"0","_links":{"self":[{"href":"https:\/\/cbne.cl\/wpCNE\/wp-json\/wp\/v2\/posts\/7233","targetHints":{"allow":["GET"]}}],"collection":[{"href":"https:\/\/cbne.cl\/wpCNE\/wp-json\/wp\/v2\/posts"}],"about":[{"href":"https:\/\/cbne.cl\/wpCNE\/wp-json\/wp\/v2\/types\/post"}],"author":[{"embeddable":true,"href":"https:\/\/cbne.cl\/wpCNE\/wp-json\/wp\/v2\/users\/4"}],"replies":[{"embeddable":true,"href":"https:\/\/cbne.cl\/wpCNE\/wp-json\/wp\/v2\/comments?post=7233"}],"version-history":[{"count":1,"href":"https:\/\/cbne.cl\/wpCNE\/wp-json\/wp\/v2\/posts\/7233\/revisions"}],"predecessor-version":[{"id":7236,"href":"https:\/\/cbne.cl\/wpCNE\/wp-json\/wp\/v2\/posts\/7233\/revisions\/7236"}],"wp:attachment":[{"href":"https:\/\/cbne.cl\/wpCNE\/wp-json\/wp\/v2\/media?parent=7233"}],"wp:term":[{"taxonomy":"category","embeddable":true,"href":"https:\/\/cbne.cl\/wpCNE\/wp-json\/wp\/v2\/categories?post=7233"},{"taxonomy":"post_tag","embeddable":true,"href":"https:\/\/cbne.cl\/wpCNE\/wp-json\/wp\/v2\/tags?post=7233"}],"curies":[{"name":"wp","href":"https:\/\/api.w.org\/{rel}","templated":true}]}}