{"id":7175,"date":"2023-06-07T16:31:00","date_gmt":"2023-06-07T19:31:00","guid":{"rendered":"https:\/\/colegionuevaesperanza.cl\/wpCNE\/?p=7175"},"modified":"2023-07-24T13:32:21","modified_gmt":"2023-07-24T16:32:21","slug":"en-busca-de-la-clasificacion-futbol-varones-sub14","status":"publish","type":"post","link":"https:\/\/cbne.cl\/wpCNE\/en-busca-de-la-clasificacion-futbol-varones-sub14\/","title":{"rendered":"EN BUSCA DE LA CLASIFICACI\u00d3N FUTBOL VARONES SUB14"},"content":{"rendered":"\n<figure class=\"wp-block-image size-large\"><img fetchpriority=\"high\" decoding=\"async\" width=\"1024\" height=\"768\" src=\"https:\/\/colegionuevaesperanza.cl\/wpCNE\/wp-content\/uploads\/2023\/07\/351191974_3351790118484831_8381750731400544875_n-1024x768.jpg\" alt=\"\" class=\"wp-image-7176\" srcset=\"https:\/\/cbne.cl\/wpCNE\/wp-content\/uploads\/2023\/07\/351191974_3351790118484831_8381750731400544875_n-1024x768.jpg 1024w, https:\/\/cbne.cl\/wpCNE\/wp-content\/uploads\/2023\/07\/351191974_3351790118484831_8381750731400544875_n-300x225.jpg 300w, https:\/\/cbne.cl\/wpCNE\/wp-content\/uploads\/2023\/07\/351191974_3351790118484831_8381750731400544875_n-768x576.jpg 768w, https:\/\/cbne.cl\/wpCNE\/wp-content\/uploads\/2023\/07\/351191974_3351790118484831_8381750731400544875_n-1536x1152.jpg 1536w, https:\/\/cbne.cl\/wpCNE\/wp-content\/uploads\/2023\/07\/351191974_3351790118484831_8381750731400544875_n.jpg 1600w\" sizes=\"(max-width: 1024px) 100vw, 1024px\" \/><\/figure>\n\n\n\n<p>El d\u00eda de ayer martes se desarroll\u00f3 el comunal de f\u00fatbol sub 14 varones gracias al Instituto Nacional del Deporte gestionado por nuestro Departamento de Ed. F\u00edsica, en el estadio Municipal de Yungay <img decoding=\"async\" height=\"16\" width=\"16\" alt=\"\ud83d\ude09\" src=\"https:\/\/static.xx.fbcdn.net\/images\/emoji.php\/v9\/tb0\/1.5\/16\/1f609.png\"><\/p>\n\n\n\n<p>En el torneo comunal particip\u00f3 nuestro Colegio, Colegio Cholgu\u00e1n, Colegio Divina Pastora, Liceo Campanario, Escuela Pinares y Escuela Fernando Baquedano <img decoding=\"async\" height=\"16\" width=\"16\" alt=\"\ud83d\ude0a\" src=\"https:\/\/static.xx.fbcdn.net\/images\/emoji.php\/v9\/td8\/1.5\/16\/1f60a.png\">.<\/p>\n\n\n\n<p>Nuestro Colegio logr\u00f3 ganar todos su partidos y clasific\u00f3 a la siguiente etapa a desarrollarse en la comuna de San Ignacio, la que definir\u00e1 su posible futuro en el provincial de f\u00fatbol 2023 en su categor\u00eda <img loading=\"lazy\" decoding=\"async\" height=\"16\" width=\"16\" alt=\"\ud83d\ude01\" src=\"https:\/\/static.xx.fbcdn.net\/images\/emoji.php\/v9\/ta8\/1.5\/16\/1f601.png\"><\/p>\n\n\n\n<p>FELICITACIONES a todos nuestros estudiantes que fueron parte de este encuentro comunal. Les deseamos el mejor de los \u00e9xitos en las siguientes etapas, las que sin duda dejar\u00e1n mucho aprendizaje y sabidur\u00eda deportiva <img decoding=\"async\" height=\"16\" width=\"16\" alt=\"\ud83d\ude0a\" src=\"https:\/\/static.xx.fbcdn.net\/images\/emoji.php\/v9\/td8\/1.5\/16\/1f60a.png\">.<\/p>\n\n\n\n<p>\u00a1Muchas gracias a los profesores de nuestro Departamento de Ed. Fisica por fomentar el deporte y la vida activa! <img decoding=\"async\" height=\"16\" width=\"16\" alt=\"\ud83d\ude0a\" src=\"https:\/\/static.xx.fbcdn.net\/images\/emoji.php\/v9\/td8\/1.5\/16\/1f60a.png\"><img loading=\"lazy\" decoding=\"async\" height=\"16\" width=\"16\" alt=\"\ud83d\udc9a\" src=\"https:\/\/static.xx.fbcdn.net\/images\/emoji.php\/v9\/ted\/1.5\/16\/1f49a.png\"><\/p>\n","protected":false},"excerpt":{"rendered":"<p>El d\u00eda de ayer martes se desarroll\u00f3 el comunal de f\u00fatbol sub 14 varones gracias al Instituto Nacional<\/p>\n","protected":false},"author":4,"featured_media":0,"comment_status":"open","ping_status":"closed","sticky":false,"template":"","format":"standard","meta":{"footnotes":""},"categories":[255],"tags":[],"class_list":["post-7175","post","type-post","status-publish","format-standard","hentry","category-cbne2023"],"yoast_head":"<!-- This site is optimized with the Yoast SEO plugin v27.5 - https:\/\/yoast.com\/product\/yoast-seo-wordpress\/ -->\n<title>EN BUSCA DE LA CLASIFICACI\u00d3N FUTBOL VARONES SUB14 - COLEGIO BICENTENARIO NUEVA ESPERANZA<\/title>\n<meta name=\"robots\" content=\"index, follow, max-snippet:-1, max-image-preview:large, max-video-preview:-1\" \/>\n<link rel=\"canonical\" href=\"https:\/\/cbne.cl\/wpCNE\/en-busca-de-la-clasificacion-futbol-varones-sub14\/\" \/>\n<meta property=\"og:locale\" content=\"es_ES\" \/>\n<meta property=\"og:type\" content=\"article\" \/>\n<meta property=\"og:title\" content=\"EN BUSCA DE LA CLASIFICACI\u00d3N FUTBOL VARONES SUB14 - COLEGIO BICENTENARIO NUEVA ESPERANZA\" \/>\n<meta property=\"og:description\" content=\"El d\u00eda de ayer martes se desarroll\u00f3 el comunal de f\u00fatbol sub 14 varones gracias al Instituto Nacional\" \/>\n<meta property=\"og:url\" content=\"https:\/\/cbne.cl\/wpCNE\/en-busca-de-la-clasificacion-futbol-varones-sub14\/\" \/>\n<meta property=\"og:site_name\" content=\"COLEGIO BICENTENARIO NUEVA ESPERANZA\" \/>\n<meta property=\"article:published_time\" content=\"2023-06-07T19:31:00+00:00\" \/>\n<meta property=\"article:modified_time\" content=\"2023-07-24T16:32:21+00:00\" \/>\n<meta property=\"og:image\" content=\"https:\/\/colegionuevaesperanza.cl\/wpCNE\/wp-content\/uploads\/2023\/07\/351191974_3351790118484831_8381750731400544875_n-1024x768.jpg\" \/>\n<meta name=\"twitter:card\" content=\"summary_large_image\" \/>\n<meta name=\"twitter:label1\" content=\"Escrito por\" \/>\n\t<meta name=\"twitter:data1\" content=\"\" \/>\n\t<meta name=\"twitter:label2\" content=\"Tiempo de lectura\" \/>\n\t<meta name=\"twitter:data2\" content=\"3 minutos\" \/>\n<script type=\"application\/ld+json\" class=\"yoast-schema-graph\">{\"@context\":\"https:\\\/\\\/schema.org\",\"@graph\":[{\"@type\":\"Article\",\"@id\":\"https:\\\/\\\/cbne.cl\\\/wpCNE\\\/en-busca-de-la-clasificacion-futbol-varones-sub14\\\/#article\",\"isPartOf\":{\"@id\":\"https:\\\/\\\/cbne.cl\\\/wpCNE\\\/en-busca-de-la-clasificacion-futbol-varones-sub14\\\/\"},\"author\":{\"name\":\"\",\"@id\":\"\"},\"headline\":\"EN BUSCA DE LA CLASIFICACI\u00d3N FUTBOL VARONES SUB14\",\"datePublished\":\"2023-06-07T19:31:00+00:00\",\"dateModified\":\"2023-07-24T16:32:21+00:00\",\"mainEntityOfPage\":{\"@id\":\"https:\\\/\\\/cbne.cl\\\/wpCNE\\\/en-busca-de-la-clasificacion-futbol-varones-sub14\\\/\"},\"wordCount\":156,\"commentCount\":0,\"publisher\":{\"@id\":\"https:\\\/\\\/cbne.cl\\\/wpCNE\\\/#organization\"},\"image\":{\"@id\":\"https:\\\/\\\/cbne.cl\\\/wpCNE\\\/en-busca-de-la-clasificacion-futbol-varones-sub14\\\/#primaryimage\"},\"thumbnailUrl\":\"https:\\\/\\\/colegionuevaesperanza.cl\\\/wpCNE\\\/wp-content\\\/uploads\\\/2023\\\/07\\\/351191974_3351790118484831_8381750731400544875_n-1024x768.jpg\",\"articleSection\":[\"CBNE 2023\"],\"inLanguage\":\"es\",\"potentialAction\":[{\"@type\":\"CommentAction\",\"name\":\"Comment\",\"target\":[\"https:\\\/\\\/cbne.cl\\\/wpCNE\\\/en-busca-de-la-clasificacion-futbol-varones-sub14\\\/#respond\"]}]},{\"@type\":\"WebPage\",\"@id\":\"https:\\\/\\\/cbne.cl\\\/wpCNE\\\/en-busca-de-la-clasificacion-futbol-varones-sub14\\\/\",\"url\":\"https:\\\/\\\/cbne.cl\\\/wpCNE\\\/en-busca-de-la-clasificacion-futbol-varones-sub14\\\/\",\"name\":\"EN BUSCA DE LA CLASIFICACI\u00d3N FUTBOL VARONES SUB14 - COLEGIO BICENTENARIO NUEVA ESPERANZA\",\"isPartOf\":{\"@id\":\"https:\\\/\\\/cbne.cl\\\/wpCNE\\\/#website\"},\"primaryImageOfPage\":{\"@id\":\"https:\\\/\\\/cbne.cl\\\/wpCNE\\\/en-busca-de-la-clasificacion-futbol-varones-sub14\\\/#primaryimage\"},\"image\":{\"@id\":\"https:\\\/\\\/cbne.cl\\\/wpCNE\\\/en-busca-de-la-clasificacion-futbol-varones-sub14\\\/#primaryimage\"},\"thumbnailUrl\":\"https:\\\/\\\/colegionuevaesperanza.cl\\\/wpCNE\\\/wp-content\\\/uploads\\\/2023\\\/07\\\/351191974_3351790118484831_8381750731400544875_n-1024x768.jpg\",\"datePublished\":\"2023-06-07T19:31:00+00:00\",\"dateModified\":\"2023-07-24T16:32:21+00:00\",\"breadcrumb\":{\"@id\":\"https:\\\/\\\/cbne.cl\\\/wpCNE\\\/en-busca-de-la-clasificacion-futbol-varones-sub14\\\/#breadcrumb\"},\"inLanguage\":\"es\",\"potentialAction\":[{\"@type\":\"ReadAction\",\"target\":[\"https:\\\/\\\/cbne.cl\\\/wpCNE\\\/en-busca-de-la-clasificacion-futbol-varones-sub14\\\/\"]}]},{\"@type\":\"ImageObject\",\"inLanguage\":\"es\",\"@id\":\"https:\\\/\\\/cbne.cl\\\/wpCNE\\\/en-busca-de-la-clasificacion-futbol-varones-sub14\\\/#primaryimage\",\"url\":\"https:\\\/\\\/colegionuevaesperanza.cl\\\/wpCNE\\\/wp-content\\\/uploads\\\/2023\\\/07\\\/351191974_3351790118484831_8381750731400544875_n-1024x768.jpg\",\"contentUrl\":\"https:\\\/\\\/colegionuevaesperanza.cl\\\/wpCNE\\\/wp-content\\\/uploads\\\/2023\\\/07\\\/351191974_3351790118484831_8381750731400544875_n-1024x768.jpg\"},{\"@type\":\"BreadcrumbList\",\"@id\":\"https:\\\/\\\/cbne.cl\\\/wpCNE\\\/en-busca-de-la-clasificacion-futbol-varones-sub14\\\/#breadcrumb\",\"itemListElement\":[{\"@type\":\"ListItem\",\"position\":1,\"name\":\"Portada\",\"item\":\"https:\\\/\\\/cbne.cl\\\/wpCNE\\\/\"},{\"@type\":\"ListItem\",\"position\":2,\"name\":\"EN BUSCA DE LA CLASIFICACI\u00d3N FUTBOL VARONES SUB14\"}]},{\"@type\":\"WebSite\",\"@id\":\"https:\\\/\\\/cbne.cl\\\/wpCNE\\\/#website\",\"url\":\"https:\\\/\\\/cbne.cl\\\/wpCNE\\\/\",\"name\":\"COLEGIO BICENTENARIO NUEVA ESPERANZA\",\"description\":\"&quot;Educando desde la afectividad&quot;\",\"publisher\":{\"@id\":\"https:\\\/\\\/cbne.cl\\\/wpCNE\\\/#organization\"},\"potentialAction\":[{\"@type\":\"SearchAction\",\"target\":{\"@type\":\"EntryPoint\",\"urlTemplate\":\"https:\\\/\\\/cbne.cl\\\/wpCNE\\\/?s={search_term_string}\"},\"query-input\":{\"@type\":\"PropertyValueSpecification\",\"valueRequired\":true,\"valueName\":\"search_term_string\"}}],\"inLanguage\":\"es\"},{\"@type\":\"Organization\",\"@id\":\"https:\\\/\\\/cbne.cl\\\/wpCNE\\\/#organization\",\"name\":\"COLEGIO BICENTENARIO NUEVA ESPERANZA\",\"url\":\"https:\\\/\\\/cbne.cl\\\/wpCNE\\\/\",\"logo\":{\"@type\":\"ImageObject\",\"inLanguage\":\"es\",\"@id\":\"https:\\\/\\\/cbne.cl\\\/wpCNE\\\/#\\\/schema\\\/logo\\\/image\\\/\",\"url\":\"https:\\\/\\\/cbne.cl\\\/wpCNE\\\/wp-content\\\/uploads\\\/2020\\\/07\\\/cropped-cropped-web150x150.png\",\"contentUrl\":\"https:\\\/\\\/cbne.cl\\\/wpCNE\\\/wp-content\\\/uploads\\\/2020\\\/07\\\/cropped-cropped-web150x150.png\",\"width\":150,\"height\":150,\"caption\":\"COLEGIO BICENTENARIO NUEVA ESPERANZA\"},\"image\":{\"@id\":\"https:\\\/\\\/cbne.cl\\\/wpCNE\\\/#\\\/schema\\\/logo\\\/image\\\/\"}},{\"@type\":\"Person\",\"@id\":\"\",\"url\":\"https:\\\/\\\/cbne.cl\\\/wpCNE\\\/author\\\/\"}]}<\/script>\n<!-- \/ Yoast SEO plugin. -->","yoast_head_json":{"title":"EN BUSCA DE LA CLASIFICACI\u00d3N FUTBOL VARONES SUB14 - COLEGIO BICENTENARIO NUEVA ESPERANZA","robots":{"index":"index","follow":"follow","max-snippet":"max-snippet:-1","max-image-preview":"max-image-preview:large","max-video-preview":"max-video-preview:-1"},"canonical":"https:\/\/cbne.cl\/wpCNE\/en-busca-de-la-clasificacion-futbol-varones-sub14\/","og_locale":"es_ES","og_type":"article","og_title":"EN BUSCA DE LA CLASIFICACI\u00d3N FUTBOL VARONES SUB14 - COLEGIO BICENTENARIO NUEVA ESPERANZA","og_description":"El d\u00eda de ayer martes se desarroll\u00f3 el comunal de f\u00fatbol sub 14 varones gracias al Instituto Nacional","og_url":"https:\/\/cbne.cl\/wpCNE\/en-busca-de-la-clasificacion-futbol-varones-sub14\/","og_site_name":"COLEGIO BICENTENARIO NUEVA ESPERANZA","article_published_time":"2023-06-07T19:31:00+00:00","article_modified_time":"2023-07-24T16:32:21+00:00","og_image":[{"url":"https:\/\/colegionuevaesperanza.cl\/wpCNE\/wp-content\/uploads\/2023\/07\/351191974_3351790118484831_8381750731400544875_n-1024x768.jpg","type":"","width":"","height":""}],"twitter_card":"summary_large_image","twitter_misc":{"Escrito por":"","Tiempo de lectura":"3 minutos"},"schema":{"@context":"https:\/\/schema.org","@graph":[{"@type":"Article","@id":"https:\/\/cbne.cl\/wpCNE\/en-busca-de-la-clasificacion-futbol-varones-sub14\/#article","isPartOf":{"@id":"https:\/\/cbne.cl\/wpCNE\/en-busca-de-la-clasificacion-futbol-varones-sub14\/"},"author":{"name":"","@id":""},"headline":"EN BUSCA DE LA CLASIFICACI\u00d3N FUTBOL VARONES SUB14","datePublished":"2023-06-07T19:31:00+00:00","dateModified":"2023-07-24T16:32:21+00:00","mainEntityOfPage":{"@id":"https:\/\/cbne.cl\/wpCNE\/en-busca-de-la-clasificacion-futbol-varones-sub14\/"},"wordCount":156,"commentCount":0,"publisher":{"@id":"https:\/\/cbne.cl\/wpCNE\/#organization"},"image":{"@id":"https:\/\/cbne.cl\/wpCNE\/en-busca-de-la-clasificacion-futbol-varones-sub14\/#primaryimage"},"thumbnailUrl":"https:\/\/colegionuevaesperanza.cl\/wpCNE\/wp-content\/uploads\/2023\/07\/351191974_3351790118484831_8381750731400544875_n-1024x768.jpg","articleSection":["CBNE 2023"],"inLanguage":"es","potentialAction":[{"@type":"CommentAction","name":"Comment","target":["https:\/\/cbne.cl\/wpCNE\/en-busca-de-la-clasificacion-futbol-varones-sub14\/#respond"]}]},{"@type":"WebPage","@id":"https:\/\/cbne.cl\/wpCNE\/en-busca-de-la-clasificacion-futbol-varones-sub14\/","url":"https:\/\/cbne.cl\/wpCNE\/en-busca-de-la-clasificacion-futbol-varones-sub14\/","name":"EN BUSCA DE LA CLASIFICACI\u00d3N FUTBOL VARONES SUB14 - COLEGIO BICENTENARIO NUEVA ESPERANZA","isPartOf":{"@id":"https:\/\/cbne.cl\/wpCNE\/#website"},"primaryImageOfPage":{"@id":"https:\/\/cbne.cl\/wpCNE\/en-busca-de-la-clasificacion-futbol-varones-sub14\/#primaryimage"},"image":{"@id":"https:\/\/cbne.cl\/wpCNE\/en-busca-de-la-clasificacion-futbol-varones-sub14\/#primaryimage"},"thumbnailUrl":"https:\/\/colegionuevaesperanza.cl\/wpCNE\/wp-content\/uploads\/2023\/07\/351191974_3351790118484831_8381750731400544875_n-1024x768.jpg","datePublished":"2023-06-07T19:31:00+00:00","dateModified":"2023-07-24T16:32:21+00:00","breadcrumb":{"@id":"https:\/\/cbne.cl\/wpCNE\/en-busca-de-la-clasificacion-futbol-varones-sub14\/#breadcrumb"},"inLanguage":"es","potentialAction":[{"@type":"ReadAction","target":["https:\/\/cbne.cl\/wpCNE\/en-busca-de-la-clasificacion-futbol-varones-sub14\/"]}]},{"@type":"ImageObject","inLanguage":"es","@id":"https:\/\/cbne.cl\/wpCNE\/en-busca-de-la-clasificacion-futbol-varones-sub14\/#primaryimage","url":"https:\/\/colegionuevaesperanza.cl\/wpCNE\/wp-content\/uploads\/2023\/07\/351191974_3351790118484831_8381750731400544875_n-1024x768.jpg","contentUrl":"https:\/\/colegionuevaesperanza.cl\/wpCNE\/wp-content\/uploads\/2023\/07\/351191974_3351790118484831_8381750731400544875_n-1024x768.jpg"},{"@type":"BreadcrumbList","@id":"https:\/\/cbne.cl\/wpCNE\/en-busca-de-la-clasificacion-futbol-varones-sub14\/#breadcrumb","itemListElement":[{"@type":"ListItem","position":1,"name":"Portada","item":"https:\/\/cbne.cl\/wpCNE\/"},{"@type":"ListItem","position":2,"name":"EN BUSCA DE LA CLASIFICACI\u00d3N FUTBOL VARONES SUB14"}]},{"@type":"WebSite","@id":"https:\/\/cbne.cl\/wpCNE\/#website","url":"https:\/\/cbne.cl\/wpCNE\/","name":"COLEGIO BICENTENARIO NUEVA ESPERANZA","description":"&quot;Educando desde la afectividad&quot;","publisher":{"@id":"https:\/\/cbne.cl\/wpCNE\/#organization"},"potentialAction":[{"@type":"SearchAction","target":{"@type":"EntryPoint","urlTemplate":"https:\/\/cbne.cl\/wpCNE\/?s={search_term_string}"},"query-input":{"@type":"PropertyValueSpecification","valueRequired":true,"valueName":"search_term_string"}}],"inLanguage":"es"},{"@type":"Organization","@id":"https:\/\/cbne.cl\/wpCNE\/#organization","name":"COLEGIO BICENTENARIO NUEVA ESPERANZA","url":"https:\/\/cbne.cl\/wpCNE\/","logo":{"@type":"ImageObject","inLanguage":"es","@id":"https:\/\/cbne.cl\/wpCNE\/#\/schema\/logo\/image\/","url":"https:\/\/cbne.cl\/wpCNE\/wp-content\/uploads\/2020\/07\/cropped-cropped-web150x150.png","contentUrl":"https:\/\/cbne.cl\/wpCNE\/wp-content\/uploads\/2020\/07\/cropped-cropped-web150x150.png","width":150,"height":150,"caption":"COLEGIO BICENTENARIO NUEVA ESPERANZA"},"image":{"@id":"https:\/\/cbne.cl\/wpCNE\/#\/schema\/logo\/image\/"}},{"@type":"Person","@id":"","url":"https:\/\/cbne.cl\/wpCNE\/author\/"}]}},"featured_image_urls":{"full":"","thumbnail":"","medium":"","medium_large":"","large":"","1536x1536":"","2048x2048":"","morenews-large":"","morenews-medium":""},"author_info":{"display_name":"","author_link":"https:\/\/cbne.cl\/wpCNE\/author\/"},"category_info":"<a href=\"https:\/\/cbne.cl\/wpCNE\/category\/cbne2023\/\" rel=\"category tag\">CBNE 2023<\/a>","tag_info":"CBNE 2023","comment_count":"0","_links":{"self":[{"href":"https:\/\/cbne.cl\/wpCNE\/wp-json\/wp\/v2\/posts\/7175","targetHints":{"allow":["GET"]}}],"collection":[{"href":"https:\/\/cbne.cl\/wpCNE\/wp-json\/wp\/v2\/posts"}],"about":[{"href":"https:\/\/cbne.cl\/wpCNE\/wp-json\/wp\/v2\/types\/post"}],"author":[{"embeddable":true,"href":"https:\/\/cbne.cl\/wpCNE\/wp-json\/wp\/v2\/users\/4"}],"replies":[{"embeddable":true,"href":"https:\/\/cbne.cl\/wpCNE\/wp-json\/wp\/v2\/comments?post=7175"}],"version-history":[{"count":1,"href":"https:\/\/cbne.cl\/wpCNE\/wp-json\/wp\/v2\/posts\/7175\/revisions"}],"predecessor-version":[{"id":7177,"href":"https:\/\/cbne.cl\/wpCNE\/wp-json\/wp\/v2\/posts\/7175\/revisions\/7177"}],"wp:attachment":[{"href":"https:\/\/cbne.cl\/wpCNE\/wp-json\/wp\/v2\/media?parent=7175"}],"wp:term":[{"taxonomy":"category","embeddable":true,"href":"https:\/\/cbne.cl\/wpCNE\/wp-json\/wp\/v2\/categories?post=7175"},{"taxonomy":"post_tag","embeddable":true,"href":"https:\/\/cbne.cl\/wpCNE\/wp-json\/wp\/v2\/tags?post=7175"}],"curies":[{"name":"wp","href":"https:\/\/api.w.org\/{rel}","templated":true}]}}