{"id":7165,"date":"2023-06-05T13:25:36","date_gmt":"2023-06-05T16:25:36","guid":{"rendered":"https:\/\/colegionuevaesperanza.cl\/wpCNE\/?p=7165"},"modified":"2023-07-24T13:26:31","modified_gmt":"2023-07-24T16:26:31","slug":"dia-mundial-del-medioambiente","status":"publish","type":"post","link":"https:\/\/cbne.cl\/wpCNE\/dia-mundial-del-medioambiente\/","title":{"rendered":"D\u00cdA MUNDIAL DEL MEDIOAMBIENTE"},"content":{"rendered":"\n<figure class=\"wp-block-image size-large\"><img fetchpriority=\"high\" decoding=\"async\" width=\"1024\" height=\"1024\" src=\"https:\/\/colegionuevaesperanza.cl\/wpCNE\/wp-content\/uploads\/2023\/07\/05-de-Junio-1024x1024.jpg\" alt=\"\" class=\"wp-image-7166\" srcset=\"https:\/\/cbne.cl\/wpCNE\/wp-content\/uploads\/2023\/07\/05-de-Junio-1024x1024.jpg 1024w, https:\/\/cbne.cl\/wpCNE\/wp-content\/uploads\/2023\/07\/05-de-Junio-300x300.jpg 300w, https:\/\/cbne.cl\/wpCNE\/wp-content\/uploads\/2023\/07\/05-de-Junio-150x150.jpg 150w, https:\/\/cbne.cl\/wpCNE\/wp-content\/uploads\/2023\/07\/05-de-Junio-768x768.jpg 768w, https:\/\/cbne.cl\/wpCNE\/wp-content\/uploads\/2023\/07\/05-de-Junio.jpg 1080w\" sizes=\"(max-width: 1024px) 100vw, 1024px\" \/><\/figure>\n\n\n\n<p>Hoy 5 de Junio conmemoramos el D\u00eda Internacional del Medioambiente, instancia donde reflexionamos acerca del cuidado de nuestro planeta y su importancia en nuestras vidas <img decoding=\"async\" height=\"16\" width=\"16\" alt=\"\ud83d\udc9a\" src=\"https:\/\/static.xx.fbcdn.net\/images\/emoji.php\/v9\/ted\/1.5\/16\/1f49a.png\"><\/p>\n\n\n\n<p>Este a\u00f1o marca el 50 aniversario del D\u00eda Mundial del Medio Ambiente, d\u00eda establecido por primera vez por la Asamblea General de las Naciones Unidas en 1972. En los \u00faltimos 50 a\u00f1os, este d\u00eda internacional ha llegado a convertirse en una de las plataformas mundiales con mayor alcance en favor de las causas ambientales. Decenas de millones de personas se han sumado a participar de manera virtual y presencial en actividades, eventos y todo tipo de iniciativas alrededor del mundo <img decoding=\"async\" height=\"16\" width=\"16\" alt=\"\ud83d\udc9a\" src=\"https:\/\/static.xx.fbcdn.net\/images\/emoji.php\/v9\/ted\/1.5\/16\/1f49a.png\"><img decoding=\"async\" height=\"16\" width=\"16\" alt=\"\ud83e\udd70\" src=\"https:\/\/static.xx.fbcdn.net\/images\/emoji.php\/v9\/t43\/1.5\/16\/1f970.png\"><\/p>\n\n\n\n<p>La campa\u00f1a para el D\u00eda Mundial del Medio Ambiente 2023 usar\u00e1 la etiqueta (hashtag) y tema <a href=\"https:\/\/www.facebook.com\/hashtag\/sincontaminaci%C3%B3nporpl%C3%A1sticos?__eep__=6&amp;__cft__[0]=AZWokdrvKSi_vXcvEiVZbcX19hl-q5Scq8expInXvjjgSC4XI5ETBfndgpccydqnrsp_pf12NrCbDUMJIMIUbi11WlLtriPOrDBbu5_YZCDBA2l1jCimowTXUX2GBE__DYjRzAklqHoASaxVZDcO5UKt&amp;__tn__=*NK-R\">#SinContaminaci\u00f3nPorPl\u00e1sticos<\/a><img decoding=\"async\" height=\"16\" width=\"16\" alt=\"\ud83d\udc9a\" src=\"https:\/\/static.xx.fbcdn.net\/images\/emoji.php\/v9\/ted\/1.5\/16\/1f49a.png\"><img loading=\"lazy\" decoding=\"async\" height=\"16\" width=\"16\" alt=\"\ud83d\ude09\" src=\"https:\/\/static.xx.fbcdn.net\/images\/emoji.php\/v9\/tb0\/1.5\/16\/1f609.png\"><\/p>\n","protected":false},"excerpt":{"rendered":"<p>Hoy 5 de Junio conmemoramos el D\u00eda Internacional del Medioambiente, instancia donde reflexionamos acerca del cuidado de nuestro<\/p>\n","protected":false},"author":4,"featured_media":0,"comment_status":"open","ping_status":"closed","sticky":false,"template":"","format":"standard","meta":{"footnotes":""},"categories":[255],"tags":[],"class_list":["post-7165","post","type-post","status-publish","format-standard","hentry","category-cbne2023"],"yoast_head":"<!-- This site is optimized with the Yoast SEO plugin v27.5 - https:\/\/yoast.com\/product\/yoast-seo-wordpress\/ -->\n<title>D\u00cdA MUNDIAL DEL MEDIOAMBIENTE - COLEGIO BICENTENARIO NUEVA ESPERANZA<\/title>\n<meta name=\"robots\" content=\"index, follow, max-snippet:-1, max-image-preview:large, max-video-preview:-1\" \/>\n<link rel=\"canonical\" href=\"https:\/\/cbne.cl\/wpCNE\/dia-mundial-del-medioambiente\/\" \/>\n<meta property=\"og:locale\" content=\"es_ES\" \/>\n<meta property=\"og:type\" content=\"article\" \/>\n<meta property=\"og:title\" content=\"D\u00cdA MUNDIAL DEL MEDIOAMBIENTE - COLEGIO BICENTENARIO NUEVA ESPERANZA\" \/>\n<meta property=\"og:description\" content=\"Hoy 5 de Junio conmemoramos el D\u00eda Internacional del Medioambiente, instancia donde reflexionamos acerca del cuidado de nuestro\" \/>\n<meta property=\"og:url\" content=\"https:\/\/cbne.cl\/wpCNE\/dia-mundial-del-medioambiente\/\" \/>\n<meta property=\"og:site_name\" content=\"COLEGIO BICENTENARIO NUEVA ESPERANZA\" \/>\n<meta property=\"article:published_time\" content=\"2023-06-05T16:25:36+00:00\" \/>\n<meta property=\"article:modified_time\" content=\"2023-07-24T16:26:31+00:00\" \/>\n<meta property=\"og:image\" content=\"https:\/\/colegionuevaesperanza.cl\/wpCNE\/wp-content\/uploads\/2023\/07\/05-de-Junio-1024x1024.jpg\" \/>\n<meta name=\"twitter:card\" content=\"summary_large_image\" \/>\n<meta name=\"twitter:label1\" content=\"Escrito por\" \/>\n\t<meta name=\"twitter:data1\" content=\"\" \/>\n\t<meta name=\"twitter:label2\" content=\"Tiempo de lectura\" \/>\n\t<meta name=\"twitter:data2\" content=\"2 minutos\" \/>\n<script type=\"application\/ld+json\" class=\"yoast-schema-graph\">{\"@context\":\"https:\\\/\\\/schema.org\",\"@graph\":[{\"@type\":\"Article\",\"@id\":\"https:\\\/\\\/cbne.cl\\\/wpCNE\\\/dia-mundial-del-medioambiente\\\/#article\",\"isPartOf\":{\"@id\":\"https:\\\/\\\/cbne.cl\\\/wpCNE\\\/dia-mundial-del-medioambiente\\\/\"},\"author\":{\"name\":\"\",\"@id\":\"\"},\"headline\":\"D\u00cdA MUNDIAL DEL MEDIOAMBIENTE\",\"datePublished\":\"2023-06-05T16:25:36+00:00\",\"dateModified\":\"2023-07-24T16:26:31+00:00\",\"mainEntityOfPage\":{\"@id\":\"https:\\\/\\\/cbne.cl\\\/wpCNE\\\/dia-mundial-del-medioambiente\\\/\"},\"wordCount\":132,\"commentCount\":0,\"publisher\":{\"@id\":\"https:\\\/\\\/cbne.cl\\\/wpCNE\\\/#organization\"},\"image\":{\"@id\":\"https:\\\/\\\/cbne.cl\\\/wpCNE\\\/dia-mundial-del-medioambiente\\\/#primaryimage\"},\"thumbnailUrl\":\"https:\\\/\\\/colegionuevaesperanza.cl\\\/wpCNE\\\/wp-content\\\/uploads\\\/2023\\\/07\\\/05-de-Junio-1024x1024.jpg\",\"articleSection\":[\"CBNE 2023\"],\"inLanguage\":\"es\",\"potentialAction\":[{\"@type\":\"CommentAction\",\"name\":\"Comment\",\"target\":[\"https:\\\/\\\/cbne.cl\\\/wpCNE\\\/dia-mundial-del-medioambiente\\\/#respond\"]}]},{\"@type\":\"WebPage\",\"@id\":\"https:\\\/\\\/cbne.cl\\\/wpCNE\\\/dia-mundial-del-medioambiente\\\/\",\"url\":\"https:\\\/\\\/cbne.cl\\\/wpCNE\\\/dia-mundial-del-medioambiente\\\/\",\"name\":\"D\u00cdA MUNDIAL DEL MEDIOAMBIENTE - COLEGIO BICENTENARIO NUEVA ESPERANZA\",\"isPartOf\":{\"@id\":\"https:\\\/\\\/cbne.cl\\\/wpCNE\\\/#website\"},\"primaryImageOfPage\":{\"@id\":\"https:\\\/\\\/cbne.cl\\\/wpCNE\\\/dia-mundial-del-medioambiente\\\/#primaryimage\"},\"image\":{\"@id\":\"https:\\\/\\\/cbne.cl\\\/wpCNE\\\/dia-mundial-del-medioambiente\\\/#primaryimage\"},\"thumbnailUrl\":\"https:\\\/\\\/colegionuevaesperanza.cl\\\/wpCNE\\\/wp-content\\\/uploads\\\/2023\\\/07\\\/05-de-Junio-1024x1024.jpg\",\"datePublished\":\"2023-06-05T16:25:36+00:00\",\"dateModified\":\"2023-07-24T16:26:31+00:00\",\"breadcrumb\":{\"@id\":\"https:\\\/\\\/cbne.cl\\\/wpCNE\\\/dia-mundial-del-medioambiente\\\/#breadcrumb\"},\"inLanguage\":\"es\",\"potentialAction\":[{\"@type\":\"ReadAction\",\"target\":[\"https:\\\/\\\/cbne.cl\\\/wpCNE\\\/dia-mundial-del-medioambiente\\\/\"]}]},{\"@type\":\"ImageObject\",\"inLanguage\":\"es\",\"@id\":\"https:\\\/\\\/cbne.cl\\\/wpCNE\\\/dia-mundial-del-medioambiente\\\/#primaryimage\",\"url\":\"https:\\\/\\\/colegionuevaesperanza.cl\\\/wpCNE\\\/wp-content\\\/uploads\\\/2023\\\/07\\\/05-de-Junio-1024x1024.jpg\",\"contentUrl\":\"https:\\\/\\\/colegionuevaesperanza.cl\\\/wpCNE\\\/wp-content\\\/uploads\\\/2023\\\/07\\\/05-de-Junio-1024x1024.jpg\"},{\"@type\":\"BreadcrumbList\",\"@id\":\"https:\\\/\\\/cbne.cl\\\/wpCNE\\\/dia-mundial-del-medioambiente\\\/#breadcrumb\",\"itemListElement\":[{\"@type\":\"ListItem\",\"position\":1,\"name\":\"Portada\",\"item\":\"https:\\\/\\\/cbne.cl\\\/wpCNE\\\/\"},{\"@type\":\"ListItem\",\"position\":2,\"name\":\"D\u00cdA MUNDIAL DEL MEDIOAMBIENTE\"}]},{\"@type\":\"WebSite\",\"@id\":\"https:\\\/\\\/cbne.cl\\\/wpCNE\\\/#website\",\"url\":\"https:\\\/\\\/cbne.cl\\\/wpCNE\\\/\",\"name\":\"COLEGIO BICENTENARIO NUEVA ESPERANZA\",\"description\":\"&quot;Educando desde la afectividad&quot;\",\"publisher\":{\"@id\":\"https:\\\/\\\/cbne.cl\\\/wpCNE\\\/#organization\"},\"potentialAction\":[{\"@type\":\"SearchAction\",\"target\":{\"@type\":\"EntryPoint\",\"urlTemplate\":\"https:\\\/\\\/cbne.cl\\\/wpCNE\\\/?s={search_term_string}\"},\"query-input\":{\"@type\":\"PropertyValueSpecification\",\"valueRequired\":true,\"valueName\":\"search_term_string\"}}],\"inLanguage\":\"es\"},{\"@type\":\"Organization\",\"@id\":\"https:\\\/\\\/cbne.cl\\\/wpCNE\\\/#organization\",\"name\":\"COLEGIO BICENTENARIO NUEVA ESPERANZA\",\"url\":\"https:\\\/\\\/cbne.cl\\\/wpCNE\\\/\",\"logo\":{\"@type\":\"ImageObject\",\"inLanguage\":\"es\",\"@id\":\"https:\\\/\\\/cbne.cl\\\/wpCNE\\\/#\\\/schema\\\/logo\\\/image\\\/\",\"url\":\"https:\\\/\\\/cbne.cl\\\/wpCNE\\\/wp-content\\\/uploads\\\/2020\\\/07\\\/cropped-cropped-web150x150.png\",\"contentUrl\":\"https:\\\/\\\/cbne.cl\\\/wpCNE\\\/wp-content\\\/uploads\\\/2020\\\/07\\\/cropped-cropped-web150x150.png\",\"width\":150,\"height\":150,\"caption\":\"COLEGIO BICENTENARIO NUEVA ESPERANZA\"},\"image\":{\"@id\":\"https:\\\/\\\/cbne.cl\\\/wpCNE\\\/#\\\/schema\\\/logo\\\/image\\\/\"}},{\"@type\":\"Person\",\"@id\":\"\",\"url\":\"https:\\\/\\\/cbne.cl\\\/wpCNE\\\/author\\\/\"}]}<\/script>\n<!-- \/ Yoast SEO plugin. -->","yoast_head_json":{"title":"D\u00cdA MUNDIAL DEL MEDIOAMBIENTE - COLEGIO BICENTENARIO NUEVA ESPERANZA","robots":{"index":"index","follow":"follow","max-snippet":"max-snippet:-1","max-image-preview":"max-image-preview:large","max-video-preview":"max-video-preview:-1"},"canonical":"https:\/\/cbne.cl\/wpCNE\/dia-mundial-del-medioambiente\/","og_locale":"es_ES","og_type":"article","og_title":"D\u00cdA MUNDIAL DEL MEDIOAMBIENTE - COLEGIO BICENTENARIO NUEVA ESPERANZA","og_description":"Hoy 5 de Junio conmemoramos el D\u00eda Internacional del Medioambiente, instancia donde reflexionamos acerca del cuidado de nuestro","og_url":"https:\/\/cbne.cl\/wpCNE\/dia-mundial-del-medioambiente\/","og_site_name":"COLEGIO BICENTENARIO NUEVA ESPERANZA","article_published_time":"2023-06-05T16:25:36+00:00","article_modified_time":"2023-07-24T16:26:31+00:00","og_image":[{"url":"https:\/\/colegionuevaesperanza.cl\/wpCNE\/wp-content\/uploads\/2023\/07\/05-de-Junio-1024x1024.jpg","type":"","width":"","height":""}],"twitter_card":"summary_large_image","twitter_misc":{"Escrito por":"","Tiempo de lectura":"2 minutos"},"schema":{"@context":"https:\/\/schema.org","@graph":[{"@type":"Article","@id":"https:\/\/cbne.cl\/wpCNE\/dia-mundial-del-medioambiente\/#article","isPartOf":{"@id":"https:\/\/cbne.cl\/wpCNE\/dia-mundial-del-medioambiente\/"},"author":{"name":"","@id":""},"headline":"D\u00cdA MUNDIAL DEL MEDIOAMBIENTE","datePublished":"2023-06-05T16:25:36+00:00","dateModified":"2023-07-24T16:26:31+00:00","mainEntityOfPage":{"@id":"https:\/\/cbne.cl\/wpCNE\/dia-mundial-del-medioambiente\/"},"wordCount":132,"commentCount":0,"publisher":{"@id":"https:\/\/cbne.cl\/wpCNE\/#organization"},"image":{"@id":"https:\/\/cbne.cl\/wpCNE\/dia-mundial-del-medioambiente\/#primaryimage"},"thumbnailUrl":"https:\/\/colegionuevaesperanza.cl\/wpCNE\/wp-content\/uploads\/2023\/07\/05-de-Junio-1024x1024.jpg","articleSection":["CBNE 2023"],"inLanguage":"es","potentialAction":[{"@type":"CommentAction","name":"Comment","target":["https:\/\/cbne.cl\/wpCNE\/dia-mundial-del-medioambiente\/#respond"]}]},{"@type":"WebPage","@id":"https:\/\/cbne.cl\/wpCNE\/dia-mundial-del-medioambiente\/","url":"https:\/\/cbne.cl\/wpCNE\/dia-mundial-del-medioambiente\/","name":"D\u00cdA MUNDIAL DEL MEDIOAMBIENTE - COLEGIO BICENTENARIO NUEVA ESPERANZA","isPartOf":{"@id":"https:\/\/cbne.cl\/wpCNE\/#website"},"primaryImageOfPage":{"@id":"https:\/\/cbne.cl\/wpCNE\/dia-mundial-del-medioambiente\/#primaryimage"},"image":{"@id":"https:\/\/cbne.cl\/wpCNE\/dia-mundial-del-medioambiente\/#primaryimage"},"thumbnailUrl":"https:\/\/colegionuevaesperanza.cl\/wpCNE\/wp-content\/uploads\/2023\/07\/05-de-Junio-1024x1024.jpg","datePublished":"2023-06-05T16:25:36+00:00","dateModified":"2023-07-24T16:26:31+00:00","breadcrumb":{"@id":"https:\/\/cbne.cl\/wpCNE\/dia-mundial-del-medioambiente\/#breadcrumb"},"inLanguage":"es","potentialAction":[{"@type":"ReadAction","target":["https:\/\/cbne.cl\/wpCNE\/dia-mundial-del-medioambiente\/"]}]},{"@type":"ImageObject","inLanguage":"es","@id":"https:\/\/cbne.cl\/wpCNE\/dia-mundial-del-medioambiente\/#primaryimage","url":"https:\/\/colegionuevaesperanza.cl\/wpCNE\/wp-content\/uploads\/2023\/07\/05-de-Junio-1024x1024.jpg","contentUrl":"https:\/\/colegionuevaesperanza.cl\/wpCNE\/wp-content\/uploads\/2023\/07\/05-de-Junio-1024x1024.jpg"},{"@type":"BreadcrumbList","@id":"https:\/\/cbne.cl\/wpCNE\/dia-mundial-del-medioambiente\/#breadcrumb","itemListElement":[{"@type":"ListItem","position":1,"name":"Portada","item":"https:\/\/cbne.cl\/wpCNE\/"},{"@type":"ListItem","position":2,"name":"D\u00cdA MUNDIAL DEL MEDIOAMBIENTE"}]},{"@type":"WebSite","@id":"https:\/\/cbne.cl\/wpCNE\/#website","url":"https:\/\/cbne.cl\/wpCNE\/","name":"COLEGIO BICENTENARIO NUEVA ESPERANZA","description":"&quot;Educando desde la afectividad&quot;","publisher":{"@id":"https:\/\/cbne.cl\/wpCNE\/#organization"},"potentialAction":[{"@type":"SearchAction","target":{"@type":"EntryPoint","urlTemplate":"https:\/\/cbne.cl\/wpCNE\/?s={search_term_string}"},"query-input":{"@type":"PropertyValueSpecification","valueRequired":true,"valueName":"search_term_string"}}],"inLanguage":"es"},{"@type":"Organization","@id":"https:\/\/cbne.cl\/wpCNE\/#organization","name":"COLEGIO BICENTENARIO NUEVA ESPERANZA","url":"https:\/\/cbne.cl\/wpCNE\/","logo":{"@type":"ImageObject","inLanguage":"es","@id":"https:\/\/cbne.cl\/wpCNE\/#\/schema\/logo\/image\/","url":"https:\/\/cbne.cl\/wpCNE\/wp-content\/uploads\/2020\/07\/cropped-cropped-web150x150.png","contentUrl":"https:\/\/cbne.cl\/wpCNE\/wp-content\/uploads\/2020\/07\/cropped-cropped-web150x150.png","width":150,"height":150,"caption":"COLEGIO BICENTENARIO NUEVA ESPERANZA"},"image":{"@id":"https:\/\/cbne.cl\/wpCNE\/#\/schema\/logo\/image\/"}},{"@type":"Person","@id":"","url":"https:\/\/cbne.cl\/wpCNE\/author\/"}]}},"featured_image_urls":{"full":"","thumbnail":"","medium":"","medium_large":"","large":"","1536x1536":"","2048x2048":"","morenews-large":"","morenews-medium":""},"author_info":{"display_name":"","author_link":"https:\/\/cbne.cl\/wpCNE\/author\/"},"category_info":"<a href=\"https:\/\/cbne.cl\/wpCNE\/category\/cbne2023\/\" rel=\"category tag\">CBNE 2023<\/a>","tag_info":"CBNE 2023","comment_count":"0","_links":{"self":[{"href":"https:\/\/cbne.cl\/wpCNE\/wp-json\/wp\/v2\/posts\/7165","targetHints":{"allow":["GET"]}}],"collection":[{"href":"https:\/\/cbne.cl\/wpCNE\/wp-json\/wp\/v2\/posts"}],"about":[{"href":"https:\/\/cbne.cl\/wpCNE\/wp-json\/wp\/v2\/types\/post"}],"author":[{"embeddable":true,"href":"https:\/\/cbne.cl\/wpCNE\/wp-json\/wp\/v2\/users\/4"}],"replies":[{"embeddable":true,"href":"https:\/\/cbne.cl\/wpCNE\/wp-json\/wp\/v2\/comments?post=7165"}],"version-history":[{"count":1,"href":"https:\/\/cbne.cl\/wpCNE\/wp-json\/wp\/v2\/posts\/7165\/revisions"}],"predecessor-version":[{"id":7167,"href":"https:\/\/cbne.cl\/wpCNE\/wp-json\/wp\/v2\/posts\/7165\/revisions\/7167"}],"wp:attachment":[{"href":"https:\/\/cbne.cl\/wpCNE\/wp-json\/wp\/v2\/media?parent=7165"}],"wp:term":[{"taxonomy":"category","embeddable":true,"href":"https:\/\/cbne.cl\/wpCNE\/wp-json\/wp\/v2\/categories?post=7165"},{"taxonomy":"post_tag","embeddable":true,"href":"https:\/\/cbne.cl\/wpCNE\/wp-json\/wp\/v2\/tags?post=7165"}],"curies":[{"name":"wp","href":"https:\/\/api.w.org\/{rel}","templated":true}]}}