{"id":7113,"date":"2023-05-10T11:06:49","date_gmt":"2023-05-10T14:06:49","guid":{"rendered":"https:\/\/colegionuevaesperanza.cl\/wpCNE\/?p=7113"},"modified":"2023-07-24T11:10:12","modified_gmt":"2023-07-24T14:10:12","slug":"nuestra-gira-de-estudio-cuarto-medio","status":"publish","type":"post","link":"https:\/\/cbne.cl\/wpCNE\/nuestra-gira-de-estudio-cuarto-medio\/","title":{"rendered":"NUESTRA GIRA DE ESTUDIO CUARTO MEDIO"},"content":{"rendered":"\n<figure class=\"wp-block-image size-large\"><img fetchpriority=\"high\" decoding=\"async\" width=\"767\" height=\"1024\" src=\"https:\/\/colegionuevaesperanza.cl\/wpCNE\/wp-content\/uploads\/2023\/07\/346061700_569786725286703_6538038270079098511_n-767x1024.jpg\" alt=\"\" class=\"wp-image-7114\" srcset=\"https:\/\/cbne.cl\/wpCNE\/wp-content\/uploads\/2023\/07\/346061700_569786725286703_6538038270079098511_n-767x1024.jpg 767w, https:\/\/cbne.cl\/wpCNE\/wp-content\/uploads\/2023\/07\/346061700_569786725286703_6538038270079098511_n-225x300.jpg 225w, https:\/\/cbne.cl\/wpCNE\/wp-content\/uploads\/2023\/07\/346061700_569786725286703_6538038270079098511_n-768x1025.jpg 768w, https:\/\/cbne.cl\/wpCNE\/wp-content\/uploads\/2023\/07\/346061700_569786725286703_6538038270079098511_n.jpg 959w\" sizes=\"(max-width: 767px) 100vw, 767px\" \/><\/figure>\n\n\n\n<p>Nos fuimos de vacaciones!! Nuestros estudiantes de 4to medio se fueron de vacaciones gracias al programa Gira de estudios de SERNATUR, hacia la ciudad de Pichilemu <img decoding=\"async\" height=\"16\" width=\"16\" alt=\"\ud83d\ude01\" src=\"https:\/\/static.xx.fbcdn.net\/images\/emoji.php\/v9\/ta8\/1.5\/16\/1f601.png\"><img decoding=\"async\" height=\"16\" width=\"16\" alt=\"\ud83c\udf0a\" src=\"https:\/\/static.xx.fbcdn.net\/images\/emoji.php\/v9\/t15\/1.5\/16\/1f30a.png\"><img loading=\"lazy\" decoding=\"async\" height=\"16\" width=\"16\" alt=\"\ud83c\udfc4\" src=\"https:\/\/static.xx.fbcdn.net\/images\/emoji.php\/v9\/t15\/1.5\/16\/1f3c4.png\">.<\/p>\n\n\n\n<p>Desde el lunes 08 hasta el viernes 12 de mayo nuestros alumnos disfrutar\u00e1n de su \u00faltimo paseo oficial como curso, acompa\u00f1ados de su profesora jefe Paola Palma, profesora coordinadora Mar\u00eda Jos\u00e9 Guerra y el docente Wilson Fonseca <img loading=\"lazy\" decoding=\"async\" height=\"16\" width=\"16\" alt=\"\ud83e\udd70\" src=\"https:\/\/static.xx.fbcdn.net\/images\/emoji.php\/v9\/t43\/1.5\/16\/1f970.png\"><\/p>\n\n\n\n<p>Disfruten muchach@s!! <img loading=\"lazy\" decoding=\"async\" height=\"16\" width=\"16\" alt=\"\ud83d\ude0d\" src=\"https:\/\/static.xx.fbcdn.net\/images\/emoji.php\/v9\/t5b\/1.5\/16\/1f60d.png\"><img loading=\"lazy\" decoding=\"async\" height=\"16\" width=\"16\" alt=\"\ud83d\ude0d\" src=\"https:\/\/static.xx.fbcdn.net\/images\/emoji.php\/v9\/t5b\/1.5\/16\/1f60d.png\"><\/p>\n","protected":false},"excerpt":{"rendered":"<p>Nos fuimos de vacaciones!! Nuestros estudiantes de 4to medio se fueron de vacaciones gracias al programa Gira de<\/p>\n","protected":false},"author":4,"featured_media":0,"comment_status":"open","ping_status":"closed","sticky":false,"template":"","format":"standard","meta":{"footnotes":""},"categories":[255],"tags":[],"class_list":["post-7113","post","type-post","status-publish","format-standard","hentry","category-cbne2023"],"yoast_head":"<!-- This site is optimized with the Yoast SEO plugin v27.5 - https:\/\/yoast.com\/product\/yoast-seo-wordpress\/ -->\n<title>NUESTRA GIRA DE ESTUDIO CUARTO MEDIO - COLEGIO BICENTENARIO NUEVA ESPERANZA<\/title>\n<meta name=\"robots\" content=\"index, follow, max-snippet:-1, max-image-preview:large, max-video-preview:-1\" \/>\n<link rel=\"canonical\" href=\"https:\/\/cbne.cl\/wpCNE\/nuestra-gira-de-estudio-cuarto-medio\/\" \/>\n<meta property=\"og:locale\" content=\"es_ES\" \/>\n<meta property=\"og:type\" content=\"article\" \/>\n<meta property=\"og:title\" content=\"NUESTRA GIRA DE ESTUDIO CUARTO MEDIO - COLEGIO BICENTENARIO NUEVA ESPERANZA\" \/>\n<meta property=\"og:description\" content=\"Nos fuimos de vacaciones!! Nuestros estudiantes de 4to medio se fueron de vacaciones gracias al programa Gira de\" \/>\n<meta property=\"og:url\" content=\"https:\/\/cbne.cl\/wpCNE\/nuestra-gira-de-estudio-cuarto-medio\/\" \/>\n<meta property=\"og:site_name\" content=\"COLEGIO BICENTENARIO NUEVA ESPERANZA\" \/>\n<meta property=\"article:published_time\" content=\"2023-05-10T14:06:49+00:00\" \/>\n<meta property=\"article:modified_time\" content=\"2023-07-24T14:10:12+00:00\" \/>\n<meta property=\"og:image\" content=\"https:\/\/colegionuevaesperanza.cl\/wpCNE\/wp-content\/uploads\/2023\/07\/346061700_569786725286703_6538038270079098511_n-767x1024.jpg\" \/>\n<meta name=\"twitter:card\" content=\"summary_large_image\" \/>\n<meta name=\"twitter:label1\" content=\"Escrito por\" \/>\n\t<meta name=\"twitter:data1\" content=\"\" \/>\n\t<meta name=\"twitter:label2\" content=\"Tiempo de lectura\" \/>\n\t<meta name=\"twitter:data2\" content=\"2 minutos\" \/>\n<script type=\"application\/ld+json\" class=\"yoast-schema-graph\">{\"@context\":\"https:\\\/\\\/schema.org\",\"@graph\":[{\"@type\":\"Article\",\"@id\":\"https:\\\/\\\/cbne.cl\\\/wpCNE\\\/nuestra-gira-de-estudio-cuarto-medio\\\/#article\",\"isPartOf\":{\"@id\":\"https:\\\/\\\/cbne.cl\\\/wpCNE\\\/nuestra-gira-de-estudio-cuarto-medio\\\/\"},\"author\":{\"name\":\"\",\"@id\":\"\"},\"headline\":\"NUESTRA GIRA DE ESTUDIO CUARTO MEDIO\",\"datePublished\":\"2023-05-10T14:06:49+00:00\",\"dateModified\":\"2023-07-24T14:10:12+00:00\",\"mainEntityOfPage\":{\"@id\":\"https:\\\/\\\/cbne.cl\\\/wpCNE\\\/nuestra-gira-de-estudio-cuarto-medio\\\/\"},\"wordCount\":73,\"commentCount\":0,\"publisher\":{\"@id\":\"https:\\\/\\\/cbne.cl\\\/wpCNE\\\/#organization\"},\"image\":{\"@id\":\"https:\\\/\\\/cbne.cl\\\/wpCNE\\\/nuestra-gira-de-estudio-cuarto-medio\\\/#primaryimage\"},\"thumbnailUrl\":\"https:\\\/\\\/colegionuevaesperanza.cl\\\/wpCNE\\\/wp-content\\\/uploads\\\/2023\\\/07\\\/346061700_569786725286703_6538038270079098511_n-767x1024.jpg\",\"articleSection\":[\"CBNE 2023\"],\"inLanguage\":\"es\",\"potentialAction\":[{\"@type\":\"CommentAction\",\"name\":\"Comment\",\"target\":[\"https:\\\/\\\/cbne.cl\\\/wpCNE\\\/nuestra-gira-de-estudio-cuarto-medio\\\/#respond\"]}]},{\"@type\":\"WebPage\",\"@id\":\"https:\\\/\\\/cbne.cl\\\/wpCNE\\\/nuestra-gira-de-estudio-cuarto-medio\\\/\",\"url\":\"https:\\\/\\\/cbne.cl\\\/wpCNE\\\/nuestra-gira-de-estudio-cuarto-medio\\\/\",\"name\":\"NUESTRA GIRA DE ESTUDIO CUARTO MEDIO - COLEGIO BICENTENARIO NUEVA ESPERANZA\",\"isPartOf\":{\"@id\":\"https:\\\/\\\/cbne.cl\\\/wpCNE\\\/#website\"},\"primaryImageOfPage\":{\"@id\":\"https:\\\/\\\/cbne.cl\\\/wpCNE\\\/nuestra-gira-de-estudio-cuarto-medio\\\/#primaryimage\"},\"image\":{\"@id\":\"https:\\\/\\\/cbne.cl\\\/wpCNE\\\/nuestra-gira-de-estudio-cuarto-medio\\\/#primaryimage\"},\"thumbnailUrl\":\"https:\\\/\\\/colegionuevaesperanza.cl\\\/wpCNE\\\/wp-content\\\/uploads\\\/2023\\\/07\\\/346061700_569786725286703_6538038270079098511_n-767x1024.jpg\",\"datePublished\":\"2023-05-10T14:06:49+00:00\",\"dateModified\":\"2023-07-24T14:10:12+00:00\",\"breadcrumb\":{\"@id\":\"https:\\\/\\\/cbne.cl\\\/wpCNE\\\/nuestra-gira-de-estudio-cuarto-medio\\\/#breadcrumb\"},\"inLanguage\":\"es\",\"potentialAction\":[{\"@type\":\"ReadAction\",\"target\":[\"https:\\\/\\\/cbne.cl\\\/wpCNE\\\/nuestra-gira-de-estudio-cuarto-medio\\\/\"]}]},{\"@type\":\"ImageObject\",\"inLanguage\":\"es\",\"@id\":\"https:\\\/\\\/cbne.cl\\\/wpCNE\\\/nuestra-gira-de-estudio-cuarto-medio\\\/#primaryimage\",\"url\":\"https:\\\/\\\/colegionuevaesperanza.cl\\\/wpCNE\\\/wp-content\\\/uploads\\\/2023\\\/07\\\/346061700_569786725286703_6538038270079098511_n-767x1024.jpg\",\"contentUrl\":\"https:\\\/\\\/colegionuevaesperanza.cl\\\/wpCNE\\\/wp-content\\\/uploads\\\/2023\\\/07\\\/346061700_569786725286703_6538038270079098511_n-767x1024.jpg\"},{\"@type\":\"BreadcrumbList\",\"@id\":\"https:\\\/\\\/cbne.cl\\\/wpCNE\\\/nuestra-gira-de-estudio-cuarto-medio\\\/#breadcrumb\",\"itemListElement\":[{\"@type\":\"ListItem\",\"position\":1,\"name\":\"Portada\",\"item\":\"https:\\\/\\\/cbne.cl\\\/wpCNE\\\/\"},{\"@type\":\"ListItem\",\"position\":2,\"name\":\"NUESTRA GIRA DE ESTUDIO CUARTO MEDIO\"}]},{\"@type\":\"WebSite\",\"@id\":\"https:\\\/\\\/cbne.cl\\\/wpCNE\\\/#website\",\"url\":\"https:\\\/\\\/cbne.cl\\\/wpCNE\\\/\",\"name\":\"COLEGIO BICENTENARIO NUEVA ESPERANZA\",\"description\":\"&quot;Educando desde la afectividad&quot;\",\"publisher\":{\"@id\":\"https:\\\/\\\/cbne.cl\\\/wpCNE\\\/#organization\"},\"potentialAction\":[{\"@type\":\"SearchAction\",\"target\":{\"@type\":\"EntryPoint\",\"urlTemplate\":\"https:\\\/\\\/cbne.cl\\\/wpCNE\\\/?s={search_term_string}\"},\"query-input\":{\"@type\":\"PropertyValueSpecification\",\"valueRequired\":true,\"valueName\":\"search_term_string\"}}],\"inLanguage\":\"es\"},{\"@type\":\"Organization\",\"@id\":\"https:\\\/\\\/cbne.cl\\\/wpCNE\\\/#organization\",\"name\":\"COLEGIO BICENTENARIO NUEVA ESPERANZA\",\"url\":\"https:\\\/\\\/cbne.cl\\\/wpCNE\\\/\",\"logo\":{\"@type\":\"ImageObject\",\"inLanguage\":\"es\",\"@id\":\"https:\\\/\\\/cbne.cl\\\/wpCNE\\\/#\\\/schema\\\/logo\\\/image\\\/\",\"url\":\"https:\\\/\\\/cbne.cl\\\/wpCNE\\\/wp-content\\\/uploads\\\/2020\\\/07\\\/cropped-cropped-web150x150.png\",\"contentUrl\":\"https:\\\/\\\/cbne.cl\\\/wpCNE\\\/wp-content\\\/uploads\\\/2020\\\/07\\\/cropped-cropped-web150x150.png\",\"width\":150,\"height\":150,\"caption\":\"COLEGIO BICENTENARIO NUEVA ESPERANZA\"},\"image\":{\"@id\":\"https:\\\/\\\/cbne.cl\\\/wpCNE\\\/#\\\/schema\\\/logo\\\/image\\\/\"}},{\"@type\":\"Person\",\"@id\":\"\",\"url\":\"https:\\\/\\\/cbne.cl\\\/wpCNE\\\/author\\\/\"}]}<\/script>\n<!-- \/ Yoast SEO plugin. -->","yoast_head_json":{"title":"NUESTRA GIRA DE ESTUDIO CUARTO MEDIO - COLEGIO BICENTENARIO NUEVA ESPERANZA","robots":{"index":"index","follow":"follow","max-snippet":"max-snippet:-1","max-image-preview":"max-image-preview:large","max-video-preview":"max-video-preview:-1"},"canonical":"https:\/\/cbne.cl\/wpCNE\/nuestra-gira-de-estudio-cuarto-medio\/","og_locale":"es_ES","og_type":"article","og_title":"NUESTRA GIRA DE ESTUDIO CUARTO MEDIO - COLEGIO BICENTENARIO NUEVA ESPERANZA","og_description":"Nos fuimos de vacaciones!! Nuestros estudiantes de 4to medio se fueron de vacaciones gracias al programa Gira de","og_url":"https:\/\/cbne.cl\/wpCNE\/nuestra-gira-de-estudio-cuarto-medio\/","og_site_name":"COLEGIO BICENTENARIO NUEVA ESPERANZA","article_published_time":"2023-05-10T14:06:49+00:00","article_modified_time":"2023-07-24T14:10:12+00:00","og_image":[{"url":"https:\/\/colegionuevaesperanza.cl\/wpCNE\/wp-content\/uploads\/2023\/07\/346061700_569786725286703_6538038270079098511_n-767x1024.jpg","type":"","width":"","height":""}],"twitter_card":"summary_large_image","twitter_misc":{"Escrito por":"","Tiempo de lectura":"2 minutos"},"schema":{"@context":"https:\/\/schema.org","@graph":[{"@type":"Article","@id":"https:\/\/cbne.cl\/wpCNE\/nuestra-gira-de-estudio-cuarto-medio\/#article","isPartOf":{"@id":"https:\/\/cbne.cl\/wpCNE\/nuestra-gira-de-estudio-cuarto-medio\/"},"author":{"name":"","@id":""},"headline":"NUESTRA GIRA DE ESTUDIO CUARTO MEDIO","datePublished":"2023-05-10T14:06:49+00:00","dateModified":"2023-07-24T14:10:12+00:00","mainEntityOfPage":{"@id":"https:\/\/cbne.cl\/wpCNE\/nuestra-gira-de-estudio-cuarto-medio\/"},"wordCount":73,"commentCount":0,"publisher":{"@id":"https:\/\/cbne.cl\/wpCNE\/#organization"},"image":{"@id":"https:\/\/cbne.cl\/wpCNE\/nuestra-gira-de-estudio-cuarto-medio\/#primaryimage"},"thumbnailUrl":"https:\/\/colegionuevaesperanza.cl\/wpCNE\/wp-content\/uploads\/2023\/07\/346061700_569786725286703_6538038270079098511_n-767x1024.jpg","articleSection":["CBNE 2023"],"inLanguage":"es","potentialAction":[{"@type":"CommentAction","name":"Comment","target":["https:\/\/cbne.cl\/wpCNE\/nuestra-gira-de-estudio-cuarto-medio\/#respond"]}]},{"@type":"WebPage","@id":"https:\/\/cbne.cl\/wpCNE\/nuestra-gira-de-estudio-cuarto-medio\/","url":"https:\/\/cbne.cl\/wpCNE\/nuestra-gira-de-estudio-cuarto-medio\/","name":"NUESTRA GIRA DE ESTUDIO CUARTO MEDIO - COLEGIO BICENTENARIO NUEVA ESPERANZA","isPartOf":{"@id":"https:\/\/cbne.cl\/wpCNE\/#website"},"primaryImageOfPage":{"@id":"https:\/\/cbne.cl\/wpCNE\/nuestra-gira-de-estudio-cuarto-medio\/#primaryimage"},"image":{"@id":"https:\/\/cbne.cl\/wpCNE\/nuestra-gira-de-estudio-cuarto-medio\/#primaryimage"},"thumbnailUrl":"https:\/\/colegionuevaesperanza.cl\/wpCNE\/wp-content\/uploads\/2023\/07\/346061700_569786725286703_6538038270079098511_n-767x1024.jpg","datePublished":"2023-05-10T14:06:49+00:00","dateModified":"2023-07-24T14:10:12+00:00","breadcrumb":{"@id":"https:\/\/cbne.cl\/wpCNE\/nuestra-gira-de-estudio-cuarto-medio\/#breadcrumb"},"inLanguage":"es","potentialAction":[{"@type":"ReadAction","target":["https:\/\/cbne.cl\/wpCNE\/nuestra-gira-de-estudio-cuarto-medio\/"]}]},{"@type":"ImageObject","inLanguage":"es","@id":"https:\/\/cbne.cl\/wpCNE\/nuestra-gira-de-estudio-cuarto-medio\/#primaryimage","url":"https:\/\/colegionuevaesperanza.cl\/wpCNE\/wp-content\/uploads\/2023\/07\/346061700_569786725286703_6538038270079098511_n-767x1024.jpg","contentUrl":"https:\/\/colegionuevaesperanza.cl\/wpCNE\/wp-content\/uploads\/2023\/07\/346061700_569786725286703_6538038270079098511_n-767x1024.jpg"},{"@type":"BreadcrumbList","@id":"https:\/\/cbne.cl\/wpCNE\/nuestra-gira-de-estudio-cuarto-medio\/#breadcrumb","itemListElement":[{"@type":"ListItem","position":1,"name":"Portada","item":"https:\/\/cbne.cl\/wpCNE\/"},{"@type":"ListItem","position":2,"name":"NUESTRA GIRA DE ESTUDIO CUARTO MEDIO"}]},{"@type":"WebSite","@id":"https:\/\/cbne.cl\/wpCNE\/#website","url":"https:\/\/cbne.cl\/wpCNE\/","name":"COLEGIO BICENTENARIO NUEVA ESPERANZA","description":"&quot;Educando desde la afectividad&quot;","publisher":{"@id":"https:\/\/cbne.cl\/wpCNE\/#organization"},"potentialAction":[{"@type":"SearchAction","target":{"@type":"EntryPoint","urlTemplate":"https:\/\/cbne.cl\/wpCNE\/?s={search_term_string}"},"query-input":{"@type":"PropertyValueSpecification","valueRequired":true,"valueName":"search_term_string"}}],"inLanguage":"es"},{"@type":"Organization","@id":"https:\/\/cbne.cl\/wpCNE\/#organization","name":"COLEGIO BICENTENARIO NUEVA ESPERANZA","url":"https:\/\/cbne.cl\/wpCNE\/","logo":{"@type":"ImageObject","inLanguage":"es","@id":"https:\/\/cbne.cl\/wpCNE\/#\/schema\/logo\/image\/","url":"https:\/\/cbne.cl\/wpCNE\/wp-content\/uploads\/2020\/07\/cropped-cropped-web150x150.png","contentUrl":"https:\/\/cbne.cl\/wpCNE\/wp-content\/uploads\/2020\/07\/cropped-cropped-web150x150.png","width":150,"height":150,"caption":"COLEGIO BICENTENARIO NUEVA ESPERANZA"},"image":{"@id":"https:\/\/cbne.cl\/wpCNE\/#\/schema\/logo\/image\/"}},{"@type":"Person","@id":"","url":"https:\/\/cbne.cl\/wpCNE\/author\/"}]}},"featured_image_urls":{"full":"","thumbnail":"","medium":"","medium_large":"","large":"","1536x1536":"","2048x2048":"","morenews-large":"","morenews-medium":""},"author_info":{"display_name":"","author_link":"https:\/\/cbne.cl\/wpCNE\/author\/"},"category_info":"<a href=\"https:\/\/cbne.cl\/wpCNE\/category\/cbne2023\/\" rel=\"category tag\">CBNE 2023<\/a>","tag_info":"CBNE 2023","comment_count":"0","_links":{"self":[{"href":"https:\/\/cbne.cl\/wpCNE\/wp-json\/wp\/v2\/posts\/7113","targetHints":{"allow":["GET"]}}],"collection":[{"href":"https:\/\/cbne.cl\/wpCNE\/wp-json\/wp\/v2\/posts"}],"about":[{"href":"https:\/\/cbne.cl\/wpCNE\/wp-json\/wp\/v2\/types\/post"}],"author":[{"embeddable":true,"href":"https:\/\/cbne.cl\/wpCNE\/wp-json\/wp\/v2\/users\/4"}],"replies":[{"embeddable":true,"href":"https:\/\/cbne.cl\/wpCNE\/wp-json\/wp\/v2\/comments?post=7113"}],"version-history":[{"count":1,"href":"https:\/\/cbne.cl\/wpCNE\/wp-json\/wp\/v2\/posts\/7113\/revisions"}],"predecessor-version":[{"id":7115,"href":"https:\/\/cbne.cl\/wpCNE\/wp-json\/wp\/v2\/posts\/7113\/revisions\/7115"}],"wp:attachment":[{"href":"https:\/\/cbne.cl\/wpCNE\/wp-json\/wp\/v2\/media?parent=7113"}],"wp:term":[{"taxonomy":"category","embeddable":true,"href":"https:\/\/cbne.cl\/wpCNE\/wp-json\/wp\/v2\/categories?post=7113"},{"taxonomy":"post_tag","embeddable":true,"href":"https:\/\/cbne.cl\/wpCNE\/wp-json\/wp\/v2\/tags?post=7113"}],"curies":[{"name":"wp","href":"https:\/\/api.w.org\/{rel}","templated":true}]}}