{"id":7053,"date":"2023-04-21T12:41:29","date_gmt":"2023-04-21T15:41:29","guid":{"rendered":"https:\/\/colegionuevaesperanza.cl\/wpCNE\/?p=7053"},"modified":"2023-04-24T12:42:38","modified_gmt":"2023-04-24T15:42:38","slug":"soltando-la-creatividad-con-los-comics-junto-a-sergio-amira","status":"publish","type":"post","link":"https:\/\/cbne.cl\/wpCNE\/soltando-la-creatividad-con-los-comics-junto-a-sergio-amira\/","title":{"rendered":"SOLTANDO LA CREATIVIDAD CON LOS COMICS, JUNTO A SERGIO AMIRA"},"content":{"rendered":"\n<figure class=\"wp-block-image size-large\"><img fetchpriority=\"high\" decoding=\"async\" width=\"1024\" height=\"683\" src=\"https:\/\/colegionuevaesperanza.cl\/wpCNE\/wp-content\/uploads\/2023\/04\/IMG_0268-1024x683.jpg\" alt=\"\" class=\"wp-image-7054\" srcset=\"https:\/\/cbne.cl\/wpCNE\/wp-content\/uploads\/2023\/04\/IMG_0268-1024x683.jpg 1024w, https:\/\/cbne.cl\/wpCNE\/wp-content\/uploads\/2023\/04\/IMG_0268-300x200.jpg 300w, https:\/\/cbne.cl\/wpCNE\/wp-content\/uploads\/2023\/04\/IMG_0268-768x512.jpg 768w, https:\/\/cbne.cl\/wpCNE\/wp-content\/uploads\/2023\/04\/IMG_0268-1536x1024.jpg 1536w, https:\/\/cbne.cl\/wpCNE\/wp-content\/uploads\/2023\/04\/IMG_0268-2048x1365.jpg 2048w\" sizes=\"(max-width: 1024px) 100vw, 1024px\" \/><\/figure>\n\n\n\n<p>\u00bfConoc\u00edas la importancia de los comics? La hip\u00f3tesis inicial que ten\u00edan los estudiantes el d\u00eda de ayer jueves se resolvi\u00f3 con el \u00abTaller te\u00f3rico y pr\u00e1ctico de comics\u00bb, a cargo de Sergio Amira, pintor, escritor, traductor y docente de nuestro pa\u00eds, quien lleg\u00f3 a nuestro colegio para fomentar la importancia de la literatura en comics <img decoding=\"async\" height=\"16\" width=\"16\" src=\"https:\/\/static.xx.fbcdn.net\/images\/emoji.php\/v9\/ta8\/1.5\/16\/1f601.png\" alt=\"\ud83d\ude01\"><\/p>\n\n\n\n<figure class=\"wp-block-image size-large\"><img decoding=\"async\" width=\"1024\" height=\"683\" src=\"https:\/\/colegionuevaesperanza.cl\/wpCNE\/wp-content\/uploads\/2023\/04\/IMG_0262-1024x683.jpg\" alt=\"\" class=\"wp-image-7055\" srcset=\"https:\/\/cbne.cl\/wpCNE\/wp-content\/uploads\/2023\/04\/IMG_0262-1024x683.jpg 1024w, https:\/\/cbne.cl\/wpCNE\/wp-content\/uploads\/2023\/04\/IMG_0262-300x200.jpg 300w, https:\/\/cbne.cl\/wpCNE\/wp-content\/uploads\/2023\/04\/IMG_0262-768x512.jpg 768w, https:\/\/cbne.cl\/wpCNE\/wp-content\/uploads\/2023\/04\/IMG_0262-1536x1024.jpg 1536w, https:\/\/cbne.cl\/wpCNE\/wp-content\/uploads\/2023\/04\/IMG_0262-2048x1365.jpg 2048w\" sizes=\"(max-width: 1024px) 100vw, 1024px\" \/><\/figure>\n\n\n\n<figure class=\"wp-block-image size-large\"><img loading=\"lazy\" decoding=\"async\" width=\"1024\" height=\"683\" src=\"https:\/\/colegionuevaesperanza.cl\/wpCNE\/wp-content\/uploads\/2023\/04\/DSC_0546-1024x683.jpg\" alt=\"\" class=\"wp-image-7056\" srcset=\"https:\/\/cbne.cl\/wpCNE\/wp-content\/uploads\/2023\/04\/DSC_0546-1024x683.jpg 1024w, https:\/\/cbne.cl\/wpCNE\/wp-content\/uploads\/2023\/04\/DSC_0546-300x200.jpg 300w, https:\/\/cbne.cl\/wpCNE\/wp-content\/uploads\/2023\/04\/DSC_0546-768x512.jpg 768w, https:\/\/cbne.cl\/wpCNE\/wp-content\/uploads\/2023\/04\/DSC_0546-1536x1024.jpg 1536w, https:\/\/cbne.cl\/wpCNE\/wp-content\/uploads\/2023\/04\/DSC_0546-2048x1365.jpg 2048w\" sizes=\"(max-width: 1024px) 100vw, 1024px\" \/><\/figure>\n\n\n\n<p>\u00bfConoc\u00edas la importancia de los comics? La hip\u00f3tesis inicial que ten\u00edan los estudiantes el d\u00eda de ayer jueves se resolvi\u00f3 con el \u00abTaller te\u00f3rico y pr\u00e1ctico de comics\u00bb, a cargo de Sergio Amira, pintor, escritor, traductor y docente de nuestro pa\u00eds, quien lleg\u00f3 a nuestro colegio para fomentar la importancia de la literatura en comics <img loading=\"lazy\" decoding=\"async\" height=\"16\" width=\"16\" alt=\"\ud83d\ude01\" src=\"https:\/\/static.xx.fbcdn.net\/images\/emoji.php\/v9\/ta8\/1.5\/16\/1f601.png\"><\/p>\n\n\n\n<p>La intensa jornada de ayer jueves culmin\u00f3 con un taller para docentes, en el Sal\u00f3n de la biblioteca municipal, con profesores de los distintos establecimientos de la comuna. \u00bfC\u00f3mo podemos utilizar los comics como herramienta pedag\u00f3gica? Era la interrogante que fue resuelta por el escritor <img loading=\"lazy\" decoding=\"async\" height=\"16\" width=\"16\" alt=\"\ud83d\ude01\" src=\"https:\/\/static.xx.fbcdn.net\/images\/emoji.php\/v9\/ta8\/1.5\/16\/1f601.png\">.<\/p>\n\n\n\n<p>Agradecemos a todos los docentes por su participaci\u00f3n, en especial a Sergio Amira, quien nos entreg\u00f3 herramientas de educabilidad para todos nuestros profesores <img loading=\"lazy\" decoding=\"async\" height=\"16\" width=\"16\" alt=\"\ud83d\ude0d\" src=\"https:\/\/static.xx.fbcdn.net\/images\/emoji.php\/v9\/t5b\/1.5\/16\/1f60d.png\"><\/p>\n","protected":false},"excerpt":{"rendered":"<p>\u00bfConoc\u00edas la importancia de los comics? La hip\u00f3tesis inicial que ten\u00edan los estudiantes el d\u00eda de ayer jueves<\/p>\n","protected":false},"author":4,"featured_media":0,"comment_status":"open","ping_status":"closed","sticky":false,"template":"","format":"standard","meta":{"footnotes":""},"categories":[255],"tags":[],"class_list":["post-7053","post","type-post","status-publish","format-standard","hentry","category-cbne2023"],"yoast_head":"<!-- This site is optimized with the Yoast SEO plugin v27.5 - https:\/\/yoast.com\/product\/yoast-seo-wordpress\/ -->\n<title>SOLTANDO LA CREATIVIDAD CON LOS COMICS, JUNTO A SERGIO AMIRA - COLEGIO BICENTENARIO NUEVA ESPERANZA<\/title>\n<meta name=\"robots\" content=\"index, follow, max-snippet:-1, max-image-preview:large, max-video-preview:-1\" \/>\n<link rel=\"canonical\" href=\"https:\/\/cbne.cl\/wpCNE\/soltando-la-creatividad-con-los-comics-junto-a-sergio-amira\/\" \/>\n<meta property=\"og:locale\" content=\"es_ES\" \/>\n<meta property=\"og:type\" content=\"article\" \/>\n<meta property=\"og:title\" content=\"SOLTANDO LA CREATIVIDAD CON LOS COMICS, JUNTO A SERGIO AMIRA - COLEGIO BICENTENARIO NUEVA ESPERANZA\" \/>\n<meta property=\"og:description\" content=\"\u00bfConoc\u00edas la importancia de los comics? La hip\u00f3tesis inicial que ten\u00edan los estudiantes el d\u00eda de ayer jueves\" \/>\n<meta property=\"og:url\" content=\"https:\/\/cbne.cl\/wpCNE\/soltando-la-creatividad-con-los-comics-junto-a-sergio-amira\/\" \/>\n<meta property=\"og:site_name\" content=\"COLEGIO BICENTENARIO NUEVA ESPERANZA\" \/>\n<meta property=\"article:published_time\" content=\"2023-04-21T15:41:29+00:00\" \/>\n<meta property=\"article:modified_time\" content=\"2023-04-24T15:42:38+00:00\" \/>\n<meta property=\"og:image\" content=\"https:\/\/colegionuevaesperanza.cl\/wpCNE\/wp-content\/uploads\/2023\/04\/IMG_0268-1024x683.jpg\" \/>\n<meta name=\"twitter:card\" content=\"summary_large_image\" \/>\n<meta name=\"twitter:label1\" content=\"Escrito por\" \/>\n\t<meta name=\"twitter:data1\" content=\"\" \/>\n\t<meta name=\"twitter:label2\" content=\"Tiempo de lectura\" \/>\n\t<meta name=\"twitter:data2\" content=\"3 minutos\" \/>\n<script type=\"application\/ld+json\" class=\"yoast-schema-graph\">{\"@context\":\"https:\\\/\\\/schema.org\",\"@graph\":[{\"@type\":\"Article\",\"@id\":\"https:\\\/\\\/cbne.cl\\\/wpCNE\\\/soltando-la-creatividad-con-los-comics-junto-a-sergio-amira\\\/#article\",\"isPartOf\":{\"@id\":\"https:\\\/\\\/cbne.cl\\\/wpCNE\\\/soltando-la-creatividad-con-los-comics-junto-a-sergio-amira\\\/\"},\"author\":{\"name\":\"\",\"@id\":\"\"},\"headline\":\"SOLTANDO LA CREATIVIDAD CON LOS COMICS, JUNTO A SERGIO AMIRA\",\"datePublished\":\"2023-04-21T15:41:29+00:00\",\"dateModified\":\"2023-04-24T15:42:38+00:00\",\"mainEntityOfPage\":{\"@id\":\"https:\\\/\\\/cbne.cl\\\/wpCNE\\\/soltando-la-creatividad-con-los-comics-junto-a-sergio-amira\\\/\"},\"wordCount\":206,\"commentCount\":0,\"publisher\":{\"@id\":\"https:\\\/\\\/cbne.cl\\\/wpCNE\\\/#organization\"},\"image\":{\"@id\":\"https:\\\/\\\/cbne.cl\\\/wpCNE\\\/soltando-la-creatividad-con-los-comics-junto-a-sergio-amira\\\/#primaryimage\"},\"thumbnailUrl\":\"https:\\\/\\\/colegionuevaesperanza.cl\\\/wpCNE\\\/wp-content\\\/uploads\\\/2023\\\/04\\\/IMG_0268-1024x683.jpg\",\"articleSection\":[\"CBNE 2023\"],\"inLanguage\":\"es\",\"potentialAction\":[{\"@type\":\"CommentAction\",\"name\":\"Comment\",\"target\":[\"https:\\\/\\\/cbne.cl\\\/wpCNE\\\/soltando-la-creatividad-con-los-comics-junto-a-sergio-amira\\\/#respond\"]}]},{\"@type\":\"WebPage\",\"@id\":\"https:\\\/\\\/cbne.cl\\\/wpCNE\\\/soltando-la-creatividad-con-los-comics-junto-a-sergio-amira\\\/\",\"url\":\"https:\\\/\\\/cbne.cl\\\/wpCNE\\\/soltando-la-creatividad-con-los-comics-junto-a-sergio-amira\\\/\",\"name\":\"SOLTANDO LA CREATIVIDAD CON LOS COMICS, JUNTO A SERGIO AMIRA - COLEGIO BICENTENARIO NUEVA ESPERANZA\",\"isPartOf\":{\"@id\":\"https:\\\/\\\/cbne.cl\\\/wpCNE\\\/#website\"},\"primaryImageOfPage\":{\"@id\":\"https:\\\/\\\/cbne.cl\\\/wpCNE\\\/soltando-la-creatividad-con-los-comics-junto-a-sergio-amira\\\/#primaryimage\"},\"image\":{\"@id\":\"https:\\\/\\\/cbne.cl\\\/wpCNE\\\/soltando-la-creatividad-con-los-comics-junto-a-sergio-amira\\\/#primaryimage\"},\"thumbnailUrl\":\"https:\\\/\\\/colegionuevaesperanza.cl\\\/wpCNE\\\/wp-content\\\/uploads\\\/2023\\\/04\\\/IMG_0268-1024x683.jpg\",\"datePublished\":\"2023-04-21T15:41:29+00:00\",\"dateModified\":\"2023-04-24T15:42:38+00:00\",\"breadcrumb\":{\"@id\":\"https:\\\/\\\/cbne.cl\\\/wpCNE\\\/soltando-la-creatividad-con-los-comics-junto-a-sergio-amira\\\/#breadcrumb\"},\"inLanguage\":\"es\",\"potentialAction\":[{\"@type\":\"ReadAction\",\"target\":[\"https:\\\/\\\/cbne.cl\\\/wpCNE\\\/soltando-la-creatividad-con-los-comics-junto-a-sergio-amira\\\/\"]}]},{\"@type\":\"ImageObject\",\"inLanguage\":\"es\",\"@id\":\"https:\\\/\\\/cbne.cl\\\/wpCNE\\\/soltando-la-creatividad-con-los-comics-junto-a-sergio-amira\\\/#primaryimage\",\"url\":\"https:\\\/\\\/colegionuevaesperanza.cl\\\/wpCNE\\\/wp-content\\\/uploads\\\/2023\\\/04\\\/IMG_0268-1024x683.jpg\",\"contentUrl\":\"https:\\\/\\\/colegionuevaesperanza.cl\\\/wpCNE\\\/wp-content\\\/uploads\\\/2023\\\/04\\\/IMG_0268-1024x683.jpg\"},{\"@type\":\"BreadcrumbList\",\"@id\":\"https:\\\/\\\/cbne.cl\\\/wpCNE\\\/soltando-la-creatividad-con-los-comics-junto-a-sergio-amira\\\/#breadcrumb\",\"itemListElement\":[{\"@type\":\"ListItem\",\"position\":1,\"name\":\"Portada\",\"item\":\"https:\\\/\\\/cbne.cl\\\/wpCNE\\\/\"},{\"@type\":\"ListItem\",\"position\":2,\"name\":\"SOLTANDO LA CREATIVIDAD CON LOS COMICS, JUNTO A SERGIO AMIRA\"}]},{\"@type\":\"WebSite\",\"@id\":\"https:\\\/\\\/cbne.cl\\\/wpCNE\\\/#website\",\"url\":\"https:\\\/\\\/cbne.cl\\\/wpCNE\\\/\",\"name\":\"COLEGIO BICENTENARIO NUEVA ESPERANZA\",\"description\":\"&quot;Educando desde la afectividad&quot;\",\"publisher\":{\"@id\":\"https:\\\/\\\/cbne.cl\\\/wpCNE\\\/#organization\"},\"potentialAction\":[{\"@type\":\"SearchAction\",\"target\":{\"@type\":\"EntryPoint\",\"urlTemplate\":\"https:\\\/\\\/cbne.cl\\\/wpCNE\\\/?s={search_term_string}\"},\"query-input\":{\"@type\":\"PropertyValueSpecification\",\"valueRequired\":true,\"valueName\":\"search_term_string\"}}],\"inLanguage\":\"es\"},{\"@type\":\"Organization\",\"@id\":\"https:\\\/\\\/cbne.cl\\\/wpCNE\\\/#organization\",\"name\":\"COLEGIO BICENTENARIO NUEVA ESPERANZA\",\"url\":\"https:\\\/\\\/cbne.cl\\\/wpCNE\\\/\",\"logo\":{\"@type\":\"ImageObject\",\"inLanguage\":\"es\",\"@id\":\"https:\\\/\\\/cbne.cl\\\/wpCNE\\\/#\\\/schema\\\/logo\\\/image\\\/\",\"url\":\"https:\\\/\\\/cbne.cl\\\/wpCNE\\\/wp-content\\\/uploads\\\/2020\\\/07\\\/cropped-cropped-web150x150.png\",\"contentUrl\":\"https:\\\/\\\/cbne.cl\\\/wpCNE\\\/wp-content\\\/uploads\\\/2020\\\/07\\\/cropped-cropped-web150x150.png\",\"width\":150,\"height\":150,\"caption\":\"COLEGIO BICENTENARIO NUEVA ESPERANZA\"},\"image\":{\"@id\":\"https:\\\/\\\/cbne.cl\\\/wpCNE\\\/#\\\/schema\\\/logo\\\/image\\\/\"}},{\"@type\":\"Person\",\"@id\":\"\",\"url\":\"https:\\\/\\\/cbne.cl\\\/wpCNE\\\/author\\\/\"}]}<\/script>\n<!-- \/ Yoast SEO plugin. -->","yoast_head_json":{"title":"SOLTANDO LA CREATIVIDAD CON LOS COMICS, JUNTO A SERGIO AMIRA - COLEGIO BICENTENARIO NUEVA ESPERANZA","robots":{"index":"index","follow":"follow","max-snippet":"max-snippet:-1","max-image-preview":"max-image-preview:large","max-video-preview":"max-video-preview:-1"},"canonical":"https:\/\/cbne.cl\/wpCNE\/soltando-la-creatividad-con-los-comics-junto-a-sergio-amira\/","og_locale":"es_ES","og_type":"article","og_title":"SOLTANDO LA CREATIVIDAD CON LOS COMICS, JUNTO A SERGIO AMIRA - COLEGIO BICENTENARIO NUEVA ESPERANZA","og_description":"\u00bfConoc\u00edas la importancia de los comics? La hip\u00f3tesis inicial que ten\u00edan los estudiantes el d\u00eda de ayer jueves","og_url":"https:\/\/cbne.cl\/wpCNE\/soltando-la-creatividad-con-los-comics-junto-a-sergio-amira\/","og_site_name":"COLEGIO BICENTENARIO NUEVA ESPERANZA","article_published_time":"2023-04-21T15:41:29+00:00","article_modified_time":"2023-04-24T15:42:38+00:00","og_image":[{"url":"https:\/\/colegionuevaesperanza.cl\/wpCNE\/wp-content\/uploads\/2023\/04\/IMG_0268-1024x683.jpg","type":"","width":"","height":""}],"twitter_card":"summary_large_image","twitter_misc":{"Escrito por":"","Tiempo de lectura":"3 minutos"},"schema":{"@context":"https:\/\/schema.org","@graph":[{"@type":"Article","@id":"https:\/\/cbne.cl\/wpCNE\/soltando-la-creatividad-con-los-comics-junto-a-sergio-amira\/#article","isPartOf":{"@id":"https:\/\/cbne.cl\/wpCNE\/soltando-la-creatividad-con-los-comics-junto-a-sergio-amira\/"},"author":{"name":"","@id":""},"headline":"SOLTANDO LA CREATIVIDAD CON LOS COMICS, JUNTO A SERGIO AMIRA","datePublished":"2023-04-21T15:41:29+00:00","dateModified":"2023-04-24T15:42:38+00:00","mainEntityOfPage":{"@id":"https:\/\/cbne.cl\/wpCNE\/soltando-la-creatividad-con-los-comics-junto-a-sergio-amira\/"},"wordCount":206,"commentCount":0,"publisher":{"@id":"https:\/\/cbne.cl\/wpCNE\/#organization"},"image":{"@id":"https:\/\/cbne.cl\/wpCNE\/soltando-la-creatividad-con-los-comics-junto-a-sergio-amira\/#primaryimage"},"thumbnailUrl":"https:\/\/colegionuevaesperanza.cl\/wpCNE\/wp-content\/uploads\/2023\/04\/IMG_0268-1024x683.jpg","articleSection":["CBNE 2023"],"inLanguage":"es","potentialAction":[{"@type":"CommentAction","name":"Comment","target":["https:\/\/cbne.cl\/wpCNE\/soltando-la-creatividad-con-los-comics-junto-a-sergio-amira\/#respond"]}]},{"@type":"WebPage","@id":"https:\/\/cbne.cl\/wpCNE\/soltando-la-creatividad-con-los-comics-junto-a-sergio-amira\/","url":"https:\/\/cbne.cl\/wpCNE\/soltando-la-creatividad-con-los-comics-junto-a-sergio-amira\/","name":"SOLTANDO LA CREATIVIDAD CON LOS COMICS, JUNTO A SERGIO AMIRA - COLEGIO BICENTENARIO NUEVA ESPERANZA","isPartOf":{"@id":"https:\/\/cbne.cl\/wpCNE\/#website"},"primaryImageOfPage":{"@id":"https:\/\/cbne.cl\/wpCNE\/soltando-la-creatividad-con-los-comics-junto-a-sergio-amira\/#primaryimage"},"image":{"@id":"https:\/\/cbne.cl\/wpCNE\/soltando-la-creatividad-con-los-comics-junto-a-sergio-amira\/#primaryimage"},"thumbnailUrl":"https:\/\/colegionuevaesperanza.cl\/wpCNE\/wp-content\/uploads\/2023\/04\/IMG_0268-1024x683.jpg","datePublished":"2023-04-21T15:41:29+00:00","dateModified":"2023-04-24T15:42:38+00:00","breadcrumb":{"@id":"https:\/\/cbne.cl\/wpCNE\/soltando-la-creatividad-con-los-comics-junto-a-sergio-amira\/#breadcrumb"},"inLanguage":"es","potentialAction":[{"@type":"ReadAction","target":["https:\/\/cbne.cl\/wpCNE\/soltando-la-creatividad-con-los-comics-junto-a-sergio-amira\/"]}]},{"@type":"ImageObject","inLanguage":"es","@id":"https:\/\/cbne.cl\/wpCNE\/soltando-la-creatividad-con-los-comics-junto-a-sergio-amira\/#primaryimage","url":"https:\/\/colegionuevaesperanza.cl\/wpCNE\/wp-content\/uploads\/2023\/04\/IMG_0268-1024x683.jpg","contentUrl":"https:\/\/colegionuevaesperanza.cl\/wpCNE\/wp-content\/uploads\/2023\/04\/IMG_0268-1024x683.jpg"},{"@type":"BreadcrumbList","@id":"https:\/\/cbne.cl\/wpCNE\/soltando-la-creatividad-con-los-comics-junto-a-sergio-amira\/#breadcrumb","itemListElement":[{"@type":"ListItem","position":1,"name":"Portada","item":"https:\/\/cbne.cl\/wpCNE\/"},{"@type":"ListItem","position":2,"name":"SOLTANDO LA CREATIVIDAD CON LOS COMICS, JUNTO A SERGIO AMIRA"}]},{"@type":"WebSite","@id":"https:\/\/cbne.cl\/wpCNE\/#website","url":"https:\/\/cbne.cl\/wpCNE\/","name":"COLEGIO BICENTENARIO NUEVA ESPERANZA","description":"&quot;Educando desde la afectividad&quot;","publisher":{"@id":"https:\/\/cbne.cl\/wpCNE\/#organization"},"potentialAction":[{"@type":"SearchAction","target":{"@type":"EntryPoint","urlTemplate":"https:\/\/cbne.cl\/wpCNE\/?s={search_term_string}"},"query-input":{"@type":"PropertyValueSpecification","valueRequired":true,"valueName":"search_term_string"}}],"inLanguage":"es"},{"@type":"Organization","@id":"https:\/\/cbne.cl\/wpCNE\/#organization","name":"COLEGIO BICENTENARIO NUEVA ESPERANZA","url":"https:\/\/cbne.cl\/wpCNE\/","logo":{"@type":"ImageObject","inLanguage":"es","@id":"https:\/\/cbne.cl\/wpCNE\/#\/schema\/logo\/image\/","url":"https:\/\/cbne.cl\/wpCNE\/wp-content\/uploads\/2020\/07\/cropped-cropped-web150x150.png","contentUrl":"https:\/\/cbne.cl\/wpCNE\/wp-content\/uploads\/2020\/07\/cropped-cropped-web150x150.png","width":150,"height":150,"caption":"COLEGIO BICENTENARIO NUEVA ESPERANZA"},"image":{"@id":"https:\/\/cbne.cl\/wpCNE\/#\/schema\/logo\/image\/"}},{"@type":"Person","@id":"","url":"https:\/\/cbne.cl\/wpCNE\/author\/"}]}},"featured_image_urls":{"full":"","thumbnail":"","medium":"","medium_large":"","large":"","1536x1536":"","2048x2048":"","morenews-large":"","morenews-medium":""},"author_info":{"display_name":"","author_link":"https:\/\/cbne.cl\/wpCNE\/author\/"},"category_info":"<a href=\"https:\/\/cbne.cl\/wpCNE\/category\/cbne2023\/\" rel=\"category tag\">CBNE 2023<\/a>","tag_info":"CBNE 2023","comment_count":"0","_links":{"self":[{"href":"https:\/\/cbne.cl\/wpCNE\/wp-json\/wp\/v2\/posts\/7053","targetHints":{"allow":["GET"]}}],"collection":[{"href":"https:\/\/cbne.cl\/wpCNE\/wp-json\/wp\/v2\/posts"}],"about":[{"href":"https:\/\/cbne.cl\/wpCNE\/wp-json\/wp\/v2\/types\/post"}],"author":[{"embeddable":true,"href":"https:\/\/cbne.cl\/wpCNE\/wp-json\/wp\/v2\/users\/4"}],"replies":[{"embeddable":true,"href":"https:\/\/cbne.cl\/wpCNE\/wp-json\/wp\/v2\/comments?post=7053"}],"version-history":[{"count":1,"href":"https:\/\/cbne.cl\/wpCNE\/wp-json\/wp\/v2\/posts\/7053\/revisions"}],"predecessor-version":[{"id":7057,"href":"https:\/\/cbne.cl\/wpCNE\/wp-json\/wp\/v2\/posts\/7053\/revisions\/7057"}],"wp:attachment":[{"href":"https:\/\/cbne.cl\/wpCNE\/wp-json\/wp\/v2\/media?parent=7053"}],"wp:term":[{"taxonomy":"category","embeddable":true,"href":"https:\/\/cbne.cl\/wpCNE\/wp-json\/wp\/v2\/categories?post=7053"},{"taxonomy":"post_tag","embeddable":true,"href":"https:\/\/cbne.cl\/wpCNE\/wp-json\/wp\/v2\/tags?post=7053"}],"curies":[{"name":"wp","href":"https:\/\/api.w.org\/{rel}","templated":true}]}}