{"id":7027,"date":"2023-04-17T12:30:17","date_gmt":"2023-04-17T15:30:17","guid":{"rendered":"https:\/\/colegionuevaesperanza.cl\/wpCNE\/?p=7027"},"modified":"2023-04-24T12:32:39","modified_gmt":"2023-04-24T15:32:39","slug":"nos-fuimos-a-conguillio","status":"publish","type":"post","link":"https:\/\/cbne.cl\/wpCNE\/nos-fuimos-a-conguillio\/","title":{"rendered":"NOS FUIMOS A CONGUILLIO"},"content":{"rendered":"\n<figure class=\"wp-block-image size-large\"><img fetchpriority=\"high\" decoding=\"async\" width=\"768\" height=\"1024\" src=\"https:\/\/colegionuevaesperanza.cl\/wpCNE\/wp-content\/uploads\/2023\/04\/WhatsApp-Image-2023-04-14-at-11.36.31-768x1024.jpeg\" alt=\"\" class=\"wp-image-7028\" srcset=\"https:\/\/cbne.cl\/wpCNE\/wp-content\/uploads\/2023\/04\/WhatsApp-Image-2023-04-14-at-11.36.31-768x1024.jpeg 768w, https:\/\/cbne.cl\/wpCNE\/wp-content\/uploads\/2023\/04\/WhatsApp-Image-2023-04-14-at-11.36.31-225x300.jpeg 225w, https:\/\/cbne.cl\/wpCNE\/wp-content\/uploads\/2023\/04\/WhatsApp-Image-2023-04-14-at-11.36.31-1152x1536.jpeg 1152w, https:\/\/cbne.cl\/wpCNE\/wp-content\/uploads\/2023\/04\/WhatsApp-Image-2023-04-14-at-11.36.31.jpeg 1200w\" sizes=\"(max-width: 768px) 100vw, 768px\" \/><\/figure>\n\n\n\n<p>La semana pasada, el jueves 13 del presente, nuestro 4\u00b0Medio detuvo un d\u00eda de escolaridad normal para conectar con la naturaleza en su viaje acad\u00e9mico en el Parque Nacional Conguillio, regi\u00f3n de la Araucan\u00eda <img decoding=\"async\" height=\"16\" width=\"16\" src=\"https:\/\/static.xx.fbcdn.net\/images\/emoji.php\/v9\/ta8\/1.5\/16\/1f601.png\" alt=\"\ud83d\ude01\"><img decoding=\"async\" height=\"16\" width=\"16\" src=\"https:\/\/static.xx.fbcdn.net\/images\/emoji.php\/v9\/tc6\/1.5\/16\/1f973.png\" alt=\"\ud83e\udd73\"><\/p>\n\n\n\n<p>La traves\u00eda, dirigida por el profesor Esteban Correa, en compa\u00f1\u00eda de su profesora jefe Paola Palma, y la profesora tutora Mar\u00eda Jos\u00e9 Guerra, tuvo como objetivo propiciar espacios de esparcimiento y recreaci\u00f3n, a trav\u00e9s de actividades al aire libre como el senderismo, y potenciando el contacto con la naturaleza <img loading=\"lazy\" decoding=\"async\" height=\"16\" width=\"16\" src=\"https:\/\/static.xx.fbcdn.net\/images\/emoji.php\/v9\/ted\/1.5\/16\/1f49a.png\" alt=\"\ud83d\udc9a\"><img loading=\"lazy\" decoding=\"async\" height=\"16\" width=\"16\" src=\"https:\/\/static.xx.fbcdn.net\/images\/emoji.php\/v9\/ted\/1.5\/16\/1f49a.png\" alt=\"\ud83d\udc9a\"><img loading=\"lazy\" decoding=\"async\" height=\"16\" width=\"16\" src=\"https:\/\/static.xx.fbcdn.net\/images\/emoji.php\/v9\/ted\/1.5\/16\/1f49a.png\" alt=\"\ud83d\udc9a\"><\/p>\n\n\n\n<figure class=\"wp-block-image size-large\"><img loading=\"lazy\" decoding=\"async\" width=\"1024\" height=\"768\" src=\"https:\/\/colegionuevaesperanza.cl\/wpCNE\/wp-content\/uploads\/2023\/04\/WhatsApp-Image-2023-04-14-at-12.11.31-1-1024x768.jpeg\" alt=\"\" class=\"wp-image-7029\" srcset=\"https:\/\/cbne.cl\/wpCNE\/wp-content\/uploads\/2023\/04\/WhatsApp-Image-2023-04-14-at-12.11.31-1-1024x768.jpeg 1024w, https:\/\/cbne.cl\/wpCNE\/wp-content\/uploads\/2023\/04\/WhatsApp-Image-2023-04-14-at-12.11.31-1-300x225.jpeg 300w, https:\/\/cbne.cl\/wpCNE\/wp-content\/uploads\/2023\/04\/WhatsApp-Image-2023-04-14-at-12.11.31-1-768x576.jpeg 768w, https:\/\/cbne.cl\/wpCNE\/wp-content\/uploads\/2023\/04\/WhatsApp-Image-2023-04-14-at-12.11.31-1-1536x1152.jpeg 1536w, https:\/\/cbne.cl\/wpCNE\/wp-content\/uploads\/2023\/04\/WhatsApp-Image-2023-04-14-at-12.11.31-1-400x300.jpeg 400w, https:\/\/cbne.cl\/wpCNE\/wp-content\/uploads\/2023\/04\/WhatsApp-Image-2023-04-14-at-12.11.31-1.jpeg 1600w\" sizes=\"(max-width: 1024px) 100vw, 1024px\" \/><\/figure>\n\n\n\n<p>\u00abLos estudiantes se mostraron muy agradecidos y afortunados por realizar esta actividad de fomento al cuidado del medioambiente. Quedaron con la sensaci\u00f3n de repetirla para seguir aprendiendo\u00bb, afirm\u00f3 el profesor Esteban<\/p>\n\n\n\n<p>Se espera que estas clases en terreno contin\u00faen durante el a\u00f1o para fomentar las buenas pr\u00e1cticas y aprendizajes de los estudiantes <img loading=\"lazy\" decoding=\"async\" height=\"16\" width=\"16\" src=\"https:\/\/static.xx.fbcdn.net\/images\/emoji.php\/v9\/t43\/1.5\/16\/1f970.png\" alt=\"\ud83e\udd70\"><\/p>\n\n\n\n<p>Todas las im\u00e1genes en nuestro fan page de facebook: COLEGIO BICENTENARIO NUEVA ESPERANZA<\/p>\n\n\n\n<figure class=\"wp-block-image size-large\"><img loading=\"lazy\" decoding=\"async\" width=\"1024\" height=\"768\" src=\"https:\/\/colegionuevaesperanza.cl\/wpCNE\/wp-content\/uploads\/2023\/04\/WhatsApp-Image-2023-04-14-at-12.04.50-1024x768.jpeg\" alt=\"\" class=\"wp-image-7030\" srcset=\"https:\/\/cbne.cl\/wpCNE\/wp-content\/uploads\/2023\/04\/WhatsApp-Image-2023-04-14-at-12.04.50-1024x768.jpeg 1024w, https:\/\/cbne.cl\/wpCNE\/wp-content\/uploads\/2023\/04\/WhatsApp-Image-2023-04-14-at-12.04.50-300x225.jpeg 300w, https:\/\/cbne.cl\/wpCNE\/wp-content\/uploads\/2023\/04\/WhatsApp-Image-2023-04-14-at-12.04.50-768x576.jpeg 768w, https:\/\/cbne.cl\/wpCNE\/wp-content\/uploads\/2023\/04\/WhatsApp-Image-2023-04-14-at-12.04.50-1536x1152.jpeg 1536w, https:\/\/cbne.cl\/wpCNE\/wp-content\/uploads\/2023\/04\/WhatsApp-Image-2023-04-14-at-12.04.50-400x300.jpeg 400w, https:\/\/cbne.cl\/wpCNE\/wp-content\/uploads\/2023\/04\/WhatsApp-Image-2023-04-14-at-12.04.50.jpeg 1600w\" sizes=\"(max-width: 1024px) 100vw, 1024px\" \/><\/figure>\n","protected":false},"excerpt":{"rendered":"<p>La semana pasada, el jueves 13 del presente, nuestro 4\u00b0Medio detuvo un d\u00eda de escolaridad normal para conectar<\/p>\n","protected":false},"author":4,"featured_media":0,"comment_status":"open","ping_status":"closed","sticky":false,"template":"","format":"standard","meta":{"footnotes":""},"categories":[255],"tags":[],"class_list":["post-7027","post","type-post","status-publish","format-standard","hentry","category-cbne2023"],"yoast_head":"<!-- This site is optimized with the Yoast SEO plugin v27.5 - https:\/\/yoast.com\/product\/yoast-seo-wordpress\/ -->\n<title>NOS FUIMOS A CONGUILLIO - COLEGIO BICENTENARIO NUEVA ESPERANZA<\/title>\n<meta name=\"robots\" content=\"index, follow, max-snippet:-1, max-image-preview:large, max-video-preview:-1\" \/>\n<link rel=\"canonical\" href=\"https:\/\/cbne.cl\/wpCNE\/nos-fuimos-a-conguillio\/\" \/>\n<meta property=\"og:locale\" content=\"es_ES\" \/>\n<meta property=\"og:type\" content=\"article\" \/>\n<meta property=\"og:title\" content=\"NOS FUIMOS A CONGUILLIO - COLEGIO BICENTENARIO NUEVA ESPERANZA\" \/>\n<meta property=\"og:description\" content=\"La semana pasada, el jueves 13 del presente, nuestro 4\u00b0Medio detuvo un d\u00eda de escolaridad normal para conectar\" \/>\n<meta property=\"og:url\" content=\"https:\/\/cbne.cl\/wpCNE\/nos-fuimos-a-conguillio\/\" \/>\n<meta property=\"og:site_name\" content=\"COLEGIO BICENTENARIO NUEVA ESPERANZA\" \/>\n<meta property=\"article:published_time\" content=\"2023-04-17T15:30:17+00:00\" \/>\n<meta property=\"article:modified_time\" content=\"2023-04-24T15:32:39+00:00\" \/>\n<meta property=\"og:image\" content=\"https:\/\/colegionuevaesperanza.cl\/wpCNE\/wp-content\/uploads\/2023\/04\/WhatsApp-Image-2023-04-14-at-11.36.31-768x1024.jpeg\" \/>\n<meta name=\"twitter:card\" content=\"summary_large_image\" \/>\n<meta name=\"twitter:label1\" content=\"Escrito por\" \/>\n\t<meta name=\"twitter:data1\" content=\"\" \/>\n\t<meta name=\"twitter:label2\" content=\"Tiempo de lectura\" \/>\n\t<meta name=\"twitter:data2\" content=\"3 minutos\" \/>\n<script type=\"application\/ld+json\" class=\"yoast-schema-graph\">{\"@context\":\"https:\\\/\\\/schema.org\",\"@graph\":[{\"@type\":\"Article\",\"@id\":\"https:\\\/\\\/cbne.cl\\\/wpCNE\\\/nos-fuimos-a-conguillio\\\/#article\",\"isPartOf\":{\"@id\":\"https:\\\/\\\/cbne.cl\\\/wpCNE\\\/nos-fuimos-a-conguillio\\\/\"},\"author\":{\"name\":\"\",\"@id\":\"\"},\"headline\":\"NOS FUIMOS A CONGUILLIO\",\"datePublished\":\"2023-04-17T15:30:17+00:00\",\"dateModified\":\"2023-04-24T15:32:39+00:00\",\"mainEntityOfPage\":{\"@id\":\"https:\\\/\\\/cbne.cl\\\/wpCNE\\\/nos-fuimos-a-conguillio\\\/\"},\"wordCount\":165,\"commentCount\":0,\"publisher\":{\"@id\":\"https:\\\/\\\/cbne.cl\\\/wpCNE\\\/#organization\"},\"image\":{\"@id\":\"https:\\\/\\\/cbne.cl\\\/wpCNE\\\/nos-fuimos-a-conguillio\\\/#primaryimage\"},\"thumbnailUrl\":\"https:\\\/\\\/colegionuevaesperanza.cl\\\/wpCNE\\\/wp-content\\\/uploads\\\/2023\\\/04\\\/WhatsApp-Image-2023-04-14-at-11.36.31-768x1024.jpeg\",\"articleSection\":[\"CBNE 2023\"],\"inLanguage\":\"es\",\"potentialAction\":[{\"@type\":\"CommentAction\",\"name\":\"Comment\",\"target\":[\"https:\\\/\\\/cbne.cl\\\/wpCNE\\\/nos-fuimos-a-conguillio\\\/#respond\"]}]},{\"@type\":\"WebPage\",\"@id\":\"https:\\\/\\\/cbne.cl\\\/wpCNE\\\/nos-fuimos-a-conguillio\\\/\",\"url\":\"https:\\\/\\\/cbne.cl\\\/wpCNE\\\/nos-fuimos-a-conguillio\\\/\",\"name\":\"NOS FUIMOS A CONGUILLIO - COLEGIO BICENTENARIO NUEVA ESPERANZA\",\"isPartOf\":{\"@id\":\"https:\\\/\\\/cbne.cl\\\/wpCNE\\\/#website\"},\"primaryImageOfPage\":{\"@id\":\"https:\\\/\\\/cbne.cl\\\/wpCNE\\\/nos-fuimos-a-conguillio\\\/#primaryimage\"},\"image\":{\"@id\":\"https:\\\/\\\/cbne.cl\\\/wpCNE\\\/nos-fuimos-a-conguillio\\\/#primaryimage\"},\"thumbnailUrl\":\"https:\\\/\\\/colegionuevaesperanza.cl\\\/wpCNE\\\/wp-content\\\/uploads\\\/2023\\\/04\\\/WhatsApp-Image-2023-04-14-at-11.36.31-768x1024.jpeg\",\"datePublished\":\"2023-04-17T15:30:17+00:00\",\"dateModified\":\"2023-04-24T15:32:39+00:00\",\"breadcrumb\":{\"@id\":\"https:\\\/\\\/cbne.cl\\\/wpCNE\\\/nos-fuimos-a-conguillio\\\/#breadcrumb\"},\"inLanguage\":\"es\",\"potentialAction\":[{\"@type\":\"ReadAction\",\"target\":[\"https:\\\/\\\/cbne.cl\\\/wpCNE\\\/nos-fuimos-a-conguillio\\\/\"]}]},{\"@type\":\"ImageObject\",\"inLanguage\":\"es\",\"@id\":\"https:\\\/\\\/cbne.cl\\\/wpCNE\\\/nos-fuimos-a-conguillio\\\/#primaryimage\",\"url\":\"https:\\\/\\\/colegionuevaesperanza.cl\\\/wpCNE\\\/wp-content\\\/uploads\\\/2023\\\/04\\\/WhatsApp-Image-2023-04-14-at-11.36.31-768x1024.jpeg\",\"contentUrl\":\"https:\\\/\\\/colegionuevaesperanza.cl\\\/wpCNE\\\/wp-content\\\/uploads\\\/2023\\\/04\\\/WhatsApp-Image-2023-04-14-at-11.36.31-768x1024.jpeg\"},{\"@type\":\"BreadcrumbList\",\"@id\":\"https:\\\/\\\/cbne.cl\\\/wpCNE\\\/nos-fuimos-a-conguillio\\\/#breadcrumb\",\"itemListElement\":[{\"@type\":\"ListItem\",\"position\":1,\"name\":\"Portada\",\"item\":\"https:\\\/\\\/cbne.cl\\\/wpCNE\\\/\"},{\"@type\":\"ListItem\",\"position\":2,\"name\":\"NOS FUIMOS A CONGUILLIO\"}]},{\"@type\":\"WebSite\",\"@id\":\"https:\\\/\\\/cbne.cl\\\/wpCNE\\\/#website\",\"url\":\"https:\\\/\\\/cbne.cl\\\/wpCNE\\\/\",\"name\":\"COLEGIO BICENTENARIO NUEVA ESPERANZA\",\"description\":\"&quot;Educando desde la afectividad&quot;\",\"publisher\":{\"@id\":\"https:\\\/\\\/cbne.cl\\\/wpCNE\\\/#organization\"},\"potentialAction\":[{\"@type\":\"SearchAction\",\"target\":{\"@type\":\"EntryPoint\",\"urlTemplate\":\"https:\\\/\\\/cbne.cl\\\/wpCNE\\\/?s={search_term_string}\"},\"query-input\":{\"@type\":\"PropertyValueSpecification\",\"valueRequired\":true,\"valueName\":\"search_term_string\"}}],\"inLanguage\":\"es\"},{\"@type\":\"Organization\",\"@id\":\"https:\\\/\\\/cbne.cl\\\/wpCNE\\\/#organization\",\"name\":\"COLEGIO BICENTENARIO NUEVA ESPERANZA\",\"url\":\"https:\\\/\\\/cbne.cl\\\/wpCNE\\\/\",\"logo\":{\"@type\":\"ImageObject\",\"inLanguage\":\"es\",\"@id\":\"https:\\\/\\\/cbne.cl\\\/wpCNE\\\/#\\\/schema\\\/logo\\\/image\\\/\",\"url\":\"https:\\\/\\\/cbne.cl\\\/wpCNE\\\/wp-content\\\/uploads\\\/2020\\\/07\\\/cropped-cropped-web150x150.png\",\"contentUrl\":\"https:\\\/\\\/cbne.cl\\\/wpCNE\\\/wp-content\\\/uploads\\\/2020\\\/07\\\/cropped-cropped-web150x150.png\",\"width\":150,\"height\":150,\"caption\":\"COLEGIO BICENTENARIO NUEVA ESPERANZA\"},\"image\":{\"@id\":\"https:\\\/\\\/cbne.cl\\\/wpCNE\\\/#\\\/schema\\\/logo\\\/image\\\/\"}},{\"@type\":\"Person\",\"@id\":\"\",\"url\":\"https:\\\/\\\/cbne.cl\\\/wpCNE\\\/author\\\/\"}]}<\/script>\n<!-- \/ Yoast SEO plugin. -->","yoast_head_json":{"title":"NOS FUIMOS A CONGUILLIO - COLEGIO BICENTENARIO NUEVA ESPERANZA","robots":{"index":"index","follow":"follow","max-snippet":"max-snippet:-1","max-image-preview":"max-image-preview:large","max-video-preview":"max-video-preview:-1"},"canonical":"https:\/\/cbne.cl\/wpCNE\/nos-fuimos-a-conguillio\/","og_locale":"es_ES","og_type":"article","og_title":"NOS FUIMOS A CONGUILLIO - COLEGIO BICENTENARIO NUEVA ESPERANZA","og_description":"La semana pasada, el jueves 13 del presente, nuestro 4\u00b0Medio detuvo un d\u00eda de escolaridad normal para conectar","og_url":"https:\/\/cbne.cl\/wpCNE\/nos-fuimos-a-conguillio\/","og_site_name":"COLEGIO BICENTENARIO NUEVA ESPERANZA","article_published_time":"2023-04-17T15:30:17+00:00","article_modified_time":"2023-04-24T15:32:39+00:00","og_image":[{"url":"https:\/\/colegionuevaesperanza.cl\/wpCNE\/wp-content\/uploads\/2023\/04\/WhatsApp-Image-2023-04-14-at-11.36.31-768x1024.jpeg","type":"","width":"","height":""}],"twitter_card":"summary_large_image","twitter_misc":{"Escrito por":"","Tiempo de lectura":"3 minutos"},"schema":{"@context":"https:\/\/schema.org","@graph":[{"@type":"Article","@id":"https:\/\/cbne.cl\/wpCNE\/nos-fuimos-a-conguillio\/#article","isPartOf":{"@id":"https:\/\/cbne.cl\/wpCNE\/nos-fuimos-a-conguillio\/"},"author":{"name":"","@id":""},"headline":"NOS FUIMOS A CONGUILLIO","datePublished":"2023-04-17T15:30:17+00:00","dateModified":"2023-04-24T15:32:39+00:00","mainEntityOfPage":{"@id":"https:\/\/cbne.cl\/wpCNE\/nos-fuimos-a-conguillio\/"},"wordCount":165,"commentCount":0,"publisher":{"@id":"https:\/\/cbne.cl\/wpCNE\/#organization"},"image":{"@id":"https:\/\/cbne.cl\/wpCNE\/nos-fuimos-a-conguillio\/#primaryimage"},"thumbnailUrl":"https:\/\/colegionuevaesperanza.cl\/wpCNE\/wp-content\/uploads\/2023\/04\/WhatsApp-Image-2023-04-14-at-11.36.31-768x1024.jpeg","articleSection":["CBNE 2023"],"inLanguage":"es","potentialAction":[{"@type":"CommentAction","name":"Comment","target":["https:\/\/cbne.cl\/wpCNE\/nos-fuimos-a-conguillio\/#respond"]}]},{"@type":"WebPage","@id":"https:\/\/cbne.cl\/wpCNE\/nos-fuimos-a-conguillio\/","url":"https:\/\/cbne.cl\/wpCNE\/nos-fuimos-a-conguillio\/","name":"NOS FUIMOS A CONGUILLIO - COLEGIO BICENTENARIO NUEVA ESPERANZA","isPartOf":{"@id":"https:\/\/cbne.cl\/wpCNE\/#website"},"primaryImageOfPage":{"@id":"https:\/\/cbne.cl\/wpCNE\/nos-fuimos-a-conguillio\/#primaryimage"},"image":{"@id":"https:\/\/cbne.cl\/wpCNE\/nos-fuimos-a-conguillio\/#primaryimage"},"thumbnailUrl":"https:\/\/colegionuevaesperanza.cl\/wpCNE\/wp-content\/uploads\/2023\/04\/WhatsApp-Image-2023-04-14-at-11.36.31-768x1024.jpeg","datePublished":"2023-04-17T15:30:17+00:00","dateModified":"2023-04-24T15:32:39+00:00","breadcrumb":{"@id":"https:\/\/cbne.cl\/wpCNE\/nos-fuimos-a-conguillio\/#breadcrumb"},"inLanguage":"es","potentialAction":[{"@type":"ReadAction","target":["https:\/\/cbne.cl\/wpCNE\/nos-fuimos-a-conguillio\/"]}]},{"@type":"ImageObject","inLanguage":"es","@id":"https:\/\/cbne.cl\/wpCNE\/nos-fuimos-a-conguillio\/#primaryimage","url":"https:\/\/colegionuevaesperanza.cl\/wpCNE\/wp-content\/uploads\/2023\/04\/WhatsApp-Image-2023-04-14-at-11.36.31-768x1024.jpeg","contentUrl":"https:\/\/colegionuevaesperanza.cl\/wpCNE\/wp-content\/uploads\/2023\/04\/WhatsApp-Image-2023-04-14-at-11.36.31-768x1024.jpeg"},{"@type":"BreadcrumbList","@id":"https:\/\/cbne.cl\/wpCNE\/nos-fuimos-a-conguillio\/#breadcrumb","itemListElement":[{"@type":"ListItem","position":1,"name":"Portada","item":"https:\/\/cbne.cl\/wpCNE\/"},{"@type":"ListItem","position":2,"name":"NOS FUIMOS A CONGUILLIO"}]},{"@type":"WebSite","@id":"https:\/\/cbne.cl\/wpCNE\/#website","url":"https:\/\/cbne.cl\/wpCNE\/","name":"COLEGIO BICENTENARIO NUEVA ESPERANZA","description":"&quot;Educando desde la afectividad&quot;","publisher":{"@id":"https:\/\/cbne.cl\/wpCNE\/#organization"},"potentialAction":[{"@type":"SearchAction","target":{"@type":"EntryPoint","urlTemplate":"https:\/\/cbne.cl\/wpCNE\/?s={search_term_string}"},"query-input":{"@type":"PropertyValueSpecification","valueRequired":true,"valueName":"search_term_string"}}],"inLanguage":"es"},{"@type":"Organization","@id":"https:\/\/cbne.cl\/wpCNE\/#organization","name":"COLEGIO BICENTENARIO NUEVA ESPERANZA","url":"https:\/\/cbne.cl\/wpCNE\/","logo":{"@type":"ImageObject","inLanguage":"es","@id":"https:\/\/cbne.cl\/wpCNE\/#\/schema\/logo\/image\/","url":"https:\/\/cbne.cl\/wpCNE\/wp-content\/uploads\/2020\/07\/cropped-cropped-web150x150.png","contentUrl":"https:\/\/cbne.cl\/wpCNE\/wp-content\/uploads\/2020\/07\/cropped-cropped-web150x150.png","width":150,"height":150,"caption":"COLEGIO BICENTENARIO NUEVA ESPERANZA"},"image":{"@id":"https:\/\/cbne.cl\/wpCNE\/#\/schema\/logo\/image\/"}},{"@type":"Person","@id":"","url":"https:\/\/cbne.cl\/wpCNE\/author\/"}]}},"featured_image_urls":{"full":"","thumbnail":"","medium":"","medium_large":"","large":"","1536x1536":"","2048x2048":"","morenews-large":"","morenews-medium":""},"author_info":{"display_name":"","author_link":"https:\/\/cbne.cl\/wpCNE\/author\/"},"category_info":"<a href=\"https:\/\/cbne.cl\/wpCNE\/category\/cbne2023\/\" rel=\"category tag\">CBNE 2023<\/a>","tag_info":"CBNE 2023","comment_count":"0","_links":{"self":[{"href":"https:\/\/cbne.cl\/wpCNE\/wp-json\/wp\/v2\/posts\/7027","targetHints":{"allow":["GET"]}}],"collection":[{"href":"https:\/\/cbne.cl\/wpCNE\/wp-json\/wp\/v2\/posts"}],"about":[{"href":"https:\/\/cbne.cl\/wpCNE\/wp-json\/wp\/v2\/types\/post"}],"author":[{"embeddable":true,"href":"https:\/\/cbne.cl\/wpCNE\/wp-json\/wp\/v2\/users\/4"}],"replies":[{"embeddable":true,"href":"https:\/\/cbne.cl\/wpCNE\/wp-json\/wp\/v2\/comments?post=7027"}],"version-history":[{"count":1,"href":"https:\/\/cbne.cl\/wpCNE\/wp-json\/wp\/v2\/posts\/7027\/revisions"}],"predecessor-version":[{"id":7031,"href":"https:\/\/cbne.cl\/wpCNE\/wp-json\/wp\/v2\/posts\/7027\/revisions\/7031"}],"wp:attachment":[{"href":"https:\/\/cbne.cl\/wpCNE\/wp-json\/wp\/v2\/media?parent=7027"}],"wp:term":[{"taxonomy":"category","embeddable":true,"href":"https:\/\/cbne.cl\/wpCNE\/wp-json\/wp\/v2\/categories?post=7027"},{"taxonomy":"post_tag","embeddable":true,"href":"https:\/\/cbne.cl\/wpCNE\/wp-json\/wp\/v2\/tags?post=7027"}],"curies":[{"name":"wp","href":"https:\/\/api.w.org\/{rel}","templated":true}]}}