{"id":6975,"date":"2023-03-27T11:44:28","date_gmt":"2023-03-27T14:44:28","guid":{"rendered":"https:\/\/colegionuevaesperanza.cl\/wpCNE\/?p=6975"},"modified":"2023-04-24T11:54:09","modified_gmt":"2023-04-24T14:54:09","slug":"conociendo-el-trastorno-especifico-del-lenguaje-tel","status":"publish","type":"post","link":"https:\/\/cbne.cl\/wpCNE\/conociendo-el-trastorno-especifico-del-lenguaje-tel\/","title":{"rendered":"CONOCIENDO EL TRASTORNO ESPEC\u00cdFICO DEL LENGUAJE (TEL)"},"content":{"rendered":"\n<figure class=\"wp-block-image size-large\"><img fetchpriority=\"high\" decoding=\"async\" width=\"1024\" height=\"1024\" src=\"https:\/\/colegionuevaesperanza.cl\/wpCNE\/wp-content\/uploads\/2023\/04\/1-1024x1024.jpg\" alt=\"\" class=\"wp-image-6976\" srcset=\"https:\/\/cbne.cl\/wpCNE\/wp-content\/uploads\/2023\/04\/1-1024x1024.jpg 1024w, https:\/\/cbne.cl\/wpCNE\/wp-content\/uploads\/2023\/04\/1-300x300.jpg 300w, https:\/\/cbne.cl\/wpCNE\/wp-content\/uploads\/2023\/04\/1-150x150.jpg 150w, https:\/\/cbne.cl\/wpCNE\/wp-content\/uploads\/2023\/04\/1-768x768.jpg 768w, https:\/\/cbne.cl\/wpCNE\/wp-content\/uploads\/2023\/04\/1-50x50.jpg 50w, https:\/\/cbne.cl\/wpCNE\/wp-content\/uploads\/2023\/04\/1-80x80.jpg 80w, https:\/\/cbne.cl\/wpCNE\/wp-content\/uploads\/2023\/04\/1.jpg 1080w\" sizes=\"(max-width: 1024px) 100vw, 1024px\" \/><\/figure>\n\n\n\n<p>Nuestra profesional Fonoaudi\u00f3loga Susana Soto Polanco nos ense\u00f1a un poco m\u00e1s acerca del Trastorno Espec\u00edfico del Lenguaje (TEL) para que juntos abordemos estos temas de manera responsable y afectiva en nuestra comunidad Nueva Esperanza <img decoding=\"async\" height=\"16\" width=\"16\" src=\"https:\/\/static.xx.fbcdn.net\/images\/emoji.php\/v9\/td8\/1.5\/16\/1f60a.png\" alt=\"\ud83d\ude0a\"><\/p>\n\n\n\n<p>\u00bfQu\u00e9 es el TEL?<img decoding=\"async\" height=\"16\" width=\"16\" alt=\"\ud83e\udd14\" src=\"https:\/\/static.xx.fbcdn.net\/images\/emoji.php\/v9\/t8d\/1.5\/16\/1f914.png\"><\/p>\n\n\n\n<p><img loading=\"lazy\" decoding=\"async\" height=\"16\" width=\"16\" alt=\"\u27a1\ufe0f\" src=\"https:\/\/static.xx.fbcdn.net\/images\/emoji.php\/v9\/t25\/1.5\/16\/27a1.png\">El Trastorno Espec\u00edfico del Lenguaje (TEL), es cuando en el ni\u00f1o\/a existe un desarrollo anormal del lenguaje en su vertiente expresiva y\/o comprensiva, es decir, existe un desfase en su desarrollo ling\u00fc\u00edstico.<\/p>\n\n\n\n<figure class=\"wp-block-image size-large\"><img loading=\"lazy\" decoding=\"async\" width=\"1024\" height=\"1024\" src=\"https:\/\/colegionuevaesperanza.cl\/wpCNE\/wp-content\/uploads\/2023\/04\/2-1024x1024.jpg\" alt=\"\" class=\"wp-image-6977\" srcset=\"https:\/\/cbne.cl\/wpCNE\/wp-content\/uploads\/2023\/04\/2-1024x1024.jpg 1024w, https:\/\/cbne.cl\/wpCNE\/wp-content\/uploads\/2023\/04\/2-300x300.jpg 300w, https:\/\/cbne.cl\/wpCNE\/wp-content\/uploads\/2023\/04\/2-150x150.jpg 150w, https:\/\/cbne.cl\/wpCNE\/wp-content\/uploads\/2023\/04\/2-768x768.jpg 768w, https:\/\/cbne.cl\/wpCNE\/wp-content\/uploads\/2023\/04\/2-50x50.jpg 50w, https:\/\/cbne.cl\/wpCNE\/wp-content\/uploads\/2023\/04\/2-80x80.jpg 80w, https:\/\/cbne.cl\/wpCNE\/wp-content\/uploads\/2023\/04\/2.jpg 1080w\" sizes=\"(max-width: 1024px) 100vw, 1024px\" \/><\/figure>\n\n\n\n<p>Qu\u00e9 hacer y c\u00f3mo accionar en estos casos, te lo dejamos en las siguientes im\u00e1genes donde encontrar\u00e1s m\u00e1s informaci\u00f3n <img loading=\"lazy\" decoding=\"async\" height=\"16\" width=\"16\" alt=\"\ud83d\ude0a\" src=\"https:\/\/static.xx.fbcdn.net\/images\/emoji.php\/v9\/td8\/1.5\/16\/1f60a.png\"><\/p>\n\n\n\n<p><a href=\"https:\/\/www.facebook.com\/photo\/?fbid=899734241389990&amp;set=pcb.899737351389679&amp;__cft__[0]=AZXZfdOYKazUmpvVd6lxOpOdSFePhyh8Zj74FDKZbyKi6oPLkK5pGwlF0TotyHvw62SsrziGtkezQVLPbFWCSqPPHMZi7wqaO78JXUXiJ4pyhloq73NfBGwt0TJJNx_IXIsKNGy3BdXZwp9jDfIwpGpi&amp;__tn__=*bH-R\"><\/a><\/p>\n\n\n\n<figure class=\"wp-block-image\"><a href=\"https:\/\/www.facebook.com\/photo\/?fbid=899734241389990&amp;set=pcb.899737351389679&amp;__cft__[0]=AZXZfdOYKazUmpvVd6lxOpOdSFePhyh8Zj74FDKZbyKi6oPLkK5pGwlF0TotyHvw62SsrziGtkezQVLPbFWCSqPPHMZi7wqaO78JXUXiJ4pyhloq73NfBGwt0TJJNx_IXIsKNGy3BdXZwp9jDfIwpGpi&amp;__tn__=*bH-R\"><img decoding=\"async\" src=\"https:\/\/scontent.fccp1-1.fna.fbcdn.net\/v\/t39.30808-6\/338024046_884029119547286_6621566815128839081_n.jpg?stp=dst-jpg_p960x960&amp;_nc_cat=103&amp;ccb=1-7&amp;_nc_sid=730e14&amp;_nc_ohc=XlX3FS5U-5cAX-sLbmQ&amp;_nc_ht=scontent.fccp1-1.fna&amp;oh=00_AfBF8aESiGX10d_JZaX-zRhCPGpUQCDzPXv358g7qYTKUg&amp;oe=644A9401\" alt=\"\"\/><\/a><\/figure>\n\n\n\n<p><a href=\"https:\/\/www.facebook.com\/photo\/?fbid=899734384723309&amp;set=pcb.899737351389679&amp;__cft__[0]=AZXZfdOYKazUmpvVd6lxOpOdSFePhyh8Zj74FDKZbyKi6oPLkK5pGwlF0TotyHvw62SsrziGtkezQVLPbFWCSqPPHMZi7wqaO78JXUXiJ4pyhloq73NfBGwt0TJJNx_IXIsKNGy3BdXZwp9jDfIwpGpi&amp;__tn__=*bH-R\"><\/a><\/p>\n\n\n\n<figure class=\"wp-block-image\"><a href=\"https:\/\/www.facebook.com\/photo\/?fbid=899734384723309&amp;set=pcb.899737351389679&amp;__cft__[0]=AZXZfdOYKazUmpvVd6lxOpOdSFePhyh8Zj74FDKZbyKi6oPLkK5pGwlF0TotyHvw62SsrziGtkezQVLPbFWCSqPPHMZi7wqaO78JXUXiJ4pyhloq73NfBGwt0TJJNx_IXIsKNGy3BdXZwp9jDfIwpGpi&amp;__tn__=*bH-R\"><img decoding=\"async\" src=\"https:\/\/scontent.fccp1-1.fna.fbcdn.net\/v\/t39.30808-6\/338044201_707954967684157_3670610960574718242_n.jpg?stp=dst-jpg_p960x960&amp;_nc_cat=100&amp;ccb=1-7&amp;_nc_sid=730e14&amp;_nc_ohc=XtPx2BXgIhcAX9dnLvf&amp;_nc_ht=scontent.fccp1-1.fna&amp;oh=00_AfDwBVX_OQJmmIF02CNQ9b3QWQD6hJ74wdYTIyYPsaIeIw&amp;oe=644AC8F5\" alt=\"\"\/><\/a><\/figure>\n\n\n\n<p>Qu\u00e9 hacer y c\u00f3mo accionar en estos casos, te lo dejamos en las siguientes im\u00e1genes donde encontrar\u00e1s m\u00e1s informaci\u00f3n<a href=\"https:\/\/www.facebook.com\/photo\/?fbid=899734551389959&amp;set=pcb.899737351389679&amp;__cft__[0]=AZXZfdOYKazUmpvVd6lxOpOdSFePhyh8Zj74FDKZbyKi6oPLkK5pGwlF0TotyHvw62SsrziGtkezQVLPbFWCSqPPHMZi7wqaO78JXUXiJ4pyhloq73NfBGwt0TJJNx_IXIsKNGy3BdXZwp9jDfIwpGpi&amp;__tn__=*bH-R\"><\/a><\/p>\n\n\n\n<figure class=\"wp-block-image\"><a href=\"https:\/\/www.facebook.com\/photo\/?fbid=899734551389959&amp;set=pcb.899737351389679&amp;__cft__[0]=AZXZfdOYKazUmpvVd6lxOpOdSFePhyh8Zj74FDKZbyKi6oPLkK5pGwlF0TotyHvw62SsrziGtkezQVLPbFWCSqPPHMZi7wqaO78JXUXiJ4pyhloq73NfBGwt0TJJNx_IXIsKNGy3BdXZwp9jDfIwpGpi&amp;__tn__=*bH-R\"><img decoding=\"async\" src=\"https:\/\/scontent.fccp1-1.fna.fbcdn.net\/v\/t39.30808-6\/338038684_573655808071790_532775085883767840_n.jpg?stp=dst-jpg_p960x960&amp;_nc_cat=108&amp;ccb=1-7&amp;_nc_sid=730e14&amp;_nc_ohc=8Jvn7YuSMjYAX8GbUYS&amp;_nc_ht=scontent.fccp1-1.fna&amp;oh=00_AfANKBmK4wcxXiOY-ldlWPSvePCifJ5l4pAkKw6E3xfICA&amp;oe=644C29AA\" alt=\"\"\/><\/a><\/figure>\n\n\n\n<p><a href=\"https:\/\/www.facebook.com\/photo\/?fbid=899734824723265&amp;set=pcb.899737351389679&amp;__cft__[0]=AZXZfdOYKazUmpvVd6lxOpOdSFePhyh8Zj74FDKZbyKi6oPLkK5pGwlF0TotyHvw62SsrziGtkezQVLPbFWCSqPPHMZi7wqaO78JXUXiJ4pyhloq73NfBGwt0TJJNx_IXIsKNGy3BdXZwp9jDfIwpGpi&amp;__tn__=*bH-R\"><\/a><\/p>\n\n\n\n<figure class=\"wp-block-image\"><a href=\"https:\/\/www.facebook.com\/photo\/?fbid=899734824723265&amp;set=pcb.899737351389679&amp;__cft__[0]=AZXZfdOYKazUmpvVd6lxOpOdSFePhyh8Zj74FDKZbyKi6oPLkK5pGwlF0TotyHvw62SsrziGtkezQVLPbFWCSqPPHMZi7wqaO78JXUXiJ4pyhloq73NfBGwt0TJJNx_IXIsKNGy3BdXZwp9jDfIwpGpi&amp;__tn__=*bH-R\"><img decoding=\"async\" src=\"https:\/\/scontent.fccp1-1.fna.fbcdn.net\/v\/t39.30808-6\/336999093_768105107859628_8229717493668607442_n.jpg?stp=dst-jpg_p960x960&amp;_nc_cat=106&amp;ccb=1-7&amp;_nc_sid=730e14&amp;_nc_ohc=u0KePKVqid0AX9vvNW5&amp;_nc_ht=scontent.fccp1-1.fna&amp;oh=00_AfCyh3ZM17jHMyKzqT77Pq0urTIRoviH285qwQPlHxqeIg&amp;oe=644B132F\" alt=\"\"\/><\/a><\/figure>\n\n\n\n<p><a href=\"https:\/\/www.facebook.com\/photo\/?fbid=899735161389898&amp;set=pcb.899737351389679&amp;__cft__[0]=AZXZfdOYKazUmpvVd6lxOpOdSFePhyh8Zj74FDKZbyKi6oPLkK5pGwlF0TotyHvw62SsrziGtkezQVLPbFWCSqPPHMZi7wqaO78JXUXiJ4pyhloq73NfBGwt0TJJNx_IXIsKNGy3BdXZwp9jDfIwpGpi&amp;__tn__=*bH-R\"><\/a><\/p>\n\n\n\n<figure class=\"wp-block-image\"><a href=\"https:\/\/www.facebook.com\/photo\/?fbid=899735161389898&amp;set=pcb.899737351389679&amp;__cft__[0]=AZXZfdOYKazUmpvVd6lxOpOdSFePhyh8Zj74FDKZbyKi6oPLkK5pGwlF0TotyHvw62SsrziGtkezQVLPbFWCSqPPHMZi7wqaO78JXUXiJ4pyhloq73NfBGwt0TJJNx_IXIsKNGy3BdXZwp9jDfIwpGpi&amp;__tn__=*bH-R\"><img decoding=\"async\" src=\"https:\/\/scontent.fccp1-1.fna.fbcdn.net\/v\/t39.30808-6\/337998010_1210709852911104_2308123113401360402_n.jpg?stp=dst-jpg_p960x960&amp;_nc_cat=110&amp;ccb=1-7&amp;_nc_sid=730e14&amp;_nc_ohc=ExV_8RdEjGoAX9pL4u0&amp;_nc_ht=scontent.fccp1-1.fna&amp;oh=00_AfAd9zNpsSZnLmeESHkwI0xPJh9-TiUk9PhyvPt-GDAKiA&amp;oe=644B77DB\" alt=\"\"\/><\/a><\/figure>\n\n\n\n<p><\/p>\n\n\n\n<p><a href=\"https:\/\/www.facebook.com\/ad_center\/create\/boostpost\/?entry_point=www_profile_plus_permalink&amp;page_id=345169625585408&amp;target_id=899737351389679&amp;__cft__[0]=AZXZfdOYKazUmpvVd6lxOpOdSFePhyh8Zj74FDKZbyKi6oPLkK5pGwlF0TotyHvw62SsrziGtkezQVLPbFWCSqPPHMZi7wqaO78JXUXiJ4pyhloq73NfBGwt0TJJNx_IXIsKNGy3BdXZwp9jDfIwpGpi&amp;__tn__=*W-R\"><\/a><\/p>\n\n\n\n<p><\/p>\n","protected":false},"excerpt":{"rendered":"<p>Nuestra profesional Fonoaudi\u00f3loga Susana Soto Polanco nos ense\u00f1a un poco m\u00e1s acerca del Trastorno Espec\u00edfico del Lenguaje (TEL)<\/p>\n","protected":false},"author":4,"featured_media":0,"comment_status":"open","ping_status":"closed","sticky":false,"template":"","format":"standard","meta":{"footnotes":""},"categories":[255],"tags":[],"class_list":["post-6975","post","type-post","status-publish","format-standard","hentry","category-cbne2023"],"yoast_head":"<!-- This site is optimized with the Yoast SEO plugin v27.5 - https:\/\/yoast.com\/product\/yoast-seo-wordpress\/ -->\n<title>CONOCIENDO EL TRASTORNO ESPEC\u00cdFICO DEL LENGUAJE (TEL) - COLEGIO BICENTENARIO NUEVA ESPERANZA<\/title>\n<meta name=\"robots\" content=\"index, follow, max-snippet:-1, max-image-preview:large, max-video-preview:-1\" \/>\n<link rel=\"canonical\" href=\"https:\/\/cbne.cl\/wpCNE\/conociendo-el-trastorno-especifico-del-lenguaje-tel\/\" \/>\n<meta property=\"og:locale\" content=\"es_ES\" \/>\n<meta property=\"og:type\" content=\"article\" \/>\n<meta property=\"og:title\" content=\"CONOCIENDO EL TRASTORNO ESPEC\u00cdFICO DEL LENGUAJE (TEL) - COLEGIO BICENTENARIO NUEVA ESPERANZA\" \/>\n<meta property=\"og:description\" content=\"Nuestra profesional Fonoaudi\u00f3loga Susana Soto Polanco nos ense\u00f1a un poco m\u00e1s acerca del Trastorno Espec\u00edfico del Lenguaje (TEL)\" \/>\n<meta property=\"og:url\" content=\"https:\/\/cbne.cl\/wpCNE\/conociendo-el-trastorno-especifico-del-lenguaje-tel\/\" \/>\n<meta property=\"og:site_name\" content=\"COLEGIO BICENTENARIO NUEVA ESPERANZA\" \/>\n<meta property=\"article:published_time\" content=\"2023-03-27T14:44:28+00:00\" \/>\n<meta property=\"article:modified_time\" content=\"2023-04-24T14:54:09+00:00\" \/>\n<meta property=\"og:image\" content=\"https:\/\/colegionuevaesperanza.cl\/wpCNE\/wp-content\/uploads\/2023\/04\/1-1024x1024.jpg\" \/>\n<meta name=\"twitter:card\" content=\"summary_large_image\" \/>\n<meta name=\"twitter:label1\" content=\"Escrito por\" \/>\n\t<meta name=\"twitter:data1\" content=\"\" \/>\n\t<meta name=\"twitter:label2\" content=\"Tiempo de lectura\" \/>\n\t<meta name=\"twitter:data2\" content=\"3 minutos\" \/>\n<script type=\"application\/ld+json\" class=\"yoast-schema-graph\">{\"@context\":\"https:\\\/\\\/schema.org\",\"@graph\":[{\"@type\":\"Article\",\"@id\":\"https:\\\/\\\/cbne.cl\\\/wpCNE\\\/conociendo-el-trastorno-especifico-del-lenguaje-tel\\\/#article\",\"isPartOf\":{\"@id\":\"https:\\\/\\\/cbne.cl\\\/wpCNE\\\/conociendo-el-trastorno-especifico-del-lenguaje-tel\\\/\"},\"author\":{\"name\":\"\",\"@id\":\"\"},\"headline\":\"CONOCIENDO EL TRASTORNO ESPEC\u00cdFICO DEL LENGUAJE (TEL)\",\"datePublished\":\"2023-03-27T14:44:28+00:00\",\"dateModified\":\"2023-04-24T14:54:09+00:00\",\"mainEntityOfPage\":{\"@id\":\"https:\\\/\\\/cbne.cl\\\/wpCNE\\\/conociendo-el-trastorno-especifico-del-lenguaje-tel\\\/\"},\"wordCount\":135,\"commentCount\":0,\"publisher\":{\"@id\":\"https:\\\/\\\/cbne.cl\\\/wpCNE\\\/#organization\"},\"image\":{\"@id\":\"https:\\\/\\\/cbne.cl\\\/wpCNE\\\/conociendo-el-trastorno-especifico-del-lenguaje-tel\\\/#primaryimage\"},\"thumbnailUrl\":\"https:\\\/\\\/colegionuevaesperanza.cl\\\/wpCNE\\\/wp-content\\\/uploads\\\/2023\\\/04\\\/1-1024x1024.jpg\",\"articleSection\":[\"CBNE 2023\"],\"inLanguage\":\"es\",\"potentialAction\":[{\"@type\":\"CommentAction\",\"name\":\"Comment\",\"target\":[\"https:\\\/\\\/cbne.cl\\\/wpCNE\\\/conociendo-el-trastorno-especifico-del-lenguaje-tel\\\/#respond\"]}]},{\"@type\":\"WebPage\",\"@id\":\"https:\\\/\\\/cbne.cl\\\/wpCNE\\\/conociendo-el-trastorno-especifico-del-lenguaje-tel\\\/\",\"url\":\"https:\\\/\\\/cbne.cl\\\/wpCNE\\\/conociendo-el-trastorno-especifico-del-lenguaje-tel\\\/\",\"name\":\"CONOCIENDO EL TRASTORNO ESPEC\u00cdFICO DEL LENGUAJE (TEL) - COLEGIO BICENTENARIO NUEVA ESPERANZA\",\"isPartOf\":{\"@id\":\"https:\\\/\\\/cbne.cl\\\/wpCNE\\\/#website\"},\"primaryImageOfPage\":{\"@id\":\"https:\\\/\\\/cbne.cl\\\/wpCNE\\\/conociendo-el-trastorno-especifico-del-lenguaje-tel\\\/#primaryimage\"},\"image\":{\"@id\":\"https:\\\/\\\/cbne.cl\\\/wpCNE\\\/conociendo-el-trastorno-especifico-del-lenguaje-tel\\\/#primaryimage\"},\"thumbnailUrl\":\"https:\\\/\\\/colegionuevaesperanza.cl\\\/wpCNE\\\/wp-content\\\/uploads\\\/2023\\\/04\\\/1-1024x1024.jpg\",\"datePublished\":\"2023-03-27T14:44:28+00:00\",\"dateModified\":\"2023-04-24T14:54:09+00:00\",\"breadcrumb\":{\"@id\":\"https:\\\/\\\/cbne.cl\\\/wpCNE\\\/conociendo-el-trastorno-especifico-del-lenguaje-tel\\\/#breadcrumb\"},\"inLanguage\":\"es\",\"potentialAction\":[{\"@type\":\"ReadAction\",\"target\":[\"https:\\\/\\\/cbne.cl\\\/wpCNE\\\/conociendo-el-trastorno-especifico-del-lenguaje-tel\\\/\"]}]},{\"@type\":\"ImageObject\",\"inLanguage\":\"es\",\"@id\":\"https:\\\/\\\/cbne.cl\\\/wpCNE\\\/conociendo-el-trastorno-especifico-del-lenguaje-tel\\\/#primaryimage\",\"url\":\"https:\\\/\\\/colegionuevaesperanza.cl\\\/wpCNE\\\/wp-content\\\/uploads\\\/2023\\\/04\\\/1-1024x1024.jpg\",\"contentUrl\":\"https:\\\/\\\/colegionuevaesperanza.cl\\\/wpCNE\\\/wp-content\\\/uploads\\\/2023\\\/04\\\/1-1024x1024.jpg\"},{\"@type\":\"BreadcrumbList\",\"@id\":\"https:\\\/\\\/cbne.cl\\\/wpCNE\\\/conociendo-el-trastorno-especifico-del-lenguaje-tel\\\/#breadcrumb\",\"itemListElement\":[{\"@type\":\"ListItem\",\"position\":1,\"name\":\"Portada\",\"item\":\"https:\\\/\\\/cbne.cl\\\/wpCNE\\\/\"},{\"@type\":\"ListItem\",\"position\":2,\"name\":\"CONOCIENDO EL TRASTORNO ESPEC\u00cdFICO DEL LENGUAJE (TEL)\"}]},{\"@type\":\"WebSite\",\"@id\":\"https:\\\/\\\/cbne.cl\\\/wpCNE\\\/#website\",\"url\":\"https:\\\/\\\/cbne.cl\\\/wpCNE\\\/\",\"name\":\"COLEGIO BICENTENARIO NUEVA ESPERANZA\",\"description\":\"&quot;Educando desde la afectividad&quot;\",\"publisher\":{\"@id\":\"https:\\\/\\\/cbne.cl\\\/wpCNE\\\/#organization\"},\"potentialAction\":[{\"@type\":\"SearchAction\",\"target\":{\"@type\":\"EntryPoint\",\"urlTemplate\":\"https:\\\/\\\/cbne.cl\\\/wpCNE\\\/?s={search_term_string}\"},\"query-input\":{\"@type\":\"PropertyValueSpecification\",\"valueRequired\":true,\"valueName\":\"search_term_string\"}}],\"inLanguage\":\"es\"},{\"@type\":\"Organization\",\"@id\":\"https:\\\/\\\/cbne.cl\\\/wpCNE\\\/#organization\",\"name\":\"COLEGIO BICENTENARIO NUEVA ESPERANZA\",\"url\":\"https:\\\/\\\/cbne.cl\\\/wpCNE\\\/\",\"logo\":{\"@type\":\"ImageObject\",\"inLanguage\":\"es\",\"@id\":\"https:\\\/\\\/cbne.cl\\\/wpCNE\\\/#\\\/schema\\\/logo\\\/image\\\/\",\"url\":\"https:\\\/\\\/cbne.cl\\\/wpCNE\\\/wp-content\\\/uploads\\\/2020\\\/07\\\/cropped-cropped-web150x150.png\",\"contentUrl\":\"https:\\\/\\\/cbne.cl\\\/wpCNE\\\/wp-content\\\/uploads\\\/2020\\\/07\\\/cropped-cropped-web150x150.png\",\"width\":150,\"height\":150,\"caption\":\"COLEGIO BICENTENARIO NUEVA ESPERANZA\"},\"image\":{\"@id\":\"https:\\\/\\\/cbne.cl\\\/wpCNE\\\/#\\\/schema\\\/logo\\\/image\\\/\"}},{\"@type\":\"Person\",\"@id\":\"\",\"url\":\"https:\\\/\\\/cbne.cl\\\/wpCNE\\\/author\\\/\"}]}<\/script>\n<!-- \/ Yoast SEO plugin. -->","yoast_head_json":{"title":"CONOCIENDO EL TRASTORNO ESPEC\u00cdFICO DEL LENGUAJE (TEL) - COLEGIO BICENTENARIO NUEVA ESPERANZA","robots":{"index":"index","follow":"follow","max-snippet":"max-snippet:-1","max-image-preview":"max-image-preview:large","max-video-preview":"max-video-preview:-1"},"canonical":"https:\/\/cbne.cl\/wpCNE\/conociendo-el-trastorno-especifico-del-lenguaje-tel\/","og_locale":"es_ES","og_type":"article","og_title":"CONOCIENDO EL TRASTORNO ESPEC\u00cdFICO DEL LENGUAJE (TEL) - COLEGIO BICENTENARIO NUEVA ESPERANZA","og_description":"Nuestra profesional Fonoaudi\u00f3loga Susana Soto Polanco nos ense\u00f1a un poco m\u00e1s acerca del Trastorno Espec\u00edfico del Lenguaje (TEL)","og_url":"https:\/\/cbne.cl\/wpCNE\/conociendo-el-trastorno-especifico-del-lenguaje-tel\/","og_site_name":"COLEGIO BICENTENARIO NUEVA ESPERANZA","article_published_time":"2023-03-27T14:44:28+00:00","article_modified_time":"2023-04-24T14:54:09+00:00","og_image":[{"url":"https:\/\/colegionuevaesperanza.cl\/wpCNE\/wp-content\/uploads\/2023\/04\/1-1024x1024.jpg","type":"","width":"","height":""}],"twitter_card":"summary_large_image","twitter_misc":{"Escrito por":"","Tiempo de lectura":"3 minutos"},"schema":{"@context":"https:\/\/schema.org","@graph":[{"@type":"Article","@id":"https:\/\/cbne.cl\/wpCNE\/conociendo-el-trastorno-especifico-del-lenguaje-tel\/#article","isPartOf":{"@id":"https:\/\/cbne.cl\/wpCNE\/conociendo-el-trastorno-especifico-del-lenguaje-tel\/"},"author":{"name":"","@id":""},"headline":"CONOCIENDO EL TRASTORNO ESPEC\u00cdFICO DEL LENGUAJE (TEL)","datePublished":"2023-03-27T14:44:28+00:00","dateModified":"2023-04-24T14:54:09+00:00","mainEntityOfPage":{"@id":"https:\/\/cbne.cl\/wpCNE\/conociendo-el-trastorno-especifico-del-lenguaje-tel\/"},"wordCount":135,"commentCount":0,"publisher":{"@id":"https:\/\/cbne.cl\/wpCNE\/#organization"},"image":{"@id":"https:\/\/cbne.cl\/wpCNE\/conociendo-el-trastorno-especifico-del-lenguaje-tel\/#primaryimage"},"thumbnailUrl":"https:\/\/colegionuevaesperanza.cl\/wpCNE\/wp-content\/uploads\/2023\/04\/1-1024x1024.jpg","articleSection":["CBNE 2023"],"inLanguage":"es","potentialAction":[{"@type":"CommentAction","name":"Comment","target":["https:\/\/cbne.cl\/wpCNE\/conociendo-el-trastorno-especifico-del-lenguaje-tel\/#respond"]}]},{"@type":"WebPage","@id":"https:\/\/cbne.cl\/wpCNE\/conociendo-el-trastorno-especifico-del-lenguaje-tel\/","url":"https:\/\/cbne.cl\/wpCNE\/conociendo-el-trastorno-especifico-del-lenguaje-tel\/","name":"CONOCIENDO EL TRASTORNO ESPEC\u00cdFICO DEL LENGUAJE (TEL) - COLEGIO BICENTENARIO NUEVA ESPERANZA","isPartOf":{"@id":"https:\/\/cbne.cl\/wpCNE\/#website"},"primaryImageOfPage":{"@id":"https:\/\/cbne.cl\/wpCNE\/conociendo-el-trastorno-especifico-del-lenguaje-tel\/#primaryimage"},"image":{"@id":"https:\/\/cbne.cl\/wpCNE\/conociendo-el-trastorno-especifico-del-lenguaje-tel\/#primaryimage"},"thumbnailUrl":"https:\/\/colegionuevaesperanza.cl\/wpCNE\/wp-content\/uploads\/2023\/04\/1-1024x1024.jpg","datePublished":"2023-03-27T14:44:28+00:00","dateModified":"2023-04-24T14:54:09+00:00","breadcrumb":{"@id":"https:\/\/cbne.cl\/wpCNE\/conociendo-el-trastorno-especifico-del-lenguaje-tel\/#breadcrumb"},"inLanguage":"es","potentialAction":[{"@type":"ReadAction","target":["https:\/\/cbne.cl\/wpCNE\/conociendo-el-trastorno-especifico-del-lenguaje-tel\/"]}]},{"@type":"ImageObject","inLanguage":"es","@id":"https:\/\/cbne.cl\/wpCNE\/conociendo-el-trastorno-especifico-del-lenguaje-tel\/#primaryimage","url":"https:\/\/colegionuevaesperanza.cl\/wpCNE\/wp-content\/uploads\/2023\/04\/1-1024x1024.jpg","contentUrl":"https:\/\/colegionuevaesperanza.cl\/wpCNE\/wp-content\/uploads\/2023\/04\/1-1024x1024.jpg"},{"@type":"BreadcrumbList","@id":"https:\/\/cbne.cl\/wpCNE\/conociendo-el-trastorno-especifico-del-lenguaje-tel\/#breadcrumb","itemListElement":[{"@type":"ListItem","position":1,"name":"Portada","item":"https:\/\/cbne.cl\/wpCNE\/"},{"@type":"ListItem","position":2,"name":"CONOCIENDO EL TRASTORNO ESPEC\u00cdFICO DEL LENGUAJE (TEL)"}]},{"@type":"WebSite","@id":"https:\/\/cbne.cl\/wpCNE\/#website","url":"https:\/\/cbne.cl\/wpCNE\/","name":"COLEGIO BICENTENARIO NUEVA ESPERANZA","description":"&quot;Educando desde la afectividad&quot;","publisher":{"@id":"https:\/\/cbne.cl\/wpCNE\/#organization"},"potentialAction":[{"@type":"SearchAction","target":{"@type":"EntryPoint","urlTemplate":"https:\/\/cbne.cl\/wpCNE\/?s={search_term_string}"},"query-input":{"@type":"PropertyValueSpecification","valueRequired":true,"valueName":"search_term_string"}}],"inLanguage":"es"},{"@type":"Organization","@id":"https:\/\/cbne.cl\/wpCNE\/#organization","name":"COLEGIO BICENTENARIO NUEVA ESPERANZA","url":"https:\/\/cbne.cl\/wpCNE\/","logo":{"@type":"ImageObject","inLanguage":"es","@id":"https:\/\/cbne.cl\/wpCNE\/#\/schema\/logo\/image\/","url":"https:\/\/cbne.cl\/wpCNE\/wp-content\/uploads\/2020\/07\/cropped-cropped-web150x150.png","contentUrl":"https:\/\/cbne.cl\/wpCNE\/wp-content\/uploads\/2020\/07\/cropped-cropped-web150x150.png","width":150,"height":150,"caption":"COLEGIO BICENTENARIO NUEVA ESPERANZA"},"image":{"@id":"https:\/\/cbne.cl\/wpCNE\/#\/schema\/logo\/image\/"}},{"@type":"Person","@id":"","url":"https:\/\/cbne.cl\/wpCNE\/author\/"}]}},"featured_image_urls":{"full":"","thumbnail":"","medium":"","medium_large":"","large":"","1536x1536":"","2048x2048":"","morenews-large":"","morenews-medium":""},"author_info":{"display_name":"","author_link":"https:\/\/cbne.cl\/wpCNE\/author\/"},"category_info":"<a href=\"https:\/\/cbne.cl\/wpCNE\/category\/cbne2023\/\" rel=\"category tag\">CBNE 2023<\/a>","tag_info":"CBNE 2023","comment_count":"0","_links":{"self":[{"href":"https:\/\/cbne.cl\/wpCNE\/wp-json\/wp\/v2\/posts\/6975","targetHints":{"allow":["GET"]}}],"collection":[{"href":"https:\/\/cbne.cl\/wpCNE\/wp-json\/wp\/v2\/posts"}],"about":[{"href":"https:\/\/cbne.cl\/wpCNE\/wp-json\/wp\/v2\/types\/post"}],"author":[{"embeddable":true,"href":"https:\/\/cbne.cl\/wpCNE\/wp-json\/wp\/v2\/users\/4"}],"replies":[{"embeddable":true,"href":"https:\/\/cbne.cl\/wpCNE\/wp-json\/wp\/v2\/comments?post=6975"}],"version-history":[{"count":1,"href":"https:\/\/cbne.cl\/wpCNE\/wp-json\/wp\/v2\/posts\/6975\/revisions"}],"predecessor-version":[{"id":6978,"href":"https:\/\/cbne.cl\/wpCNE\/wp-json\/wp\/v2\/posts\/6975\/revisions\/6978"}],"wp:attachment":[{"href":"https:\/\/cbne.cl\/wpCNE\/wp-json\/wp\/v2\/media?parent=6975"}],"wp:term":[{"taxonomy":"category","embeddable":true,"href":"https:\/\/cbne.cl\/wpCNE\/wp-json\/wp\/v2\/categories?post=6975"},{"taxonomy":"post_tag","embeddable":true,"href":"https:\/\/cbne.cl\/wpCNE\/wp-json\/wp\/v2\/tags?post=6975"}],"curies":[{"name":"wp","href":"https:\/\/api.w.org\/{rel}","templated":true}]}}