{"id":6966,"date":"2023-03-24T11:37:43","date_gmt":"2023-03-24T14:37:43","guid":{"rendered":"https:\/\/colegionuevaesperanza.cl\/wpCNE\/?p=6966"},"modified":"2023-04-24T11:41:18","modified_gmt":"2023-04-24T14:41:18","slug":"una-experiencia-artistica-en-la-universidad-de-concepcion","status":"publish","type":"post","link":"https:\/\/cbne.cl\/wpCNE\/una-experiencia-artistica-en-la-universidad-de-concepcion\/","title":{"rendered":"UNA EXPERIENCIA ART\u00cdSTICA EN LA UNIVERSIDAD DE CONCEPCI\u00d3N"},"content":{"rendered":"\n<figure class=\"wp-block-image size-large\"><img fetchpriority=\"high\" decoding=\"async\" width=\"1024\" height=\"768\" src=\"https:\/\/colegionuevaesperanza.cl\/wpCNE\/wp-content\/uploads\/2023\/04\/IMG_2310-1024x768.jpg\" alt=\"\" class=\"wp-image-6967\" srcset=\"https:\/\/cbne.cl\/wpCNE\/wp-content\/uploads\/2023\/04\/IMG_2310-1024x768.jpg 1024w, https:\/\/cbne.cl\/wpCNE\/wp-content\/uploads\/2023\/04\/IMG_2310-300x225.jpg 300w, https:\/\/cbne.cl\/wpCNE\/wp-content\/uploads\/2023\/04\/IMG_2310-768x576.jpg 768w, https:\/\/cbne.cl\/wpCNE\/wp-content\/uploads\/2023\/04\/IMG_2310-1536x1151.jpg 1536w, https:\/\/cbne.cl\/wpCNE\/wp-content\/uploads\/2023\/04\/IMG_2310-400x300.jpg 400w\" sizes=\"(max-width: 1024px) 100vw, 1024px\" \/><\/figure>\n\n\n\n<p>La jornada del pasado jueves 23 de marzo nuestros estudiantes destacados en su participaci\u00f3n en talleres, concursos y exposiciones art\u00edsticas, en compa\u00f1\u00eda del docente de artes, Alejandro V\u00e1squez, viajaron hasta la regi\u00f3n del Biob\u00edo para visitar la exposici\u00f3n \u201cVAN GOGH, EL SUE\u00d1O INMERSIVO\u201d, en el mall del Tr\u00e9bol en Concepci\u00f3n <img decoding=\"async\" height=\"16\" width=\"16\" src=\"https:\/\/static.xx.fbcdn.net\/images\/emoji.php\/v9\/td8\/1.5\/16\/1f60a.png\" alt=\"\ud83d\ude0a\">.<\/p>\n\n\n\n<figure class=\"wp-block-image size-large\"><img decoding=\"async\" width=\"1024\" height=\"768\" src=\"https:\/\/colegionuevaesperanza.cl\/wpCNE\/wp-content\/uploads\/2023\/04\/IMG_2399-1024x768.jpg\" alt=\"\" class=\"wp-image-6968\" srcset=\"https:\/\/cbne.cl\/wpCNE\/wp-content\/uploads\/2023\/04\/IMG_2399-1024x768.jpg 1024w, https:\/\/cbne.cl\/wpCNE\/wp-content\/uploads\/2023\/04\/IMG_2399-300x225.jpg 300w, https:\/\/cbne.cl\/wpCNE\/wp-content\/uploads\/2023\/04\/IMG_2399-768x576.jpg 768w, https:\/\/cbne.cl\/wpCNE\/wp-content\/uploads\/2023\/04\/IMG_2399-1536x1151.jpg 1536w, https:\/\/cbne.cl\/wpCNE\/wp-content\/uploads\/2023\/04\/IMG_2399-400x300.jpg 400w\" sizes=\"(max-width: 1024px) 100vw, 1024px\" \/><\/figure>\n\n\n\n<p>La actividad consisti\u00f3 en una muestra art\u00edstica en homenaje al gran pintor holand\u00e9s, donde pudieron conocer en detalles la vida de Van Gogh, a trav\u00e9s de proyecciones e im\u00e1genes digitales<img loading=\"lazy\" decoding=\"async\" height=\"16\" width=\"16\" alt=\"\ud83d\ude01\" src=\"https:\/\/static.xx.fbcdn.net\/images\/emoji.php\/v9\/ta8\/1.5\/16\/1f601.png\"><\/p>\n\n\n\n<p>Junto con eso, los alumnos visitaron el campus de la Universidad de Concepci\u00f3n para conocer el mural \u201cpresencia de Latinoam\u00e9rica\u201d de Gonzales Camarena en la pinacoteca de la UdeC.<\/p>\n\n\n\n<figure class=\"wp-block-image size-large\"><img loading=\"lazy\" decoding=\"async\" width=\"1024\" height=\"768\" src=\"https:\/\/colegionuevaesperanza.cl\/wpCNE\/wp-content\/uploads\/2023\/04\/IMG_2447-1024x768.jpg\" alt=\"\" class=\"wp-image-6970\" srcset=\"https:\/\/cbne.cl\/wpCNE\/wp-content\/uploads\/2023\/04\/IMG_2447-1024x768.jpg 1024w, https:\/\/cbne.cl\/wpCNE\/wp-content\/uploads\/2023\/04\/IMG_2447-300x225.jpg 300w, https:\/\/cbne.cl\/wpCNE\/wp-content\/uploads\/2023\/04\/IMG_2447-768x576.jpg 768w, https:\/\/cbne.cl\/wpCNE\/wp-content\/uploads\/2023\/04\/IMG_2447-1536x1151.jpg 1536w, https:\/\/cbne.cl\/wpCNE\/wp-content\/uploads\/2023\/04\/IMG_2447-400x300.jpg 400w\" sizes=\"(max-width: 1024px) 100vw, 1024px\" \/><\/figure>\n\n\n\n<p>Nutritiva jornada en la que nuestros estudiantes conocieron el campus de la Gloriosa casa de estudios en Concepci\u00f3n, dejando en evidencia sus intereses profesionales y art\u00edsticos para su futuro desempe\u00f1o acad\u00e9mico <img loading=\"lazy\" decoding=\"async\" height=\"16\" width=\"16\" alt=\"\ud83e\udd70\" src=\"https:\/\/static.xx.fbcdn.net\/images\/emoji.php\/v9\/t43\/1.5\/16\/1f970.png\">.<\/p>\n\n\n\n<p>EXCELENTE! <img loading=\"lazy\" decoding=\"async\" height=\"16\" width=\"16\" src=\"https:\/\/static.xx.fbcdn.net\/images\/emoji.php\/v9\/tb1\/1.5\/16\/1f929.png\" alt=\"\ud83e\udd29\"><\/p>\n\n\n\n<p><\/p>\n\n\n\n<p>TODAS LAS IM\u00c1GENES EN NUESTRO FAN PAGE DE FACEBOOK: COLEGIO BICENTENARIO NUEVA ESPERANZA<\/p>\n","protected":false},"excerpt":{"rendered":"<p>La jornada del pasado jueves 23 de marzo nuestros estudiantes destacados en su participaci\u00f3n en talleres, concursos y<\/p>\n","protected":false},"author":4,"featured_media":0,"comment_status":"open","ping_status":"closed","sticky":false,"template":"","format":"standard","meta":{"footnotes":""},"categories":[255],"tags":[],"class_list":["post-6966","post","type-post","status-publish","format-standard","hentry","category-cbne2023"],"yoast_head":"<!-- This site is optimized with the Yoast SEO plugin v27.5 - https:\/\/yoast.com\/product\/yoast-seo-wordpress\/ -->\n<title>UNA EXPERIENCIA ART\u00cdSTICA EN LA UNIVERSIDAD DE CONCEPCI\u00d3N - COLEGIO BICENTENARIO NUEVA ESPERANZA<\/title>\n<meta name=\"robots\" content=\"index, follow, max-snippet:-1, max-image-preview:large, max-video-preview:-1\" \/>\n<link rel=\"canonical\" href=\"https:\/\/cbne.cl\/wpCNE\/una-experiencia-artistica-en-la-universidad-de-concepcion\/\" \/>\n<meta property=\"og:locale\" content=\"es_ES\" \/>\n<meta property=\"og:type\" content=\"article\" \/>\n<meta property=\"og:title\" content=\"UNA EXPERIENCIA ART\u00cdSTICA EN LA UNIVERSIDAD DE CONCEPCI\u00d3N - COLEGIO BICENTENARIO NUEVA ESPERANZA\" \/>\n<meta property=\"og:description\" content=\"La jornada del pasado jueves 23 de marzo nuestros estudiantes destacados en su participaci\u00f3n en talleres, concursos y\" \/>\n<meta property=\"og:url\" content=\"https:\/\/cbne.cl\/wpCNE\/una-experiencia-artistica-en-la-universidad-de-concepcion\/\" \/>\n<meta property=\"og:site_name\" content=\"COLEGIO BICENTENARIO NUEVA ESPERANZA\" \/>\n<meta property=\"article:published_time\" content=\"2023-03-24T14:37:43+00:00\" \/>\n<meta property=\"article:modified_time\" content=\"2023-04-24T14:41:18+00:00\" \/>\n<meta property=\"og:image\" content=\"https:\/\/colegionuevaesperanza.cl\/wpCNE\/wp-content\/uploads\/2023\/04\/IMG_2310-1024x768.jpg\" \/>\n<meta name=\"twitter:card\" content=\"summary_large_image\" \/>\n<meta name=\"twitter:label1\" content=\"Escrito por\" \/>\n\t<meta name=\"twitter:data1\" content=\"\" \/>\n\t<meta name=\"twitter:label2\" content=\"Tiempo de lectura\" \/>\n\t<meta name=\"twitter:data2\" content=\"3 minutos\" \/>\n<script type=\"application\/ld+json\" class=\"yoast-schema-graph\">{\"@context\":\"https:\\\/\\\/schema.org\",\"@graph\":[{\"@type\":\"Article\",\"@id\":\"https:\\\/\\\/cbne.cl\\\/wpCNE\\\/una-experiencia-artistica-en-la-universidad-de-concepcion\\\/#article\",\"isPartOf\":{\"@id\":\"https:\\\/\\\/cbne.cl\\\/wpCNE\\\/una-experiencia-artistica-en-la-universidad-de-concepcion\\\/\"},\"author\":{\"name\":\"\",\"@id\":\"\"},\"headline\":\"UNA EXPERIENCIA ART\u00cdSTICA EN LA UNIVERSIDAD DE CONCEPCI\u00d3N\",\"datePublished\":\"2023-03-24T14:37:43+00:00\",\"dateModified\":\"2023-04-24T14:41:18+00:00\",\"mainEntityOfPage\":{\"@id\":\"https:\\\/\\\/cbne.cl\\\/wpCNE\\\/una-experiencia-artistica-en-la-universidad-de-concepcion\\\/\"},\"wordCount\":184,\"commentCount\":0,\"publisher\":{\"@id\":\"https:\\\/\\\/cbne.cl\\\/wpCNE\\\/#organization\"},\"image\":{\"@id\":\"https:\\\/\\\/cbne.cl\\\/wpCNE\\\/una-experiencia-artistica-en-la-universidad-de-concepcion\\\/#primaryimage\"},\"thumbnailUrl\":\"https:\\\/\\\/colegionuevaesperanza.cl\\\/wpCNE\\\/wp-content\\\/uploads\\\/2023\\\/04\\\/IMG_2310-1024x768.jpg\",\"articleSection\":[\"CBNE 2023\"],\"inLanguage\":\"es\",\"potentialAction\":[{\"@type\":\"CommentAction\",\"name\":\"Comment\",\"target\":[\"https:\\\/\\\/cbne.cl\\\/wpCNE\\\/una-experiencia-artistica-en-la-universidad-de-concepcion\\\/#respond\"]}]},{\"@type\":\"WebPage\",\"@id\":\"https:\\\/\\\/cbne.cl\\\/wpCNE\\\/una-experiencia-artistica-en-la-universidad-de-concepcion\\\/\",\"url\":\"https:\\\/\\\/cbne.cl\\\/wpCNE\\\/una-experiencia-artistica-en-la-universidad-de-concepcion\\\/\",\"name\":\"UNA EXPERIENCIA ART\u00cdSTICA EN LA UNIVERSIDAD DE CONCEPCI\u00d3N - COLEGIO BICENTENARIO NUEVA ESPERANZA\",\"isPartOf\":{\"@id\":\"https:\\\/\\\/cbne.cl\\\/wpCNE\\\/#website\"},\"primaryImageOfPage\":{\"@id\":\"https:\\\/\\\/cbne.cl\\\/wpCNE\\\/una-experiencia-artistica-en-la-universidad-de-concepcion\\\/#primaryimage\"},\"image\":{\"@id\":\"https:\\\/\\\/cbne.cl\\\/wpCNE\\\/una-experiencia-artistica-en-la-universidad-de-concepcion\\\/#primaryimage\"},\"thumbnailUrl\":\"https:\\\/\\\/colegionuevaesperanza.cl\\\/wpCNE\\\/wp-content\\\/uploads\\\/2023\\\/04\\\/IMG_2310-1024x768.jpg\",\"datePublished\":\"2023-03-24T14:37:43+00:00\",\"dateModified\":\"2023-04-24T14:41:18+00:00\",\"breadcrumb\":{\"@id\":\"https:\\\/\\\/cbne.cl\\\/wpCNE\\\/una-experiencia-artistica-en-la-universidad-de-concepcion\\\/#breadcrumb\"},\"inLanguage\":\"es\",\"potentialAction\":[{\"@type\":\"ReadAction\",\"target\":[\"https:\\\/\\\/cbne.cl\\\/wpCNE\\\/una-experiencia-artistica-en-la-universidad-de-concepcion\\\/\"]}]},{\"@type\":\"ImageObject\",\"inLanguage\":\"es\",\"@id\":\"https:\\\/\\\/cbne.cl\\\/wpCNE\\\/una-experiencia-artistica-en-la-universidad-de-concepcion\\\/#primaryimage\",\"url\":\"https:\\\/\\\/colegionuevaesperanza.cl\\\/wpCNE\\\/wp-content\\\/uploads\\\/2023\\\/04\\\/IMG_2310-1024x768.jpg\",\"contentUrl\":\"https:\\\/\\\/colegionuevaesperanza.cl\\\/wpCNE\\\/wp-content\\\/uploads\\\/2023\\\/04\\\/IMG_2310-1024x768.jpg\"},{\"@type\":\"BreadcrumbList\",\"@id\":\"https:\\\/\\\/cbne.cl\\\/wpCNE\\\/una-experiencia-artistica-en-la-universidad-de-concepcion\\\/#breadcrumb\",\"itemListElement\":[{\"@type\":\"ListItem\",\"position\":1,\"name\":\"Portada\",\"item\":\"https:\\\/\\\/cbne.cl\\\/wpCNE\\\/\"},{\"@type\":\"ListItem\",\"position\":2,\"name\":\"UNA EXPERIENCIA ART\u00cdSTICA EN LA UNIVERSIDAD DE CONCEPCI\u00d3N\"}]},{\"@type\":\"WebSite\",\"@id\":\"https:\\\/\\\/cbne.cl\\\/wpCNE\\\/#website\",\"url\":\"https:\\\/\\\/cbne.cl\\\/wpCNE\\\/\",\"name\":\"COLEGIO BICENTENARIO NUEVA ESPERANZA\",\"description\":\"&quot;Educando desde la afectividad&quot;\",\"publisher\":{\"@id\":\"https:\\\/\\\/cbne.cl\\\/wpCNE\\\/#organization\"},\"potentialAction\":[{\"@type\":\"SearchAction\",\"target\":{\"@type\":\"EntryPoint\",\"urlTemplate\":\"https:\\\/\\\/cbne.cl\\\/wpCNE\\\/?s={search_term_string}\"},\"query-input\":{\"@type\":\"PropertyValueSpecification\",\"valueRequired\":true,\"valueName\":\"search_term_string\"}}],\"inLanguage\":\"es\"},{\"@type\":\"Organization\",\"@id\":\"https:\\\/\\\/cbne.cl\\\/wpCNE\\\/#organization\",\"name\":\"COLEGIO BICENTENARIO NUEVA ESPERANZA\",\"url\":\"https:\\\/\\\/cbne.cl\\\/wpCNE\\\/\",\"logo\":{\"@type\":\"ImageObject\",\"inLanguage\":\"es\",\"@id\":\"https:\\\/\\\/cbne.cl\\\/wpCNE\\\/#\\\/schema\\\/logo\\\/image\\\/\",\"url\":\"https:\\\/\\\/cbne.cl\\\/wpCNE\\\/wp-content\\\/uploads\\\/2020\\\/07\\\/cropped-cropped-web150x150.png\",\"contentUrl\":\"https:\\\/\\\/cbne.cl\\\/wpCNE\\\/wp-content\\\/uploads\\\/2020\\\/07\\\/cropped-cropped-web150x150.png\",\"width\":150,\"height\":150,\"caption\":\"COLEGIO BICENTENARIO NUEVA ESPERANZA\"},\"image\":{\"@id\":\"https:\\\/\\\/cbne.cl\\\/wpCNE\\\/#\\\/schema\\\/logo\\\/image\\\/\"}},{\"@type\":\"Person\",\"@id\":\"\",\"url\":\"https:\\\/\\\/cbne.cl\\\/wpCNE\\\/author\\\/\"}]}<\/script>\n<!-- \/ Yoast SEO plugin. -->","yoast_head_json":{"title":"UNA EXPERIENCIA ART\u00cdSTICA EN LA UNIVERSIDAD DE CONCEPCI\u00d3N - COLEGIO BICENTENARIO NUEVA ESPERANZA","robots":{"index":"index","follow":"follow","max-snippet":"max-snippet:-1","max-image-preview":"max-image-preview:large","max-video-preview":"max-video-preview:-1"},"canonical":"https:\/\/cbne.cl\/wpCNE\/una-experiencia-artistica-en-la-universidad-de-concepcion\/","og_locale":"es_ES","og_type":"article","og_title":"UNA EXPERIENCIA ART\u00cdSTICA EN LA UNIVERSIDAD DE CONCEPCI\u00d3N - COLEGIO BICENTENARIO NUEVA ESPERANZA","og_description":"La jornada del pasado jueves 23 de marzo nuestros estudiantes destacados en su participaci\u00f3n en talleres, concursos y","og_url":"https:\/\/cbne.cl\/wpCNE\/una-experiencia-artistica-en-la-universidad-de-concepcion\/","og_site_name":"COLEGIO BICENTENARIO NUEVA ESPERANZA","article_published_time":"2023-03-24T14:37:43+00:00","article_modified_time":"2023-04-24T14:41:18+00:00","og_image":[{"url":"https:\/\/colegionuevaesperanza.cl\/wpCNE\/wp-content\/uploads\/2023\/04\/IMG_2310-1024x768.jpg","type":"","width":"","height":""}],"twitter_card":"summary_large_image","twitter_misc":{"Escrito por":"","Tiempo de lectura":"3 minutos"},"schema":{"@context":"https:\/\/schema.org","@graph":[{"@type":"Article","@id":"https:\/\/cbne.cl\/wpCNE\/una-experiencia-artistica-en-la-universidad-de-concepcion\/#article","isPartOf":{"@id":"https:\/\/cbne.cl\/wpCNE\/una-experiencia-artistica-en-la-universidad-de-concepcion\/"},"author":{"name":"","@id":""},"headline":"UNA EXPERIENCIA ART\u00cdSTICA EN LA UNIVERSIDAD DE CONCEPCI\u00d3N","datePublished":"2023-03-24T14:37:43+00:00","dateModified":"2023-04-24T14:41:18+00:00","mainEntityOfPage":{"@id":"https:\/\/cbne.cl\/wpCNE\/una-experiencia-artistica-en-la-universidad-de-concepcion\/"},"wordCount":184,"commentCount":0,"publisher":{"@id":"https:\/\/cbne.cl\/wpCNE\/#organization"},"image":{"@id":"https:\/\/cbne.cl\/wpCNE\/una-experiencia-artistica-en-la-universidad-de-concepcion\/#primaryimage"},"thumbnailUrl":"https:\/\/colegionuevaesperanza.cl\/wpCNE\/wp-content\/uploads\/2023\/04\/IMG_2310-1024x768.jpg","articleSection":["CBNE 2023"],"inLanguage":"es","potentialAction":[{"@type":"CommentAction","name":"Comment","target":["https:\/\/cbne.cl\/wpCNE\/una-experiencia-artistica-en-la-universidad-de-concepcion\/#respond"]}]},{"@type":"WebPage","@id":"https:\/\/cbne.cl\/wpCNE\/una-experiencia-artistica-en-la-universidad-de-concepcion\/","url":"https:\/\/cbne.cl\/wpCNE\/una-experiencia-artistica-en-la-universidad-de-concepcion\/","name":"UNA EXPERIENCIA ART\u00cdSTICA EN LA UNIVERSIDAD DE CONCEPCI\u00d3N - COLEGIO BICENTENARIO NUEVA ESPERANZA","isPartOf":{"@id":"https:\/\/cbne.cl\/wpCNE\/#website"},"primaryImageOfPage":{"@id":"https:\/\/cbne.cl\/wpCNE\/una-experiencia-artistica-en-la-universidad-de-concepcion\/#primaryimage"},"image":{"@id":"https:\/\/cbne.cl\/wpCNE\/una-experiencia-artistica-en-la-universidad-de-concepcion\/#primaryimage"},"thumbnailUrl":"https:\/\/colegionuevaesperanza.cl\/wpCNE\/wp-content\/uploads\/2023\/04\/IMG_2310-1024x768.jpg","datePublished":"2023-03-24T14:37:43+00:00","dateModified":"2023-04-24T14:41:18+00:00","breadcrumb":{"@id":"https:\/\/cbne.cl\/wpCNE\/una-experiencia-artistica-en-la-universidad-de-concepcion\/#breadcrumb"},"inLanguage":"es","potentialAction":[{"@type":"ReadAction","target":["https:\/\/cbne.cl\/wpCNE\/una-experiencia-artistica-en-la-universidad-de-concepcion\/"]}]},{"@type":"ImageObject","inLanguage":"es","@id":"https:\/\/cbne.cl\/wpCNE\/una-experiencia-artistica-en-la-universidad-de-concepcion\/#primaryimage","url":"https:\/\/colegionuevaesperanza.cl\/wpCNE\/wp-content\/uploads\/2023\/04\/IMG_2310-1024x768.jpg","contentUrl":"https:\/\/colegionuevaesperanza.cl\/wpCNE\/wp-content\/uploads\/2023\/04\/IMG_2310-1024x768.jpg"},{"@type":"BreadcrumbList","@id":"https:\/\/cbne.cl\/wpCNE\/una-experiencia-artistica-en-la-universidad-de-concepcion\/#breadcrumb","itemListElement":[{"@type":"ListItem","position":1,"name":"Portada","item":"https:\/\/cbne.cl\/wpCNE\/"},{"@type":"ListItem","position":2,"name":"UNA EXPERIENCIA ART\u00cdSTICA EN LA UNIVERSIDAD DE CONCEPCI\u00d3N"}]},{"@type":"WebSite","@id":"https:\/\/cbne.cl\/wpCNE\/#website","url":"https:\/\/cbne.cl\/wpCNE\/","name":"COLEGIO BICENTENARIO NUEVA ESPERANZA","description":"&quot;Educando desde la afectividad&quot;","publisher":{"@id":"https:\/\/cbne.cl\/wpCNE\/#organization"},"potentialAction":[{"@type":"SearchAction","target":{"@type":"EntryPoint","urlTemplate":"https:\/\/cbne.cl\/wpCNE\/?s={search_term_string}"},"query-input":{"@type":"PropertyValueSpecification","valueRequired":true,"valueName":"search_term_string"}}],"inLanguage":"es"},{"@type":"Organization","@id":"https:\/\/cbne.cl\/wpCNE\/#organization","name":"COLEGIO BICENTENARIO NUEVA ESPERANZA","url":"https:\/\/cbne.cl\/wpCNE\/","logo":{"@type":"ImageObject","inLanguage":"es","@id":"https:\/\/cbne.cl\/wpCNE\/#\/schema\/logo\/image\/","url":"https:\/\/cbne.cl\/wpCNE\/wp-content\/uploads\/2020\/07\/cropped-cropped-web150x150.png","contentUrl":"https:\/\/cbne.cl\/wpCNE\/wp-content\/uploads\/2020\/07\/cropped-cropped-web150x150.png","width":150,"height":150,"caption":"COLEGIO BICENTENARIO NUEVA ESPERANZA"},"image":{"@id":"https:\/\/cbne.cl\/wpCNE\/#\/schema\/logo\/image\/"}},{"@type":"Person","@id":"","url":"https:\/\/cbne.cl\/wpCNE\/author\/"}]}},"featured_image_urls":{"full":"","thumbnail":"","medium":"","medium_large":"","large":"","1536x1536":"","2048x2048":"","morenews-large":"","morenews-medium":""},"author_info":{"display_name":"","author_link":"https:\/\/cbne.cl\/wpCNE\/author\/"},"category_info":"<a href=\"https:\/\/cbne.cl\/wpCNE\/category\/cbne2023\/\" rel=\"category tag\">CBNE 2023<\/a>","tag_info":"CBNE 2023","comment_count":"0","_links":{"self":[{"href":"https:\/\/cbne.cl\/wpCNE\/wp-json\/wp\/v2\/posts\/6966","targetHints":{"allow":["GET"]}}],"collection":[{"href":"https:\/\/cbne.cl\/wpCNE\/wp-json\/wp\/v2\/posts"}],"about":[{"href":"https:\/\/cbne.cl\/wpCNE\/wp-json\/wp\/v2\/types\/post"}],"author":[{"embeddable":true,"href":"https:\/\/cbne.cl\/wpCNE\/wp-json\/wp\/v2\/users\/4"}],"replies":[{"embeddable":true,"href":"https:\/\/cbne.cl\/wpCNE\/wp-json\/wp\/v2\/comments?post=6966"}],"version-history":[{"count":1,"href":"https:\/\/cbne.cl\/wpCNE\/wp-json\/wp\/v2\/posts\/6966\/revisions"}],"predecessor-version":[{"id":6971,"href":"https:\/\/cbne.cl\/wpCNE\/wp-json\/wp\/v2\/posts\/6966\/revisions\/6971"}],"wp:attachment":[{"href":"https:\/\/cbne.cl\/wpCNE\/wp-json\/wp\/v2\/media?parent=6966"}],"wp:term":[{"taxonomy":"category","embeddable":true,"href":"https:\/\/cbne.cl\/wpCNE\/wp-json\/wp\/v2\/categories?post=6966"},{"taxonomy":"post_tag","embeddable":true,"href":"https:\/\/cbne.cl\/wpCNE\/wp-json\/wp\/v2\/tags?post=6966"}],"curies":[{"name":"wp","href":"https:\/\/api.w.org\/{rel}","templated":true}]}}