{"id":6963,"date":"2023-03-22T11:34:00","date_gmt":"2023-03-22T14:34:00","guid":{"rendered":"https:\/\/colegionuevaesperanza.cl\/wpCNE\/?p=6963"},"modified":"2023-04-24T11:37:42","modified_gmt":"2023-04-24T14:37:42","slug":"dia-mundial-del-agua","status":"publish","type":"post","link":"https:\/\/cbne.cl\/wpCNE\/dia-mundial-del-agua\/","title":{"rendered":"D\u00cdA MUNDIAL DEL AGUA"},"content":{"rendered":"\n<figure class=\"wp-block-image size-large is-resized\"><img fetchpriority=\"high\" decoding=\"async\" src=\"https:\/\/colegionuevaesperanza.cl\/wpCNE\/wp-content\/uploads\/2023\/04\/Dia-mundial-del-agua-1024x1024.jpg\" alt=\"\" class=\"wp-image-6964\" width=\"841\" height=\"841\" srcset=\"https:\/\/cbne.cl\/wpCNE\/wp-content\/uploads\/2023\/04\/Dia-mundial-del-agua-1024x1024.jpg 1024w, https:\/\/cbne.cl\/wpCNE\/wp-content\/uploads\/2023\/04\/Dia-mundial-del-agua-300x300.jpg 300w, https:\/\/cbne.cl\/wpCNE\/wp-content\/uploads\/2023\/04\/Dia-mundial-del-agua-150x150.jpg 150w, https:\/\/cbne.cl\/wpCNE\/wp-content\/uploads\/2023\/04\/Dia-mundial-del-agua-768x768.jpg 768w, https:\/\/cbne.cl\/wpCNE\/wp-content\/uploads\/2023\/04\/Dia-mundial-del-agua-50x50.jpg 50w, https:\/\/cbne.cl\/wpCNE\/wp-content\/uploads\/2023\/04\/Dia-mundial-del-agua-80x80.jpg 80w, https:\/\/cbne.cl\/wpCNE\/wp-content\/uploads\/2023\/04\/Dia-mundial-del-agua.jpg 1080w\" sizes=\"(max-width: 841px) 100vw, 841px\" \/><\/figure>\n\n\n\n<p>Hoy mi\u00e9rcoles 22 de marzo, y desde 1993, se conmemora el D\u00eda Mundial del agua, creando conciencia e inspirando acciones para abordar la crisis mundial del agua y el saneamiento&nbsp;<img decoding=\"async\" height=\"16\" width=\"16\" alt=\"\ud83d\udc99\" src=\"https:\/\/static.xx.fbcdn.net\/images\/emoji.php\/v9\/tc5\/1.5\/16\/1f499.png\"><\/p>\n\n\n\n<p>Esta instancia se celebra para recordar la relevancia del agua, considerando que m\u00e1s de dos millones de personas en el mundo no tienen acceso a este elemento vital del ser humano. De la misma manera, la crisis clim\u00e1tica est\u00e1 poniendo en peligro el abastecimiento del agua para toda la humanidad&nbsp;<img decoding=\"async\" height=\"16\" width=\"16\" alt=\"\u261d\ufe0f\" src=\"https:\/\/static.xx.fbcdn.net\/images\/emoji.php\/v9\/tc7\/1.5\/16\/261d.png\"><img decoding=\"async\" height=\"16\" width=\"16\" alt=\"\ud83d\udc99\" src=\"https:\/\/static.xx.fbcdn.net\/images\/emoji.php\/v9\/tc5\/1.5\/16\/1f499.png\"><\/p>\n\n\n\n<p>Cuidar el agua es tarea de todos, reconocer y ser conscientes de su importancia es esencial para nuestra vida&nbsp;<img loading=\"lazy\" decoding=\"async\" height=\"16\" width=\"16\" alt=\"\ud83d\ude0c\" src=\"https:\/\/static.xx.fbcdn.net\/images\/emoji.php\/v9\/tda\/1.5\/16\/1f60c.png\"><img decoding=\"async\" height=\"16\" width=\"16\" alt=\"\ud83d\udc99\" src=\"https:\/\/static.xx.fbcdn.net\/images\/emoji.php\/v9\/tc5\/1.5\/16\/1f499.png\"><\/p>\n","protected":false},"excerpt":{"rendered":"<p>Hoy mi\u00e9rcoles 22 de marzo, y desde 1993, se conmemora el D\u00eda Mundial del agua, creando conciencia e<\/p>\n","protected":false},"author":4,"featured_media":0,"comment_status":"open","ping_status":"closed","sticky":false,"template":"","format":"standard","meta":{"footnotes":""},"categories":[255],"tags":[],"class_list":["post-6963","post","type-post","status-publish","format-standard","hentry","category-cbne2023"],"yoast_head":"<!-- This site is optimized with the Yoast SEO plugin v27.5 - https:\/\/yoast.com\/product\/yoast-seo-wordpress\/ -->\n<title>D\u00cdA MUNDIAL DEL AGUA - COLEGIO BICENTENARIO NUEVA ESPERANZA<\/title>\n<meta name=\"robots\" content=\"index, follow, max-snippet:-1, max-image-preview:large, max-video-preview:-1\" \/>\n<link rel=\"canonical\" href=\"https:\/\/cbne.cl\/wpCNE\/dia-mundial-del-agua\/\" \/>\n<meta property=\"og:locale\" content=\"es_ES\" \/>\n<meta property=\"og:type\" content=\"article\" \/>\n<meta property=\"og:title\" content=\"D\u00cdA MUNDIAL DEL AGUA - COLEGIO BICENTENARIO NUEVA ESPERANZA\" \/>\n<meta property=\"og:description\" content=\"Hoy mi\u00e9rcoles 22 de marzo, y desde 1993, se conmemora el D\u00eda Mundial del agua, creando conciencia e\" \/>\n<meta property=\"og:url\" content=\"https:\/\/cbne.cl\/wpCNE\/dia-mundial-del-agua\/\" \/>\n<meta property=\"og:site_name\" content=\"COLEGIO BICENTENARIO NUEVA ESPERANZA\" \/>\n<meta property=\"article:published_time\" content=\"2023-03-22T14:34:00+00:00\" \/>\n<meta property=\"article:modified_time\" content=\"2023-04-24T14:37:42+00:00\" \/>\n<meta property=\"og:image\" content=\"https:\/\/colegionuevaesperanza.cl\/wpCNE\/wp-content\/uploads\/2023\/04\/Dia-mundial-del-agua-1024x1024.jpg\" \/>\n<meta name=\"twitter:card\" content=\"summary_large_image\" \/>\n<meta name=\"twitter:label1\" content=\"Escrito por\" \/>\n\t<meta name=\"twitter:data1\" content=\"\" \/>\n\t<meta name=\"twitter:label2\" content=\"Tiempo de lectura\" \/>\n\t<meta name=\"twitter:data2\" content=\"2 minutos\" \/>\n<script type=\"application\/ld+json\" class=\"yoast-schema-graph\">{\"@context\":\"https:\\\/\\\/schema.org\",\"@graph\":[{\"@type\":\"Article\",\"@id\":\"https:\\\/\\\/cbne.cl\\\/wpCNE\\\/dia-mundial-del-agua\\\/#article\",\"isPartOf\":{\"@id\":\"https:\\\/\\\/cbne.cl\\\/wpCNE\\\/dia-mundial-del-agua\\\/\"},\"author\":{\"name\":\"\",\"@id\":\"\"},\"headline\":\"D\u00cdA MUNDIAL DEL AGUA\",\"datePublished\":\"2023-03-22T14:34:00+00:00\",\"dateModified\":\"2023-04-24T14:37:42+00:00\",\"mainEntityOfPage\":{\"@id\":\"https:\\\/\\\/cbne.cl\\\/wpCNE\\\/dia-mundial-del-agua\\\/\"},\"wordCount\":109,\"commentCount\":0,\"publisher\":{\"@id\":\"https:\\\/\\\/cbne.cl\\\/wpCNE\\\/#organization\"},\"image\":{\"@id\":\"https:\\\/\\\/cbne.cl\\\/wpCNE\\\/dia-mundial-del-agua\\\/#primaryimage\"},\"thumbnailUrl\":\"https:\\\/\\\/colegionuevaesperanza.cl\\\/wpCNE\\\/wp-content\\\/uploads\\\/2023\\\/04\\\/Dia-mundial-del-agua-1024x1024.jpg\",\"articleSection\":[\"CBNE 2023\"],\"inLanguage\":\"es\",\"potentialAction\":[{\"@type\":\"CommentAction\",\"name\":\"Comment\",\"target\":[\"https:\\\/\\\/cbne.cl\\\/wpCNE\\\/dia-mundial-del-agua\\\/#respond\"]}]},{\"@type\":\"WebPage\",\"@id\":\"https:\\\/\\\/cbne.cl\\\/wpCNE\\\/dia-mundial-del-agua\\\/\",\"url\":\"https:\\\/\\\/cbne.cl\\\/wpCNE\\\/dia-mundial-del-agua\\\/\",\"name\":\"D\u00cdA MUNDIAL DEL AGUA - COLEGIO BICENTENARIO NUEVA ESPERANZA\",\"isPartOf\":{\"@id\":\"https:\\\/\\\/cbne.cl\\\/wpCNE\\\/#website\"},\"primaryImageOfPage\":{\"@id\":\"https:\\\/\\\/cbne.cl\\\/wpCNE\\\/dia-mundial-del-agua\\\/#primaryimage\"},\"image\":{\"@id\":\"https:\\\/\\\/cbne.cl\\\/wpCNE\\\/dia-mundial-del-agua\\\/#primaryimage\"},\"thumbnailUrl\":\"https:\\\/\\\/colegionuevaesperanza.cl\\\/wpCNE\\\/wp-content\\\/uploads\\\/2023\\\/04\\\/Dia-mundial-del-agua-1024x1024.jpg\",\"datePublished\":\"2023-03-22T14:34:00+00:00\",\"dateModified\":\"2023-04-24T14:37:42+00:00\",\"breadcrumb\":{\"@id\":\"https:\\\/\\\/cbne.cl\\\/wpCNE\\\/dia-mundial-del-agua\\\/#breadcrumb\"},\"inLanguage\":\"es\",\"potentialAction\":[{\"@type\":\"ReadAction\",\"target\":[\"https:\\\/\\\/cbne.cl\\\/wpCNE\\\/dia-mundial-del-agua\\\/\"]}]},{\"@type\":\"ImageObject\",\"inLanguage\":\"es\",\"@id\":\"https:\\\/\\\/cbne.cl\\\/wpCNE\\\/dia-mundial-del-agua\\\/#primaryimage\",\"url\":\"https:\\\/\\\/colegionuevaesperanza.cl\\\/wpCNE\\\/wp-content\\\/uploads\\\/2023\\\/04\\\/Dia-mundial-del-agua-1024x1024.jpg\",\"contentUrl\":\"https:\\\/\\\/colegionuevaesperanza.cl\\\/wpCNE\\\/wp-content\\\/uploads\\\/2023\\\/04\\\/Dia-mundial-del-agua-1024x1024.jpg\"},{\"@type\":\"BreadcrumbList\",\"@id\":\"https:\\\/\\\/cbne.cl\\\/wpCNE\\\/dia-mundial-del-agua\\\/#breadcrumb\",\"itemListElement\":[{\"@type\":\"ListItem\",\"position\":1,\"name\":\"Portada\",\"item\":\"https:\\\/\\\/cbne.cl\\\/wpCNE\\\/\"},{\"@type\":\"ListItem\",\"position\":2,\"name\":\"D\u00cdA MUNDIAL DEL AGUA\"}]},{\"@type\":\"WebSite\",\"@id\":\"https:\\\/\\\/cbne.cl\\\/wpCNE\\\/#website\",\"url\":\"https:\\\/\\\/cbne.cl\\\/wpCNE\\\/\",\"name\":\"COLEGIO BICENTENARIO NUEVA ESPERANZA\",\"description\":\"&quot;Educando desde la afectividad&quot;\",\"publisher\":{\"@id\":\"https:\\\/\\\/cbne.cl\\\/wpCNE\\\/#organization\"},\"potentialAction\":[{\"@type\":\"SearchAction\",\"target\":{\"@type\":\"EntryPoint\",\"urlTemplate\":\"https:\\\/\\\/cbne.cl\\\/wpCNE\\\/?s={search_term_string}\"},\"query-input\":{\"@type\":\"PropertyValueSpecification\",\"valueRequired\":true,\"valueName\":\"search_term_string\"}}],\"inLanguage\":\"es\"},{\"@type\":\"Organization\",\"@id\":\"https:\\\/\\\/cbne.cl\\\/wpCNE\\\/#organization\",\"name\":\"COLEGIO BICENTENARIO NUEVA ESPERANZA\",\"url\":\"https:\\\/\\\/cbne.cl\\\/wpCNE\\\/\",\"logo\":{\"@type\":\"ImageObject\",\"inLanguage\":\"es\",\"@id\":\"https:\\\/\\\/cbne.cl\\\/wpCNE\\\/#\\\/schema\\\/logo\\\/image\\\/\",\"url\":\"https:\\\/\\\/cbne.cl\\\/wpCNE\\\/wp-content\\\/uploads\\\/2020\\\/07\\\/cropped-cropped-web150x150.png\",\"contentUrl\":\"https:\\\/\\\/cbne.cl\\\/wpCNE\\\/wp-content\\\/uploads\\\/2020\\\/07\\\/cropped-cropped-web150x150.png\",\"width\":150,\"height\":150,\"caption\":\"COLEGIO BICENTENARIO NUEVA ESPERANZA\"},\"image\":{\"@id\":\"https:\\\/\\\/cbne.cl\\\/wpCNE\\\/#\\\/schema\\\/logo\\\/image\\\/\"}},{\"@type\":\"Person\",\"@id\":\"\",\"url\":\"https:\\\/\\\/cbne.cl\\\/wpCNE\\\/author\\\/\"}]}<\/script>\n<!-- \/ Yoast SEO plugin. -->","yoast_head_json":{"title":"D\u00cdA MUNDIAL DEL AGUA - COLEGIO BICENTENARIO NUEVA ESPERANZA","robots":{"index":"index","follow":"follow","max-snippet":"max-snippet:-1","max-image-preview":"max-image-preview:large","max-video-preview":"max-video-preview:-1"},"canonical":"https:\/\/cbne.cl\/wpCNE\/dia-mundial-del-agua\/","og_locale":"es_ES","og_type":"article","og_title":"D\u00cdA MUNDIAL DEL AGUA - COLEGIO BICENTENARIO NUEVA ESPERANZA","og_description":"Hoy mi\u00e9rcoles 22 de marzo, y desde 1993, se conmemora el D\u00eda Mundial del agua, creando conciencia e","og_url":"https:\/\/cbne.cl\/wpCNE\/dia-mundial-del-agua\/","og_site_name":"COLEGIO BICENTENARIO NUEVA ESPERANZA","article_published_time":"2023-03-22T14:34:00+00:00","article_modified_time":"2023-04-24T14:37:42+00:00","og_image":[{"url":"https:\/\/colegionuevaesperanza.cl\/wpCNE\/wp-content\/uploads\/2023\/04\/Dia-mundial-del-agua-1024x1024.jpg","type":"","width":"","height":""}],"twitter_card":"summary_large_image","twitter_misc":{"Escrito por":"","Tiempo de lectura":"2 minutos"},"schema":{"@context":"https:\/\/schema.org","@graph":[{"@type":"Article","@id":"https:\/\/cbne.cl\/wpCNE\/dia-mundial-del-agua\/#article","isPartOf":{"@id":"https:\/\/cbne.cl\/wpCNE\/dia-mundial-del-agua\/"},"author":{"name":"","@id":""},"headline":"D\u00cdA MUNDIAL DEL AGUA","datePublished":"2023-03-22T14:34:00+00:00","dateModified":"2023-04-24T14:37:42+00:00","mainEntityOfPage":{"@id":"https:\/\/cbne.cl\/wpCNE\/dia-mundial-del-agua\/"},"wordCount":109,"commentCount":0,"publisher":{"@id":"https:\/\/cbne.cl\/wpCNE\/#organization"},"image":{"@id":"https:\/\/cbne.cl\/wpCNE\/dia-mundial-del-agua\/#primaryimage"},"thumbnailUrl":"https:\/\/colegionuevaesperanza.cl\/wpCNE\/wp-content\/uploads\/2023\/04\/Dia-mundial-del-agua-1024x1024.jpg","articleSection":["CBNE 2023"],"inLanguage":"es","potentialAction":[{"@type":"CommentAction","name":"Comment","target":["https:\/\/cbne.cl\/wpCNE\/dia-mundial-del-agua\/#respond"]}]},{"@type":"WebPage","@id":"https:\/\/cbne.cl\/wpCNE\/dia-mundial-del-agua\/","url":"https:\/\/cbne.cl\/wpCNE\/dia-mundial-del-agua\/","name":"D\u00cdA MUNDIAL DEL AGUA - COLEGIO BICENTENARIO NUEVA ESPERANZA","isPartOf":{"@id":"https:\/\/cbne.cl\/wpCNE\/#website"},"primaryImageOfPage":{"@id":"https:\/\/cbne.cl\/wpCNE\/dia-mundial-del-agua\/#primaryimage"},"image":{"@id":"https:\/\/cbne.cl\/wpCNE\/dia-mundial-del-agua\/#primaryimage"},"thumbnailUrl":"https:\/\/colegionuevaesperanza.cl\/wpCNE\/wp-content\/uploads\/2023\/04\/Dia-mundial-del-agua-1024x1024.jpg","datePublished":"2023-03-22T14:34:00+00:00","dateModified":"2023-04-24T14:37:42+00:00","breadcrumb":{"@id":"https:\/\/cbne.cl\/wpCNE\/dia-mundial-del-agua\/#breadcrumb"},"inLanguage":"es","potentialAction":[{"@type":"ReadAction","target":["https:\/\/cbne.cl\/wpCNE\/dia-mundial-del-agua\/"]}]},{"@type":"ImageObject","inLanguage":"es","@id":"https:\/\/cbne.cl\/wpCNE\/dia-mundial-del-agua\/#primaryimage","url":"https:\/\/colegionuevaesperanza.cl\/wpCNE\/wp-content\/uploads\/2023\/04\/Dia-mundial-del-agua-1024x1024.jpg","contentUrl":"https:\/\/colegionuevaesperanza.cl\/wpCNE\/wp-content\/uploads\/2023\/04\/Dia-mundial-del-agua-1024x1024.jpg"},{"@type":"BreadcrumbList","@id":"https:\/\/cbne.cl\/wpCNE\/dia-mundial-del-agua\/#breadcrumb","itemListElement":[{"@type":"ListItem","position":1,"name":"Portada","item":"https:\/\/cbne.cl\/wpCNE\/"},{"@type":"ListItem","position":2,"name":"D\u00cdA MUNDIAL DEL AGUA"}]},{"@type":"WebSite","@id":"https:\/\/cbne.cl\/wpCNE\/#website","url":"https:\/\/cbne.cl\/wpCNE\/","name":"COLEGIO BICENTENARIO NUEVA ESPERANZA","description":"&quot;Educando desde la afectividad&quot;","publisher":{"@id":"https:\/\/cbne.cl\/wpCNE\/#organization"},"potentialAction":[{"@type":"SearchAction","target":{"@type":"EntryPoint","urlTemplate":"https:\/\/cbne.cl\/wpCNE\/?s={search_term_string}"},"query-input":{"@type":"PropertyValueSpecification","valueRequired":true,"valueName":"search_term_string"}}],"inLanguage":"es"},{"@type":"Organization","@id":"https:\/\/cbne.cl\/wpCNE\/#organization","name":"COLEGIO BICENTENARIO NUEVA ESPERANZA","url":"https:\/\/cbne.cl\/wpCNE\/","logo":{"@type":"ImageObject","inLanguage":"es","@id":"https:\/\/cbne.cl\/wpCNE\/#\/schema\/logo\/image\/","url":"https:\/\/cbne.cl\/wpCNE\/wp-content\/uploads\/2020\/07\/cropped-cropped-web150x150.png","contentUrl":"https:\/\/cbne.cl\/wpCNE\/wp-content\/uploads\/2020\/07\/cropped-cropped-web150x150.png","width":150,"height":150,"caption":"COLEGIO BICENTENARIO NUEVA ESPERANZA"},"image":{"@id":"https:\/\/cbne.cl\/wpCNE\/#\/schema\/logo\/image\/"}},{"@type":"Person","@id":"","url":"https:\/\/cbne.cl\/wpCNE\/author\/"}]}},"featured_image_urls":{"full":"","thumbnail":"","medium":"","medium_large":"","large":"","1536x1536":"","2048x2048":"","morenews-large":"","morenews-medium":""},"author_info":{"display_name":"","author_link":"https:\/\/cbne.cl\/wpCNE\/author\/"},"category_info":"<a href=\"https:\/\/cbne.cl\/wpCNE\/category\/cbne2023\/\" rel=\"category tag\">CBNE 2023<\/a>","tag_info":"CBNE 2023","comment_count":"0","_links":{"self":[{"href":"https:\/\/cbne.cl\/wpCNE\/wp-json\/wp\/v2\/posts\/6963","targetHints":{"allow":["GET"]}}],"collection":[{"href":"https:\/\/cbne.cl\/wpCNE\/wp-json\/wp\/v2\/posts"}],"about":[{"href":"https:\/\/cbne.cl\/wpCNE\/wp-json\/wp\/v2\/types\/post"}],"author":[{"embeddable":true,"href":"https:\/\/cbne.cl\/wpCNE\/wp-json\/wp\/v2\/users\/4"}],"replies":[{"embeddable":true,"href":"https:\/\/cbne.cl\/wpCNE\/wp-json\/wp\/v2\/comments?post=6963"}],"version-history":[{"count":1,"href":"https:\/\/cbne.cl\/wpCNE\/wp-json\/wp\/v2\/posts\/6963\/revisions"}],"predecessor-version":[{"id":6965,"href":"https:\/\/cbne.cl\/wpCNE\/wp-json\/wp\/v2\/posts\/6963\/revisions\/6965"}],"wp:attachment":[{"href":"https:\/\/cbne.cl\/wpCNE\/wp-json\/wp\/v2\/media?parent=6963"}],"wp:term":[{"taxonomy":"category","embeddable":true,"href":"https:\/\/cbne.cl\/wpCNE\/wp-json\/wp\/v2\/categories?post=6963"},{"taxonomy":"post_tag","embeddable":true,"href":"https:\/\/cbne.cl\/wpCNE\/wp-json\/wp\/v2\/tags?post=6963"}],"curies":[{"name":"wp","href":"https:\/\/api.w.org\/{rel}","templated":true}]}}