{"id":6956,"date":"2023-03-20T11:29:47","date_gmt":"2023-03-20T14:29:47","guid":{"rendered":"https:\/\/colegionuevaesperanza.cl\/wpCNE\/?p=6956"},"modified":"2023-04-24T11:31:07","modified_gmt":"2023-04-24T14:31:07","slug":"dia-mundial-sindrome-de-down","status":"publish","type":"post","link":"https:\/\/cbne.cl\/wpCNE\/dia-mundial-sindrome-de-down\/","title":{"rendered":"D\u00cdA MUNDIAL S\u00cdNDROME DE DOWN"},"content":{"rendered":"\n<figure class=\"wp-block-image size-large\"><img fetchpriority=\"high\" decoding=\"async\" width=\"1024\" height=\"1024\" src=\"https:\/\/colegionuevaesperanza.cl\/wpCNE\/wp-content\/uploads\/2023\/04\/337042947_1179359746064704_5295798046676779146_n-1024x1024.jpg\" alt=\"\" class=\"wp-image-6957\" srcset=\"https:\/\/cbne.cl\/wpCNE\/wp-content\/uploads\/2023\/04\/337042947_1179359746064704_5295798046676779146_n-1024x1024.jpg 1024w, https:\/\/cbne.cl\/wpCNE\/wp-content\/uploads\/2023\/04\/337042947_1179359746064704_5295798046676779146_n-300x300.jpg 300w, https:\/\/cbne.cl\/wpCNE\/wp-content\/uploads\/2023\/04\/337042947_1179359746064704_5295798046676779146_n-150x150.jpg 150w, https:\/\/cbne.cl\/wpCNE\/wp-content\/uploads\/2023\/04\/337042947_1179359746064704_5295798046676779146_n-768x768.jpg 768w, https:\/\/cbne.cl\/wpCNE\/wp-content\/uploads\/2023\/04\/337042947_1179359746064704_5295798046676779146_n-50x50.jpg 50w, https:\/\/cbne.cl\/wpCNE\/wp-content\/uploads\/2023\/04\/337042947_1179359746064704_5295798046676779146_n-80x80.jpg 80w, https:\/\/cbne.cl\/wpCNE\/wp-content\/uploads\/2023\/04\/337042947_1179359746064704_5295798046676779146_n.jpg 1131w\" sizes=\"(max-width: 1024px) 100vw, 1024px\" \/><\/figure>\n\n\n\n<p>Este martes 21 de marzo conmemoraremos el d\u00eda del s\u00edndrome de down con una linda actividad: ASISTIR CON CALCETINES DIFERENTES&nbsp;<img decoding=\"async\" height=\"16\" width=\"16\" alt=\"\u2764\ufe0f\" src=\"https:\/\/static.xx.fbcdn.net\/images\/emoji.php\/v9\/tf3\/1.5\/16\/2764.png\"><img decoding=\"async\" height=\"16\" width=\"16\" alt=\"\ud83d\udc9a\" src=\"https:\/\/static.xx.fbcdn.net\/images\/emoji.php\/v9\/ted\/1.5\/16\/1f49a.png\"><\/p>\n\n\n\n<p>\u00danete a esta linda actividad y conmemoremos juntos el d\u00eda mundial del s\u00edndrome de down. \u00a1YO DIGO S\u00cd A LA INCLUSI\u00d3N!&nbsp;<img loading=\"lazy\" decoding=\"async\" height=\"16\" width=\"16\" alt=\"\ud83e\udd70\" src=\"https:\/\/static.xx.fbcdn.net\/images\/emoji.php\/v9\/t43\/1.5\/16\/1f970.png\"><\/p>\n","protected":false},"excerpt":{"rendered":"<p>Este martes 21 de marzo conmemoraremos el d\u00eda del s\u00edndrome de down con una linda actividad: ASISTIR CON<\/p>\n","protected":false},"author":4,"featured_media":0,"comment_status":"open","ping_status":"closed","sticky":false,"template":"","format":"standard","meta":{"footnotes":""},"categories":[255],"tags":[],"class_list":["post-6956","post","type-post","status-publish","format-standard","hentry","category-cbne2023"],"yoast_head":"<!-- This site is optimized with the Yoast SEO plugin v27.5 - https:\/\/yoast.com\/product\/yoast-seo-wordpress\/ -->\n<title>D\u00cdA MUNDIAL S\u00cdNDROME DE DOWN - COLEGIO BICENTENARIO NUEVA ESPERANZA<\/title>\n<meta name=\"robots\" content=\"index, follow, max-snippet:-1, max-image-preview:large, max-video-preview:-1\" \/>\n<link rel=\"canonical\" href=\"https:\/\/cbne.cl\/wpCNE\/dia-mundial-sindrome-de-down\/\" \/>\n<meta property=\"og:locale\" content=\"es_ES\" \/>\n<meta property=\"og:type\" content=\"article\" \/>\n<meta property=\"og:title\" content=\"D\u00cdA MUNDIAL S\u00cdNDROME DE DOWN - COLEGIO BICENTENARIO NUEVA ESPERANZA\" \/>\n<meta property=\"og:description\" content=\"Este martes 21 de marzo conmemoraremos el d\u00eda del s\u00edndrome de down con una linda actividad: ASISTIR CON\" \/>\n<meta property=\"og:url\" content=\"https:\/\/cbne.cl\/wpCNE\/dia-mundial-sindrome-de-down\/\" \/>\n<meta property=\"og:site_name\" content=\"COLEGIO BICENTENARIO NUEVA ESPERANZA\" \/>\n<meta property=\"article:published_time\" content=\"2023-03-20T14:29:47+00:00\" \/>\n<meta property=\"article:modified_time\" content=\"2023-04-24T14:31:07+00:00\" \/>\n<meta property=\"og:image\" content=\"https:\/\/colegionuevaesperanza.cl\/wpCNE\/wp-content\/uploads\/2023\/04\/337042947_1179359746064704_5295798046676779146_n-1024x1024.jpg\" \/>\n<meta name=\"twitter:card\" content=\"summary_large_image\" \/>\n<meta name=\"twitter:label1\" content=\"Escrito por\" \/>\n\t<meta name=\"twitter:data1\" content=\"\" \/>\n\t<meta name=\"twitter:label2\" content=\"Tiempo de lectura\" \/>\n\t<meta name=\"twitter:data2\" content=\"1 minuto\" \/>\n<script type=\"application\/ld+json\" class=\"yoast-schema-graph\">{\"@context\":\"https:\\\/\\\/schema.org\",\"@graph\":[{\"@type\":\"Article\",\"@id\":\"https:\\\/\\\/cbne.cl\\\/wpCNE\\\/dia-mundial-sindrome-de-down\\\/#article\",\"isPartOf\":{\"@id\":\"https:\\\/\\\/cbne.cl\\\/wpCNE\\\/dia-mundial-sindrome-de-down\\\/\"},\"author\":{\"name\":\"\",\"@id\":\"\"},\"headline\":\"D\u00cdA MUNDIAL S\u00cdNDROME DE DOWN\",\"datePublished\":\"2023-03-20T14:29:47+00:00\",\"dateModified\":\"2023-04-24T14:31:07+00:00\",\"mainEntityOfPage\":{\"@id\":\"https:\\\/\\\/cbne.cl\\\/wpCNE\\\/dia-mundial-sindrome-de-down\\\/\"},\"wordCount\":54,\"commentCount\":0,\"publisher\":{\"@id\":\"https:\\\/\\\/cbne.cl\\\/wpCNE\\\/#organization\"},\"image\":{\"@id\":\"https:\\\/\\\/cbne.cl\\\/wpCNE\\\/dia-mundial-sindrome-de-down\\\/#primaryimage\"},\"thumbnailUrl\":\"https:\\\/\\\/colegionuevaesperanza.cl\\\/wpCNE\\\/wp-content\\\/uploads\\\/2023\\\/04\\\/337042947_1179359746064704_5295798046676779146_n-1024x1024.jpg\",\"articleSection\":[\"CBNE 2023\"],\"inLanguage\":\"es\",\"potentialAction\":[{\"@type\":\"CommentAction\",\"name\":\"Comment\",\"target\":[\"https:\\\/\\\/cbne.cl\\\/wpCNE\\\/dia-mundial-sindrome-de-down\\\/#respond\"]}]},{\"@type\":\"WebPage\",\"@id\":\"https:\\\/\\\/cbne.cl\\\/wpCNE\\\/dia-mundial-sindrome-de-down\\\/\",\"url\":\"https:\\\/\\\/cbne.cl\\\/wpCNE\\\/dia-mundial-sindrome-de-down\\\/\",\"name\":\"D\u00cdA MUNDIAL S\u00cdNDROME DE DOWN - COLEGIO BICENTENARIO NUEVA ESPERANZA\",\"isPartOf\":{\"@id\":\"https:\\\/\\\/cbne.cl\\\/wpCNE\\\/#website\"},\"primaryImageOfPage\":{\"@id\":\"https:\\\/\\\/cbne.cl\\\/wpCNE\\\/dia-mundial-sindrome-de-down\\\/#primaryimage\"},\"image\":{\"@id\":\"https:\\\/\\\/cbne.cl\\\/wpCNE\\\/dia-mundial-sindrome-de-down\\\/#primaryimage\"},\"thumbnailUrl\":\"https:\\\/\\\/colegionuevaesperanza.cl\\\/wpCNE\\\/wp-content\\\/uploads\\\/2023\\\/04\\\/337042947_1179359746064704_5295798046676779146_n-1024x1024.jpg\",\"datePublished\":\"2023-03-20T14:29:47+00:00\",\"dateModified\":\"2023-04-24T14:31:07+00:00\",\"breadcrumb\":{\"@id\":\"https:\\\/\\\/cbne.cl\\\/wpCNE\\\/dia-mundial-sindrome-de-down\\\/#breadcrumb\"},\"inLanguage\":\"es\",\"potentialAction\":[{\"@type\":\"ReadAction\",\"target\":[\"https:\\\/\\\/cbne.cl\\\/wpCNE\\\/dia-mundial-sindrome-de-down\\\/\"]}]},{\"@type\":\"ImageObject\",\"inLanguage\":\"es\",\"@id\":\"https:\\\/\\\/cbne.cl\\\/wpCNE\\\/dia-mundial-sindrome-de-down\\\/#primaryimage\",\"url\":\"https:\\\/\\\/colegionuevaesperanza.cl\\\/wpCNE\\\/wp-content\\\/uploads\\\/2023\\\/04\\\/337042947_1179359746064704_5295798046676779146_n-1024x1024.jpg\",\"contentUrl\":\"https:\\\/\\\/colegionuevaesperanza.cl\\\/wpCNE\\\/wp-content\\\/uploads\\\/2023\\\/04\\\/337042947_1179359746064704_5295798046676779146_n-1024x1024.jpg\"},{\"@type\":\"BreadcrumbList\",\"@id\":\"https:\\\/\\\/cbne.cl\\\/wpCNE\\\/dia-mundial-sindrome-de-down\\\/#breadcrumb\",\"itemListElement\":[{\"@type\":\"ListItem\",\"position\":1,\"name\":\"Portada\",\"item\":\"https:\\\/\\\/cbne.cl\\\/wpCNE\\\/\"},{\"@type\":\"ListItem\",\"position\":2,\"name\":\"D\u00cdA MUNDIAL S\u00cdNDROME DE DOWN\"}]},{\"@type\":\"WebSite\",\"@id\":\"https:\\\/\\\/cbne.cl\\\/wpCNE\\\/#website\",\"url\":\"https:\\\/\\\/cbne.cl\\\/wpCNE\\\/\",\"name\":\"COLEGIO BICENTENARIO NUEVA ESPERANZA\",\"description\":\"&quot;Educando desde la afectividad&quot;\",\"publisher\":{\"@id\":\"https:\\\/\\\/cbne.cl\\\/wpCNE\\\/#organization\"},\"potentialAction\":[{\"@type\":\"SearchAction\",\"target\":{\"@type\":\"EntryPoint\",\"urlTemplate\":\"https:\\\/\\\/cbne.cl\\\/wpCNE\\\/?s={search_term_string}\"},\"query-input\":{\"@type\":\"PropertyValueSpecification\",\"valueRequired\":true,\"valueName\":\"search_term_string\"}}],\"inLanguage\":\"es\"},{\"@type\":\"Organization\",\"@id\":\"https:\\\/\\\/cbne.cl\\\/wpCNE\\\/#organization\",\"name\":\"COLEGIO BICENTENARIO NUEVA ESPERANZA\",\"url\":\"https:\\\/\\\/cbne.cl\\\/wpCNE\\\/\",\"logo\":{\"@type\":\"ImageObject\",\"inLanguage\":\"es\",\"@id\":\"https:\\\/\\\/cbne.cl\\\/wpCNE\\\/#\\\/schema\\\/logo\\\/image\\\/\",\"url\":\"https:\\\/\\\/cbne.cl\\\/wpCNE\\\/wp-content\\\/uploads\\\/2020\\\/07\\\/cropped-cropped-web150x150.png\",\"contentUrl\":\"https:\\\/\\\/cbne.cl\\\/wpCNE\\\/wp-content\\\/uploads\\\/2020\\\/07\\\/cropped-cropped-web150x150.png\",\"width\":150,\"height\":150,\"caption\":\"COLEGIO BICENTENARIO NUEVA ESPERANZA\"},\"image\":{\"@id\":\"https:\\\/\\\/cbne.cl\\\/wpCNE\\\/#\\\/schema\\\/logo\\\/image\\\/\"}},{\"@type\":\"Person\",\"@id\":\"\",\"url\":\"https:\\\/\\\/cbne.cl\\\/wpCNE\\\/author\\\/\"}]}<\/script>\n<!-- \/ Yoast SEO plugin. -->","yoast_head_json":{"title":"D\u00cdA MUNDIAL S\u00cdNDROME DE DOWN - COLEGIO BICENTENARIO NUEVA ESPERANZA","robots":{"index":"index","follow":"follow","max-snippet":"max-snippet:-1","max-image-preview":"max-image-preview:large","max-video-preview":"max-video-preview:-1"},"canonical":"https:\/\/cbne.cl\/wpCNE\/dia-mundial-sindrome-de-down\/","og_locale":"es_ES","og_type":"article","og_title":"D\u00cdA MUNDIAL S\u00cdNDROME DE DOWN - COLEGIO BICENTENARIO NUEVA ESPERANZA","og_description":"Este martes 21 de marzo conmemoraremos el d\u00eda del s\u00edndrome de down con una linda actividad: ASISTIR CON","og_url":"https:\/\/cbne.cl\/wpCNE\/dia-mundial-sindrome-de-down\/","og_site_name":"COLEGIO BICENTENARIO NUEVA ESPERANZA","article_published_time":"2023-03-20T14:29:47+00:00","article_modified_time":"2023-04-24T14:31:07+00:00","og_image":[{"url":"https:\/\/colegionuevaesperanza.cl\/wpCNE\/wp-content\/uploads\/2023\/04\/337042947_1179359746064704_5295798046676779146_n-1024x1024.jpg","type":"","width":"","height":""}],"twitter_card":"summary_large_image","twitter_misc":{"Escrito por":"","Tiempo de lectura":"1 minuto"},"schema":{"@context":"https:\/\/schema.org","@graph":[{"@type":"Article","@id":"https:\/\/cbne.cl\/wpCNE\/dia-mundial-sindrome-de-down\/#article","isPartOf":{"@id":"https:\/\/cbne.cl\/wpCNE\/dia-mundial-sindrome-de-down\/"},"author":{"name":"","@id":""},"headline":"D\u00cdA MUNDIAL S\u00cdNDROME DE DOWN","datePublished":"2023-03-20T14:29:47+00:00","dateModified":"2023-04-24T14:31:07+00:00","mainEntityOfPage":{"@id":"https:\/\/cbne.cl\/wpCNE\/dia-mundial-sindrome-de-down\/"},"wordCount":54,"commentCount":0,"publisher":{"@id":"https:\/\/cbne.cl\/wpCNE\/#organization"},"image":{"@id":"https:\/\/cbne.cl\/wpCNE\/dia-mundial-sindrome-de-down\/#primaryimage"},"thumbnailUrl":"https:\/\/colegionuevaesperanza.cl\/wpCNE\/wp-content\/uploads\/2023\/04\/337042947_1179359746064704_5295798046676779146_n-1024x1024.jpg","articleSection":["CBNE 2023"],"inLanguage":"es","potentialAction":[{"@type":"CommentAction","name":"Comment","target":["https:\/\/cbne.cl\/wpCNE\/dia-mundial-sindrome-de-down\/#respond"]}]},{"@type":"WebPage","@id":"https:\/\/cbne.cl\/wpCNE\/dia-mundial-sindrome-de-down\/","url":"https:\/\/cbne.cl\/wpCNE\/dia-mundial-sindrome-de-down\/","name":"D\u00cdA MUNDIAL S\u00cdNDROME DE DOWN - COLEGIO BICENTENARIO NUEVA ESPERANZA","isPartOf":{"@id":"https:\/\/cbne.cl\/wpCNE\/#website"},"primaryImageOfPage":{"@id":"https:\/\/cbne.cl\/wpCNE\/dia-mundial-sindrome-de-down\/#primaryimage"},"image":{"@id":"https:\/\/cbne.cl\/wpCNE\/dia-mundial-sindrome-de-down\/#primaryimage"},"thumbnailUrl":"https:\/\/colegionuevaesperanza.cl\/wpCNE\/wp-content\/uploads\/2023\/04\/337042947_1179359746064704_5295798046676779146_n-1024x1024.jpg","datePublished":"2023-03-20T14:29:47+00:00","dateModified":"2023-04-24T14:31:07+00:00","breadcrumb":{"@id":"https:\/\/cbne.cl\/wpCNE\/dia-mundial-sindrome-de-down\/#breadcrumb"},"inLanguage":"es","potentialAction":[{"@type":"ReadAction","target":["https:\/\/cbne.cl\/wpCNE\/dia-mundial-sindrome-de-down\/"]}]},{"@type":"ImageObject","inLanguage":"es","@id":"https:\/\/cbne.cl\/wpCNE\/dia-mundial-sindrome-de-down\/#primaryimage","url":"https:\/\/colegionuevaesperanza.cl\/wpCNE\/wp-content\/uploads\/2023\/04\/337042947_1179359746064704_5295798046676779146_n-1024x1024.jpg","contentUrl":"https:\/\/colegionuevaesperanza.cl\/wpCNE\/wp-content\/uploads\/2023\/04\/337042947_1179359746064704_5295798046676779146_n-1024x1024.jpg"},{"@type":"BreadcrumbList","@id":"https:\/\/cbne.cl\/wpCNE\/dia-mundial-sindrome-de-down\/#breadcrumb","itemListElement":[{"@type":"ListItem","position":1,"name":"Portada","item":"https:\/\/cbne.cl\/wpCNE\/"},{"@type":"ListItem","position":2,"name":"D\u00cdA MUNDIAL S\u00cdNDROME DE DOWN"}]},{"@type":"WebSite","@id":"https:\/\/cbne.cl\/wpCNE\/#website","url":"https:\/\/cbne.cl\/wpCNE\/","name":"COLEGIO BICENTENARIO NUEVA ESPERANZA","description":"&quot;Educando desde la afectividad&quot;","publisher":{"@id":"https:\/\/cbne.cl\/wpCNE\/#organization"},"potentialAction":[{"@type":"SearchAction","target":{"@type":"EntryPoint","urlTemplate":"https:\/\/cbne.cl\/wpCNE\/?s={search_term_string}"},"query-input":{"@type":"PropertyValueSpecification","valueRequired":true,"valueName":"search_term_string"}}],"inLanguage":"es"},{"@type":"Organization","@id":"https:\/\/cbne.cl\/wpCNE\/#organization","name":"COLEGIO BICENTENARIO NUEVA ESPERANZA","url":"https:\/\/cbne.cl\/wpCNE\/","logo":{"@type":"ImageObject","inLanguage":"es","@id":"https:\/\/cbne.cl\/wpCNE\/#\/schema\/logo\/image\/","url":"https:\/\/cbne.cl\/wpCNE\/wp-content\/uploads\/2020\/07\/cropped-cropped-web150x150.png","contentUrl":"https:\/\/cbne.cl\/wpCNE\/wp-content\/uploads\/2020\/07\/cropped-cropped-web150x150.png","width":150,"height":150,"caption":"COLEGIO BICENTENARIO NUEVA ESPERANZA"},"image":{"@id":"https:\/\/cbne.cl\/wpCNE\/#\/schema\/logo\/image\/"}},{"@type":"Person","@id":"","url":"https:\/\/cbne.cl\/wpCNE\/author\/"}]}},"featured_image_urls":{"full":"","thumbnail":"","medium":"","medium_large":"","large":"","1536x1536":"","2048x2048":"","morenews-large":"","morenews-medium":""},"author_info":{"display_name":"","author_link":"https:\/\/cbne.cl\/wpCNE\/author\/"},"category_info":"<a href=\"https:\/\/cbne.cl\/wpCNE\/category\/cbne2023\/\" rel=\"category tag\">CBNE 2023<\/a>","tag_info":"CBNE 2023","comment_count":"0","_links":{"self":[{"href":"https:\/\/cbne.cl\/wpCNE\/wp-json\/wp\/v2\/posts\/6956","targetHints":{"allow":["GET"]}}],"collection":[{"href":"https:\/\/cbne.cl\/wpCNE\/wp-json\/wp\/v2\/posts"}],"about":[{"href":"https:\/\/cbne.cl\/wpCNE\/wp-json\/wp\/v2\/types\/post"}],"author":[{"embeddable":true,"href":"https:\/\/cbne.cl\/wpCNE\/wp-json\/wp\/v2\/users\/4"}],"replies":[{"embeddable":true,"href":"https:\/\/cbne.cl\/wpCNE\/wp-json\/wp\/v2\/comments?post=6956"}],"version-history":[{"count":1,"href":"https:\/\/cbne.cl\/wpCNE\/wp-json\/wp\/v2\/posts\/6956\/revisions"}],"predecessor-version":[{"id":6958,"href":"https:\/\/cbne.cl\/wpCNE\/wp-json\/wp\/v2\/posts\/6956\/revisions\/6958"}],"wp:attachment":[{"href":"https:\/\/cbne.cl\/wpCNE\/wp-json\/wp\/v2\/media?parent=6956"}],"wp:term":[{"taxonomy":"category","embeddable":true,"href":"https:\/\/cbne.cl\/wpCNE\/wp-json\/wp\/v2\/categories?post=6956"},{"taxonomy":"post_tag","embeddable":true,"href":"https:\/\/cbne.cl\/wpCNE\/wp-json\/wp\/v2\/tags?post=6956"}],"curies":[{"name":"wp","href":"https:\/\/api.w.org\/{rel}","templated":true}]}}