{"id":6939,"date":"2023-03-08T10:21:06","date_gmt":"2023-03-08T13:21:06","guid":{"rendered":"https:\/\/colegionuevaesperanza.cl\/wpCNE\/?p=6939"},"modified":"2023-03-20T08:13:17","modified_gmt":"2023-03-20T11:13:17","slug":"un-momento-conmemorativo","status":"publish","type":"post","link":"https:\/\/cbne.cl\/wpCNE\/un-momento-conmemorativo\/","title":{"rendered":"UN MOMENTO CONMEMORATIVO"},"content":{"rendered":"\n<figure class=\"wp-block-image size-large\"><img fetchpriority=\"high\" decoding=\"async\" width=\"1024\" height=\"683\" src=\"https:\/\/colegionuevaesperanza.cl\/wpCNE\/wp-content\/uploads\/2023\/03\/DSC_0027-1024x683.jpg\" alt=\"\" class=\"wp-image-6940\" srcset=\"https:\/\/cbne.cl\/wpCNE\/wp-content\/uploads\/2023\/03\/DSC_0027-1024x683.jpg 1024w, https:\/\/cbne.cl\/wpCNE\/wp-content\/uploads\/2023\/03\/DSC_0027-300x200.jpg 300w, https:\/\/cbne.cl\/wpCNE\/wp-content\/uploads\/2023\/03\/DSC_0027-768x512.jpg 768w, https:\/\/cbne.cl\/wpCNE\/wp-content\/uploads\/2023\/03\/DSC_0027-1536x1024.jpg 1536w, https:\/\/cbne.cl\/wpCNE\/wp-content\/uploads\/2023\/03\/DSC_0027-2048x1365.jpg 2048w\" sizes=\"(max-width: 1024px) 100vw, 1024px\" \/><\/figure>\n\n\n\n<p>La jornada de hoy mi\u00e9rcoles 08 de marzo, en el marco del D\u00eda Internacional de la Mujer, en nuestro colegio realizamos una instancia especial de conversaci\u00f3n junto a importantes mujeres que han aportado al desarrollo de la educaci\u00f3n local, entre ellas Luz Mar\u00eda Avil\u00e9s, Ang\u00e9lica Reyes Ramos, Thiareem Gacit\u00faa y Mar\u00eda Eva D\u00edaz <img decoding=\"async\" height=\"16\" width=\"16\" alt=\"\ud83d\udcaa\" src=\"https:\/\/static.xx.fbcdn.net\/images\/emoji.php\/v9\/tc5\/1.5\/16\/1f4aa.png\"><img decoding=\"async\" height=\"16\" width=\"16\" alt=\"\ud83d\udc9c\" src=\"https:\/\/static.xx.fbcdn.net\/images\/emoji.php\/v9\/tef\/1.5\/16\/1f49c.png\"><\/p>\n\n\n\n<p>En el coloquio, titulado \u00abLa trascendencia femenina en la comuna de Yungay\u00bb, correspondiente a la 8va. acci\u00f3n del Plan de <a><\/a>Formaci\u00f3n Ciudadana, pudimos conocer m\u00e1s a fondo el relato y experiencia laboral y profesional de nuestras invitadas en torno a la equidad e igualdad de g\u00e9nero <img loading=\"lazy\" decoding=\"async\" height=\"16\" width=\"16\" alt=\"\ud83e\udd79\" src=\"https:\/\/static.xx.fbcdn.net\/images\/emoji.php\/v9\/tcc\/1.5\/16\/1f979.png\"><img loading=\"lazy\" decoding=\"async\" height=\"16\" width=\"16\" alt=\"\ud83e\udd70\" src=\"https:\/\/static.xx.fbcdn.net\/images\/emoji.php\/v9\/t43\/1.5\/16\/1f970.png\"><\/p>\n\n\n\n<p>Conmemorativo momento para visibilizar el gran trabajo que realizan estas tremendas personas <img loading=\"lazy\" decoding=\"async\" height=\"16\" width=\"16\" alt=\"\ud83d\ude09\" src=\"https:\/\/static.xx.fbcdn.net\/images\/emoji.php\/v9\/tb0\/1.5\/16\/1f609.png\"><img decoding=\"async\" height=\"16\" width=\"16\" alt=\"\ud83d\udc9c\" src=\"https:\/\/static.xx.fbcdn.net\/images\/emoji.php\/v9\/tef\/1.5\/16\/1f49c.png\"><\/p>\n\n\n\n<p><a href=\"https:\/\/www.facebook.com\/hashtag\/8m?__eep__=6&amp;__cft__[0]=AZUZP_Gqexd5TRPdeGV9KcJuHcC_Yb4i0JDl3fqJvbOU_wMBu2eSqBTmC4eQCMPX2y-TspjV-8PUrfzCSVC00H4Qjwp5yxcojGvLt1DUOkCOHKfXktvidMgRTmJn0eIviBE840-ZjImTQ3PkkIiiiN3lqGlK3oT87X79SZBGMQCHPw&amp;__tn__=*NK-R\">#8M<\/a><img decoding=\"async\" height=\"16\" width=\"16\" alt=\"\ud83d\udc9c\" src=\"https:\/\/static.xx.fbcdn.net\/images\/emoji.php\/v9\/tef\/1.5\/16\/1f49c.png\"><\/p>\n","protected":false},"excerpt":{"rendered":"<p>La jornada de hoy mi\u00e9rcoles 08 de marzo, en el marco del D\u00eda Internacional de la Mujer, en<\/p>\n","protected":false},"author":4,"featured_media":0,"comment_status":"open","ping_status":"closed","sticky":false,"template":"","format":"standard","meta":{"footnotes":""},"categories":[255],"tags":[],"class_list":["post-6939","post","type-post","status-publish","format-standard","hentry","category-cbne2023"],"yoast_head":"<!-- This site is optimized with the Yoast SEO plugin v27.5 - https:\/\/yoast.com\/product\/yoast-seo-wordpress\/ -->\n<title>UN MOMENTO CONMEMORATIVO - COLEGIO BICENTENARIO NUEVA ESPERANZA<\/title>\n<meta name=\"robots\" content=\"index, follow, max-snippet:-1, max-image-preview:large, max-video-preview:-1\" \/>\n<link rel=\"canonical\" href=\"https:\/\/cbne.cl\/wpCNE\/un-momento-conmemorativo\/\" \/>\n<meta property=\"og:locale\" content=\"es_ES\" \/>\n<meta property=\"og:type\" content=\"article\" \/>\n<meta property=\"og:title\" content=\"UN MOMENTO CONMEMORATIVO - COLEGIO BICENTENARIO NUEVA ESPERANZA\" \/>\n<meta property=\"og:description\" content=\"La jornada de hoy mi\u00e9rcoles 08 de marzo, en el marco del D\u00eda Internacional de la Mujer, en\" \/>\n<meta property=\"og:url\" content=\"https:\/\/cbne.cl\/wpCNE\/un-momento-conmemorativo\/\" \/>\n<meta property=\"og:site_name\" content=\"COLEGIO BICENTENARIO NUEVA ESPERANZA\" \/>\n<meta property=\"article:published_time\" content=\"2023-03-08T13:21:06+00:00\" \/>\n<meta property=\"article:modified_time\" content=\"2023-03-20T11:13:17+00:00\" \/>\n<meta property=\"og:image\" content=\"https:\/\/colegionuevaesperanza.cl\/wpCNE\/wp-content\/uploads\/2023\/03\/DSC_0027-1024x683.jpg\" \/>\n<meta name=\"twitter:card\" content=\"summary_large_image\" \/>\n<meta name=\"twitter:label1\" content=\"Escrito por\" \/>\n\t<meta name=\"twitter:data1\" content=\"\" \/>\n\t<meta name=\"twitter:label2\" content=\"Tiempo de lectura\" \/>\n\t<meta name=\"twitter:data2\" content=\"3 minutos\" \/>\n<script type=\"application\/ld+json\" class=\"yoast-schema-graph\">{\"@context\":\"https:\\\/\\\/schema.org\",\"@graph\":[{\"@type\":\"Article\",\"@id\":\"https:\\\/\\\/cbne.cl\\\/wpCNE\\\/un-momento-conmemorativo\\\/#article\",\"isPartOf\":{\"@id\":\"https:\\\/\\\/cbne.cl\\\/wpCNE\\\/un-momento-conmemorativo\\\/\"},\"author\":{\"name\":\"\",\"@id\":\"\"},\"headline\":\"UN MOMENTO CONMEMORATIVO\",\"datePublished\":\"2023-03-08T13:21:06+00:00\",\"dateModified\":\"2023-03-20T11:13:17+00:00\",\"mainEntityOfPage\":{\"@id\":\"https:\\\/\\\/cbne.cl\\\/wpCNE\\\/un-momento-conmemorativo\\\/\"},\"wordCount\":128,\"commentCount\":0,\"publisher\":{\"@id\":\"https:\\\/\\\/cbne.cl\\\/wpCNE\\\/#organization\"},\"image\":{\"@id\":\"https:\\\/\\\/cbne.cl\\\/wpCNE\\\/un-momento-conmemorativo\\\/#primaryimage\"},\"thumbnailUrl\":\"https:\\\/\\\/colegionuevaesperanza.cl\\\/wpCNE\\\/wp-content\\\/uploads\\\/2023\\\/03\\\/DSC_0027-1024x683.jpg\",\"articleSection\":[\"CBNE 2023\"],\"inLanguage\":\"es\",\"potentialAction\":[{\"@type\":\"CommentAction\",\"name\":\"Comment\",\"target\":[\"https:\\\/\\\/cbne.cl\\\/wpCNE\\\/un-momento-conmemorativo\\\/#respond\"]}]},{\"@type\":\"WebPage\",\"@id\":\"https:\\\/\\\/cbne.cl\\\/wpCNE\\\/un-momento-conmemorativo\\\/\",\"url\":\"https:\\\/\\\/cbne.cl\\\/wpCNE\\\/un-momento-conmemorativo\\\/\",\"name\":\"UN MOMENTO CONMEMORATIVO - COLEGIO BICENTENARIO NUEVA ESPERANZA\",\"isPartOf\":{\"@id\":\"https:\\\/\\\/cbne.cl\\\/wpCNE\\\/#website\"},\"primaryImageOfPage\":{\"@id\":\"https:\\\/\\\/cbne.cl\\\/wpCNE\\\/un-momento-conmemorativo\\\/#primaryimage\"},\"image\":{\"@id\":\"https:\\\/\\\/cbne.cl\\\/wpCNE\\\/un-momento-conmemorativo\\\/#primaryimage\"},\"thumbnailUrl\":\"https:\\\/\\\/colegionuevaesperanza.cl\\\/wpCNE\\\/wp-content\\\/uploads\\\/2023\\\/03\\\/DSC_0027-1024x683.jpg\",\"datePublished\":\"2023-03-08T13:21:06+00:00\",\"dateModified\":\"2023-03-20T11:13:17+00:00\",\"breadcrumb\":{\"@id\":\"https:\\\/\\\/cbne.cl\\\/wpCNE\\\/un-momento-conmemorativo\\\/#breadcrumb\"},\"inLanguage\":\"es\",\"potentialAction\":[{\"@type\":\"ReadAction\",\"target\":[\"https:\\\/\\\/cbne.cl\\\/wpCNE\\\/un-momento-conmemorativo\\\/\"]}]},{\"@type\":\"ImageObject\",\"inLanguage\":\"es\",\"@id\":\"https:\\\/\\\/cbne.cl\\\/wpCNE\\\/un-momento-conmemorativo\\\/#primaryimage\",\"url\":\"https:\\\/\\\/colegionuevaesperanza.cl\\\/wpCNE\\\/wp-content\\\/uploads\\\/2023\\\/03\\\/DSC_0027-1024x683.jpg\",\"contentUrl\":\"https:\\\/\\\/colegionuevaesperanza.cl\\\/wpCNE\\\/wp-content\\\/uploads\\\/2023\\\/03\\\/DSC_0027-1024x683.jpg\"},{\"@type\":\"BreadcrumbList\",\"@id\":\"https:\\\/\\\/cbne.cl\\\/wpCNE\\\/un-momento-conmemorativo\\\/#breadcrumb\",\"itemListElement\":[{\"@type\":\"ListItem\",\"position\":1,\"name\":\"Portada\",\"item\":\"https:\\\/\\\/cbne.cl\\\/wpCNE\\\/\"},{\"@type\":\"ListItem\",\"position\":2,\"name\":\"UN MOMENTO CONMEMORATIVO\"}]},{\"@type\":\"WebSite\",\"@id\":\"https:\\\/\\\/cbne.cl\\\/wpCNE\\\/#website\",\"url\":\"https:\\\/\\\/cbne.cl\\\/wpCNE\\\/\",\"name\":\"COLEGIO BICENTENARIO NUEVA ESPERANZA\",\"description\":\"&quot;Educando desde la afectividad&quot;\",\"publisher\":{\"@id\":\"https:\\\/\\\/cbne.cl\\\/wpCNE\\\/#organization\"},\"potentialAction\":[{\"@type\":\"SearchAction\",\"target\":{\"@type\":\"EntryPoint\",\"urlTemplate\":\"https:\\\/\\\/cbne.cl\\\/wpCNE\\\/?s={search_term_string}\"},\"query-input\":{\"@type\":\"PropertyValueSpecification\",\"valueRequired\":true,\"valueName\":\"search_term_string\"}}],\"inLanguage\":\"es\"},{\"@type\":\"Organization\",\"@id\":\"https:\\\/\\\/cbne.cl\\\/wpCNE\\\/#organization\",\"name\":\"COLEGIO BICENTENARIO NUEVA ESPERANZA\",\"url\":\"https:\\\/\\\/cbne.cl\\\/wpCNE\\\/\",\"logo\":{\"@type\":\"ImageObject\",\"inLanguage\":\"es\",\"@id\":\"https:\\\/\\\/cbne.cl\\\/wpCNE\\\/#\\\/schema\\\/logo\\\/image\\\/\",\"url\":\"https:\\\/\\\/cbne.cl\\\/wpCNE\\\/wp-content\\\/uploads\\\/2020\\\/07\\\/cropped-cropped-web150x150.png\",\"contentUrl\":\"https:\\\/\\\/cbne.cl\\\/wpCNE\\\/wp-content\\\/uploads\\\/2020\\\/07\\\/cropped-cropped-web150x150.png\",\"width\":150,\"height\":150,\"caption\":\"COLEGIO BICENTENARIO NUEVA ESPERANZA\"},\"image\":{\"@id\":\"https:\\\/\\\/cbne.cl\\\/wpCNE\\\/#\\\/schema\\\/logo\\\/image\\\/\"}},{\"@type\":\"Person\",\"@id\":\"\",\"url\":\"https:\\\/\\\/cbne.cl\\\/wpCNE\\\/author\\\/\"}]}<\/script>\n<!-- \/ Yoast SEO plugin. -->","yoast_head_json":{"title":"UN MOMENTO CONMEMORATIVO - COLEGIO BICENTENARIO NUEVA ESPERANZA","robots":{"index":"index","follow":"follow","max-snippet":"max-snippet:-1","max-image-preview":"max-image-preview:large","max-video-preview":"max-video-preview:-1"},"canonical":"https:\/\/cbne.cl\/wpCNE\/un-momento-conmemorativo\/","og_locale":"es_ES","og_type":"article","og_title":"UN MOMENTO CONMEMORATIVO - COLEGIO BICENTENARIO NUEVA ESPERANZA","og_description":"La jornada de hoy mi\u00e9rcoles 08 de marzo, en el marco del D\u00eda Internacional de la Mujer, en","og_url":"https:\/\/cbne.cl\/wpCNE\/un-momento-conmemorativo\/","og_site_name":"COLEGIO BICENTENARIO NUEVA ESPERANZA","article_published_time":"2023-03-08T13:21:06+00:00","article_modified_time":"2023-03-20T11:13:17+00:00","og_image":[{"url":"https:\/\/colegionuevaesperanza.cl\/wpCNE\/wp-content\/uploads\/2023\/03\/DSC_0027-1024x683.jpg","type":"","width":"","height":""}],"twitter_card":"summary_large_image","twitter_misc":{"Escrito por":"","Tiempo de lectura":"3 minutos"},"schema":{"@context":"https:\/\/schema.org","@graph":[{"@type":"Article","@id":"https:\/\/cbne.cl\/wpCNE\/un-momento-conmemorativo\/#article","isPartOf":{"@id":"https:\/\/cbne.cl\/wpCNE\/un-momento-conmemorativo\/"},"author":{"name":"","@id":""},"headline":"UN MOMENTO CONMEMORATIVO","datePublished":"2023-03-08T13:21:06+00:00","dateModified":"2023-03-20T11:13:17+00:00","mainEntityOfPage":{"@id":"https:\/\/cbne.cl\/wpCNE\/un-momento-conmemorativo\/"},"wordCount":128,"commentCount":0,"publisher":{"@id":"https:\/\/cbne.cl\/wpCNE\/#organization"},"image":{"@id":"https:\/\/cbne.cl\/wpCNE\/un-momento-conmemorativo\/#primaryimage"},"thumbnailUrl":"https:\/\/colegionuevaesperanza.cl\/wpCNE\/wp-content\/uploads\/2023\/03\/DSC_0027-1024x683.jpg","articleSection":["CBNE 2023"],"inLanguage":"es","potentialAction":[{"@type":"CommentAction","name":"Comment","target":["https:\/\/cbne.cl\/wpCNE\/un-momento-conmemorativo\/#respond"]}]},{"@type":"WebPage","@id":"https:\/\/cbne.cl\/wpCNE\/un-momento-conmemorativo\/","url":"https:\/\/cbne.cl\/wpCNE\/un-momento-conmemorativo\/","name":"UN MOMENTO CONMEMORATIVO - COLEGIO BICENTENARIO NUEVA ESPERANZA","isPartOf":{"@id":"https:\/\/cbne.cl\/wpCNE\/#website"},"primaryImageOfPage":{"@id":"https:\/\/cbne.cl\/wpCNE\/un-momento-conmemorativo\/#primaryimage"},"image":{"@id":"https:\/\/cbne.cl\/wpCNE\/un-momento-conmemorativo\/#primaryimage"},"thumbnailUrl":"https:\/\/colegionuevaesperanza.cl\/wpCNE\/wp-content\/uploads\/2023\/03\/DSC_0027-1024x683.jpg","datePublished":"2023-03-08T13:21:06+00:00","dateModified":"2023-03-20T11:13:17+00:00","breadcrumb":{"@id":"https:\/\/cbne.cl\/wpCNE\/un-momento-conmemorativo\/#breadcrumb"},"inLanguage":"es","potentialAction":[{"@type":"ReadAction","target":["https:\/\/cbne.cl\/wpCNE\/un-momento-conmemorativo\/"]}]},{"@type":"ImageObject","inLanguage":"es","@id":"https:\/\/cbne.cl\/wpCNE\/un-momento-conmemorativo\/#primaryimage","url":"https:\/\/colegionuevaesperanza.cl\/wpCNE\/wp-content\/uploads\/2023\/03\/DSC_0027-1024x683.jpg","contentUrl":"https:\/\/colegionuevaesperanza.cl\/wpCNE\/wp-content\/uploads\/2023\/03\/DSC_0027-1024x683.jpg"},{"@type":"BreadcrumbList","@id":"https:\/\/cbne.cl\/wpCNE\/un-momento-conmemorativo\/#breadcrumb","itemListElement":[{"@type":"ListItem","position":1,"name":"Portada","item":"https:\/\/cbne.cl\/wpCNE\/"},{"@type":"ListItem","position":2,"name":"UN MOMENTO CONMEMORATIVO"}]},{"@type":"WebSite","@id":"https:\/\/cbne.cl\/wpCNE\/#website","url":"https:\/\/cbne.cl\/wpCNE\/","name":"COLEGIO BICENTENARIO NUEVA ESPERANZA","description":"&quot;Educando desde la afectividad&quot;","publisher":{"@id":"https:\/\/cbne.cl\/wpCNE\/#organization"},"potentialAction":[{"@type":"SearchAction","target":{"@type":"EntryPoint","urlTemplate":"https:\/\/cbne.cl\/wpCNE\/?s={search_term_string}"},"query-input":{"@type":"PropertyValueSpecification","valueRequired":true,"valueName":"search_term_string"}}],"inLanguage":"es"},{"@type":"Organization","@id":"https:\/\/cbne.cl\/wpCNE\/#organization","name":"COLEGIO BICENTENARIO NUEVA ESPERANZA","url":"https:\/\/cbne.cl\/wpCNE\/","logo":{"@type":"ImageObject","inLanguage":"es","@id":"https:\/\/cbne.cl\/wpCNE\/#\/schema\/logo\/image\/","url":"https:\/\/cbne.cl\/wpCNE\/wp-content\/uploads\/2020\/07\/cropped-cropped-web150x150.png","contentUrl":"https:\/\/cbne.cl\/wpCNE\/wp-content\/uploads\/2020\/07\/cropped-cropped-web150x150.png","width":150,"height":150,"caption":"COLEGIO BICENTENARIO NUEVA ESPERANZA"},"image":{"@id":"https:\/\/cbne.cl\/wpCNE\/#\/schema\/logo\/image\/"}},{"@type":"Person","@id":"","url":"https:\/\/cbne.cl\/wpCNE\/author\/"}]}},"featured_image_urls":{"full":"","thumbnail":"","medium":"","medium_large":"","large":"","1536x1536":"","2048x2048":"","morenews-large":"","morenews-medium":""},"author_info":{"display_name":"","author_link":"https:\/\/cbne.cl\/wpCNE\/author\/"},"category_info":"<a href=\"https:\/\/cbne.cl\/wpCNE\/category\/cbne2023\/\" rel=\"category tag\">CBNE 2023<\/a>","tag_info":"CBNE 2023","comment_count":"0","_links":{"self":[{"href":"https:\/\/cbne.cl\/wpCNE\/wp-json\/wp\/v2\/posts\/6939","targetHints":{"allow":["GET"]}}],"collection":[{"href":"https:\/\/cbne.cl\/wpCNE\/wp-json\/wp\/v2\/posts"}],"about":[{"href":"https:\/\/cbne.cl\/wpCNE\/wp-json\/wp\/v2\/types\/post"}],"author":[{"embeddable":true,"href":"https:\/\/cbne.cl\/wpCNE\/wp-json\/wp\/v2\/users\/4"}],"replies":[{"embeddable":true,"href":"https:\/\/cbne.cl\/wpCNE\/wp-json\/wp\/v2\/comments?post=6939"}],"version-history":[{"count":1,"href":"https:\/\/cbne.cl\/wpCNE\/wp-json\/wp\/v2\/posts\/6939\/revisions"}],"predecessor-version":[{"id":6941,"href":"https:\/\/cbne.cl\/wpCNE\/wp-json\/wp\/v2\/posts\/6939\/revisions\/6941"}],"wp:attachment":[{"href":"https:\/\/cbne.cl\/wpCNE\/wp-json\/wp\/v2\/media?parent=6939"}],"wp:term":[{"taxonomy":"category","embeddable":true,"href":"https:\/\/cbne.cl\/wpCNE\/wp-json\/wp\/v2\/categories?post=6939"},{"taxonomy":"post_tag","embeddable":true,"href":"https:\/\/cbne.cl\/wpCNE\/wp-json\/wp\/v2\/tags?post=6939"}],"curies":[{"name":"wp","href":"https:\/\/api.w.org\/{rel}","templated":true}]}}