{"id":6901,"date":"2022-11-11T11:40:58","date_gmt":"2022-11-11T15:40:58","guid":{"rendered":"https:\/\/colegionuevaesperanza.cl\/wpCNE\/?p=6901"},"modified":"2022-11-17T11:44:44","modified_gmt":"2022-11-17T15:44:44","slug":"inscripciones-escuela-de-lenguaje","status":"publish","type":"post","link":"https:\/\/cbne.cl\/wpCNE\/inscripciones-escuela-de-lenguaje\/","title":{"rendered":"INSCRIPCIONES ESCUELA DE LENGUAJE"},"content":{"rendered":"\n<figure class=\"wp-block-image size-large\"><img fetchpriority=\"high\" decoding=\"async\" width=\"1024\" height=\"1024\" src=\"https:\/\/colegionuevaesperanza.cl\/wpCNE\/wp-content\/uploads\/2022\/11\/\u00a1Este-lunes-14-de-noviembre-comienzan-las-inscripciones-Escuela-de-Lenguaje-1024x1024.jpg\" alt=\"\" class=\"wp-image-6909\" srcset=\"https:\/\/cbne.cl\/wpCNE\/wp-content\/uploads\/2022\/11\/\u00a1Este-lunes-14-de-noviembre-comienzan-las-inscripciones-Escuela-de-Lenguaje-1024x1024.jpg 1024w, https:\/\/cbne.cl\/wpCNE\/wp-content\/uploads\/2022\/11\/\u00a1Este-lunes-14-de-noviembre-comienzan-las-inscripciones-Escuela-de-Lenguaje-300x300.jpg 300w, https:\/\/cbne.cl\/wpCNE\/wp-content\/uploads\/2022\/11\/\u00a1Este-lunes-14-de-noviembre-comienzan-las-inscripciones-Escuela-de-Lenguaje-150x150.jpg 150w, https:\/\/cbne.cl\/wpCNE\/wp-content\/uploads\/2022\/11\/\u00a1Este-lunes-14-de-noviembre-comienzan-las-inscripciones-Escuela-de-Lenguaje-768x768.jpg 768w, https:\/\/cbne.cl\/wpCNE\/wp-content\/uploads\/2022\/11\/\u00a1Este-lunes-14-de-noviembre-comienzan-las-inscripciones-Escuela-de-Lenguaje-50x50.jpg 50w, https:\/\/cbne.cl\/wpCNE\/wp-content\/uploads\/2022\/11\/\u00a1Este-lunes-14-de-noviembre-comienzan-las-inscripciones-Escuela-de-Lenguaje-80x80.jpg 80w, https:\/\/cbne.cl\/wpCNE\/wp-content\/uploads\/2022\/11\/\u00a1Este-lunes-14-de-noviembre-comienzan-las-inscripciones-Escuela-de-Lenguaje.jpg 1080w\" sizes=\"(max-width: 1024px) 100vw, 1024px\" \/><\/figure>\n\n\n\n<p>Estimada comunidad, les informamos que este lunes 14 de noviembre comienzan las inscripciones para nuestra Escuela de Lenguaje <img decoding=\"async\" height=\"16\" width=\"16\" alt=\"\ud83e\udd79\" src=\"https:\/\/static.xx.fbcdn.net\/images\/emoji.php\/v9\/tcc\/1.5\/16\/1f979.png\"><\/p>\n\n\n\n<p><img decoding=\"async\" height=\"16\" width=\"16\" alt=\"\ud83d\udc49\" src=\"https:\/\/static.xx.fbcdn.net\/images\/emoji.php\/v9\/taa\/1.5\/16\/1f449.png\">Requisitos de inscripci\u00f3n: Medio Mayor 3 a\u00f1os cumplidos al 31 de marzo 2023\/Pre-K\u00ednder 4 a\u00f1os cumplidos al 31 de marzo2023\/K\u00ednder 5 a\u00f1os cumplidos al 31 de marzo 2023<\/p>\n\n\n\n<p><a><\/a>\u00a1OJO! <img loading=\"lazy\" decoding=\"async\" height=\"16\" width=\"16\" alt=\"\ud83d\udc40\" src=\"https:\/\/static.xx.fbcdn.net\/images\/emoji.php\/v9\/t21\/1.5\/16\/1f440.png\"><\/p>\n\n\n\n<p>Las inscripciones ser\u00e1n presenciales y online (mediante un enlace compartido desde ese d\u00eda). Los horarios inscripci\u00f3n presencial ser\u00e1n de lunes a viernes desde 08:30 a 13:00 hrs y desde 14:00 a 17:00 hrs<\/p>\n\n\n\n<figure class=\"wp-block-image\"><img decoding=\"async\" src=\"https:\/\/static.xx.fbcdn.net\/images\/emoji.php\/v9\/tf3\/1.5\/16\/2764.png\" alt=\"\u2764\"\/><\/figure>\n","protected":false},"excerpt":{"rendered":"<p>Estimada comunidad, les informamos que este lunes 14 de noviembre comienzan las inscripciones para nuestra Escuela de Lenguaje<\/p>\n","protected":false},"author":4,"featured_media":0,"comment_status":"open","ping_status":"closed","sticky":false,"template":"","format":"standard","meta":{"footnotes":""},"categories":[1],"tags":[],"class_list":["post-6901","post","type-post","status-publish","format-standard","hentry","category-uncategorized"],"yoast_head":"<!-- This site is optimized with the Yoast SEO plugin v27.5 - https:\/\/yoast.com\/product\/yoast-seo-wordpress\/ -->\n<title>INSCRIPCIONES ESCUELA DE LENGUAJE - COLEGIO BICENTENARIO NUEVA ESPERANZA<\/title>\n<meta name=\"robots\" content=\"index, follow, max-snippet:-1, max-image-preview:large, max-video-preview:-1\" \/>\n<link rel=\"canonical\" href=\"https:\/\/cbne.cl\/wpCNE\/inscripciones-escuela-de-lenguaje\/\" \/>\n<meta property=\"og:locale\" content=\"es_ES\" \/>\n<meta property=\"og:type\" content=\"article\" \/>\n<meta property=\"og:title\" content=\"INSCRIPCIONES ESCUELA DE LENGUAJE - COLEGIO BICENTENARIO NUEVA ESPERANZA\" \/>\n<meta property=\"og:description\" content=\"Estimada comunidad, les informamos que este lunes 14 de noviembre comienzan las inscripciones para nuestra Escuela de Lenguaje\" \/>\n<meta property=\"og:url\" content=\"https:\/\/cbne.cl\/wpCNE\/inscripciones-escuela-de-lenguaje\/\" \/>\n<meta property=\"og:site_name\" content=\"COLEGIO BICENTENARIO NUEVA ESPERANZA\" \/>\n<meta property=\"article:published_time\" content=\"2022-11-11T15:40:58+00:00\" \/>\n<meta property=\"article:modified_time\" content=\"2022-11-17T15:44:44+00:00\" \/>\n<meta property=\"og:image\" content=\"https:\/\/static.xx.fbcdn.net\/images\/emoji.php\/v9\/tcc\/1.5\/16\/1f979.png\" \/>\n<meta name=\"twitter:card\" content=\"summary_large_image\" \/>\n<meta name=\"twitter:label1\" content=\"Escrito por\" \/>\n\t<meta name=\"twitter:data1\" content=\"\" \/>\n\t<meta name=\"twitter:label2\" content=\"Tiempo de lectura\" \/>\n\t<meta name=\"twitter:data2\" content=\"2 minutos\" \/>\n<script type=\"application\/ld+json\" class=\"yoast-schema-graph\">{\"@context\":\"https:\\\/\\\/schema.org\",\"@graph\":[{\"@type\":\"Article\",\"@id\":\"https:\\\/\\\/cbne.cl\\\/wpCNE\\\/inscripciones-escuela-de-lenguaje\\\/#article\",\"isPartOf\":{\"@id\":\"https:\\\/\\\/cbne.cl\\\/wpCNE\\\/inscripciones-escuela-de-lenguaje\\\/\"},\"author\":{\"name\":\"\",\"@id\":\"\"},\"headline\":\"INSCRIPCIONES ESCUELA DE LENGUAJE\",\"datePublished\":\"2022-11-11T15:40:58+00:00\",\"dateModified\":\"2022-11-17T15:44:44+00:00\",\"mainEntityOfPage\":{\"@id\":\"https:\\\/\\\/cbne.cl\\\/wpCNE\\\/inscripciones-escuela-de-lenguaje\\\/\"},\"wordCount\":83,\"commentCount\":0,\"publisher\":{\"@id\":\"https:\\\/\\\/cbne.cl\\\/wpCNE\\\/#organization\"},\"image\":{\"@id\":\"https:\\\/\\\/cbne.cl\\\/wpCNE\\\/inscripciones-escuela-de-lenguaje\\\/#primaryimage\"},\"thumbnailUrl\":\"https:\\\/\\\/static.xx.fbcdn.net\\\/images\\\/emoji.php\\\/v9\\\/tcc\\\/1.5\\\/16\\\/1f979.png\",\"articleSection\":[\"Uncategorized\"],\"inLanguage\":\"es\",\"potentialAction\":[{\"@type\":\"CommentAction\",\"name\":\"Comment\",\"target\":[\"https:\\\/\\\/cbne.cl\\\/wpCNE\\\/inscripciones-escuela-de-lenguaje\\\/#respond\"]}]},{\"@type\":\"WebPage\",\"@id\":\"https:\\\/\\\/cbne.cl\\\/wpCNE\\\/inscripciones-escuela-de-lenguaje\\\/\",\"url\":\"https:\\\/\\\/cbne.cl\\\/wpCNE\\\/inscripciones-escuela-de-lenguaje\\\/\",\"name\":\"INSCRIPCIONES ESCUELA DE LENGUAJE - COLEGIO BICENTENARIO NUEVA ESPERANZA\",\"isPartOf\":{\"@id\":\"https:\\\/\\\/cbne.cl\\\/wpCNE\\\/#website\"},\"primaryImageOfPage\":{\"@id\":\"https:\\\/\\\/cbne.cl\\\/wpCNE\\\/inscripciones-escuela-de-lenguaje\\\/#primaryimage\"},\"image\":{\"@id\":\"https:\\\/\\\/cbne.cl\\\/wpCNE\\\/inscripciones-escuela-de-lenguaje\\\/#primaryimage\"},\"thumbnailUrl\":\"https:\\\/\\\/static.xx.fbcdn.net\\\/images\\\/emoji.php\\\/v9\\\/tcc\\\/1.5\\\/16\\\/1f979.png\",\"datePublished\":\"2022-11-11T15:40:58+00:00\",\"dateModified\":\"2022-11-17T15:44:44+00:00\",\"breadcrumb\":{\"@id\":\"https:\\\/\\\/cbne.cl\\\/wpCNE\\\/inscripciones-escuela-de-lenguaje\\\/#breadcrumb\"},\"inLanguage\":\"es\",\"potentialAction\":[{\"@type\":\"ReadAction\",\"target\":[\"https:\\\/\\\/cbne.cl\\\/wpCNE\\\/inscripciones-escuela-de-lenguaje\\\/\"]}]},{\"@type\":\"ImageObject\",\"inLanguage\":\"es\",\"@id\":\"https:\\\/\\\/cbne.cl\\\/wpCNE\\\/inscripciones-escuela-de-lenguaje\\\/#primaryimage\",\"url\":\"https:\\\/\\\/static.xx.fbcdn.net\\\/images\\\/emoji.php\\\/v9\\\/tcc\\\/1.5\\\/16\\\/1f979.png\",\"contentUrl\":\"https:\\\/\\\/static.xx.fbcdn.net\\\/images\\\/emoji.php\\\/v9\\\/tcc\\\/1.5\\\/16\\\/1f979.png\"},{\"@type\":\"BreadcrumbList\",\"@id\":\"https:\\\/\\\/cbne.cl\\\/wpCNE\\\/inscripciones-escuela-de-lenguaje\\\/#breadcrumb\",\"itemListElement\":[{\"@type\":\"ListItem\",\"position\":1,\"name\":\"Portada\",\"item\":\"https:\\\/\\\/cbne.cl\\\/wpCNE\\\/\"},{\"@type\":\"ListItem\",\"position\":2,\"name\":\"INSCRIPCIONES ESCUELA DE LENGUAJE\"}]},{\"@type\":\"WebSite\",\"@id\":\"https:\\\/\\\/cbne.cl\\\/wpCNE\\\/#website\",\"url\":\"https:\\\/\\\/cbne.cl\\\/wpCNE\\\/\",\"name\":\"COLEGIO BICENTENARIO NUEVA ESPERANZA\",\"description\":\"&quot;Educando desde la afectividad&quot;\",\"publisher\":{\"@id\":\"https:\\\/\\\/cbne.cl\\\/wpCNE\\\/#organization\"},\"potentialAction\":[{\"@type\":\"SearchAction\",\"target\":{\"@type\":\"EntryPoint\",\"urlTemplate\":\"https:\\\/\\\/cbne.cl\\\/wpCNE\\\/?s={search_term_string}\"},\"query-input\":{\"@type\":\"PropertyValueSpecification\",\"valueRequired\":true,\"valueName\":\"search_term_string\"}}],\"inLanguage\":\"es\"},{\"@type\":\"Organization\",\"@id\":\"https:\\\/\\\/cbne.cl\\\/wpCNE\\\/#organization\",\"name\":\"COLEGIO BICENTENARIO NUEVA ESPERANZA\",\"url\":\"https:\\\/\\\/cbne.cl\\\/wpCNE\\\/\",\"logo\":{\"@type\":\"ImageObject\",\"inLanguage\":\"es\",\"@id\":\"https:\\\/\\\/cbne.cl\\\/wpCNE\\\/#\\\/schema\\\/logo\\\/image\\\/\",\"url\":\"https:\\\/\\\/cbne.cl\\\/wpCNE\\\/wp-content\\\/uploads\\\/2020\\\/07\\\/cropped-cropped-web150x150.png\",\"contentUrl\":\"https:\\\/\\\/cbne.cl\\\/wpCNE\\\/wp-content\\\/uploads\\\/2020\\\/07\\\/cropped-cropped-web150x150.png\",\"width\":150,\"height\":150,\"caption\":\"COLEGIO BICENTENARIO NUEVA ESPERANZA\"},\"image\":{\"@id\":\"https:\\\/\\\/cbne.cl\\\/wpCNE\\\/#\\\/schema\\\/logo\\\/image\\\/\"}},{\"@type\":\"Person\",\"@id\":\"\",\"url\":\"https:\\\/\\\/cbne.cl\\\/wpCNE\\\/author\\\/\"}]}<\/script>\n<!-- \/ Yoast SEO plugin. -->","yoast_head_json":{"title":"INSCRIPCIONES ESCUELA DE LENGUAJE - COLEGIO BICENTENARIO NUEVA ESPERANZA","robots":{"index":"index","follow":"follow","max-snippet":"max-snippet:-1","max-image-preview":"max-image-preview:large","max-video-preview":"max-video-preview:-1"},"canonical":"https:\/\/cbne.cl\/wpCNE\/inscripciones-escuela-de-lenguaje\/","og_locale":"es_ES","og_type":"article","og_title":"INSCRIPCIONES ESCUELA DE LENGUAJE - COLEGIO BICENTENARIO NUEVA ESPERANZA","og_description":"Estimada comunidad, les informamos que este lunes 14 de noviembre comienzan las inscripciones para nuestra Escuela de Lenguaje","og_url":"https:\/\/cbne.cl\/wpCNE\/inscripciones-escuela-de-lenguaje\/","og_site_name":"COLEGIO BICENTENARIO NUEVA ESPERANZA","article_published_time":"2022-11-11T15:40:58+00:00","article_modified_time":"2022-11-17T15:44:44+00:00","og_image":[{"url":"https:\/\/static.xx.fbcdn.net\/images\/emoji.php\/v9\/tcc\/1.5\/16\/1f979.png","type":"","width":"","height":""}],"twitter_card":"summary_large_image","twitter_misc":{"Escrito por":"","Tiempo de lectura":"2 minutos"},"schema":{"@context":"https:\/\/schema.org","@graph":[{"@type":"Article","@id":"https:\/\/cbne.cl\/wpCNE\/inscripciones-escuela-de-lenguaje\/#article","isPartOf":{"@id":"https:\/\/cbne.cl\/wpCNE\/inscripciones-escuela-de-lenguaje\/"},"author":{"name":"","@id":""},"headline":"INSCRIPCIONES ESCUELA DE LENGUAJE","datePublished":"2022-11-11T15:40:58+00:00","dateModified":"2022-11-17T15:44:44+00:00","mainEntityOfPage":{"@id":"https:\/\/cbne.cl\/wpCNE\/inscripciones-escuela-de-lenguaje\/"},"wordCount":83,"commentCount":0,"publisher":{"@id":"https:\/\/cbne.cl\/wpCNE\/#organization"},"image":{"@id":"https:\/\/cbne.cl\/wpCNE\/inscripciones-escuela-de-lenguaje\/#primaryimage"},"thumbnailUrl":"https:\/\/static.xx.fbcdn.net\/images\/emoji.php\/v9\/tcc\/1.5\/16\/1f979.png","articleSection":["Uncategorized"],"inLanguage":"es","potentialAction":[{"@type":"CommentAction","name":"Comment","target":["https:\/\/cbne.cl\/wpCNE\/inscripciones-escuela-de-lenguaje\/#respond"]}]},{"@type":"WebPage","@id":"https:\/\/cbne.cl\/wpCNE\/inscripciones-escuela-de-lenguaje\/","url":"https:\/\/cbne.cl\/wpCNE\/inscripciones-escuela-de-lenguaje\/","name":"INSCRIPCIONES ESCUELA DE LENGUAJE - COLEGIO BICENTENARIO NUEVA ESPERANZA","isPartOf":{"@id":"https:\/\/cbne.cl\/wpCNE\/#website"},"primaryImageOfPage":{"@id":"https:\/\/cbne.cl\/wpCNE\/inscripciones-escuela-de-lenguaje\/#primaryimage"},"image":{"@id":"https:\/\/cbne.cl\/wpCNE\/inscripciones-escuela-de-lenguaje\/#primaryimage"},"thumbnailUrl":"https:\/\/static.xx.fbcdn.net\/images\/emoji.php\/v9\/tcc\/1.5\/16\/1f979.png","datePublished":"2022-11-11T15:40:58+00:00","dateModified":"2022-11-17T15:44:44+00:00","breadcrumb":{"@id":"https:\/\/cbne.cl\/wpCNE\/inscripciones-escuela-de-lenguaje\/#breadcrumb"},"inLanguage":"es","potentialAction":[{"@type":"ReadAction","target":["https:\/\/cbne.cl\/wpCNE\/inscripciones-escuela-de-lenguaje\/"]}]},{"@type":"ImageObject","inLanguage":"es","@id":"https:\/\/cbne.cl\/wpCNE\/inscripciones-escuela-de-lenguaje\/#primaryimage","url":"https:\/\/static.xx.fbcdn.net\/images\/emoji.php\/v9\/tcc\/1.5\/16\/1f979.png","contentUrl":"https:\/\/static.xx.fbcdn.net\/images\/emoji.php\/v9\/tcc\/1.5\/16\/1f979.png"},{"@type":"BreadcrumbList","@id":"https:\/\/cbne.cl\/wpCNE\/inscripciones-escuela-de-lenguaje\/#breadcrumb","itemListElement":[{"@type":"ListItem","position":1,"name":"Portada","item":"https:\/\/cbne.cl\/wpCNE\/"},{"@type":"ListItem","position":2,"name":"INSCRIPCIONES ESCUELA DE LENGUAJE"}]},{"@type":"WebSite","@id":"https:\/\/cbne.cl\/wpCNE\/#website","url":"https:\/\/cbne.cl\/wpCNE\/","name":"COLEGIO BICENTENARIO NUEVA ESPERANZA","description":"&quot;Educando desde la afectividad&quot;","publisher":{"@id":"https:\/\/cbne.cl\/wpCNE\/#organization"},"potentialAction":[{"@type":"SearchAction","target":{"@type":"EntryPoint","urlTemplate":"https:\/\/cbne.cl\/wpCNE\/?s={search_term_string}"},"query-input":{"@type":"PropertyValueSpecification","valueRequired":true,"valueName":"search_term_string"}}],"inLanguage":"es"},{"@type":"Organization","@id":"https:\/\/cbne.cl\/wpCNE\/#organization","name":"COLEGIO BICENTENARIO NUEVA ESPERANZA","url":"https:\/\/cbne.cl\/wpCNE\/","logo":{"@type":"ImageObject","inLanguage":"es","@id":"https:\/\/cbne.cl\/wpCNE\/#\/schema\/logo\/image\/","url":"https:\/\/cbne.cl\/wpCNE\/wp-content\/uploads\/2020\/07\/cropped-cropped-web150x150.png","contentUrl":"https:\/\/cbne.cl\/wpCNE\/wp-content\/uploads\/2020\/07\/cropped-cropped-web150x150.png","width":150,"height":150,"caption":"COLEGIO BICENTENARIO NUEVA ESPERANZA"},"image":{"@id":"https:\/\/cbne.cl\/wpCNE\/#\/schema\/logo\/image\/"}},{"@type":"Person","@id":"","url":"https:\/\/cbne.cl\/wpCNE\/author\/"}]}},"featured_image_urls":{"full":"","thumbnail":"","medium":"","medium_large":"","large":"","1536x1536":"","2048x2048":"","morenews-large":"","morenews-medium":""},"author_info":{"display_name":"","author_link":"https:\/\/cbne.cl\/wpCNE\/author\/"},"category_info":"<a href=\"https:\/\/cbne.cl\/wpCNE\/category\/uncategorized\/\" rel=\"category tag\">Uncategorized<\/a>","tag_info":"Uncategorized","comment_count":"0","_links":{"self":[{"href":"https:\/\/cbne.cl\/wpCNE\/wp-json\/wp\/v2\/posts\/6901","targetHints":{"allow":["GET"]}}],"collection":[{"href":"https:\/\/cbne.cl\/wpCNE\/wp-json\/wp\/v2\/posts"}],"about":[{"href":"https:\/\/cbne.cl\/wpCNE\/wp-json\/wp\/v2\/types\/post"}],"author":[{"embeddable":true,"href":"https:\/\/cbne.cl\/wpCNE\/wp-json\/wp\/v2\/users\/4"}],"replies":[{"embeddable":true,"href":"https:\/\/cbne.cl\/wpCNE\/wp-json\/wp\/v2\/comments?post=6901"}],"version-history":[{"count":1,"href":"https:\/\/cbne.cl\/wpCNE\/wp-json\/wp\/v2\/posts\/6901\/revisions"}],"predecessor-version":[{"id":6910,"href":"https:\/\/cbne.cl\/wpCNE\/wp-json\/wp\/v2\/posts\/6901\/revisions\/6910"}],"wp:attachment":[{"href":"https:\/\/cbne.cl\/wpCNE\/wp-json\/wp\/v2\/media?parent=6901"}],"wp:term":[{"taxonomy":"category","embeddable":true,"href":"https:\/\/cbne.cl\/wpCNE\/wp-json\/wp\/v2\/categories?post=6901"},{"taxonomy":"post_tag","embeddable":true,"href":"https:\/\/cbne.cl\/wpCNE\/wp-json\/wp\/v2\/tags?post=6901"}],"curies":[{"name":"wp","href":"https:\/\/api.w.org\/{rel}","templated":true}]}}