{"id":6900,"date":"2022-11-08T11:40:57","date_gmt":"2022-11-08T15:40:57","guid":{"rendered":"https:\/\/colegionuevaesperanza.cl\/wpCNE\/?p=6900"},"modified":"2022-11-17T11:43:43","modified_gmt":"2022-11-17T15:43:43","slug":"semana-de-aniversario-colegio-bicentenario-nueva-esperanza","status":"publish","type":"post","link":"https:\/\/cbne.cl\/wpCNE\/semana-de-aniversario-colegio-bicentenario-nueva-esperanza\/","title":{"rendered":"SEMANA DE ANIVERSARIO COLEGIO BICENTENARIO NUEVA ESPERANZA"},"content":{"rendered":"\n<figure class=\"wp-block-image size-large\"><img fetchpriority=\"high\" decoding=\"async\" width=\"1024\" height=\"683\" src=\"https:\/\/colegionuevaesperanza.cl\/wpCNE\/wp-content\/uploads\/2022\/11\/315010688_792374905459258_1318466332635364410_n-1024x683.jpg\" alt=\"\" class=\"wp-image-6906\" srcset=\"https:\/\/cbne.cl\/wpCNE\/wp-content\/uploads\/2022\/11\/315010688_792374905459258_1318466332635364410_n-1024x683.jpg 1024w, https:\/\/cbne.cl\/wpCNE\/wp-content\/uploads\/2022\/11\/315010688_792374905459258_1318466332635364410_n-300x200.jpg 300w, https:\/\/cbne.cl\/wpCNE\/wp-content\/uploads\/2022\/11\/315010688_792374905459258_1318466332635364410_n-768x512.jpg 768w, https:\/\/cbne.cl\/wpCNE\/wp-content\/uploads\/2022\/11\/315010688_792374905459258_1318466332635364410_n-1536x1024.jpg 1536w, https:\/\/cbne.cl\/wpCNE\/wp-content\/uploads\/2022\/11\/315010688_792374905459258_1318466332635364410_n.jpg 2048w\" sizes=\"(max-width: 1024px) 100vw, 1024px\" \/><\/figure>\n\n\n\n<p>Comenz\u00f3, comenz\u00f3, comenz\u00f3! Comenz\u00f3 la fiesta de la Nueva Esperanza conmemorando 13 a\u00f1os de existencia en la comuna; educando desde la afectividad <img decoding=\"async\" height=\"16\" width=\"16\" alt=\"\ud83d\ude0d\" src=\"https:\/\/static.xx.fbcdn.net\/images\/emoji.php\/v9\/t5b\/1.5\/16\/1f60d.png\"><img decoding=\"async\" height=\"16\" width=\"16\" alt=\"\ud83d\ude01\" src=\"https:\/\/static.xx.fbcdn.net\/images\/emoji.php\/v9\/ta8\/1.5\/16\/1f601.png\"><\/p>\n\n\n\n<p>El aniversario numero 13 de nuestra instituci\u00f3n se dio inicio con una actividad preparada por nuestro Departamento de Religi\u00f3n, la liturgia, momento de oraci\u00f3n y uni\u00f3n de nuestra comunidad, tuvo como objetivo recordar la importancia de celebrar en compa\u00f1\u00eda de Dios <a><\/a>y de nuestra \u00e1ngel que nos cuida desde el cielo, la Sra. Sandra Correa Aedo <img loading=\"lazy\" decoding=\"async\" height=\"16\" width=\"16\" alt=\"\ud83e\udd79\" src=\"https:\/\/static.xx.fbcdn.net\/images\/emoji.php\/v9\/tcc\/1.5\/16\/1f979.png\"><img loading=\"lazy\" decoding=\"async\" height=\"16\" width=\"16\" alt=\"\ud83e\udef6\" src=\"https:\/\/static.xx.fbcdn.net\/images\/emoji.php\/v9\/ta2\/1.5\/16\/1faf6.png\">. La actividad religiosa fue guiada por el p\u00e1rroco, el padre Boanerges Correa Lopez.<\/p>\n\n\n\n<p>Durante la jornada se aprovech\u00f3 de presentar a los reyes de cada alianza, sus representantes y mascotas.<\/p>\n\n\n\n<figure class=\"wp-block-image size-large\"><img loading=\"lazy\" decoding=\"async\" width=\"1024\" height=\"683\" src=\"https:\/\/colegionuevaesperanza.cl\/wpCNE\/wp-content\/uploads\/2022\/11\/314906061_792375972125818_2885146613544434152_n-1024x683.jpg\" alt=\"\" class=\"wp-image-6907\" srcset=\"https:\/\/cbne.cl\/wpCNE\/wp-content\/uploads\/2022\/11\/314906061_792375972125818_2885146613544434152_n-1024x683.jpg 1024w, https:\/\/cbne.cl\/wpCNE\/wp-content\/uploads\/2022\/11\/314906061_792375972125818_2885146613544434152_n-300x200.jpg 300w, https:\/\/cbne.cl\/wpCNE\/wp-content\/uploads\/2022\/11\/314906061_792375972125818_2885146613544434152_n-768x512.jpg 768w, https:\/\/cbne.cl\/wpCNE\/wp-content\/uploads\/2022\/11\/314906061_792375972125818_2885146613544434152_n-1536x1024.jpg 1536w, https:\/\/cbne.cl\/wpCNE\/wp-content\/uploads\/2022\/11\/314906061_792375972125818_2885146613544434152_n.jpg 2048w\" sizes=\"(max-width: 1024px) 100vw, 1024px\" \/><\/figure>\n\n\n\n<p>Durante la tarde se realiz\u00f3 la gran \u00abTugar-Tugar\u00bb, donde bailamos junto a funcionarios, estudiantes y apoderados en representaci\u00f3n de cada alianza<img loading=\"lazy\" decoding=\"async\" height=\"16\" width=\"16\" alt=\"\ud83e\udd70\" src=\"https:\/\/static.xx.fbcdn.net\/images\/emoji.php\/v9\/t43\/1.5\/16\/1f970.png\"><\/p>\n\n\n\n<p>Te dejamos algunas im\u00e1genes de nuestro primer d\u00eda <img loading=\"lazy\" decoding=\"async\" height=\"16\" width=\"16\" alt=\"\ud83d\ude0a\" src=\"https:\/\/static.xx.fbcdn.net\/images\/emoji.php\/v9\/td8\/1.5\/16\/1f60a.png\"><\/p>\n","protected":false},"excerpt":{"rendered":"<p>Comenz\u00f3, comenz\u00f3, comenz\u00f3! Comenz\u00f3 la fiesta de la Nueva Esperanza conmemorando 13 a\u00f1os de existencia en la comuna;<\/p>\n","protected":false},"author":4,"featured_media":0,"comment_status":"open","ping_status":"closed","sticky":false,"template":"","format":"standard","meta":{"footnotes":""},"categories":[1],"tags":[],"class_list":["post-6900","post","type-post","status-publish","format-standard","hentry","category-uncategorized"],"yoast_head":"<!-- This site is optimized with the Yoast SEO plugin v27.5 - https:\/\/yoast.com\/product\/yoast-seo-wordpress\/ -->\n<title>SEMANA DE ANIVERSARIO COLEGIO BICENTENARIO NUEVA ESPERANZA - COLEGIO BICENTENARIO NUEVA ESPERANZA<\/title>\n<meta name=\"robots\" content=\"index, follow, max-snippet:-1, max-image-preview:large, max-video-preview:-1\" \/>\n<link rel=\"canonical\" href=\"https:\/\/cbne.cl\/wpCNE\/semana-de-aniversario-colegio-bicentenario-nueva-esperanza\/\" \/>\n<meta property=\"og:locale\" content=\"es_ES\" \/>\n<meta property=\"og:type\" content=\"article\" \/>\n<meta property=\"og:title\" content=\"SEMANA DE ANIVERSARIO COLEGIO BICENTENARIO NUEVA ESPERANZA - COLEGIO BICENTENARIO NUEVA ESPERANZA\" \/>\n<meta property=\"og:description\" content=\"Comenz\u00f3, comenz\u00f3, comenz\u00f3! Comenz\u00f3 la fiesta de la Nueva Esperanza conmemorando 13 a\u00f1os de existencia en la comuna;\" \/>\n<meta property=\"og:url\" content=\"https:\/\/cbne.cl\/wpCNE\/semana-de-aniversario-colegio-bicentenario-nueva-esperanza\/\" \/>\n<meta property=\"og:site_name\" content=\"COLEGIO BICENTENARIO NUEVA ESPERANZA\" \/>\n<meta property=\"article:published_time\" content=\"2022-11-08T15:40:57+00:00\" \/>\n<meta property=\"article:modified_time\" content=\"2022-11-17T15:43:43+00:00\" \/>\n<meta property=\"og:image\" content=\"https:\/\/colegionuevaesperanza.cl\/wpCNE\/wp-content\/uploads\/2022\/11\/315010688_792374905459258_1318466332635364410_n-1024x683.jpg\" \/>\n<meta name=\"twitter:card\" content=\"summary_large_image\" \/>\n<meta name=\"twitter:label1\" content=\"Escrito por\" \/>\n\t<meta name=\"twitter:data1\" content=\"\" \/>\n\t<meta name=\"twitter:label2\" content=\"Tiempo de lectura\" \/>\n\t<meta name=\"twitter:data2\" content=\"3 minutos\" \/>\n<script type=\"application\/ld+json\" class=\"yoast-schema-graph\">{\"@context\":\"https:\\\/\\\/schema.org\",\"@graph\":[{\"@type\":\"Article\",\"@id\":\"https:\\\/\\\/cbne.cl\\\/wpCNE\\\/semana-de-aniversario-colegio-bicentenario-nueva-esperanza\\\/#article\",\"isPartOf\":{\"@id\":\"https:\\\/\\\/cbne.cl\\\/wpCNE\\\/semana-de-aniversario-colegio-bicentenario-nueva-esperanza\\\/\"},\"author\":{\"name\":\"\",\"@id\":\"\"},\"headline\":\"SEMANA DE ANIVERSARIO COLEGIO BICENTENARIO NUEVA ESPERANZA\",\"datePublished\":\"2022-11-08T15:40:57+00:00\",\"dateModified\":\"2022-11-17T15:43:43+00:00\",\"mainEntityOfPage\":{\"@id\":\"https:\\\/\\\/cbne.cl\\\/wpCNE\\\/semana-de-aniversario-colegio-bicentenario-nueva-esperanza\\\/\"},\"wordCount\":152,\"commentCount\":0,\"publisher\":{\"@id\":\"https:\\\/\\\/cbne.cl\\\/wpCNE\\\/#organization\"},\"image\":{\"@id\":\"https:\\\/\\\/cbne.cl\\\/wpCNE\\\/semana-de-aniversario-colegio-bicentenario-nueva-esperanza\\\/#primaryimage\"},\"thumbnailUrl\":\"https:\\\/\\\/colegionuevaesperanza.cl\\\/wpCNE\\\/wp-content\\\/uploads\\\/2022\\\/11\\\/315010688_792374905459258_1318466332635364410_n-1024x683.jpg\",\"articleSection\":[\"Uncategorized\"],\"inLanguage\":\"es\",\"potentialAction\":[{\"@type\":\"CommentAction\",\"name\":\"Comment\",\"target\":[\"https:\\\/\\\/cbne.cl\\\/wpCNE\\\/semana-de-aniversario-colegio-bicentenario-nueva-esperanza\\\/#respond\"]}]},{\"@type\":\"WebPage\",\"@id\":\"https:\\\/\\\/cbne.cl\\\/wpCNE\\\/semana-de-aniversario-colegio-bicentenario-nueva-esperanza\\\/\",\"url\":\"https:\\\/\\\/cbne.cl\\\/wpCNE\\\/semana-de-aniversario-colegio-bicentenario-nueva-esperanza\\\/\",\"name\":\"SEMANA DE ANIVERSARIO COLEGIO BICENTENARIO NUEVA ESPERANZA - COLEGIO BICENTENARIO NUEVA ESPERANZA\",\"isPartOf\":{\"@id\":\"https:\\\/\\\/cbne.cl\\\/wpCNE\\\/#website\"},\"primaryImageOfPage\":{\"@id\":\"https:\\\/\\\/cbne.cl\\\/wpCNE\\\/semana-de-aniversario-colegio-bicentenario-nueva-esperanza\\\/#primaryimage\"},\"image\":{\"@id\":\"https:\\\/\\\/cbne.cl\\\/wpCNE\\\/semana-de-aniversario-colegio-bicentenario-nueva-esperanza\\\/#primaryimage\"},\"thumbnailUrl\":\"https:\\\/\\\/colegionuevaesperanza.cl\\\/wpCNE\\\/wp-content\\\/uploads\\\/2022\\\/11\\\/315010688_792374905459258_1318466332635364410_n-1024x683.jpg\",\"datePublished\":\"2022-11-08T15:40:57+00:00\",\"dateModified\":\"2022-11-17T15:43:43+00:00\",\"breadcrumb\":{\"@id\":\"https:\\\/\\\/cbne.cl\\\/wpCNE\\\/semana-de-aniversario-colegio-bicentenario-nueva-esperanza\\\/#breadcrumb\"},\"inLanguage\":\"es\",\"potentialAction\":[{\"@type\":\"ReadAction\",\"target\":[\"https:\\\/\\\/cbne.cl\\\/wpCNE\\\/semana-de-aniversario-colegio-bicentenario-nueva-esperanza\\\/\"]}]},{\"@type\":\"ImageObject\",\"inLanguage\":\"es\",\"@id\":\"https:\\\/\\\/cbne.cl\\\/wpCNE\\\/semana-de-aniversario-colegio-bicentenario-nueva-esperanza\\\/#primaryimage\",\"url\":\"https:\\\/\\\/colegionuevaesperanza.cl\\\/wpCNE\\\/wp-content\\\/uploads\\\/2022\\\/11\\\/315010688_792374905459258_1318466332635364410_n-1024x683.jpg\",\"contentUrl\":\"https:\\\/\\\/colegionuevaesperanza.cl\\\/wpCNE\\\/wp-content\\\/uploads\\\/2022\\\/11\\\/315010688_792374905459258_1318466332635364410_n-1024x683.jpg\"},{\"@type\":\"BreadcrumbList\",\"@id\":\"https:\\\/\\\/cbne.cl\\\/wpCNE\\\/semana-de-aniversario-colegio-bicentenario-nueva-esperanza\\\/#breadcrumb\",\"itemListElement\":[{\"@type\":\"ListItem\",\"position\":1,\"name\":\"Portada\",\"item\":\"https:\\\/\\\/cbne.cl\\\/wpCNE\\\/\"},{\"@type\":\"ListItem\",\"position\":2,\"name\":\"SEMANA DE ANIVERSARIO COLEGIO BICENTENARIO NUEVA ESPERANZA\"}]},{\"@type\":\"WebSite\",\"@id\":\"https:\\\/\\\/cbne.cl\\\/wpCNE\\\/#website\",\"url\":\"https:\\\/\\\/cbne.cl\\\/wpCNE\\\/\",\"name\":\"COLEGIO BICENTENARIO NUEVA ESPERANZA\",\"description\":\"&quot;Educando desde la afectividad&quot;\",\"publisher\":{\"@id\":\"https:\\\/\\\/cbne.cl\\\/wpCNE\\\/#organization\"},\"potentialAction\":[{\"@type\":\"SearchAction\",\"target\":{\"@type\":\"EntryPoint\",\"urlTemplate\":\"https:\\\/\\\/cbne.cl\\\/wpCNE\\\/?s={search_term_string}\"},\"query-input\":{\"@type\":\"PropertyValueSpecification\",\"valueRequired\":true,\"valueName\":\"search_term_string\"}}],\"inLanguage\":\"es\"},{\"@type\":\"Organization\",\"@id\":\"https:\\\/\\\/cbne.cl\\\/wpCNE\\\/#organization\",\"name\":\"COLEGIO BICENTENARIO NUEVA ESPERANZA\",\"url\":\"https:\\\/\\\/cbne.cl\\\/wpCNE\\\/\",\"logo\":{\"@type\":\"ImageObject\",\"inLanguage\":\"es\",\"@id\":\"https:\\\/\\\/cbne.cl\\\/wpCNE\\\/#\\\/schema\\\/logo\\\/image\\\/\",\"url\":\"https:\\\/\\\/cbne.cl\\\/wpCNE\\\/wp-content\\\/uploads\\\/2020\\\/07\\\/cropped-cropped-web150x150.png\",\"contentUrl\":\"https:\\\/\\\/cbne.cl\\\/wpCNE\\\/wp-content\\\/uploads\\\/2020\\\/07\\\/cropped-cropped-web150x150.png\",\"width\":150,\"height\":150,\"caption\":\"COLEGIO BICENTENARIO NUEVA ESPERANZA\"},\"image\":{\"@id\":\"https:\\\/\\\/cbne.cl\\\/wpCNE\\\/#\\\/schema\\\/logo\\\/image\\\/\"}},{\"@type\":\"Person\",\"@id\":\"\",\"url\":\"https:\\\/\\\/cbne.cl\\\/wpCNE\\\/author\\\/\"}]}<\/script>\n<!-- \/ Yoast SEO plugin. -->","yoast_head_json":{"title":"SEMANA DE ANIVERSARIO COLEGIO BICENTENARIO NUEVA ESPERANZA - COLEGIO BICENTENARIO NUEVA ESPERANZA","robots":{"index":"index","follow":"follow","max-snippet":"max-snippet:-1","max-image-preview":"max-image-preview:large","max-video-preview":"max-video-preview:-1"},"canonical":"https:\/\/cbne.cl\/wpCNE\/semana-de-aniversario-colegio-bicentenario-nueva-esperanza\/","og_locale":"es_ES","og_type":"article","og_title":"SEMANA DE ANIVERSARIO COLEGIO BICENTENARIO NUEVA ESPERANZA - COLEGIO BICENTENARIO NUEVA ESPERANZA","og_description":"Comenz\u00f3, comenz\u00f3, comenz\u00f3! Comenz\u00f3 la fiesta de la Nueva Esperanza conmemorando 13 a\u00f1os de existencia en la comuna;","og_url":"https:\/\/cbne.cl\/wpCNE\/semana-de-aniversario-colegio-bicentenario-nueva-esperanza\/","og_site_name":"COLEGIO BICENTENARIO NUEVA ESPERANZA","article_published_time":"2022-11-08T15:40:57+00:00","article_modified_time":"2022-11-17T15:43:43+00:00","og_image":[{"url":"https:\/\/colegionuevaesperanza.cl\/wpCNE\/wp-content\/uploads\/2022\/11\/315010688_792374905459258_1318466332635364410_n-1024x683.jpg","type":"","width":"","height":""}],"twitter_card":"summary_large_image","twitter_misc":{"Escrito por":"","Tiempo de lectura":"3 minutos"},"schema":{"@context":"https:\/\/schema.org","@graph":[{"@type":"Article","@id":"https:\/\/cbne.cl\/wpCNE\/semana-de-aniversario-colegio-bicentenario-nueva-esperanza\/#article","isPartOf":{"@id":"https:\/\/cbne.cl\/wpCNE\/semana-de-aniversario-colegio-bicentenario-nueva-esperanza\/"},"author":{"name":"","@id":""},"headline":"SEMANA DE ANIVERSARIO COLEGIO BICENTENARIO NUEVA ESPERANZA","datePublished":"2022-11-08T15:40:57+00:00","dateModified":"2022-11-17T15:43:43+00:00","mainEntityOfPage":{"@id":"https:\/\/cbne.cl\/wpCNE\/semana-de-aniversario-colegio-bicentenario-nueva-esperanza\/"},"wordCount":152,"commentCount":0,"publisher":{"@id":"https:\/\/cbne.cl\/wpCNE\/#organization"},"image":{"@id":"https:\/\/cbne.cl\/wpCNE\/semana-de-aniversario-colegio-bicentenario-nueva-esperanza\/#primaryimage"},"thumbnailUrl":"https:\/\/colegionuevaesperanza.cl\/wpCNE\/wp-content\/uploads\/2022\/11\/315010688_792374905459258_1318466332635364410_n-1024x683.jpg","articleSection":["Uncategorized"],"inLanguage":"es","potentialAction":[{"@type":"CommentAction","name":"Comment","target":["https:\/\/cbne.cl\/wpCNE\/semana-de-aniversario-colegio-bicentenario-nueva-esperanza\/#respond"]}]},{"@type":"WebPage","@id":"https:\/\/cbne.cl\/wpCNE\/semana-de-aniversario-colegio-bicentenario-nueva-esperanza\/","url":"https:\/\/cbne.cl\/wpCNE\/semana-de-aniversario-colegio-bicentenario-nueva-esperanza\/","name":"SEMANA DE ANIVERSARIO COLEGIO BICENTENARIO NUEVA ESPERANZA - COLEGIO BICENTENARIO NUEVA ESPERANZA","isPartOf":{"@id":"https:\/\/cbne.cl\/wpCNE\/#website"},"primaryImageOfPage":{"@id":"https:\/\/cbne.cl\/wpCNE\/semana-de-aniversario-colegio-bicentenario-nueva-esperanza\/#primaryimage"},"image":{"@id":"https:\/\/cbne.cl\/wpCNE\/semana-de-aniversario-colegio-bicentenario-nueva-esperanza\/#primaryimage"},"thumbnailUrl":"https:\/\/colegionuevaesperanza.cl\/wpCNE\/wp-content\/uploads\/2022\/11\/315010688_792374905459258_1318466332635364410_n-1024x683.jpg","datePublished":"2022-11-08T15:40:57+00:00","dateModified":"2022-11-17T15:43:43+00:00","breadcrumb":{"@id":"https:\/\/cbne.cl\/wpCNE\/semana-de-aniversario-colegio-bicentenario-nueva-esperanza\/#breadcrumb"},"inLanguage":"es","potentialAction":[{"@type":"ReadAction","target":["https:\/\/cbne.cl\/wpCNE\/semana-de-aniversario-colegio-bicentenario-nueva-esperanza\/"]}]},{"@type":"ImageObject","inLanguage":"es","@id":"https:\/\/cbne.cl\/wpCNE\/semana-de-aniversario-colegio-bicentenario-nueva-esperanza\/#primaryimage","url":"https:\/\/colegionuevaesperanza.cl\/wpCNE\/wp-content\/uploads\/2022\/11\/315010688_792374905459258_1318466332635364410_n-1024x683.jpg","contentUrl":"https:\/\/colegionuevaesperanza.cl\/wpCNE\/wp-content\/uploads\/2022\/11\/315010688_792374905459258_1318466332635364410_n-1024x683.jpg"},{"@type":"BreadcrumbList","@id":"https:\/\/cbne.cl\/wpCNE\/semana-de-aniversario-colegio-bicentenario-nueva-esperanza\/#breadcrumb","itemListElement":[{"@type":"ListItem","position":1,"name":"Portada","item":"https:\/\/cbne.cl\/wpCNE\/"},{"@type":"ListItem","position":2,"name":"SEMANA DE ANIVERSARIO COLEGIO BICENTENARIO NUEVA ESPERANZA"}]},{"@type":"WebSite","@id":"https:\/\/cbne.cl\/wpCNE\/#website","url":"https:\/\/cbne.cl\/wpCNE\/","name":"COLEGIO BICENTENARIO NUEVA ESPERANZA","description":"&quot;Educando desde la afectividad&quot;","publisher":{"@id":"https:\/\/cbne.cl\/wpCNE\/#organization"},"potentialAction":[{"@type":"SearchAction","target":{"@type":"EntryPoint","urlTemplate":"https:\/\/cbne.cl\/wpCNE\/?s={search_term_string}"},"query-input":{"@type":"PropertyValueSpecification","valueRequired":true,"valueName":"search_term_string"}}],"inLanguage":"es"},{"@type":"Organization","@id":"https:\/\/cbne.cl\/wpCNE\/#organization","name":"COLEGIO BICENTENARIO NUEVA ESPERANZA","url":"https:\/\/cbne.cl\/wpCNE\/","logo":{"@type":"ImageObject","inLanguage":"es","@id":"https:\/\/cbne.cl\/wpCNE\/#\/schema\/logo\/image\/","url":"https:\/\/cbne.cl\/wpCNE\/wp-content\/uploads\/2020\/07\/cropped-cropped-web150x150.png","contentUrl":"https:\/\/cbne.cl\/wpCNE\/wp-content\/uploads\/2020\/07\/cropped-cropped-web150x150.png","width":150,"height":150,"caption":"COLEGIO BICENTENARIO NUEVA ESPERANZA"},"image":{"@id":"https:\/\/cbne.cl\/wpCNE\/#\/schema\/logo\/image\/"}},{"@type":"Person","@id":"","url":"https:\/\/cbne.cl\/wpCNE\/author\/"}]}},"featured_image_urls":{"full":"","thumbnail":"","medium":"","medium_large":"","large":"","1536x1536":"","2048x2048":"","morenews-large":"","morenews-medium":""},"author_info":{"display_name":"","author_link":"https:\/\/cbne.cl\/wpCNE\/author\/"},"category_info":"<a href=\"https:\/\/cbne.cl\/wpCNE\/category\/uncategorized\/\" rel=\"category tag\">Uncategorized<\/a>","tag_info":"Uncategorized","comment_count":"0","_links":{"self":[{"href":"https:\/\/cbne.cl\/wpCNE\/wp-json\/wp\/v2\/posts\/6900","targetHints":{"allow":["GET"]}}],"collection":[{"href":"https:\/\/cbne.cl\/wpCNE\/wp-json\/wp\/v2\/posts"}],"about":[{"href":"https:\/\/cbne.cl\/wpCNE\/wp-json\/wp\/v2\/types\/post"}],"author":[{"embeddable":true,"href":"https:\/\/cbne.cl\/wpCNE\/wp-json\/wp\/v2\/users\/4"}],"replies":[{"embeddable":true,"href":"https:\/\/cbne.cl\/wpCNE\/wp-json\/wp\/v2\/comments?post=6900"}],"version-history":[{"count":1,"href":"https:\/\/cbne.cl\/wpCNE\/wp-json\/wp\/v2\/posts\/6900\/revisions"}],"predecessor-version":[{"id":6908,"href":"https:\/\/cbne.cl\/wpCNE\/wp-json\/wp\/v2\/posts\/6900\/revisions\/6908"}],"wp:attachment":[{"href":"https:\/\/cbne.cl\/wpCNE\/wp-json\/wp\/v2\/media?parent=6900"}],"wp:term":[{"taxonomy":"category","embeddable":true,"href":"https:\/\/cbne.cl\/wpCNE\/wp-json\/wp\/v2\/categories?post=6900"},{"taxonomy":"post_tag","embeddable":true,"href":"https:\/\/cbne.cl\/wpCNE\/wp-json\/wp\/v2\/tags?post=6900"}],"curies":[{"name":"wp","href":"https:\/\/api.w.org\/{rel}","templated":true}]}}