{"id":6873,"date":"2022-10-24T11:31:59","date_gmt":"2022-10-24T15:31:59","guid":{"rendered":"https:\/\/colegionuevaesperanza.cl\/wpCNE\/?p=6873"},"modified":"2022-11-17T11:34:05","modified_gmt":"2022-11-17T15:34:05","slug":"el-dia-mundial-de-la-filosofia","status":"publish","type":"post","link":"https:\/\/cbne.cl\/wpCNE\/el-dia-mundial-de-la-filosofia\/","title":{"rendered":"EL D\u00cdA MUNDIAL DE LA FILOSOF\u00cdA"},"content":{"rendered":"\n<figure class=\"wp-block-image size-large\"><img fetchpriority=\"high\" decoding=\"async\" width=\"1024\" height=\"683\" src=\"https:\/\/colegionuevaesperanza.cl\/wpCNE\/wp-content\/uploads\/2022\/11\/312447571_780061960023886_7210672681405474241_n-1024x683.jpg\" alt=\"\" class=\"wp-image-6879\" srcset=\"https:\/\/cbne.cl\/wpCNE\/wp-content\/uploads\/2022\/11\/312447571_780061960023886_7210672681405474241_n-1024x683.jpg 1024w, https:\/\/cbne.cl\/wpCNE\/wp-content\/uploads\/2022\/11\/312447571_780061960023886_7210672681405474241_n-300x200.jpg 300w, https:\/\/cbne.cl\/wpCNE\/wp-content\/uploads\/2022\/11\/312447571_780061960023886_7210672681405474241_n-768x512.jpg 768w, https:\/\/cbne.cl\/wpCNE\/wp-content\/uploads\/2022\/11\/312447571_780061960023886_7210672681405474241_n-1536x1024.jpg 1536w, https:\/\/cbne.cl\/wpCNE\/wp-content\/uploads\/2022\/11\/312447571_780061960023886_7210672681405474241_n.jpg 2048w\" sizes=\"(max-width: 1024px) 100vw, 1024px\" \/><\/figure>\n\n\n\n<p>Un d\u00eda de debate, actuaci\u00f3n, modelaje y por supuesto muuucha filosof\u00eda fue la que vivimos en nuestro colegio en la jornada de hoy lunes, 24 de octubre, conmemorando el D\u00eda de la Filosof\u00eda, en compa\u00f1\u00eda de invitados especiales del Liceo de Yungay, Colegio Cholgu\u00e1n y Colegio Divina Pastora <img decoding=\"async\" height=\"16\" width=\"16\" alt=\"\ud83e\udd29\" src=\"https:\/\/static.xx.fbcdn.net\/images\/emoji.php\/v9\/tb1\/1.5\/16\/1f929.png\"><\/p>\n\n\n\n<p>Durante la ma\u00f1ana nuestros estudiantes recibieron la visita de instituciones escolares de la comuna para celebrar este d\u00eda, la que fue vivida mediante debates y presentaciones art\u00edsticas cortes\u00eda de la casa CBNE <img decoding=\"async\" height=\"16\" width=\"16\" src=\"https:\/\/static.xx.fbcdn.net\/images\/emoji.php\/v9\/t43\/1.5\/16\/1f970.png\" alt=\"\ud83e\udd70\">. Los estudiantes pudieron debatir y reflexionar sobre la importancia de tener un pensamiento cr\u00edtico de nuestra sociedad en diferentes \u00e1mbitos del vivir mediante estas lindas actividades<img loading=\"lazy\" decoding=\"async\" height=\"16\" width=\"16\" src=\"https:\/\/static.xx.fbcdn.net\/images\/emoji.php\/v9\/tb0\/1.5\/16\/1f609.png\" alt=\"\ud83d\ude09\"><img loading=\"lazy\" decoding=\"async\" height=\"16\" width=\"16\" src=\"https:\/\/static.xx.fbcdn.net\/images\/emoji.php\/v9\/t55\/1.5\/16\/1f44d.png\" alt=\"\ud83d\udc4d\"><\/p>\n\n\n\n<figure class=\"wp-block-image size-large\"><img loading=\"lazy\" decoding=\"async\" width=\"1024\" height=\"683\" src=\"https:\/\/colegionuevaesperanza.cl\/wpCNE\/wp-content\/uploads\/2022\/11\/312884874_780062250023857_8310190160840603716_n-1-1024x683.jpg\" alt=\"\" class=\"wp-image-6880\" srcset=\"https:\/\/cbne.cl\/wpCNE\/wp-content\/uploads\/2022\/11\/312884874_780062250023857_8310190160840603716_n-1-1024x683.jpg 1024w, https:\/\/cbne.cl\/wpCNE\/wp-content\/uploads\/2022\/11\/312884874_780062250023857_8310190160840603716_n-1-300x200.jpg 300w, https:\/\/cbne.cl\/wpCNE\/wp-content\/uploads\/2022\/11\/312884874_780062250023857_8310190160840603716_n-1-768x512.jpg 768w, https:\/\/cbne.cl\/wpCNE\/wp-content\/uploads\/2022\/11\/312884874_780062250023857_8310190160840603716_n-1-1536x1024.jpg 1536w, https:\/\/cbne.cl\/wpCNE\/wp-content\/uploads\/2022\/11\/312884874_780062250023857_8310190160840603716_n-1.jpg 2048w\" sizes=\"(max-width: 1024px) 100vw, 1024px\" \/><\/figure>\n\n\n\n<p><img loading=\"lazy\" decoding=\"async\" height=\"16\" width=\"16\" alt=\"\u261d\ufe0f\" src=\"https:\/\/static.xx.fbcdn.net\/images\/emoji.php\/v9\/tc7\/1.5\/16\/261d.png\">El d\u00eda mundial de la Filosof\u00eda tiene como prop\u00f3sito recordar el gran valor que tiene la corriente de pensamiento para el desarrollo de la sociedad en general, honrando las reflexiones filos\u00f3ficas en todo el mundo. Es un d\u00eda para que las personas compartan su pensamiento, exploren y discutan abiertamente nuevas ideas e inspire al debate p\u00fablico o la discusi\u00f3n sobre los desaf\u00edos de la sociedad <img loading=\"lazy\" decoding=\"async\" height=\"16\" width=\"16\" alt=\"\u263a\ufe0f\" src=\"https:\/\/static.xx.fbcdn.net\/images\/emoji.php\/v9\/t82\/1.5\/16\/263a.png\"><\/p>\n\n\n\n<p>Agradecemos a la profesora Alejandra Rodr\u00edguez, docente de Filosof\u00eda, quien fomenta constantemente estos espacios de di\u00e1logos y reflexi\u00f3n en nuestra comunidad <img loading=\"lazy\" decoding=\"async\" height=\"16\" width=\"16\" alt=\"\ud83e\udd70\" src=\"https:\/\/static.xx.fbcdn.net\/images\/emoji.php\/v9\/t43\/1.5\/16\/1f970.png\">.<\/p>\n\n\n\n<p>Te dejamos algunas im\u00e1genes de la jornada <img loading=\"lazy\" decoding=\"async\" height=\"16\" width=\"16\" alt=\"\ud83d\udcf8\" src=\"https:\/\/static.xx.fbcdn.net\/images\/emoji.php\/v9\/t37\/1.5\/16\/1f4f8.png\"><\/p>\n","protected":false},"excerpt":{"rendered":"<p>Un d\u00eda de debate, actuaci\u00f3n, modelaje y por supuesto muuucha filosof\u00eda fue la que vivimos en nuestro colegio<\/p>\n","protected":false},"author":4,"featured_media":0,"comment_status":"open","ping_status":"closed","sticky":false,"template":"","format":"standard","meta":{"footnotes":""},"categories":[1],"tags":[],"class_list":["post-6873","post","type-post","status-publish","format-standard","hentry","category-uncategorized"],"yoast_head":"<!-- This site is optimized with the Yoast SEO plugin v27.5 - https:\/\/yoast.com\/product\/yoast-seo-wordpress\/ -->\n<title>EL D\u00cdA MUNDIAL DE LA FILOSOF\u00cdA - COLEGIO BICENTENARIO NUEVA ESPERANZA<\/title>\n<meta name=\"robots\" content=\"index, follow, max-snippet:-1, max-image-preview:large, max-video-preview:-1\" \/>\n<link rel=\"canonical\" href=\"https:\/\/cbne.cl\/wpCNE\/el-dia-mundial-de-la-filosofia\/\" \/>\n<meta property=\"og:locale\" content=\"es_ES\" \/>\n<meta property=\"og:type\" content=\"article\" \/>\n<meta property=\"og:title\" content=\"EL D\u00cdA MUNDIAL DE LA FILOSOF\u00cdA - COLEGIO BICENTENARIO NUEVA ESPERANZA\" \/>\n<meta property=\"og:description\" content=\"Un d\u00eda de debate, actuaci\u00f3n, modelaje y por supuesto muuucha filosof\u00eda fue la que vivimos en nuestro colegio\" \/>\n<meta property=\"og:url\" content=\"https:\/\/cbne.cl\/wpCNE\/el-dia-mundial-de-la-filosofia\/\" \/>\n<meta property=\"og:site_name\" content=\"COLEGIO BICENTENARIO NUEVA ESPERANZA\" \/>\n<meta property=\"article:published_time\" content=\"2022-10-24T15:31:59+00:00\" \/>\n<meta property=\"article:modified_time\" content=\"2022-11-17T15:34:05+00:00\" \/>\n<meta property=\"og:image\" content=\"https:\/\/colegionuevaesperanza.cl\/wpCNE\/wp-content\/uploads\/2022\/11\/312447571_780061960023886_7210672681405474241_n-1024x683.jpg\" \/>\n<meta name=\"twitter:card\" content=\"summary_large_image\" \/>\n<meta name=\"twitter:label1\" content=\"Escrito por\" \/>\n\t<meta name=\"twitter:data1\" content=\"\" \/>\n\t<meta name=\"twitter:label2\" content=\"Tiempo de lectura\" \/>\n\t<meta name=\"twitter:data2\" content=\"3 minutos\" \/>\n<script type=\"application\/ld+json\" class=\"yoast-schema-graph\">{\"@context\":\"https:\\\/\\\/schema.org\",\"@graph\":[{\"@type\":\"Article\",\"@id\":\"https:\\\/\\\/cbne.cl\\\/wpCNE\\\/el-dia-mundial-de-la-filosofia\\\/#article\",\"isPartOf\":{\"@id\":\"https:\\\/\\\/cbne.cl\\\/wpCNE\\\/el-dia-mundial-de-la-filosofia\\\/\"},\"author\":{\"name\":\"\",\"@id\":\"\"},\"headline\":\"EL D\u00cdA MUNDIAL DE LA FILOSOF\u00cdA\",\"datePublished\":\"2022-10-24T15:31:59+00:00\",\"dateModified\":\"2022-11-17T15:34:05+00:00\",\"mainEntityOfPage\":{\"@id\":\"https:\\\/\\\/cbne.cl\\\/wpCNE\\\/el-dia-mundial-de-la-filosofia\\\/\"},\"wordCount\":231,\"commentCount\":0,\"publisher\":{\"@id\":\"https:\\\/\\\/cbne.cl\\\/wpCNE\\\/#organization\"},\"image\":{\"@id\":\"https:\\\/\\\/cbne.cl\\\/wpCNE\\\/el-dia-mundial-de-la-filosofia\\\/#primaryimage\"},\"thumbnailUrl\":\"https:\\\/\\\/colegionuevaesperanza.cl\\\/wpCNE\\\/wp-content\\\/uploads\\\/2022\\\/11\\\/312447571_780061960023886_7210672681405474241_n-1024x683.jpg\",\"articleSection\":[\"Uncategorized\"],\"inLanguage\":\"es\",\"potentialAction\":[{\"@type\":\"CommentAction\",\"name\":\"Comment\",\"target\":[\"https:\\\/\\\/cbne.cl\\\/wpCNE\\\/el-dia-mundial-de-la-filosofia\\\/#respond\"]}]},{\"@type\":\"WebPage\",\"@id\":\"https:\\\/\\\/cbne.cl\\\/wpCNE\\\/el-dia-mundial-de-la-filosofia\\\/\",\"url\":\"https:\\\/\\\/cbne.cl\\\/wpCNE\\\/el-dia-mundial-de-la-filosofia\\\/\",\"name\":\"EL D\u00cdA MUNDIAL DE LA FILOSOF\u00cdA - COLEGIO BICENTENARIO NUEVA ESPERANZA\",\"isPartOf\":{\"@id\":\"https:\\\/\\\/cbne.cl\\\/wpCNE\\\/#website\"},\"primaryImageOfPage\":{\"@id\":\"https:\\\/\\\/cbne.cl\\\/wpCNE\\\/el-dia-mundial-de-la-filosofia\\\/#primaryimage\"},\"image\":{\"@id\":\"https:\\\/\\\/cbne.cl\\\/wpCNE\\\/el-dia-mundial-de-la-filosofia\\\/#primaryimage\"},\"thumbnailUrl\":\"https:\\\/\\\/colegionuevaesperanza.cl\\\/wpCNE\\\/wp-content\\\/uploads\\\/2022\\\/11\\\/312447571_780061960023886_7210672681405474241_n-1024x683.jpg\",\"datePublished\":\"2022-10-24T15:31:59+00:00\",\"dateModified\":\"2022-11-17T15:34:05+00:00\",\"breadcrumb\":{\"@id\":\"https:\\\/\\\/cbne.cl\\\/wpCNE\\\/el-dia-mundial-de-la-filosofia\\\/#breadcrumb\"},\"inLanguage\":\"es\",\"potentialAction\":[{\"@type\":\"ReadAction\",\"target\":[\"https:\\\/\\\/cbne.cl\\\/wpCNE\\\/el-dia-mundial-de-la-filosofia\\\/\"]}]},{\"@type\":\"ImageObject\",\"inLanguage\":\"es\",\"@id\":\"https:\\\/\\\/cbne.cl\\\/wpCNE\\\/el-dia-mundial-de-la-filosofia\\\/#primaryimage\",\"url\":\"https:\\\/\\\/colegionuevaesperanza.cl\\\/wpCNE\\\/wp-content\\\/uploads\\\/2022\\\/11\\\/312447571_780061960023886_7210672681405474241_n-1024x683.jpg\",\"contentUrl\":\"https:\\\/\\\/colegionuevaesperanza.cl\\\/wpCNE\\\/wp-content\\\/uploads\\\/2022\\\/11\\\/312447571_780061960023886_7210672681405474241_n-1024x683.jpg\"},{\"@type\":\"BreadcrumbList\",\"@id\":\"https:\\\/\\\/cbne.cl\\\/wpCNE\\\/el-dia-mundial-de-la-filosofia\\\/#breadcrumb\",\"itemListElement\":[{\"@type\":\"ListItem\",\"position\":1,\"name\":\"Portada\",\"item\":\"https:\\\/\\\/cbne.cl\\\/wpCNE\\\/\"},{\"@type\":\"ListItem\",\"position\":2,\"name\":\"EL D\u00cdA MUNDIAL DE LA FILOSOF\u00cdA\"}]},{\"@type\":\"WebSite\",\"@id\":\"https:\\\/\\\/cbne.cl\\\/wpCNE\\\/#website\",\"url\":\"https:\\\/\\\/cbne.cl\\\/wpCNE\\\/\",\"name\":\"COLEGIO BICENTENARIO NUEVA ESPERANZA\",\"description\":\"&quot;Educando desde la afectividad&quot;\",\"publisher\":{\"@id\":\"https:\\\/\\\/cbne.cl\\\/wpCNE\\\/#organization\"},\"potentialAction\":[{\"@type\":\"SearchAction\",\"target\":{\"@type\":\"EntryPoint\",\"urlTemplate\":\"https:\\\/\\\/cbne.cl\\\/wpCNE\\\/?s={search_term_string}\"},\"query-input\":{\"@type\":\"PropertyValueSpecification\",\"valueRequired\":true,\"valueName\":\"search_term_string\"}}],\"inLanguage\":\"es\"},{\"@type\":\"Organization\",\"@id\":\"https:\\\/\\\/cbne.cl\\\/wpCNE\\\/#organization\",\"name\":\"COLEGIO BICENTENARIO NUEVA ESPERANZA\",\"url\":\"https:\\\/\\\/cbne.cl\\\/wpCNE\\\/\",\"logo\":{\"@type\":\"ImageObject\",\"inLanguage\":\"es\",\"@id\":\"https:\\\/\\\/cbne.cl\\\/wpCNE\\\/#\\\/schema\\\/logo\\\/image\\\/\",\"url\":\"https:\\\/\\\/cbne.cl\\\/wpCNE\\\/wp-content\\\/uploads\\\/2020\\\/07\\\/cropped-cropped-web150x150.png\",\"contentUrl\":\"https:\\\/\\\/cbne.cl\\\/wpCNE\\\/wp-content\\\/uploads\\\/2020\\\/07\\\/cropped-cropped-web150x150.png\",\"width\":150,\"height\":150,\"caption\":\"COLEGIO BICENTENARIO NUEVA ESPERANZA\"},\"image\":{\"@id\":\"https:\\\/\\\/cbne.cl\\\/wpCNE\\\/#\\\/schema\\\/logo\\\/image\\\/\"}},{\"@type\":\"Person\",\"@id\":\"\",\"url\":\"https:\\\/\\\/cbne.cl\\\/wpCNE\\\/author\\\/\"}]}<\/script>\n<!-- \/ Yoast SEO plugin. -->","yoast_head_json":{"title":"EL D\u00cdA MUNDIAL DE LA FILOSOF\u00cdA - COLEGIO BICENTENARIO NUEVA ESPERANZA","robots":{"index":"index","follow":"follow","max-snippet":"max-snippet:-1","max-image-preview":"max-image-preview:large","max-video-preview":"max-video-preview:-1"},"canonical":"https:\/\/cbne.cl\/wpCNE\/el-dia-mundial-de-la-filosofia\/","og_locale":"es_ES","og_type":"article","og_title":"EL D\u00cdA MUNDIAL DE LA FILOSOF\u00cdA - COLEGIO BICENTENARIO NUEVA ESPERANZA","og_description":"Un d\u00eda de debate, actuaci\u00f3n, modelaje y por supuesto muuucha filosof\u00eda fue la que vivimos en nuestro colegio","og_url":"https:\/\/cbne.cl\/wpCNE\/el-dia-mundial-de-la-filosofia\/","og_site_name":"COLEGIO BICENTENARIO NUEVA ESPERANZA","article_published_time":"2022-10-24T15:31:59+00:00","article_modified_time":"2022-11-17T15:34:05+00:00","og_image":[{"url":"https:\/\/colegionuevaesperanza.cl\/wpCNE\/wp-content\/uploads\/2022\/11\/312447571_780061960023886_7210672681405474241_n-1024x683.jpg","type":"","width":"","height":""}],"twitter_card":"summary_large_image","twitter_misc":{"Escrito por":"","Tiempo de lectura":"3 minutos"},"schema":{"@context":"https:\/\/schema.org","@graph":[{"@type":"Article","@id":"https:\/\/cbne.cl\/wpCNE\/el-dia-mundial-de-la-filosofia\/#article","isPartOf":{"@id":"https:\/\/cbne.cl\/wpCNE\/el-dia-mundial-de-la-filosofia\/"},"author":{"name":"","@id":""},"headline":"EL D\u00cdA MUNDIAL DE LA FILOSOF\u00cdA","datePublished":"2022-10-24T15:31:59+00:00","dateModified":"2022-11-17T15:34:05+00:00","mainEntityOfPage":{"@id":"https:\/\/cbne.cl\/wpCNE\/el-dia-mundial-de-la-filosofia\/"},"wordCount":231,"commentCount":0,"publisher":{"@id":"https:\/\/cbne.cl\/wpCNE\/#organization"},"image":{"@id":"https:\/\/cbne.cl\/wpCNE\/el-dia-mundial-de-la-filosofia\/#primaryimage"},"thumbnailUrl":"https:\/\/colegionuevaesperanza.cl\/wpCNE\/wp-content\/uploads\/2022\/11\/312447571_780061960023886_7210672681405474241_n-1024x683.jpg","articleSection":["Uncategorized"],"inLanguage":"es","potentialAction":[{"@type":"CommentAction","name":"Comment","target":["https:\/\/cbne.cl\/wpCNE\/el-dia-mundial-de-la-filosofia\/#respond"]}]},{"@type":"WebPage","@id":"https:\/\/cbne.cl\/wpCNE\/el-dia-mundial-de-la-filosofia\/","url":"https:\/\/cbne.cl\/wpCNE\/el-dia-mundial-de-la-filosofia\/","name":"EL D\u00cdA MUNDIAL DE LA FILOSOF\u00cdA - COLEGIO BICENTENARIO NUEVA ESPERANZA","isPartOf":{"@id":"https:\/\/cbne.cl\/wpCNE\/#website"},"primaryImageOfPage":{"@id":"https:\/\/cbne.cl\/wpCNE\/el-dia-mundial-de-la-filosofia\/#primaryimage"},"image":{"@id":"https:\/\/cbne.cl\/wpCNE\/el-dia-mundial-de-la-filosofia\/#primaryimage"},"thumbnailUrl":"https:\/\/colegionuevaesperanza.cl\/wpCNE\/wp-content\/uploads\/2022\/11\/312447571_780061960023886_7210672681405474241_n-1024x683.jpg","datePublished":"2022-10-24T15:31:59+00:00","dateModified":"2022-11-17T15:34:05+00:00","breadcrumb":{"@id":"https:\/\/cbne.cl\/wpCNE\/el-dia-mundial-de-la-filosofia\/#breadcrumb"},"inLanguage":"es","potentialAction":[{"@type":"ReadAction","target":["https:\/\/cbne.cl\/wpCNE\/el-dia-mundial-de-la-filosofia\/"]}]},{"@type":"ImageObject","inLanguage":"es","@id":"https:\/\/cbne.cl\/wpCNE\/el-dia-mundial-de-la-filosofia\/#primaryimage","url":"https:\/\/colegionuevaesperanza.cl\/wpCNE\/wp-content\/uploads\/2022\/11\/312447571_780061960023886_7210672681405474241_n-1024x683.jpg","contentUrl":"https:\/\/colegionuevaesperanza.cl\/wpCNE\/wp-content\/uploads\/2022\/11\/312447571_780061960023886_7210672681405474241_n-1024x683.jpg"},{"@type":"BreadcrumbList","@id":"https:\/\/cbne.cl\/wpCNE\/el-dia-mundial-de-la-filosofia\/#breadcrumb","itemListElement":[{"@type":"ListItem","position":1,"name":"Portada","item":"https:\/\/cbne.cl\/wpCNE\/"},{"@type":"ListItem","position":2,"name":"EL D\u00cdA MUNDIAL DE LA FILOSOF\u00cdA"}]},{"@type":"WebSite","@id":"https:\/\/cbne.cl\/wpCNE\/#website","url":"https:\/\/cbne.cl\/wpCNE\/","name":"COLEGIO BICENTENARIO NUEVA ESPERANZA","description":"&quot;Educando desde la afectividad&quot;","publisher":{"@id":"https:\/\/cbne.cl\/wpCNE\/#organization"},"potentialAction":[{"@type":"SearchAction","target":{"@type":"EntryPoint","urlTemplate":"https:\/\/cbne.cl\/wpCNE\/?s={search_term_string}"},"query-input":{"@type":"PropertyValueSpecification","valueRequired":true,"valueName":"search_term_string"}}],"inLanguage":"es"},{"@type":"Organization","@id":"https:\/\/cbne.cl\/wpCNE\/#organization","name":"COLEGIO BICENTENARIO NUEVA ESPERANZA","url":"https:\/\/cbne.cl\/wpCNE\/","logo":{"@type":"ImageObject","inLanguage":"es","@id":"https:\/\/cbne.cl\/wpCNE\/#\/schema\/logo\/image\/","url":"https:\/\/cbne.cl\/wpCNE\/wp-content\/uploads\/2020\/07\/cropped-cropped-web150x150.png","contentUrl":"https:\/\/cbne.cl\/wpCNE\/wp-content\/uploads\/2020\/07\/cropped-cropped-web150x150.png","width":150,"height":150,"caption":"COLEGIO BICENTENARIO NUEVA ESPERANZA"},"image":{"@id":"https:\/\/cbne.cl\/wpCNE\/#\/schema\/logo\/image\/"}},{"@type":"Person","@id":"","url":"https:\/\/cbne.cl\/wpCNE\/author\/"}]}},"featured_image_urls":{"full":"","thumbnail":"","medium":"","medium_large":"","large":"","1536x1536":"","2048x2048":"","morenews-large":"","morenews-medium":""},"author_info":{"display_name":"","author_link":"https:\/\/cbne.cl\/wpCNE\/author\/"},"category_info":"<a href=\"https:\/\/cbne.cl\/wpCNE\/category\/uncategorized\/\" rel=\"category tag\">Uncategorized<\/a>","tag_info":"Uncategorized","comment_count":"0","_links":{"self":[{"href":"https:\/\/cbne.cl\/wpCNE\/wp-json\/wp\/v2\/posts\/6873","targetHints":{"allow":["GET"]}}],"collection":[{"href":"https:\/\/cbne.cl\/wpCNE\/wp-json\/wp\/v2\/posts"}],"about":[{"href":"https:\/\/cbne.cl\/wpCNE\/wp-json\/wp\/v2\/types\/post"}],"author":[{"embeddable":true,"href":"https:\/\/cbne.cl\/wpCNE\/wp-json\/wp\/v2\/users\/4"}],"replies":[{"embeddable":true,"href":"https:\/\/cbne.cl\/wpCNE\/wp-json\/wp\/v2\/comments?post=6873"}],"version-history":[{"count":1,"href":"https:\/\/cbne.cl\/wpCNE\/wp-json\/wp\/v2\/posts\/6873\/revisions"}],"predecessor-version":[{"id":6881,"href":"https:\/\/cbne.cl\/wpCNE\/wp-json\/wp\/v2\/posts\/6873\/revisions\/6881"}],"wp:attachment":[{"href":"https:\/\/cbne.cl\/wpCNE\/wp-json\/wp\/v2\/media?parent=6873"}],"wp:term":[{"taxonomy":"category","embeddable":true,"href":"https:\/\/cbne.cl\/wpCNE\/wp-json\/wp\/v2\/categories?post=6873"},{"taxonomy":"post_tag","embeddable":true,"href":"https:\/\/cbne.cl\/wpCNE\/wp-json\/wp\/v2\/tags?post=6873"}],"curies":[{"name":"wp","href":"https:\/\/api.w.org\/{rel}","templated":true}]}}