{"id":6837,"date":"2022-10-12T11:07:40","date_gmt":"2022-10-12T15:07:40","guid":{"rendered":"https:\/\/colegionuevaesperanza.cl\/wpCNE\/?p=6837"},"modified":"2022-11-17T11:19:40","modified_gmt":"2022-11-17T15:19:40","slug":"el-encuentro-de-dos-mundos-descubrimiento-de-america","status":"publish","type":"post","link":"https:\/\/cbne.cl\/wpCNE\/el-encuentro-de-dos-mundos-descubrimiento-de-america\/","title":{"rendered":"EL ENCUENTRO DE DOS MUNDOS: DESCUBRIMIENTO DE AM\u00c9RICA"},"content":{"rendered":"\n<figure class=\"wp-block-image size-large\"><img fetchpriority=\"high\" decoding=\"async\" width=\"1024\" height=\"1024\" src=\"https:\/\/colegionuevaesperanza.cl\/wpCNE\/wp-content\/uploads\/2022\/11\/311615381_769304147766334_5784942342371621999_n-1024x1024.jpg\" alt=\"\" class=\"wp-image-6845\" srcset=\"https:\/\/cbne.cl\/wpCNE\/wp-content\/uploads\/2022\/11\/311615381_769304147766334_5784942342371621999_n-1024x1024.jpg 1024w, https:\/\/cbne.cl\/wpCNE\/wp-content\/uploads\/2022\/11\/311615381_769304147766334_5784942342371621999_n-300x300.jpg 300w, https:\/\/cbne.cl\/wpCNE\/wp-content\/uploads\/2022\/11\/311615381_769304147766334_5784942342371621999_n-150x150.jpg 150w, https:\/\/cbne.cl\/wpCNE\/wp-content\/uploads\/2022\/11\/311615381_769304147766334_5784942342371621999_n-768x768.jpg 768w, https:\/\/cbne.cl\/wpCNE\/wp-content\/uploads\/2022\/11\/311615381_769304147766334_5784942342371621999_n-50x50.jpg 50w, https:\/\/cbne.cl\/wpCNE\/wp-content\/uploads\/2022\/11\/311615381_769304147766334_5784942342371621999_n-80x80.jpg 80w, https:\/\/cbne.cl\/wpCNE\/wp-content\/uploads\/2022\/11\/311615381_769304147766334_5784942342371621999_n.jpg 1080w\" sizes=\"(max-width: 1024px) 100vw, 1024px\" \/><\/figure>\n\n\n\n<p>El Encuentro de Dos Mundos es la celebraci\u00f3n en la que se conmemora la llegada a Am\u00e9rica del navegante Crist\u00f3bal Col\u00f3n en 1492. Hasta el a\u00f1o 2000 y desde principios del siglo XX, en Chile se celebraba como el D\u00eda de la Raza, pasando ese a\u00f1o a llamarse oficialmente Encuentro de Dos Mundos <img decoding=\"async\" height=\"16\" width=\"16\" alt=\"\u263a\ufe0f\" src=\"https:\/\/static.xx.fbcdn.net\/images\/emoji.php\/v9\/t82\/1.5\/16\/263a.png\"><\/p>\n\n\n\n<p><img decoding=\"async\" height=\"16\" width=\"16\" alt=\"\u261d\ufe0f\" src=\"https:\/\/static.xx.fbcdn.net\/images\/emoji.php\/v9\/tc7\/1.5\/16\/261d.png\">El Encuentro de Dos Mundos es una instancia para reflexionar sobre nuestro pasado y nuestro presente, para conocer y descubrir c\u00f3mo <a><\/a>era nuestro continente antes de la llegada de los espa\u00f1oles; para valorar los aporte que la cultura europea y los cambios revolucionarios provocados; as\u00ed como el aporte de Am\u00e9rica a Europa, y tambi\u00e9n para analizar de manera cr\u00edtica las acciones y sometimientos de los espa\u00f1oles <img loading=\"lazy\" decoding=\"async\" height=\"16\" width=\"16\" alt=\"\ud83e\uddd0\" src=\"https:\/\/static.xx.fbcdn.net\/images\/emoji.php\/v9\/t36\/1.5\/16\/1f9d0.png\"><\/p>\n","protected":false},"excerpt":{"rendered":"<p>El Encuentro de Dos Mundos es la celebraci\u00f3n en la que se conmemora la llegada a Am\u00e9rica del<\/p>\n","protected":false},"author":4,"featured_media":0,"comment_status":"open","ping_status":"closed","sticky":false,"template":"","format":"standard","meta":{"footnotes":""},"categories":[1],"tags":[],"class_list":["post-6837","post","type-post","status-publish","format-standard","hentry","category-uncategorized"],"yoast_head":"<!-- This site is optimized with the Yoast SEO plugin v27.5 - https:\/\/yoast.com\/product\/yoast-seo-wordpress\/ -->\n<title>EL ENCUENTRO DE DOS MUNDOS: DESCUBRIMIENTO DE AM\u00c9RICA - COLEGIO BICENTENARIO NUEVA ESPERANZA<\/title>\n<meta name=\"robots\" content=\"index, follow, max-snippet:-1, max-image-preview:large, max-video-preview:-1\" \/>\n<link rel=\"canonical\" href=\"https:\/\/cbne.cl\/wpCNE\/el-encuentro-de-dos-mundos-descubrimiento-de-america\/\" \/>\n<meta property=\"og:locale\" content=\"es_ES\" \/>\n<meta property=\"og:type\" content=\"article\" \/>\n<meta property=\"og:title\" content=\"EL ENCUENTRO DE DOS MUNDOS: DESCUBRIMIENTO DE AM\u00c9RICA - COLEGIO BICENTENARIO NUEVA ESPERANZA\" \/>\n<meta property=\"og:description\" content=\"El Encuentro de Dos Mundos es la celebraci\u00f3n en la que se conmemora la llegada a Am\u00e9rica del\" \/>\n<meta property=\"og:url\" content=\"https:\/\/cbne.cl\/wpCNE\/el-encuentro-de-dos-mundos-descubrimiento-de-america\/\" \/>\n<meta property=\"og:site_name\" content=\"COLEGIO BICENTENARIO NUEVA ESPERANZA\" \/>\n<meta property=\"article:published_time\" content=\"2022-10-12T15:07:40+00:00\" \/>\n<meta property=\"article:modified_time\" content=\"2022-11-17T15:19:40+00:00\" \/>\n<meta property=\"og:image\" content=\"https:\/\/colegionuevaesperanza.cl\/wpCNE\/wp-content\/uploads\/2022\/11\/311615381_769304147766334_5784942342371621999_n-1024x1024.jpg\" \/>\n<meta name=\"twitter:card\" content=\"summary_large_image\" \/>\n<meta name=\"twitter:label1\" content=\"Escrito por\" \/>\n\t<meta name=\"twitter:data1\" content=\"\" \/>\n\t<meta name=\"twitter:label2\" content=\"Tiempo de lectura\" \/>\n\t<meta name=\"twitter:data2\" content=\"2 minutos\" \/>\n<script type=\"application\/ld+json\" class=\"yoast-schema-graph\">{\"@context\":\"https:\\\/\\\/schema.org\",\"@graph\":[{\"@type\":\"Article\",\"@id\":\"https:\\\/\\\/cbne.cl\\\/wpCNE\\\/el-encuentro-de-dos-mundos-descubrimiento-de-america\\\/#article\",\"isPartOf\":{\"@id\":\"https:\\\/\\\/cbne.cl\\\/wpCNE\\\/el-encuentro-de-dos-mundos-descubrimiento-de-america\\\/\"},\"author\":{\"name\":\"\",\"@id\":\"\"},\"headline\":\"EL ENCUENTRO DE DOS MUNDOS: DESCUBRIMIENTO DE AM\u00c9RICA\",\"datePublished\":\"2022-10-12T15:07:40+00:00\",\"dateModified\":\"2022-11-17T15:19:40+00:00\",\"mainEntityOfPage\":{\"@id\":\"https:\\\/\\\/cbne.cl\\\/wpCNE\\\/el-encuentro-de-dos-mundos-descubrimiento-de-america\\\/\"},\"wordCount\":139,\"commentCount\":0,\"publisher\":{\"@id\":\"https:\\\/\\\/cbne.cl\\\/wpCNE\\\/#organization\"},\"image\":{\"@id\":\"https:\\\/\\\/cbne.cl\\\/wpCNE\\\/el-encuentro-de-dos-mundos-descubrimiento-de-america\\\/#primaryimage\"},\"thumbnailUrl\":\"https:\\\/\\\/colegionuevaesperanza.cl\\\/wpCNE\\\/wp-content\\\/uploads\\\/2022\\\/11\\\/311615381_769304147766334_5784942342371621999_n-1024x1024.jpg\",\"articleSection\":[\"Uncategorized\"],\"inLanguage\":\"es\",\"potentialAction\":[{\"@type\":\"CommentAction\",\"name\":\"Comment\",\"target\":[\"https:\\\/\\\/cbne.cl\\\/wpCNE\\\/el-encuentro-de-dos-mundos-descubrimiento-de-america\\\/#respond\"]}]},{\"@type\":\"WebPage\",\"@id\":\"https:\\\/\\\/cbne.cl\\\/wpCNE\\\/el-encuentro-de-dos-mundos-descubrimiento-de-america\\\/\",\"url\":\"https:\\\/\\\/cbne.cl\\\/wpCNE\\\/el-encuentro-de-dos-mundos-descubrimiento-de-america\\\/\",\"name\":\"EL ENCUENTRO DE DOS MUNDOS: DESCUBRIMIENTO DE AM\u00c9RICA - COLEGIO BICENTENARIO NUEVA ESPERANZA\",\"isPartOf\":{\"@id\":\"https:\\\/\\\/cbne.cl\\\/wpCNE\\\/#website\"},\"primaryImageOfPage\":{\"@id\":\"https:\\\/\\\/cbne.cl\\\/wpCNE\\\/el-encuentro-de-dos-mundos-descubrimiento-de-america\\\/#primaryimage\"},\"image\":{\"@id\":\"https:\\\/\\\/cbne.cl\\\/wpCNE\\\/el-encuentro-de-dos-mundos-descubrimiento-de-america\\\/#primaryimage\"},\"thumbnailUrl\":\"https:\\\/\\\/colegionuevaesperanza.cl\\\/wpCNE\\\/wp-content\\\/uploads\\\/2022\\\/11\\\/311615381_769304147766334_5784942342371621999_n-1024x1024.jpg\",\"datePublished\":\"2022-10-12T15:07:40+00:00\",\"dateModified\":\"2022-11-17T15:19:40+00:00\",\"breadcrumb\":{\"@id\":\"https:\\\/\\\/cbne.cl\\\/wpCNE\\\/el-encuentro-de-dos-mundos-descubrimiento-de-america\\\/#breadcrumb\"},\"inLanguage\":\"es\",\"potentialAction\":[{\"@type\":\"ReadAction\",\"target\":[\"https:\\\/\\\/cbne.cl\\\/wpCNE\\\/el-encuentro-de-dos-mundos-descubrimiento-de-america\\\/\"]}]},{\"@type\":\"ImageObject\",\"inLanguage\":\"es\",\"@id\":\"https:\\\/\\\/cbne.cl\\\/wpCNE\\\/el-encuentro-de-dos-mundos-descubrimiento-de-america\\\/#primaryimage\",\"url\":\"https:\\\/\\\/colegionuevaesperanza.cl\\\/wpCNE\\\/wp-content\\\/uploads\\\/2022\\\/11\\\/311615381_769304147766334_5784942342371621999_n-1024x1024.jpg\",\"contentUrl\":\"https:\\\/\\\/colegionuevaesperanza.cl\\\/wpCNE\\\/wp-content\\\/uploads\\\/2022\\\/11\\\/311615381_769304147766334_5784942342371621999_n-1024x1024.jpg\"},{\"@type\":\"BreadcrumbList\",\"@id\":\"https:\\\/\\\/cbne.cl\\\/wpCNE\\\/el-encuentro-de-dos-mundos-descubrimiento-de-america\\\/#breadcrumb\",\"itemListElement\":[{\"@type\":\"ListItem\",\"position\":1,\"name\":\"Portada\",\"item\":\"https:\\\/\\\/cbne.cl\\\/wpCNE\\\/\"},{\"@type\":\"ListItem\",\"position\":2,\"name\":\"EL ENCUENTRO DE DOS MUNDOS: DESCUBRIMIENTO DE AM\u00c9RICA\"}]},{\"@type\":\"WebSite\",\"@id\":\"https:\\\/\\\/cbne.cl\\\/wpCNE\\\/#website\",\"url\":\"https:\\\/\\\/cbne.cl\\\/wpCNE\\\/\",\"name\":\"COLEGIO BICENTENARIO NUEVA ESPERANZA\",\"description\":\"&quot;Educando desde la afectividad&quot;\",\"publisher\":{\"@id\":\"https:\\\/\\\/cbne.cl\\\/wpCNE\\\/#organization\"},\"potentialAction\":[{\"@type\":\"SearchAction\",\"target\":{\"@type\":\"EntryPoint\",\"urlTemplate\":\"https:\\\/\\\/cbne.cl\\\/wpCNE\\\/?s={search_term_string}\"},\"query-input\":{\"@type\":\"PropertyValueSpecification\",\"valueRequired\":true,\"valueName\":\"search_term_string\"}}],\"inLanguage\":\"es\"},{\"@type\":\"Organization\",\"@id\":\"https:\\\/\\\/cbne.cl\\\/wpCNE\\\/#organization\",\"name\":\"COLEGIO BICENTENARIO NUEVA ESPERANZA\",\"url\":\"https:\\\/\\\/cbne.cl\\\/wpCNE\\\/\",\"logo\":{\"@type\":\"ImageObject\",\"inLanguage\":\"es\",\"@id\":\"https:\\\/\\\/cbne.cl\\\/wpCNE\\\/#\\\/schema\\\/logo\\\/image\\\/\",\"url\":\"https:\\\/\\\/cbne.cl\\\/wpCNE\\\/wp-content\\\/uploads\\\/2020\\\/07\\\/cropped-cropped-web150x150.png\",\"contentUrl\":\"https:\\\/\\\/cbne.cl\\\/wpCNE\\\/wp-content\\\/uploads\\\/2020\\\/07\\\/cropped-cropped-web150x150.png\",\"width\":150,\"height\":150,\"caption\":\"COLEGIO BICENTENARIO NUEVA ESPERANZA\"},\"image\":{\"@id\":\"https:\\\/\\\/cbne.cl\\\/wpCNE\\\/#\\\/schema\\\/logo\\\/image\\\/\"}},{\"@type\":\"Person\",\"@id\":\"\",\"url\":\"https:\\\/\\\/cbne.cl\\\/wpCNE\\\/author\\\/\"}]}<\/script>\n<!-- \/ Yoast SEO plugin. -->","yoast_head_json":{"title":"EL ENCUENTRO DE DOS MUNDOS: DESCUBRIMIENTO DE AM\u00c9RICA - COLEGIO BICENTENARIO NUEVA ESPERANZA","robots":{"index":"index","follow":"follow","max-snippet":"max-snippet:-1","max-image-preview":"max-image-preview:large","max-video-preview":"max-video-preview:-1"},"canonical":"https:\/\/cbne.cl\/wpCNE\/el-encuentro-de-dos-mundos-descubrimiento-de-america\/","og_locale":"es_ES","og_type":"article","og_title":"EL ENCUENTRO DE DOS MUNDOS: DESCUBRIMIENTO DE AM\u00c9RICA - COLEGIO BICENTENARIO NUEVA ESPERANZA","og_description":"El Encuentro de Dos Mundos es la celebraci\u00f3n en la que se conmemora la llegada a Am\u00e9rica del","og_url":"https:\/\/cbne.cl\/wpCNE\/el-encuentro-de-dos-mundos-descubrimiento-de-america\/","og_site_name":"COLEGIO BICENTENARIO NUEVA ESPERANZA","article_published_time":"2022-10-12T15:07:40+00:00","article_modified_time":"2022-11-17T15:19:40+00:00","og_image":[{"url":"https:\/\/colegionuevaesperanza.cl\/wpCNE\/wp-content\/uploads\/2022\/11\/311615381_769304147766334_5784942342371621999_n-1024x1024.jpg","type":"","width":"","height":""}],"twitter_card":"summary_large_image","twitter_misc":{"Escrito por":"","Tiempo de lectura":"2 minutos"},"schema":{"@context":"https:\/\/schema.org","@graph":[{"@type":"Article","@id":"https:\/\/cbne.cl\/wpCNE\/el-encuentro-de-dos-mundos-descubrimiento-de-america\/#article","isPartOf":{"@id":"https:\/\/cbne.cl\/wpCNE\/el-encuentro-de-dos-mundos-descubrimiento-de-america\/"},"author":{"name":"","@id":""},"headline":"EL ENCUENTRO DE DOS MUNDOS: DESCUBRIMIENTO DE AM\u00c9RICA","datePublished":"2022-10-12T15:07:40+00:00","dateModified":"2022-11-17T15:19:40+00:00","mainEntityOfPage":{"@id":"https:\/\/cbne.cl\/wpCNE\/el-encuentro-de-dos-mundos-descubrimiento-de-america\/"},"wordCount":139,"commentCount":0,"publisher":{"@id":"https:\/\/cbne.cl\/wpCNE\/#organization"},"image":{"@id":"https:\/\/cbne.cl\/wpCNE\/el-encuentro-de-dos-mundos-descubrimiento-de-america\/#primaryimage"},"thumbnailUrl":"https:\/\/colegionuevaesperanza.cl\/wpCNE\/wp-content\/uploads\/2022\/11\/311615381_769304147766334_5784942342371621999_n-1024x1024.jpg","articleSection":["Uncategorized"],"inLanguage":"es","potentialAction":[{"@type":"CommentAction","name":"Comment","target":["https:\/\/cbne.cl\/wpCNE\/el-encuentro-de-dos-mundos-descubrimiento-de-america\/#respond"]}]},{"@type":"WebPage","@id":"https:\/\/cbne.cl\/wpCNE\/el-encuentro-de-dos-mundos-descubrimiento-de-america\/","url":"https:\/\/cbne.cl\/wpCNE\/el-encuentro-de-dos-mundos-descubrimiento-de-america\/","name":"EL ENCUENTRO DE DOS MUNDOS: DESCUBRIMIENTO DE AM\u00c9RICA - COLEGIO BICENTENARIO NUEVA ESPERANZA","isPartOf":{"@id":"https:\/\/cbne.cl\/wpCNE\/#website"},"primaryImageOfPage":{"@id":"https:\/\/cbne.cl\/wpCNE\/el-encuentro-de-dos-mundos-descubrimiento-de-america\/#primaryimage"},"image":{"@id":"https:\/\/cbne.cl\/wpCNE\/el-encuentro-de-dos-mundos-descubrimiento-de-america\/#primaryimage"},"thumbnailUrl":"https:\/\/colegionuevaesperanza.cl\/wpCNE\/wp-content\/uploads\/2022\/11\/311615381_769304147766334_5784942342371621999_n-1024x1024.jpg","datePublished":"2022-10-12T15:07:40+00:00","dateModified":"2022-11-17T15:19:40+00:00","breadcrumb":{"@id":"https:\/\/cbne.cl\/wpCNE\/el-encuentro-de-dos-mundos-descubrimiento-de-america\/#breadcrumb"},"inLanguage":"es","potentialAction":[{"@type":"ReadAction","target":["https:\/\/cbne.cl\/wpCNE\/el-encuentro-de-dos-mundos-descubrimiento-de-america\/"]}]},{"@type":"ImageObject","inLanguage":"es","@id":"https:\/\/cbne.cl\/wpCNE\/el-encuentro-de-dos-mundos-descubrimiento-de-america\/#primaryimage","url":"https:\/\/colegionuevaesperanza.cl\/wpCNE\/wp-content\/uploads\/2022\/11\/311615381_769304147766334_5784942342371621999_n-1024x1024.jpg","contentUrl":"https:\/\/colegionuevaesperanza.cl\/wpCNE\/wp-content\/uploads\/2022\/11\/311615381_769304147766334_5784942342371621999_n-1024x1024.jpg"},{"@type":"BreadcrumbList","@id":"https:\/\/cbne.cl\/wpCNE\/el-encuentro-de-dos-mundos-descubrimiento-de-america\/#breadcrumb","itemListElement":[{"@type":"ListItem","position":1,"name":"Portada","item":"https:\/\/cbne.cl\/wpCNE\/"},{"@type":"ListItem","position":2,"name":"EL ENCUENTRO DE DOS MUNDOS: DESCUBRIMIENTO DE AM\u00c9RICA"}]},{"@type":"WebSite","@id":"https:\/\/cbne.cl\/wpCNE\/#website","url":"https:\/\/cbne.cl\/wpCNE\/","name":"COLEGIO BICENTENARIO NUEVA ESPERANZA","description":"&quot;Educando desde la afectividad&quot;","publisher":{"@id":"https:\/\/cbne.cl\/wpCNE\/#organization"},"potentialAction":[{"@type":"SearchAction","target":{"@type":"EntryPoint","urlTemplate":"https:\/\/cbne.cl\/wpCNE\/?s={search_term_string}"},"query-input":{"@type":"PropertyValueSpecification","valueRequired":true,"valueName":"search_term_string"}}],"inLanguage":"es"},{"@type":"Organization","@id":"https:\/\/cbne.cl\/wpCNE\/#organization","name":"COLEGIO BICENTENARIO NUEVA ESPERANZA","url":"https:\/\/cbne.cl\/wpCNE\/","logo":{"@type":"ImageObject","inLanguage":"es","@id":"https:\/\/cbne.cl\/wpCNE\/#\/schema\/logo\/image\/","url":"https:\/\/cbne.cl\/wpCNE\/wp-content\/uploads\/2020\/07\/cropped-cropped-web150x150.png","contentUrl":"https:\/\/cbne.cl\/wpCNE\/wp-content\/uploads\/2020\/07\/cropped-cropped-web150x150.png","width":150,"height":150,"caption":"COLEGIO BICENTENARIO NUEVA ESPERANZA"},"image":{"@id":"https:\/\/cbne.cl\/wpCNE\/#\/schema\/logo\/image\/"}},{"@type":"Person","@id":"","url":"https:\/\/cbne.cl\/wpCNE\/author\/"}]}},"featured_image_urls":{"full":"","thumbnail":"","medium":"","medium_large":"","large":"","1536x1536":"","2048x2048":"","morenews-large":"","morenews-medium":""},"author_info":{"display_name":"","author_link":"https:\/\/cbne.cl\/wpCNE\/author\/"},"category_info":"<a href=\"https:\/\/cbne.cl\/wpCNE\/category\/uncategorized\/\" rel=\"category tag\">Uncategorized<\/a>","tag_info":"Uncategorized","comment_count":"0","_links":{"self":[{"href":"https:\/\/cbne.cl\/wpCNE\/wp-json\/wp\/v2\/posts\/6837","targetHints":{"allow":["GET"]}}],"collection":[{"href":"https:\/\/cbne.cl\/wpCNE\/wp-json\/wp\/v2\/posts"}],"about":[{"href":"https:\/\/cbne.cl\/wpCNE\/wp-json\/wp\/v2\/types\/post"}],"author":[{"embeddable":true,"href":"https:\/\/cbne.cl\/wpCNE\/wp-json\/wp\/v2\/users\/4"}],"replies":[{"embeddable":true,"href":"https:\/\/cbne.cl\/wpCNE\/wp-json\/wp\/v2\/comments?post=6837"}],"version-history":[{"count":1,"href":"https:\/\/cbne.cl\/wpCNE\/wp-json\/wp\/v2\/posts\/6837\/revisions"}],"predecessor-version":[{"id":6846,"href":"https:\/\/cbne.cl\/wpCNE\/wp-json\/wp\/v2\/posts\/6837\/revisions\/6846"}],"wp:attachment":[{"href":"https:\/\/cbne.cl\/wpCNE\/wp-json\/wp\/v2\/media?parent=6837"}],"wp:term":[{"taxonomy":"category","embeddable":true,"href":"https:\/\/cbne.cl\/wpCNE\/wp-json\/wp\/v2\/categories?post=6837"},{"taxonomy":"post_tag","embeddable":true,"href":"https:\/\/cbne.cl\/wpCNE\/wp-json\/wp\/v2\/tags?post=6837"}],"curies":[{"name":"wp","href":"https:\/\/api.w.org\/{rel}","templated":true}]}}