{"id":6823,"date":"2022-09-07T11:00:00","date_gmt":"2022-09-07T15:00:00","guid":{"rendered":"https:\/\/colegionuevaesperanza.cl\/wpCNE\/?p=6823"},"modified":"2022-11-17T11:02:17","modified_gmt":"2022-11-17T15:02:17","slug":"nuestros-campeones-de-atletismo-conquistan-el-torneo","status":"publish","type":"post","link":"https:\/\/cbne.cl\/wpCNE\/nuestros-campeones-de-atletismo-conquistan-el-torneo\/","title":{"rendered":"NUESTROS CAMPEONES DE ATLETISMO CONQUISTAN EL TORNEO"},"content":{"rendered":"\n<figure class=\"wp-block-image size-large\"><img fetchpriority=\"high\" decoding=\"async\" width=\"1024\" height=\"768\" src=\"https:\/\/colegionuevaesperanza.cl\/wpCNE\/wp-content\/uploads\/2022\/11\/305744398_739796104050472_7735755128844408209_n-1024x768.jpg\" alt=\"\" class=\"wp-image-6824\" srcset=\"https:\/\/cbne.cl\/wpCNE\/wp-content\/uploads\/2022\/11\/305744398_739796104050472_7735755128844408209_n-1024x768.jpg 1024w, https:\/\/cbne.cl\/wpCNE\/wp-content\/uploads\/2022\/11\/305744398_739796104050472_7735755128844408209_n-300x225.jpg 300w, https:\/\/cbne.cl\/wpCNE\/wp-content\/uploads\/2022\/11\/305744398_739796104050472_7735755128844408209_n-768x576.jpg 768w, https:\/\/cbne.cl\/wpCNE\/wp-content\/uploads\/2022\/11\/305744398_739796104050472_7735755128844408209_n-1536x1152.jpg 1536w, https:\/\/cbne.cl\/wpCNE\/wp-content\/uploads\/2022\/11\/305744398_739796104050472_7735755128844408209_n-400x300.jpg 400w, https:\/\/cbne.cl\/wpCNE\/wp-content\/uploads\/2022\/11\/305744398_739796104050472_7735755128844408209_n.jpg 1600w\" sizes=\"(max-width: 1024px) 100vw, 1024px\" \/><\/figure>\n\n\n\n<p><img decoding=\"async\" height=\"16\" width=\"16\" alt=\"\ud83d\udc49\" src=\"https:\/\/static.xx.fbcdn.net\/images\/emoji.php\/v9\/taa\/1.5\/16\/1f449.png\">El d\u00eda de ayer martes, 06 de septiembre, nos hicimos presente en la final \u00abregional de atletismo sub14 damas y varones\u00bb realizado en la ciudad de Chill\u00e1n, que cont\u00f3 con la participaci\u00f3n de m\u00e1s de 40 colegios de 18 comunas de la regi\u00f3n, y donde estudiantes del nuestro obtuvieron un impecable desempe\u00f1o en las distintas categor\u00edas <img decoding=\"async\" height=\"16\" width=\"16\" alt=\"\ud83d\ude0d\" src=\"https:\/\/static.xx.fbcdn.net\/images\/emoji.php\/v9\/t5b\/1.5\/16\/1f60d.png\"><\/p>\n\n\n\n<p>Entre los principales resultados que obtuvimos se encuentra el 6to lugar regional de <a><\/a>Nicol\u00e1s Jara en 80metros planos; la medalla de plata en 5000 metros marcha de Cristian Tapia; el podio oro, plata y bronce de Isidora Garc\u00eda, Sof\u00eda Fuentes Pacheco y Alex Garrido en 3000 metros marcha <img loading=\"lazy\" decoding=\"async\" height=\"16\" width=\"16\" alt=\"\ud83d\ude09\" src=\"https:\/\/static.xx.fbcdn.net\/images\/emoji.php\/v9\/tb0\/1.5\/16\/1f609.png\"><\/p>\n\n\n\n<p>Nicol\u00e1s Jara tambi\u00e9n obtuvo medalla de oro en 5000 metros marcha.<\/p>\n\n\n\n<p>En 800 metros planos damas Sof\u00eda Vald\u00e9s sac\u00f3 3 regional.<\/p>\n\n\n\n<p>Destacar la participaci\u00f3n de Javiera Espinoza en lanzamiento de bala, Beatriz Urbano en velocidad, Luis Fern\u00e1ndez y Samuel Concha en bala, Nicol\u00e1s Sald\u00eda y Martin Valderrama en velocidad <img loading=\"lazy\" decoding=\"async\" height=\"16\" width=\"16\" alt=\"\ud83e\udd29\" src=\"https:\/\/static.xx.fbcdn.net\/images\/emoji.php\/v9\/tb1\/1.5\/16\/1f929.png\">.<\/p>\n\n\n\n<p><img loading=\"lazy\" decoding=\"async\" height=\"16\" width=\"16\" alt=\"\ud83d\udc4f\" src=\"https:\/\/static.xx.fbcdn.net\/images\/emoji.php\/v9\/t57\/1.5\/16\/1f44f.png\">Resultados destacados:<\/p>\n\n\n\n<p><img loading=\"lazy\" decoding=\"async\" height=\"16\" width=\"16\" alt=\"\u27a1\ufe0f\" src=\"https:\/\/static.xx.fbcdn.net\/images\/emoji.php\/v9\/t25\/1.5\/16\/27a1.png\">Marcha Varones<\/p>\n\n\n\n<p>1 regional Nicol\u00e1s Jara<\/p>\n\n\n\n<p>2 regional Cristian Tapia<\/p>\n\n\n\n<p><img loading=\"lazy\" decoding=\"async\" height=\"16\" width=\"16\" alt=\"\u27a1\ufe0f\" src=\"https:\/\/static.xx.fbcdn.net\/images\/emoji.php\/v9\/t25\/1.5\/16\/27a1.png\">Marcha Damas<\/p>\n\n\n\n<p>1 regional Isidora Garc\u00eda<\/p>\n\n\n\n<p>2 regional Sofia Fuentes Pacheco<\/p>\n\n\n\n<p>3 regional Alex Garrido<\/p>\n\n\n\n<p><img loading=\"lazy\" decoding=\"async\" height=\"16\" width=\"16\" alt=\"\u27a1\ufe0f\" src=\"https:\/\/static.xx.fbcdn.net\/images\/emoji.php\/v9\/t25\/1.5\/16\/27a1.png\">800 planos damas<\/p>\n\n\n\n<p>3 lugar Sof\u00eda Vald\u00e9s<\/p>\n\n\n\n<p><img loading=\"lazy\" decoding=\"async\" height=\"16\" width=\"16\" alt=\"\u27a1\ufe0f\" src=\"https:\/\/static.xx.fbcdn.net\/images\/emoji.php\/v9\/t25\/1.5\/16\/27a1.png\">5&#215;80 damas<\/p>\n\n\n\n<p>4 lugar regional<\/p>\n\n\n\n<p><img loading=\"lazy\" decoding=\"async\" height=\"16\" width=\"16\" alt=\"\u27a1\ufe0f\" src=\"https:\/\/static.xx.fbcdn.net\/images\/emoji.php\/v9\/t25\/1.5\/16\/27a1.png\">5&#215;80 varones<\/p>\n\n\n\n<p>5 lugar regional<\/p>\n\n\n\n<p>\u00a1Felicitaciones a todos los estudiantes por esta gran presentaci\u00f3n en el torneo de atletismo! Sin duda que son nuestro orgullo y felicidad. Excelente<\/p>\n\n\n\n<figure class=\"wp-block-image\"><img decoding=\"async\" src=\"https:\/\/static.xx.fbcdn.net\/images\/emoji.php\/v9\/t17\/1.5\/16\/1f3c6.png\" alt=\"\ud83c\udfc6\"\/><\/figure>\n\n\n\n<figure class=\"wp-block-image\"><img decoding=\"async\" src=\"https:\/\/static.xx.fbcdn.net\/images\/emoji.php\/v9\/t73\/1.5\/16\/1f3f5.png\" alt=\"\ud83c\udff5\"\/><\/figure>\n\n\n\n<figure class=\"wp-block-image\"><img decoding=\"async\" src=\"https:\/\/static.xx.fbcdn.net\/images\/emoji.php\/v9\/t96\/1.5\/16\/1f3c5.png\" alt=\"\ud83c\udfc5\"\/><\/figure>\n\n\n\n<p>Agradecemos el trabajo de nuestro profesor Esteban Correa, por preocuparse incansablemente de sus estudiantes en el desempe\u00f1o de esta competencia.<\/p>\n\n\n\n<p>\u00a1FELICIDADES A TOD@S! <img loading=\"lazy\" decoding=\"async\" height=\"16\" width=\"16\" alt=\"\ud83e\udd73\" src=\"https:\/\/static.xx.fbcdn.net\/images\/emoji.php\/v9\/tc6\/1.5\/16\/1f973.png\"><\/p>\n","protected":false},"excerpt":{"rendered":"<p>El d\u00eda de ayer martes, 06 de septiembre, nos hicimos presente en la final \u00abregional de atletismo sub14<\/p>\n","protected":false},"author":4,"featured_media":0,"comment_status":"open","ping_status":"closed","sticky":false,"template":"","format":"standard","meta":{"footnotes":""},"categories":[1],"tags":[],"class_list":["post-6823","post","type-post","status-publish","format-standard","hentry","category-uncategorized"],"yoast_head":"<!-- This site is optimized with the Yoast SEO plugin v27.5 - https:\/\/yoast.com\/product\/yoast-seo-wordpress\/ -->\n<title>NUESTROS CAMPEONES DE ATLETISMO CONQUISTAN EL TORNEO - COLEGIO BICENTENARIO NUEVA ESPERANZA<\/title>\n<meta name=\"description\" content=\"El d\u00eda de ayer martes, 06 de septiembre, nos hicimos presente en la final &quot;regional de atletismo sub14 damas y varones&quot; realizado en la ciudad de Chill\u00e1n, que cont\u00f3 con la participaci\u00f3n de m\u00e1s de 40 colegios de 18 comunas de la regi\u00f3n, y donde estudiantes del nuestro obtuvieron un impecable desempe\u00f1o en las distintas categor\u00edas\" \/>\n<meta name=\"robots\" content=\"index, follow, max-snippet:-1, max-image-preview:large, max-video-preview:-1\" \/>\n<link rel=\"canonical\" href=\"https:\/\/cbne.cl\/wpCNE\/nuestros-campeones-de-atletismo-conquistan-el-torneo\/\" \/>\n<meta property=\"og:locale\" content=\"es_ES\" \/>\n<meta property=\"og:type\" content=\"article\" \/>\n<meta property=\"og:title\" content=\"NUESTROS CAMPEONES DE ATLETISMO CONQUISTAN EL TORNEO - COLEGIO BICENTENARIO NUEVA ESPERANZA\" \/>\n<meta property=\"og:description\" content=\"El d\u00eda de ayer martes, 06 de septiembre, nos hicimos presente en la final &quot;regional de atletismo sub14 damas y varones&quot; realizado en la ciudad de Chill\u00e1n, que cont\u00f3 con la participaci\u00f3n de m\u00e1s de 40 colegios de 18 comunas de la regi\u00f3n, y donde estudiantes del nuestro obtuvieron un impecable desempe\u00f1o en las distintas categor\u00edas\" \/>\n<meta property=\"og:url\" content=\"https:\/\/cbne.cl\/wpCNE\/nuestros-campeones-de-atletismo-conquistan-el-torneo\/\" \/>\n<meta property=\"og:site_name\" content=\"COLEGIO BICENTENARIO NUEVA ESPERANZA\" \/>\n<meta property=\"article:published_time\" content=\"2022-09-07T15:00:00+00:00\" \/>\n<meta property=\"article:modified_time\" content=\"2022-11-17T15:02:17+00:00\" \/>\n<meta property=\"og:image\" content=\"https:\/\/colegionuevaesperanza.cl\/wpCNE\/wp-content\/uploads\/2022\/11\/305744398_739796104050472_7735755128844408209_n-1024x768.jpg\" \/>\n<meta name=\"twitter:card\" content=\"summary_large_image\" \/>\n<meta name=\"twitter:label1\" content=\"Escrito por\" \/>\n\t<meta name=\"twitter:data1\" content=\"\" \/>\n\t<meta name=\"twitter:label2\" content=\"Tiempo de lectura\" \/>\n\t<meta name=\"twitter:data2\" content=\"5 minutos\" \/>\n<script type=\"application\/ld+json\" class=\"yoast-schema-graph\">{\"@context\":\"https:\\\/\\\/schema.org\",\"@graph\":[{\"@type\":\"Article\",\"@id\":\"https:\\\/\\\/cbne.cl\\\/wpCNE\\\/nuestros-campeones-de-atletismo-conquistan-el-torneo\\\/#article\",\"isPartOf\":{\"@id\":\"https:\\\/\\\/cbne.cl\\\/wpCNE\\\/nuestros-campeones-de-atletismo-conquistan-el-torneo\\\/\"},\"author\":{\"name\":\"\",\"@id\":\"\"},\"headline\":\"NUESTROS CAMPEONES DE ATLETISMO CONQUISTAN EL TORNEO\",\"datePublished\":\"2022-09-07T15:00:00+00:00\",\"dateModified\":\"2022-11-17T15:02:17+00:00\",\"mainEntityOfPage\":{\"@id\":\"https:\\\/\\\/cbne.cl\\\/wpCNE\\\/nuestros-campeones-de-atletismo-conquistan-el-torneo\\\/\"},\"wordCount\":258,\"commentCount\":0,\"publisher\":{\"@id\":\"https:\\\/\\\/cbne.cl\\\/wpCNE\\\/#organization\"},\"image\":{\"@id\":\"https:\\\/\\\/cbne.cl\\\/wpCNE\\\/nuestros-campeones-de-atletismo-conquistan-el-torneo\\\/#primaryimage\"},\"thumbnailUrl\":\"https:\\\/\\\/colegionuevaesperanza.cl\\\/wpCNE\\\/wp-content\\\/uploads\\\/2022\\\/11\\\/305744398_739796104050472_7735755128844408209_n-1024x768.jpg\",\"articleSection\":[\"Uncategorized\"],\"inLanguage\":\"es\",\"potentialAction\":[{\"@type\":\"CommentAction\",\"name\":\"Comment\",\"target\":[\"https:\\\/\\\/cbne.cl\\\/wpCNE\\\/nuestros-campeones-de-atletismo-conquistan-el-torneo\\\/#respond\"]}]},{\"@type\":\"WebPage\",\"@id\":\"https:\\\/\\\/cbne.cl\\\/wpCNE\\\/nuestros-campeones-de-atletismo-conquistan-el-torneo\\\/\",\"url\":\"https:\\\/\\\/cbne.cl\\\/wpCNE\\\/nuestros-campeones-de-atletismo-conquistan-el-torneo\\\/\",\"name\":\"NUESTROS CAMPEONES DE ATLETISMO CONQUISTAN EL TORNEO - COLEGIO BICENTENARIO NUEVA ESPERANZA\",\"isPartOf\":{\"@id\":\"https:\\\/\\\/cbne.cl\\\/wpCNE\\\/#website\"},\"primaryImageOfPage\":{\"@id\":\"https:\\\/\\\/cbne.cl\\\/wpCNE\\\/nuestros-campeones-de-atletismo-conquistan-el-torneo\\\/#primaryimage\"},\"image\":{\"@id\":\"https:\\\/\\\/cbne.cl\\\/wpCNE\\\/nuestros-campeones-de-atletismo-conquistan-el-torneo\\\/#primaryimage\"},\"thumbnailUrl\":\"https:\\\/\\\/colegionuevaesperanza.cl\\\/wpCNE\\\/wp-content\\\/uploads\\\/2022\\\/11\\\/305744398_739796104050472_7735755128844408209_n-1024x768.jpg\",\"datePublished\":\"2022-09-07T15:00:00+00:00\",\"dateModified\":\"2022-11-17T15:02:17+00:00\",\"description\":\"El d\u00eda de ayer martes, 06 de septiembre, nos hicimos presente en la final \\\"regional de atletismo sub14 damas y varones\\\" realizado en la ciudad de Chill\u00e1n, que cont\u00f3 con la participaci\u00f3n de m\u00e1s de 40 colegios de 18 comunas de la regi\u00f3n, y donde estudiantes del nuestro obtuvieron un impecable desempe\u00f1o en las distintas categor\u00edas\",\"breadcrumb\":{\"@id\":\"https:\\\/\\\/cbne.cl\\\/wpCNE\\\/nuestros-campeones-de-atletismo-conquistan-el-torneo\\\/#breadcrumb\"},\"inLanguage\":\"es\",\"potentialAction\":[{\"@type\":\"ReadAction\",\"target\":[\"https:\\\/\\\/cbne.cl\\\/wpCNE\\\/nuestros-campeones-de-atletismo-conquistan-el-torneo\\\/\"]}]},{\"@type\":\"ImageObject\",\"inLanguage\":\"es\",\"@id\":\"https:\\\/\\\/cbne.cl\\\/wpCNE\\\/nuestros-campeones-de-atletismo-conquistan-el-torneo\\\/#primaryimage\",\"url\":\"https:\\\/\\\/colegionuevaesperanza.cl\\\/wpCNE\\\/wp-content\\\/uploads\\\/2022\\\/11\\\/305744398_739796104050472_7735755128844408209_n-1024x768.jpg\",\"contentUrl\":\"https:\\\/\\\/colegionuevaesperanza.cl\\\/wpCNE\\\/wp-content\\\/uploads\\\/2022\\\/11\\\/305744398_739796104050472_7735755128844408209_n-1024x768.jpg\"},{\"@type\":\"BreadcrumbList\",\"@id\":\"https:\\\/\\\/cbne.cl\\\/wpCNE\\\/nuestros-campeones-de-atletismo-conquistan-el-torneo\\\/#breadcrumb\",\"itemListElement\":[{\"@type\":\"ListItem\",\"position\":1,\"name\":\"Portada\",\"item\":\"https:\\\/\\\/cbne.cl\\\/wpCNE\\\/\"},{\"@type\":\"ListItem\",\"position\":2,\"name\":\"NUESTROS CAMPEONES DE ATLETISMO CONQUISTAN EL TORNEO\"}]},{\"@type\":\"WebSite\",\"@id\":\"https:\\\/\\\/cbne.cl\\\/wpCNE\\\/#website\",\"url\":\"https:\\\/\\\/cbne.cl\\\/wpCNE\\\/\",\"name\":\"COLEGIO BICENTENARIO NUEVA ESPERANZA\",\"description\":\"&quot;Educando desde la afectividad&quot;\",\"publisher\":{\"@id\":\"https:\\\/\\\/cbne.cl\\\/wpCNE\\\/#organization\"},\"potentialAction\":[{\"@type\":\"SearchAction\",\"target\":{\"@type\":\"EntryPoint\",\"urlTemplate\":\"https:\\\/\\\/cbne.cl\\\/wpCNE\\\/?s={search_term_string}\"},\"query-input\":{\"@type\":\"PropertyValueSpecification\",\"valueRequired\":true,\"valueName\":\"search_term_string\"}}],\"inLanguage\":\"es\"},{\"@type\":\"Organization\",\"@id\":\"https:\\\/\\\/cbne.cl\\\/wpCNE\\\/#organization\",\"name\":\"COLEGIO BICENTENARIO NUEVA ESPERANZA\",\"url\":\"https:\\\/\\\/cbne.cl\\\/wpCNE\\\/\",\"logo\":{\"@type\":\"ImageObject\",\"inLanguage\":\"es\",\"@id\":\"https:\\\/\\\/cbne.cl\\\/wpCNE\\\/#\\\/schema\\\/logo\\\/image\\\/\",\"url\":\"https:\\\/\\\/cbne.cl\\\/wpCNE\\\/wp-content\\\/uploads\\\/2020\\\/07\\\/cropped-cropped-web150x150.png\",\"contentUrl\":\"https:\\\/\\\/cbne.cl\\\/wpCNE\\\/wp-content\\\/uploads\\\/2020\\\/07\\\/cropped-cropped-web150x150.png\",\"width\":150,\"height\":150,\"caption\":\"COLEGIO BICENTENARIO NUEVA ESPERANZA\"},\"image\":{\"@id\":\"https:\\\/\\\/cbne.cl\\\/wpCNE\\\/#\\\/schema\\\/logo\\\/image\\\/\"}},{\"@type\":\"Person\",\"@id\":\"\",\"url\":\"https:\\\/\\\/cbne.cl\\\/wpCNE\\\/author\\\/\"}]}<\/script>\n<!-- \/ Yoast SEO plugin. -->","yoast_head_json":{"title":"NUESTROS CAMPEONES DE ATLETISMO CONQUISTAN EL TORNEO - COLEGIO BICENTENARIO NUEVA ESPERANZA","description":"El d\u00eda de ayer martes, 06 de septiembre, nos hicimos presente en la final \"regional de atletismo sub14 damas y varones\" realizado en la ciudad de Chill\u00e1n, que cont\u00f3 con la participaci\u00f3n de m\u00e1s de 40 colegios de 18 comunas de la regi\u00f3n, y donde estudiantes del nuestro obtuvieron un impecable desempe\u00f1o en las distintas categor\u00edas","robots":{"index":"index","follow":"follow","max-snippet":"max-snippet:-1","max-image-preview":"max-image-preview:large","max-video-preview":"max-video-preview:-1"},"canonical":"https:\/\/cbne.cl\/wpCNE\/nuestros-campeones-de-atletismo-conquistan-el-torneo\/","og_locale":"es_ES","og_type":"article","og_title":"NUESTROS CAMPEONES DE ATLETISMO CONQUISTAN EL TORNEO - COLEGIO BICENTENARIO NUEVA ESPERANZA","og_description":"El d\u00eda de ayer martes, 06 de septiembre, nos hicimos presente en la final \"regional de atletismo sub14 damas y varones\" realizado en la ciudad de Chill\u00e1n, que cont\u00f3 con la participaci\u00f3n de m\u00e1s de 40 colegios de 18 comunas de la regi\u00f3n, y donde estudiantes del nuestro obtuvieron un impecable desempe\u00f1o en las distintas categor\u00edas","og_url":"https:\/\/cbne.cl\/wpCNE\/nuestros-campeones-de-atletismo-conquistan-el-torneo\/","og_site_name":"COLEGIO BICENTENARIO NUEVA ESPERANZA","article_published_time":"2022-09-07T15:00:00+00:00","article_modified_time":"2022-11-17T15:02:17+00:00","og_image":[{"url":"https:\/\/colegionuevaesperanza.cl\/wpCNE\/wp-content\/uploads\/2022\/11\/305744398_739796104050472_7735755128844408209_n-1024x768.jpg","type":"","width":"","height":""}],"twitter_card":"summary_large_image","twitter_misc":{"Escrito por":"","Tiempo de lectura":"5 minutos"},"schema":{"@context":"https:\/\/schema.org","@graph":[{"@type":"Article","@id":"https:\/\/cbne.cl\/wpCNE\/nuestros-campeones-de-atletismo-conquistan-el-torneo\/#article","isPartOf":{"@id":"https:\/\/cbne.cl\/wpCNE\/nuestros-campeones-de-atletismo-conquistan-el-torneo\/"},"author":{"name":"","@id":""},"headline":"NUESTROS CAMPEONES DE ATLETISMO CONQUISTAN EL TORNEO","datePublished":"2022-09-07T15:00:00+00:00","dateModified":"2022-11-17T15:02:17+00:00","mainEntityOfPage":{"@id":"https:\/\/cbne.cl\/wpCNE\/nuestros-campeones-de-atletismo-conquistan-el-torneo\/"},"wordCount":258,"commentCount":0,"publisher":{"@id":"https:\/\/cbne.cl\/wpCNE\/#organization"},"image":{"@id":"https:\/\/cbne.cl\/wpCNE\/nuestros-campeones-de-atletismo-conquistan-el-torneo\/#primaryimage"},"thumbnailUrl":"https:\/\/colegionuevaesperanza.cl\/wpCNE\/wp-content\/uploads\/2022\/11\/305744398_739796104050472_7735755128844408209_n-1024x768.jpg","articleSection":["Uncategorized"],"inLanguage":"es","potentialAction":[{"@type":"CommentAction","name":"Comment","target":["https:\/\/cbne.cl\/wpCNE\/nuestros-campeones-de-atletismo-conquistan-el-torneo\/#respond"]}]},{"@type":"WebPage","@id":"https:\/\/cbne.cl\/wpCNE\/nuestros-campeones-de-atletismo-conquistan-el-torneo\/","url":"https:\/\/cbne.cl\/wpCNE\/nuestros-campeones-de-atletismo-conquistan-el-torneo\/","name":"NUESTROS CAMPEONES DE ATLETISMO CONQUISTAN EL TORNEO - COLEGIO BICENTENARIO NUEVA ESPERANZA","isPartOf":{"@id":"https:\/\/cbne.cl\/wpCNE\/#website"},"primaryImageOfPage":{"@id":"https:\/\/cbne.cl\/wpCNE\/nuestros-campeones-de-atletismo-conquistan-el-torneo\/#primaryimage"},"image":{"@id":"https:\/\/cbne.cl\/wpCNE\/nuestros-campeones-de-atletismo-conquistan-el-torneo\/#primaryimage"},"thumbnailUrl":"https:\/\/colegionuevaesperanza.cl\/wpCNE\/wp-content\/uploads\/2022\/11\/305744398_739796104050472_7735755128844408209_n-1024x768.jpg","datePublished":"2022-09-07T15:00:00+00:00","dateModified":"2022-11-17T15:02:17+00:00","description":"El d\u00eda de ayer martes, 06 de septiembre, nos hicimos presente en la final \"regional de atletismo sub14 damas y varones\" realizado en la ciudad de Chill\u00e1n, que cont\u00f3 con la participaci\u00f3n de m\u00e1s de 40 colegios de 18 comunas de la regi\u00f3n, y donde estudiantes del nuestro obtuvieron un impecable desempe\u00f1o en las distintas categor\u00edas","breadcrumb":{"@id":"https:\/\/cbne.cl\/wpCNE\/nuestros-campeones-de-atletismo-conquistan-el-torneo\/#breadcrumb"},"inLanguage":"es","potentialAction":[{"@type":"ReadAction","target":["https:\/\/cbne.cl\/wpCNE\/nuestros-campeones-de-atletismo-conquistan-el-torneo\/"]}]},{"@type":"ImageObject","inLanguage":"es","@id":"https:\/\/cbne.cl\/wpCNE\/nuestros-campeones-de-atletismo-conquistan-el-torneo\/#primaryimage","url":"https:\/\/colegionuevaesperanza.cl\/wpCNE\/wp-content\/uploads\/2022\/11\/305744398_739796104050472_7735755128844408209_n-1024x768.jpg","contentUrl":"https:\/\/colegionuevaesperanza.cl\/wpCNE\/wp-content\/uploads\/2022\/11\/305744398_739796104050472_7735755128844408209_n-1024x768.jpg"},{"@type":"BreadcrumbList","@id":"https:\/\/cbne.cl\/wpCNE\/nuestros-campeones-de-atletismo-conquistan-el-torneo\/#breadcrumb","itemListElement":[{"@type":"ListItem","position":1,"name":"Portada","item":"https:\/\/cbne.cl\/wpCNE\/"},{"@type":"ListItem","position":2,"name":"NUESTROS CAMPEONES DE ATLETISMO CONQUISTAN EL TORNEO"}]},{"@type":"WebSite","@id":"https:\/\/cbne.cl\/wpCNE\/#website","url":"https:\/\/cbne.cl\/wpCNE\/","name":"COLEGIO BICENTENARIO NUEVA ESPERANZA","description":"&quot;Educando desde la afectividad&quot;","publisher":{"@id":"https:\/\/cbne.cl\/wpCNE\/#organization"},"potentialAction":[{"@type":"SearchAction","target":{"@type":"EntryPoint","urlTemplate":"https:\/\/cbne.cl\/wpCNE\/?s={search_term_string}"},"query-input":{"@type":"PropertyValueSpecification","valueRequired":true,"valueName":"search_term_string"}}],"inLanguage":"es"},{"@type":"Organization","@id":"https:\/\/cbne.cl\/wpCNE\/#organization","name":"COLEGIO BICENTENARIO NUEVA ESPERANZA","url":"https:\/\/cbne.cl\/wpCNE\/","logo":{"@type":"ImageObject","inLanguage":"es","@id":"https:\/\/cbne.cl\/wpCNE\/#\/schema\/logo\/image\/","url":"https:\/\/cbne.cl\/wpCNE\/wp-content\/uploads\/2020\/07\/cropped-cropped-web150x150.png","contentUrl":"https:\/\/cbne.cl\/wpCNE\/wp-content\/uploads\/2020\/07\/cropped-cropped-web150x150.png","width":150,"height":150,"caption":"COLEGIO BICENTENARIO NUEVA ESPERANZA"},"image":{"@id":"https:\/\/cbne.cl\/wpCNE\/#\/schema\/logo\/image\/"}},{"@type":"Person","@id":"","url":"https:\/\/cbne.cl\/wpCNE\/author\/"}]}},"featured_image_urls":{"full":"","thumbnail":"","medium":"","medium_large":"","large":"","1536x1536":"","2048x2048":"","morenews-large":"","morenews-medium":""},"author_info":{"display_name":"","author_link":"https:\/\/cbne.cl\/wpCNE\/author\/"},"category_info":"<a href=\"https:\/\/cbne.cl\/wpCNE\/category\/uncategorized\/\" rel=\"category tag\">Uncategorized<\/a>","tag_info":"Uncategorized","comment_count":"0","_links":{"self":[{"href":"https:\/\/cbne.cl\/wpCNE\/wp-json\/wp\/v2\/posts\/6823","targetHints":{"allow":["GET"]}}],"collection":[{"href":"https:\/\/cbne.cl\/wpCNE\/wp-json\/wp\/v2\/posts"}],"about":[{"href":"https:\/\/cbne.cl\/wpCNE\/wp-json\/wp\/v2\/types\/post"}],"author":[{"embeddable":true,"href":"https:\/\/cbne.cl\/wpCNE\/wp-json\/wp\/v2\/users\/4"}],"replies":[{"embeddable":true,"href":"https:\/\/cbne.cl\/wpCNE\/wp-json\/wp\/v2\/comments?post=6823"}],"version-history":[{"count":1,"href":"https:\/\/cbne.cl\/wpCNE\/wp-json\/wp\/v2\/posts\/6823\/revisions"}],"predecessor-version":[{"id":6825,"href":"https:\/\/cbne.cl\/wpCNE\/wp-json\/wp\/v2\/posts\/6823\/revisions\/6825"}],"wp:attachment":[{"href":"https:\/\/cbne.cl\/wpCNE\/wp-json\/wp\/v2\/media?parent=6823"}],"wp:term":[{"taxonomy":"category","embeddable":true,"href":"https:\/\/cbne.cl\/wpCNE\/wp-json\/wp\/v2\/categories?post=6823"},{"taxonomy":"post_tag","embeddable":true,"href":"https:\/\/cbne.cl\/wpCNE\/wp-json\/wp\/v2\/tags?post=6823"}],"curies":[{"name":"wp","href":"https:\/\/api.w.org\/{rel}","templated":true}]}}