{"id":6819,"date":"2022-09-12T11:00:00","date_gmt":"2022-09-12T15:00:00","guid":{"rendered":"https:\/\/colegionuevaesperanza.cl\/wpCNE\/?p=6819"},"modified":"2022-11-17T11:03:02","modified_gmt":"2022-11-17T15:03:02","slug":"listos-con-el-primer-pie-de-cueca-en-la-semana-de-fiestas-patrias","status":"publish","type":"post","link":"https:\/\/cbne.cl\/wpCNE\/listos-con-el-primer-pie-de-cueca-en-la-semana-de-fiestas-patrias\/","title":{"rendered":"LISTOS CON EL PRIMER PIE DE CUECA EN LA SEMANA DE FIESTAS PATRIAS"},"content":{"rendered":"\n<figure class=\"wp-block-image size-large\"><img fetchpriority=\"high\" decoding=\"async\" width=\"1024\" height=\"683\" src=\"https:\/\/colegionuevaesperanza.cl\/wpCNE\/wp-content\/uploads\/2022\/11\/306948483_743791956984220_6969604781518999035_n-1024x683.jpg\" alt=\"\" class=\"wp-image-6826\" srcset=\"https:\/\/cbne.cl\/wpCNE\/wp-content\/uploads\/2022\/11\/306948483_743791956984220_6969604781518999035_n-1024x683.jpg 1024w, https:\/\/cbne.cl\/wpCNE\/wp-content\/uploads\/2022\/11\/306948483_743791956984220_6969604781518999035_n-300x200.jpg 300w, https:\/\/cbne.cl\/wpCNE\/wp-content\/uploads\/2022\/11\/306948483_743791956984220_6969604781518999035_n-768x512.jpg 768w, https:\/\/cbne.cl\/wpCNE\/wp-content\/uploads\/2022\/11\/306948483_743791956984220_6969604781518999035_n-1536x1024.jpg 1536w, https:\/\/cbne.cl\/wpCNE\/wp-content\/uploads\/2022\/11\/306948483_743791956984220_6969604781518999035_n.jpg 2048w\" sizes=\"(max-width: 1024px) 100vw, 1024px\" \/><\/figure>\n\n\n\n<p>Educaci\u00f3n Inicial le doy el \u00a1vamos! a la semana de la fiestas patrias con bailes t\u00edpicos de diferentes regiones y zonas del pa\u00eds para todos sus compa\u00f1eros del colegio <img decoding=\"async\" height=\"16\" width=\"16\" alt=\"\ud83e\udd29\" src=\"https:\/\/static.xx.fbcdn.net\/images\/emoji.php\/v9\/tb1\/1.5\/16\/1f929.png\"><img decoding=\"async\" height=\"16\" width=\"16\" alt=\"\ud83d\udcaa\" src=\"https:\/\/static.xx.fbcdn.net\/images\/emoji.php\/v9\/tc5\/1.5\/16\/1f4aa.png\"><\/p>\n\n\n\n<p>Nuestros m\u00e1s peque\u00f1itos se pusieron los mejores trajes para interpretar los bailes de la zona norte, zona central y zona sur de nuestro pa\u00eds, mediante un breve acto en conmemoraci\u00f3n de las fiestas patrias 2022 <img loading=\"lazy\" decoding=\"async\" height=\"16\" width=\"16\" alt=\"\ud83d\ude0e\" src=\"https:\/\/static.xx.fbcdn.net\/images\/emoji.php\/v9\/tdc\/1.5\/16\/1f60e.png\"><img loading=\"lazy\" decoding=\"async\" height=\"16\" width=\"16\" alt=\"\ud83d\ude0d\" src=\"https:\/\/static.xx.fbcdn.net\/images\/emoji.php\/v9\/t5b\/1.5\/16\/1f60d.png\">.<\/p>\n\n\n\n<p>Les <a><\/a>dejamos algunas im\u00e1genes de la actividad<img loading=\"lazy\" decoding=\"async\" height=\"16\" width=\"16\" alt=\"\ud83d\udcf8\" src=\"https:\/\/static.xx.fbcdn.net\/images\/emoji.php\/v9\/t37\/1.5\/16\/1f4f8.png\"><img loading=\"lazy\" decoding=\"async\" height=\"16\" width=\"16\" alt=\"\ud83d\ude04\" src=\"https:\/\/static.xx.fbcdn.net\/images\/emoji.php\/v9\/t2b\/1.5\/16\/1f604.png\"><\/p>\n","protected":false},"excerpt":{"rendered":"<p>Educaci\u00f3n Inicial le doy el \u00a1vamos! a la semana de la fiestas patrias con bailes t\u00edpicos de diferentes<\/p>\n","protected":false},"author":4,"featured_media":0,"comment_status":"open","ping_status":"closed","sticky":false,"template":"","format":"standard","meta":{"footnotes":""},"categories":[1],"tags":[],"class_list":["post-6819","post","type-post","status-publish","format-standard","hentry","category-uncategorized"],"yoast_head":"<!-- This site is optimized with the Yoast SEO plugin v27.5 - https:\/\/yoast.com\/product\/yoast-seo-wordpress\/ -->\n<title>LISTOS CON EL PRIMER PIE DE CUECA EN LA SEMANA DE FIESTAS PATRIAS - COLEGIO BICENTENARIO NUEVA ESPERANZA<\/title>\n<meta name=\"robots\" content=\"index, follow, max-snippet:-1, max-image-preview:large, max-video-preview:-1\" \/>\n<link rel=\"canonical\" href=\"https:\/\/cbne.cl\/wpCNE\/listos-con-el-primer-pie-de-cueca-en-la-semana-de-fiestas-patrias\/\" \/>\n<meta property=\"og:locale\" content=\"es_ES\" \/>\n<meta property=\"og:type\" content=\"article\" \/>\n<meta property=\"og:title\" content=\"LISTOS CON EL PRIMER PIE DE CUECA EN LA SEMANA DE FIESTAS PATRIAS - COLEGIO BICENTENARIO NUEVA ESPERANZA\" \/>\n<meta property=\"og:description\" content=\"Educaci\u00f3n Inicial le doy el \u00a1vamos! a la semana de la fiestas patrias con bailes t\u00edpicos de diferentes\" \/>\n<meta property=\"og:url\" content=\"https:\/\/cbne.cl\/wpCNE\/listos-con-el-primer-pie-de-cueca-en-la-semana-de-fiestas-patrias\/\" \/>\n<meta property=\"og:site_name\" content=\"COLEGIO BICENTENARIO NUEVA ESPERANZA\" \/>\n<meta property=\"article:published_time\" content=\"2022-09-12T15:00:00+00:00\" \/>\n<meta property=\"article:modified_time\" content=\"2022-11-17T15:03:02+00:00\" \/>\n<meta property=\"og:image\" content=\"https:\/\/colegionuevaesperanza.cl\/wpCNE\/wp-content\/uploads\/2022\/11\/306948483_743791956984220_6969604781518999035_n-1024x683.jpg\" \/>\n<meta name=\"twitter:card\" content=\"summary_large_image\" \/>\n<meta name=\"twitter:label1\" content=\"Escrito por\" \/>\n\t<meta name=\"twitter:data1\" content=\"\" \/>\n\t<meta name=\"twitter:label2\" content=\"Tiempo de lectura\" \/>\n\t<meta name=\"twitter:data2\" content=\"2 minutos\" \/>\n<script type=\"application\/ld+json\" class=\"yoast-schema-graph\">{\"@context\":\"https:\\\/\\\/schema.org\",\"@graph\":[{\"@type\":\"Article\",\"@id\":\"https:\\\/\\\/cbne.cl\\\/wpCNE\\\/listos-con-el-primer-pie-de-cueca-en-la-semana-de-fiestas-patrias\\\/#article\",\"isPartOf\":{\"@id\":\"https:\\\/\\\/cbne.cl\\\/wpCNE\\\/listos-con-el-primer-pie-de-cueca-en-la-semana-de-fiestas-patrias\\\/\"},\"author\":{\"name\":\"\",\"@id\":\"\"},\"headline\":\"LISTOS CON EL PRIMER PIE DE CUECA EN LA SEMANA DE FIESTAS PATRIAS\",\"datePublished\":\"2022-09-12T15:00:00+00:00\",\"dateModified\":\"2022-11-17T15:03:02+00:00\",\"mainEntityOfPage\":{\"@id\":\"https:\\\/\\\/cbne.cl\\\/wpCNE\\\/listos-con-el-primer-pie-de-cueca-en-la-semana-de-fiestas-patrias\\\/\"},\"wordCount\":92,\"commentCount\":0,\"publisher\":{\"@id\":\"https:\\\/\\\/cbne.cl\\\/wpCNE\\\/#organization\"},\"image\":{\"@id\":\"https:\\\/\\\/cbne.cl\\\/wpCNE\\\/listos-con-el-primer-pie-de-cueca-en-la-semana-de-fiestas-patrias\\\/#primaryimage\"},\"thumbnailUrl\":\"https:\\\/\\\/colegionuevaesperanza.cl\\\/wpCNE\\\/wp-content\\\/uploads\\\/2022\\\/11\\\/306948483_743791956984220_6969604781518999035_n-1024x683.jpg\",\"articleSection\":[\"Uncategorized\"],\"inLanguage\":\"es\",\"potentialAction\":[{\"@type\":\"CommentAction\",\"name\":\"Comment\",\"target\":[\"https:\\\/\\\/cbne.cl\\\/wpCNE\\\/listos-con-el-primer-pie-de-cueca-en-la-semana-de-fiestas-patrias\\\/#respond\"]}]},{\"@type\":\"WebPage\",\"@id\":\"https:\\\/\\\/cbne.cl\\\/wpCNE\\\/listos-con-el-primer-pie-de-cueca-en-la-semana-de-fiestas-patrias\\\/\",\"url\":\"https:\\\/\\\/cbne.cl\\\/wpCNE\\\/listos-con-el-primer-pie-de-cueca-en-la-semana-de-fiestas-patrias\\\/\",\"name\":\"LISTOS CON EL PRIMER PIE DE CUECA EN LA SEMANA DE FIESTAS PATRIAS - COLEGIO BICENTENARIO NUEVA ESPERANZA\",\"isPartOf\":{\"@id\":\"https:\\\/\\\/cbne.cl\\\/wpCNE\\\/#website\"},\"primaryImageOfPage\":{\"@id\":\"https:\\\/\\\/cbne.cl\\\/wpCNE\\\/listos-con-el-primer-pie-de-cueca-en-la-semana-de-fiestas-patrias\\\/#primaryimage\"},\"image\":{\"@id\":\"https:\\\/\\\/cbne.cl\\\/wpCNE\\\/listos-con-el-primer-pie-de-cueca-en-la-semana-de-fiestas-patrias\\\/#primaryimage\"},\"thumbnailUrl\":\"https:\\\/\\\/colegionuevaesperanza.cl\\\/wpCNE\\\/wp-content\\\/uploads\\\/2022\\\/11\\\/306948483_743791956984220_6969604781518999035_n-1024x683.jpg\",\"datePublished\":\"2022-09-12T15:00:00+00:00\",\"dateModified\":\"2022-11-17T15:03:02+00:00\",\"breadcrumb\":{\"@id\":\"https:\\\/\\\/cbne.cl\\\/wpCNE\\\/listos-con-el-primer-pie-de-cueca-en-la-semana-de-fiestas-patrias\\\/#breadcrumb\"},\"inLanguage\":\"es\",\"potentialAction\":[{\"@type\":\"ReadAction\",\"target\":[\"https:\\\/\\\/cbne.cl\\\/wpCNE\\\/listos-con-el-primer-pie-de-cueca-en-la-semana-de-fiestas-patrias\\\/\"]}]},{\"@type\":\"ImageObject\",\"inLanguage\":\"es\",\"@id\":\"https:\\\/\\\/cbne.cl\\\/wpCNE\\\/listos-con-el-primer-pie-de-cueca-en-la-semana-de-fiestas-patrias\\\/#primaryimage\",\"url\":\"https:\\\/\\\/colegionuevaesperanza.cl\\\/wpCNE\\\/wp-content\\\/uploads\\\/2022\\\/11\\\/306948483_743791956984220_6969604781518999035_n-1024x683.jpg\",\"contentUrl\":\"https:\\\/\\\/colegionuevaesperanza.cl\\\/wpCNE\\\/wp-content\\\/uploads\\\/2022\\\/11\\\/306948483_743791956984220_6969604781518999035_n-1024x683.jpg\"},{\"@type\":\"BreadcrumbList\",\"@id\":\"https:\\\/\\\/cbne.cl\\\/wpCNE\\\/listos-con-el-primer-pie-de-cueca-en-la-semana-de-fiestas-patrias\\\/#breadcrumb\",\"itemListElement\":[{\"@type\":\"ListItem\",\"position\":1,\"name\":\"Portada\",\"item\":\"https:\\\/\\\/cbne.cl\\\/wpCNE\\\/\"},{\"@type\":\"ListItem\",\"position\":2,\"name\":\"LISTOS CON EL PRIMER PIE DE CUECA EN LA SEMANA DE FIESTAS PATRIAS\"}]},{\"@type\":\"WebSite\",\"@id\":\"https:\\\/\\\/cbne.cl\\\/wpCNE\\\/#website\",\"url\":\"https:\\\/\\\/cbne.cl\\\/wpCNE\\\/\",\"name\":\"COLEGIO BICENTENARIO NUEVA ESPERANZA\",\"description\":\"&quot;Educando desde la afectividad&quot;\",\"publisher\":{\"@id\":\"https:\\\/\\\/cbne.cl\\\/wpCNE\\\/#organization\"},\"potentialAction\":[{\"@type\":\"SearchAction\",\"target\":{\"@type\":\"EntryPoint\",\"urlTemplate\":\"https:\\\/\\\/cbne.cl\\\/wpCNE\\\/?s={search_term_string}\"},\"query-input\":{\"@type\":\"PropertyValueSpecification\",\"valueRequired\":true,\"valueName\":\"search_term_string\"}}],\"inLanguage\":\"es\"},{\"@type\":\"Organization\",\"@id\":\"https:\\\/\\\/cbne.cl\\\/wpCNE\\\/#organization\",\"name\":\"COLEGIO BICENTENARIO NUEVA ESPERANZA\",\"url\":\"https:\\\/\\\/cbne.cl\\\/wpCNE\\\/\",\"logo\":{\"@type\":\"ImageObject\",\"inLanguage\":\"es\",\"@id\":\"https:\\\/\\\/cbne.cl\\\/wpCNE\\\/#\\\/schema\\\/logo\\\/image\\\/\",\"url\":\"https:\\\/\\\/cbne.cl\\\/wpCNE\\\/wp-content\\\/uploads\\\/2020\\\/07\\\/cropped-cropped-web150x150.png\",\"contentUrl\":\"https:\\\/\\\/cbne.cl\\\/wpCNE\\\/wp-content\\\/uploads\\\/2020\\\/07\\\/cropped-cropped-web150x150.png\",\"width\":150,\"height\":150,\"caption\":\"COLEGIO BICENTENARIO NUEVA ESPERANZA\"},\"image\":{\"@id\":\"https:\\\/\\\/cbne.cl\\\/wpCNE\\\/#\\\/schema\\\/logo\\\/image\\\/\"}},{\"@type\":\"Person\",\"@id\":\"\",\"url\":\"https:\\\/\\\/cbne.cl\\\/wpCNE\\\/author\\\/\"}]}<\/script>\n<!-- \/ Yoast SEO plugin. -->","yoast_head_json":{"title":"LISTOS CON EL PRIMER PIE DE CUECA EN LA SEMANA DE FIESTAS PATRIAS - COLEGIO BICENTENARIO NUEVA ESPERANZA","robots":{"index":"index","follow":"follow","max-snippet":"max-snippet:-1","max-image-preview":"max-image-preview:large","max-video-preview":"max-video-preview:-1"},"canonical":"https:\/\/cbne.cl\/wpCNE\/listos-con-el-primer-pie-de-cueca-en-la-semana-de-fiestas-patrias\/","og_locale":"es_ES","og_type":"article","og_title":"LISTOS CON EL PRIMER PIE DE CUECA EN LA SEMANA DE FIESTAS PATRIAS - COLEGIO BICENTENARIO NUEVA ESPERANZA","og_description":"Educaci\u00f3n Inicial le doy el \u00a1vamos! a la semana de la fiestas patrias con bailes t\u00edpicos de diferentes","og_url":"https:\/\/cbne.cl\/wpCNE\/listos-con-el-primer-pie-de-cueca-en-la-semana-de-fiestas-patrias\/","og_site_name":"COLEGIO BICENTENARIO NUEVA ESPERANZA","article_published_time":"2022-09-12T15:00:00+00:00","article_modified_time":"2022-11-17T15:03:02+00:00","og_image":[{"url":"https:\/\/colegionuevaesperanza.cl\/wpCNE\/wp-content\/uploads\/2022\/11\/306948483_743791956984220_6969604781518999035_n-1024x683.jpg","type":"","width":"","height":""}],"twitter_card":"summary_large_image","twitter_misc":{"Escrito por":"","Tiempo de lectura":"2 minutos"},"schema":{"@context":"https:\/\/schema.org","@graph":[{"@type":"Article","@id":"https:\/\/cbne.cl\/wpCNE\/listos-con-el-primer-pie-de-cueca-en-la-semana-de-fiestas-patrias\/#article","isPartOf":{"@id":"https:\/\/cbne.cl\/wpCNE\/listos-con-el-primer-pie-de-cueca-en-la-semana-de-fiestas-patrias\/"},"author":{"name":"","@id":""},"headline":"LISTOS CON EL PRIMER PIE DE CUECA EN LA SEMANA DE FIESTAS PATRIAS","datePublished":"2022-09-12T15:00:00+00:00","dateModified":"2022-11-17T15:03:02+00:00","mainEntityOfPage":{"@id":"https:\/\/cbne.cl\/wpCNE\/listos-con-el-primer-pie-de-cueca-en-la-semana-de-fiestas-patrias\/"},"wordCount":92,"commentCount":0,"publisher":{"@id":"https:\/\/cbne.cl\/wpCNE\/#organization"},"image":{"@id":"https:\/\/cbne.cl\/wpCNE\/listos-con-el-primer-pie-de-cueca-en-la-semana-de-fiestas-patrias\/#primaryimage"},"thumbnailUrl":"https:\/\/colegionuevaesperanza.cl\/wpCNE\/wp-content\/uploads\/2022\/11\/306948483_743791956984220_6969604781518999035_n-1024x683.jpg","articleSection":["Uncategorized"],"inLanguage":"es","potentialAction":[{"@type":"CommentAction","name":"Comment","target":["https:\/\/cbne.cl\/wpCNE\/listos-con-el-primer-pie-de-cueca-en-la-semana-de-fiestas-patrias\/#respond"]}]},{"@type":"WebPage","@id":"https:\/\/cbne.cl\/wpCNE\/listos-con-el-primer-pie-de-cueca-en-la-semana-de-fiestas-patrias\/","url":"https:\/\/cbne.cl\/wpCNE\/listos-con-el-primer-pie-de-cueca-en-la-semana-de-fiestas-patrias\/","name":"LISTOS CON EL PRIMER PIE DE CUECA EN LA SEMANA DE FIESTAS PATRIAS - COLEGIO BICENTENARIO NUEVA ESPERANZA","isPartOf":{"@id":"https:\/\/cbne.cl\/wpCNE\/#website"},"primaryImageOfPage":{"@id":"https:\/\/cbne.cl\/wpCNE\/listos-con-el-primer-pie-de-cueca-en-la-semana-de-fiestas-patrias\/#primaryimage"},"image":{"@id":"https:\/\/cbne.cl\/wpCNE\/listos-con-el-primer-pie-de-cueca-en-la-semana-de-fiestas-patrias\/#primaryimage"},"thumbnailUrl":"https:\/\/colegionuevaesperanza.cl\/wpCNE\/wp-content\/uploads\/2022\/11\/306948483_743791956984220_6969604781518999035_n-1024x683.jpg","datePublished":"2022-09-12T15:00:00+00:00","dateModified":"2022-11-17T15:03:02+00:00","breadcrumb":{"@id":"https:\/\/cbne.cl\/wpCNE\/listos-con-el-primer-pie-de-cueca-en-la-semana-de-fiestas-patrias\/#breadcrumb"},"inLanguage":"es","potentialAction":[{"@type":"ReadAction","target":["https:\/\/cbne.cl\/wpCNE\/listos-con-el-primer-pie-de-cueca-en-la-semana-de-fiestas-patrias\/"]}]},{"@type":"ImageObject","inLanguage":"es","@id":"https:\/\/cbne.cl\/wpCNE\/listos-con-el-primer-pie-de-cueca-en-la-semana-de-fiestas-patrias\/#primaryimage","url":"https:\/\/colegionuevaesperanza.cl\/wpCNE\/wp-content\/uploads\/2022\/11\/306948483_743791956984220_6969604781518999035_n-1024x683.jpg","contentUrl":"https:\/\/colegionuevaesperanza.cl\/wpCNE\/wp-content\/uploads\/2022\/11\/306948483_743791956984220_6969604781518999035_n-1024x683.jpg"},{"@type":"BreadcrumbList","@id":"https:\/\/cbne.cl\/wpCNE\/listos-con-el-primer-pie-de-cueca-en-la-semana-de-fiestas-patrias\/#breadcrumb","itemListElement":[{"@type":"ListItem","position":1,"name":"Portada","item":"https:\/\/cbne.cl\/wpCNE\/"},{"@type":"ListItem","position":2,"name":"LISTOS CON EL PRIMER PIE DE CUECA EN LA SEMANA DE FIESTAS PATRIAS"}]},{"@type":"WebSite","@id":"https:\/\/cbne.cl\/wpCNE\/#website","url":"https:\/\/cbne.cl\/wpCNE\/","name":"COLEGIO BICENTENARIO NUEVA ESPERANZA","description":"&quot;Educando desde la afectividad&quot;","publisher":{"@id":"https:\/\/cbne.cl\/wpCNE\/#organization"},"potentialAction":[{"@type":"SearchAction","target":{"@type":"EntryPoint","urlTemplate":"https:\/\/cbne.cl\/wpCNE\/?s={search_term_string}"},"query-input":{"@type":"PropertyValueSpecification","valueRequired":true,"valueName":"search_term_string"}}],"inLanguage":"es"},{"@type":"Organization","@id":"https:\/\/cbne.cl\/wpCNE\/#organization","name":"COLEGIO BICENTENARIO NUEVA ESPERANZA","url":"https:\/\/cbne.cl\/wpCNE\/","logo":{"@type":"ImageObject","inLanguage":"es","@id":"https:\/\/cbne.cl\/wpCNE\/#\/schema\/logo\/image\/","url":"https:\/\/cbne.cl\/wpCNE\/wp-content\/uploads\/2020\/07\/cropped-cropped-web150x150.png","contentUrl":"https:\/\/cbne.cl\/wpCNE\/wp-content\/uploads\/2020\/07\/cropped-cropped-web150x150.png","width":150,"height":150,"caption":"COLEGIO BICENTENARIO NUEVA ESPERANZA"},"image":{"@id":"https:\/\/cbne.cl\/wpCNE\/#\/schema\/logo\/image\/"}},{"@type":"Person","@id":"","url":"https:\/\/cbne.cl\/wpCNE\/author\/"}]}},"featured_image_urls":{"full":"","thumbnail":"","medium":"","medium_large":"","large":"","1536x1536":"","2048x2048":"","morenews-large":"","morenews-medium":""},"author_info":{"display_name":"","author_link":"https:\/\/cbne.cl\/wpCNE\/author\/"},"category_info":"<a href=\"https:\/\/cbne.cl\/wpCNE\/category\/uncategorized\/\" rel=\"category tag\">Uncategorized<\/a>","tag_info":"Uncategorized","comment_count":"0","_links":{"self":[{"href":"https:\/\/cbne.cl\/wpCNE\/wp-json\/wp\/v2\/posts\/6819","targetHints":{"allow":["GET"]}}],"collection":[{"href":"https:\/\/cbne.cl\/wpCNE\/wp-json\/wp\/v2\/posts"}],"about":[{"href":"https:\/\/cbne.cl\/wpCNE\/wp-json\/wp\/v2\/types\/post"}],"author":[{"embeddable":true,"href":"https:\/\/cbne.cl\/wpCNE\/wp-json\/wp\/v2\/users\/4"}],"replies":[{"embeddable":true,"href":"https:\/\/cbne.cl\/wpCNE\/wp-json\/wp\/v2\/comments?post=6819"}],"version-history":[{"count":1,"href":"https:\/\/cbne.cl\/wpCNE\/wp-json\/wp\/v2\/posts\/6819\/revisions"}],"predecessor-version":[{"id":6827,"href":"https:\/\/cbne.cl\/wpCNE\/wp-json\/wp\/v2\/posts\/6819\/revisions\/6827"}],"wp:attachment":[{"href":"https:\/\/cbne.cl\/wpCNE\/wp-json\/wp\/v2\/media?parent=6819"}],"wp:term":[{"taxonomy":"category","embeddable":true,"href":"https:\/\/cbne.cl\/wpCNE\/wp-json\/wp\/v2\/categories?post=6819"},{"taxonomy":"post_tag","embeddable":true,"href":"https:\/\/cbne.cl\/wpCNE\/wp-json\/wp\/v2\/tags?post=6819"}],"curies":[{"name":"wp","href":"https:\/\/api.w.org\/{rel}","templated":true}]}}