{"id":6733,"date":"2022-08-19T10:51:00","date_gmt":"2022-08-19T14:51:00","guid":{"rendered":"https:\/\/colegionuevaesperanza.cl\/wpCNE\/?p=6733"},"modified":"2022-09-15T09:24:14","modified_gmt":"2022-09-15T13:24:14","slug":"nuestros-invitados-de-honor-en-el-mes-de-la-solidaridad","status":"publish","type":"post","link":"https:\/\/cbne.cl\/wpCNE\/nuestros-invitados-de-honor-en-el-mes-de-la-solidaridad\/","title":{"rendered":"NUESTROS INVITADOS DE HONOR EN EL MES DE LA SOLIDARIDAD"},"content":{"rendered":"\n<figure class=\"wp-block-image size-full\"><img fetchpriority=\"high\" decoding=\"async\" width=\"1024\" height=\"466\" src=\"https:\/\/colegionuevaesperanza.cl\/wpCNE\/wp-content\/uploads\/2022\/08\/299363825_10217470609116033_138735913901768034_n.jpg\" alt=\"\" class=\"wp-image-6734\" srcset=\"https:\/\/cbne.cl\/wpCNE\/wp-content\/uploads\/2022\/08\/299363825_10217470609116033_138735913901768034_n.jpg 1024w, https:\/\/cbne.cl\/wpCNE\/wp-content\/uploads\/2022\/08\/299363825_10217470609116033_138735913901768034_n-300x137.jpg 300w, https:\/\/cbne.cl\/wpCNE\/wp-content\/uploads\/2022\/08\/299363825_10217470609116033_138735913901768034_n-768x350.jpg 768w\" sizes=\"(max-width: 1024px) 100vw, 1024px\" \/><figcaption>En el marco del mes de la solidaridad, instancia en la que realizamos actividades conmemorativas y celebramos pensando en los dem\u00e1s <img decoding=\"async\" height=\"16\" width=\"16\" src=\"https:\/\/static.xx.fbcdn.net\/images\/emoji.php\/v9\/tf3\/1.5\/16\/2764.png\" alt=\"\u2764\ufe0f\">, tuvimos el agrado de invitar a nuestro colegio al personal de Aseo Municipal a un acto simb\u00f3lico en su nombre y destacar la importante labor que realizan dentro de la comunidad<\/figcaption><\/figure>\n\n\n\n<p>La ceremonia, dirigida por nuestro Departamento de Religi\u00f3n en compa\u00f1\u00eda de nuestros funcionarios y directivos, tuvo como objetivo reconocer el trabajo que realiza a diario el personal de Aseo del municipio, destacando el sacrificio y el tremendo amor que dedican a sus labores d\u00eda a d\u00eda<\/p>\n\n\n\n<p>Est\u00e1 en todos valorar y apreciar esta labor tan importante que cumplen estas personas, quienes madrugan m\u00e1s que cualquier otro, y se van m\u00e1s tarde con tal de asegurarse que todo est\u00e9 limpio y pulcro. Est\u00e1 en nosotros retribuir con gratitud, mediante estos espacios, su importante trabajo, al igual o m\u00e1s importante que cualquier otro que existe<\/p>\n\n\n\n<p>\u00a1MUCHAS GRACIAS DEPARTAMENTO DE RELIGI\u00d3N POR GENERAR ESTOS ESPACIOS, Y POR SUPUESTO, AL PERSONAL DE ASEO MUNICIPAL POR ESTAR SIEMPRE PREOCUPADOS DE NUESTRA COMUNIDAD<\/p>\n\n\n\n<figure class=\"wp-block-image size-large\"><img decoding=\"async\" width=\"1024\" height=\"461\" src=\"https:\/\/colegionuevaesperanza.cl\/wpCNE\/wp-content\/uploads\/2022\/08\/300026807_10217470609716048_1823034477897902309_n-1024x461.jpg\" alt=\"\" class=\"wp-image-6735\" srcset=\"https:\/\/cbne.cl\/wpCNE\/wp-content\/uploads\/2022\/08\/300026807_10217470609716048_1823034477897902309_n-1024x461.jpg 1024w, https:\/\/cbne.cl\/wpCNE\/wp-content\/uploads\/2022\/08\/300026807_10217470609716048_1823034477897902309_n-300x135.jpg 300w, https:\/\/cbne.cl\/wpCNE\/wp-content\/uploads\/2022\/08\/300026807_10217470609716048_1823034477897902309_n-768x346.jpg 768w, https:\/\/cbne.cl\/wpCNE\/wp-content\/uploads\/2022\/08\/300026807_10217470609716048_1823034477897902309_n.jpg 1280w\" sizes=\"(max-width: 1024px) 100vw, 1024px\" \/><\/figure>\n\n\n\n<p>M\u00e1s im\u00e1genes en nuestro facebook<\/p>\n","protected":false},"excerpt":{"rendered":"<p>La ceremonia, dirigida por nuestro Departamento de Religi\u00f3n en compa\u00f1\u00eda de nuestros funcionarios y directivos, tuvo como objetivo<\/p>\n","protected":false},"author":4,"featured_media":6734,"comment_status":"open","ping_status":"closed","sticky":false,"template":"","format":"standard","meta":{"footnotes":""},"categories":[254],"tags":[],"class_list":["post-6733","post","type-post","status-publish","format-standard","has-post-thumbnail","hentry","category-noticias"],"yoast_head":"<!-- This site is optimized with the Yoast SEO plugin v27.5 - https:\/\/yoast.com\/product\/yoast-seo-wordpress\/ -->\n<title>NUESTROS INVITADOS DE HONOR EN EL MES DE LA SOLIDARIDAD - COLEGIO BICENTENARIO NUEVA ESPERANZA<\/title>\n<meta name=\"description\" content=\"En el marco del mes de la solidaridad, instancia en la que realizamos actividades conmemorativas y celebramos pensando en los dem\u00e1s , tuvimos el agrado de invitar a nuestro colegio al personal de Aseo Municipal a un acto simb\u00f3lico en su nombre y destacar la importante labor que realizan dentro de la comunidad\" \/>\n<meta name=\"robots\" content=\"index, follow, max-snippet:-1, max-image-preview:large, max-video-preview:-1\" \/>\n<link rel=\"canonical\" href=\"https:\/\/cbne.cl\/wpCNE\/nuestros-invitados-de-honor-en-el-mes-de-la-solidaridad\/\" \/>\n<meta property=\"og:locale\" content=\"es_ES\" \/>\n<meta property=\"og:type\" content=\"article\" \/>\n<meta property=\"og:title\" content=\"NUESTROS INVITADOS DE HONOR EN EL MES DE LA SOLIDARIDAD - COLEGIO BICENTENARIO NUEVA ESPERANZA\" \/>\n<meta property=\"og:description\" content=\"En el marco del mes de la solidaridad, instancia en la que realizamos actividades conmemorativas y celebramos pensando en los dem\u00e1s , tuvimos el agrado de invitar a nuestro colegio al personal de Aseo Municipal a un acto simb\u00f3lico en su nombre y destacar la importante labor que realizan dentro de la comunidad\" \/>\n<meta property=\"og:url\" content=\"https:\/\/cbne.cl\/wpCNE\/nuestros-invitados-de-honor-en-el-mes-de-la-solidaridad\/\" \/>\n<meta property=\"og:site_name\" content=\"COLEGIO BICENTENARIO NUEVA ESPERANZA\" \/>\n<meta property=\"article:published_time\" content=\"2022-08-19T14:51:00+00:00\" \/>\n<meta property=\"article:modified_time\" content=\"2022-09-15T13:24:14+00:00\" \/>\n<meta property=\"og:image\" content=\"https:\/\/cbne.cl\/wpCNE\/wp-content\/uploads\/2022\/08\/299363825_10217470609116033_138735913901768034_n.jpg\" \/>\n\t<meta property=\"og:image:width\" content=\"1024\" \/>\n\t<meta property=\"og:image:height\" content=\"466\" \/>\n\t<meta property=\"og:image:type\" content=\"image\/jpeg\" \/>\n<meta name=\"twitter:card\" content=\"summary_large_image\" \/>\n<meta name=\"twitter:label1\" content=\"Escrito por\" \/>\n\t<meta name=\"twitter:data1\" content=\"\" \/>\n\t<meta name=\"twitter:label2\" content=\"Tiempo de lectura\" \/>\n\t<meta name=\"twitter:data2\" content=\"2 minutos\" \/>\n<script type=\"application\/ld+json\" class=\"yoast-schema-graph\">{\"@context\":\"https:\\\/\\\/schema.org\",\"@graph\":[{\"@type\":\"Article\",\"@id\":\"https:\\\/\\\/cbne.cl\\\/wpCNE\\\/nuestros-invitados-de-honor-en-el-mes-de-la-solidaridad\\\/#article\",\"isPartOf\":{\"@id\":\"https:\\\/\\\/cbne.cl\\\/wpCNE\\\/nuestros-invitados-de-honor-en-el-mes-de-la-solidaridad\\\/\"},\"author\":{\"name\":\"\",\"@id\":\"\"},\"headline\":\"NUESTROS INVITADOS DE HONOR EN EL MES DE LA SOLIDARIDAD\",\"datePublished\":\"2022-08-19T14:51:00+00:00\",\"dateModified\":\"2022-09-15T13:24:14+00:00\",\"mainEntityOfPage\":{\"@id\":\"https:\\\/\\\/cbne.cl\\\/wpCNE\\\/nuestros-invitados-de-honor-en-el-mes-de-la-solidaridad\\\/\"},\"wordCount\":206,\"commentCount\":0,\"publisher\":{\"@id\":\"https:\\\/\\\/cbne.cl\\\/wpCNE\\\/#organization\"},\"image\":{\"@id\":\"https:\\\/\\\/cbne.cl\\\/wpCNE\\\/nuestros-invitados-de-honor-en-el-mes-de-la-solidaridad\\\/#primaryimage\"},\"thumbnailUrl\":\"https:\\\/\\\/cbne.cl\\\/wpCNE\\\/wp-content\\\/uploads\\\/2022\\\/08\\\/299363825_10217470609116033_138735913901768034_n.jpg\",\"articleSection\":[\"Noticias\"],\"inLanguage\":\"es\",\"potentialAction\":[{\"@type\":\"CommentAction\",\"name\":\"Comment\",\"target\":[\"https:\\\/\\\/cbne.cl\\\/wpCNE\\\/nuestros-invitados-de-honor-en-el-mes-de-la-solidaridad\\\/#respond\"]}]},{\"@type\":\"WebPage\",\"@id\":\"https:\\\/\\\/cbne.cl\\\/wpCNE\\\/nuestros-invitados-de-honor-en-el-mes-de-la-solidaridad\\\/\",\"url\":\"https:\\\/\\\/cbne.cl\\\/wpCNE\\\/nuestros-invitados-de-honor-en-el-mes-de-la-solidaridad\\\/\",\"name\":\"NUESTROS INVITADOS DE HONOR EN EL MES DE LA SOLIDARIDAD - COLEGIO BICENTENARIO NUEVA ESPERANZA\",\"isPartOf\":{\"@id\":\"https:\\\/\\\/cbne.cl\\\/wpCNE\\\/#website\"},\"primaryImageOfPage\":{\"@id\":\"https:\\\/\\\/cbne.cl\\\/wpCNE\\\/nuestros-invitados-de-honor-en-el-mes-de-la-solidaridad\\\/#primaryimage\"},\"image\":{\"@id\":\"https:\\\/\\\/cbne.cl\\\/wpCNE\\\/nuestros-invitados-de-honor-en-el-mes-de-la-solidaridad\\\/#primaryimage\"},\"thumbnailUrl\":\"https:\\\/\\\/cbne.cl\\\/wpCNE\\\/wp-content\\\/uploads\\\/2022\\\/08\\\/299363825_10217470609116033_138735913901768034_n.jpg\",\"datePublished\":\"2022-08-19T14:51:00+00:00\",\"dateModified\":\"2022-09-15T13:24:14+00:00\",\"description\":\"En el marco del mes de la solidaridad, instancia en la que realizamos actividades conmemorativas y celebramos pensando en los dem\u00e1s , tuvimos el agrado de invitar a nuestro colegio al personal de Aseo Municipal a un acto simb\u00f3lico en su nombre y destacar la importante labor que realizan dentro de la comunidad\",\"breadcrumb\":{\"@id\":\"https:\\\/\\\/cbne.cl\\\/wpCNE\\\/nuestros-invitados-de-honor-en-el-mes-de-la-solidaridad\\\/#breadcrumb\"},\"inLanguage\":\"es\",\"potentialAction\":[{\"@type\":\"ReadAction\",\"target\":[\"https:\\\/\\\/cbne.cl\\\/wpCNE\\\/nuestros-invitados-de-honor-en-el-mes-de-la-solidaridad\\\/\"]}]},{\"@type\":\"ImageObject\",\"inLanguage\":\"es\",\"@id\":\"https:\\\/\\\/cbne.cl\\\/wpCNE\\\/nuestros-invitados-de-honor-en-el-mes-de-la-solidaridad\\\/#primaryimage\",\"url\":\"https:\\\/\\\/cbne.cl\\\/wpCNE\\\/wp-content\\\/uploads\\\/2022\\\/08\\\/299363825_10217470609116033_138735913901768034_n.jpg\",\"contentUrl\":\"https:\\\/\\\/cbne.cl\\\/wpCNE\\\/wp-content\\\/uploads\\\/2022\\\/08\\\/299363825_10217470609116033_138735913901768034_n.jpg\",\"width\":1024,\"height\":466},{\"@type\":\"BreadcrumbList\",\"@id\":\"https:\\\/\\\/cbne.cl\\\/wpCNE\\\/nuestros-invitados-de-honor-en-el-mes-de-la-solidaridad\\\/#breadcrumb\",\"itemListElement\":[{\"@type\":\"ListItem\",\"position\":1,\"name\":\"Portada\",\"item\":\"https:\\\/\\\/cbne.cl\\\/wpCNE\\\/\"},{\"@type\":\"ListItem\",\"position\":2,\"name\":\"NUESTROS INVITADOS DE HONOR EN EL MES DE LA SOLIDARIDAD\"}]},{\"@type\":\"WebSite\",\"@id\":\"https:\\\/\\\/cbne.cl\\\/wpCNE\\\/#website\",\"url\":\"https:\\\/\\\/cbne.cl\\\/wpCNE\\\/\",\"name\":\"COLEGIO BICENTENARIO NUEVA ESPERANZA\",\"description\":\"&quot;Educando desde la afectividad&quot;\",\"publisher\":{\"@id\":\"https:\\\/\\\/cbne.cl\\\/wpCNE\\\/#organization\"},\"potentialAction\":[{\"@type\":\"SearchAction\",\"target\":{\"@type\":\"EntryPoint\",\"urlTemplate\":\"https:\\\/\\\/cbne.cl\\\/wpCNE\\\/?s={search_term_string}\"},\"query-input\":{\"@type\":\"PropertyValueSpecification\",\"valueRequired\":true,\"valueName\":\"search_term_string\"}}],\"inLanguage\":\"es\"},{\"@type\":\"Organization\",\"@id\":\"https:\\\/\\\/cbne.cl\\\/wpCNE\\\/#organization\",\"name\":\"COLEGIO BICENTENARIO NUEVA ESPERANZA\",\"url\":\"https:\\\/\\\/cbne.cl\\\/wpCNE\\\/\",\"logo\":{\"@type\":\"ImageObject\",\"inLanguage\":\"es\",\"@id\":\"https:\\\/\\\/cbne.cl\\\/wpCNE\\\/#\\\/schema\\\/logo\\\/image\\\/\",\"url\":\"https:\\\/\\\/cbne.cl\\\/wpCNE\\\/wp-content\\\/uploads\\\/2020\\\/07\\\/cropped-cropped-web150x150.png\",\"contentUrl\":\"https:\\\/\\\/cbne.cl\\\/wpCNE\\\/wp-content\\\/uploads\\\/2020\\\/07\\\/cropped-cropped-web150x150.png\",\"width\":150,\"height\":150,\"caption\":\"COLEGIO BICENTENARIO NUEVA ESPERANZA\"},\"image\":{\"@id\":\"https:\\\/\\\/cbne.cl\\\/wpCNE\\\/#\\\/schema\\\/logo\\\/image\\\/\"}},{\"@type\":\"Person\",\"@id\":\"\",\"url\":\"https:\\\/\\\/cbne.cl\\\/wpCNE\\\/author\\\/\"}]}<\/script>\n<!-- \/ Yoast SEO plugin. -->","yoast_head_json":{"title":"NUESTROS INVITADOS DE HONOR EN EL MES DE LA SOLIDARIDAD - COLEGIO BICENTENARIO NUEVA ESPERANZA","description":"En el marco del mes de la solidaridad, instancia en la que realizamos actividades conmemorativas y celebramos pensando en los dem\u00e1s , tuvimos el agrado de invitar a nuestro colegio al personal de Aseo Municipal a un acto simb\u00f3lico en su nombre y destacar la importante labor que realizan dentro de la comunidad","robots":{"index":"index","follow":"follow","max-snippet":"max-snippet:-1","max-image-preview":"max-image-preview:large","max-video-preview":"max-video-preview:-1"},"canonical":"https:\/\/cbne.cl\/wpCNE\/nuestros-invitados-de-honor-en-el-mes-de-la-solidaridad\/","og_locale":"es_ES","og_type":"article","og_title":"NUESTROS INVITADOS DE HONOR EN EL MES DE LA SOLIDARIDAD - COLEGIO BICENTENARIO NUEVA ESPERANZA","og_description":"En el marco del mes de la solidaridad, instancia en la que realizamos actividades conmemorativas y celebramos pensando en los dem\u00e1s , tuvimos el agrado de invitar a nuestro colegio al personal de Aseo Municipal a un acto simb\u00f3lico en su nombre y destacar la importante labor que realizan dentro de la comunidad","og_url":"https:\/\/cbne.cl\/wpCNE\/nuestros-invitados-de-honor-en-el-mes-de-la-solidaridad\/","og_site_name":"COLEGIO BICENTENARIO NUEVA ESPERANZA","article_published_time":"2022-08-19T14:51:00+00:00","article_modified_time":"2022-09-15T13:24:14+00:00","og_image":[{"width":1024,"height":466,"url":"https:\/\/cbne.cl\/wpCNE\/wp-content\/uploads\/2022\/08\/299363825_10217470609116033_138735913901768034_n.jpg","type":"image\/jpeg"}],"twitter_card":"summary_large_image","twitter_misc":{"Escrito por":"","Tiempo de lectura":"2 minutos"},"schema":{"@context":"https:\/\/schema.org","@graph":[{"@type":"Article","@id":"https:\/\/cbne.cl\/wpCNE\/nuestros-invitados-de-honor-en-el-mes-de-la-solidaridad\/#article","isPartOf":{"@id":"https:\/\/cbne.cl\/wpCNE\/nuestros-invitados-de-honor-en-el-mes-de-la-solidaridad\/"},"author":{"name":"","@id":""},"headline":"NUESTROS INVITADOS DE HONOR EN EL MES DE LA SOLIDARIDAD","datePublished":"2022-08-19T14:51:00+00:00","dateModified":"2022-09-15T13:24:14+00:00","mainEntityOfPage":{"@id":"https:\/\/cbne.cl\/wpCNE\/nuestros-invitados-de-honor-en-el-mes-de-la-solidaridad\/"},"wordCount":206,"commentCount":0,"publisher":{"@id":"https:\/\/cbne.cl\/wpCNE\/#organization"},"image":{"@id":"https:\/\/cbne.cl\/wpCNE\/nuestros-invitados-de-honor-en-el-mes-de-la-solidaridad\/#primaryimage"},"thumbnailUrl":"https:\/\/cbne.cl\/wpCNE\/wp-content\/uploads\/2022\/08\/299363825_10217470609116033_138735913901768034_n.jpg","articleSection":["Noticias"],"inLanguage":"es","potentialAction":[{"@type":"CommentAction","name":"Comment","target":["https:\/\/cbne.cl\/wpCNE\/nuestros-invitados-de-honor-en-el-mes-de-la-solidaridad\/#respond"]}]},{"@type":"WebPage","@id":"https:\/\/cbne.cl\/wpCNE\/nuestros-invitados-de-honor-en-el-mes-de-la-solidaridad\/","url":"https:\/\/cbne.cl\/wpCNE\/nuestros-invitados-de-honor-en-el-mes-de-la-solidaridad\/","name":"NUESTROS INVITADOS DE HONOR EN EL MES DE LA SOLIDARIDAD - COLEGIO BICENTENARIO NUEVA ESPERANZA","isPartOf":{"@id":"https:\/\/cbne.cl\/wpCNE\/#website"},"primaryImageOfPage":{"@id":"https:\/\/cbne.cl\/wpCNE\/nuestros-invitados-de-honor-en-el-mes-de-la-solidaridad\/#primaryimage"},"image":{"@id":"https:\/\/cbne.cl\/wpCNE\/nuestros-invitados-de-honor-en-el-mes-de-la-solidaridad\/#primaryimage"},"thumbnailUrl":"https:\/\/cbne.cl\/wpCNE\/wp-content\/uploads\/2022\/08\/299363825_10217470609116033_138735913901768034_n.jpg","datePublished":"2022-08-19T14:51:00+00:00","dateModified":"2022-09-15T13:24:14+00:00","description":"En el marco del mes de la solidaridad, instancia en la que realizamos actividades conmemorativas y celebramos pensando en los dem\u00e1s , tuvimos el agrado de invitar a nuestro colegio al personal de Aseo Municipal a un acto simb\u00f3lico en su nombre y destacar la importante labor que realizan dentro de la comunidad","breadcrumb":{"@id":"https:\/\/cbne.cl\/wpCNE\/nuestros-invitados-de-honor-en-el-mes-de-la-solidaridad\/#breadcrumb"},"inLanguage":"es","potentialAction":[{"@type":"ReadAction","target":["https:\/\/cbne.cl\/wpCNE\/nuestros-invitados-de-honor-en-el-mes-de-la-solidaridad\/"]}]},{"@type":"ImageObject","inLanguage":"es","@id":"https:\/\/cbne.cl\/wpCNE\/nuestros-invitados-de-honor-en-el-mes-de-la-solidaridad\/#primaryimage","url":"https:\/\/cbne.cl\/wpCNE\/wp-content\/uploads\/2022\/08\/299363825_10217470609116033_138735913901768034_n.jpg","contentUrl":"https:\/\/cbne.cl\/wpCNE\/wp-content\/uploads\/2022\/08\/299363825_10217470609116033_138735913901768034_n.jpg","width":1024,"height":466},{"@type":"BreadcrumbList","@id":"https:\/\/cbne.cl\/wpCNE\/nuestros-invitados-de-honor-en-el-mes-de-la-solidaridad\/#breadcrumb","itemListElement":[{"@type":"ListItem","position":1,"name":"Portada","item":"https:\/\/cbne.cl\/wpCNE\/"},{"@type":"ListItem","position":2,"name":"NUESTROS INVITADOS DE HONOR EN EL MES DE LA SOLIDARIDAD"}]},{"@type":"WebSite","@id":"https:\/\/cbne.cl\/wpCNE\/#website","url":"https:\/\/cbne.cl\/wpCNE\/","name":"COLEGIO BICENTENARIO NUEVA ESPERANZA","description":"&quot;Educando desde la afectividad&quot;","publisher":{"@id":"https:\/\/cbne.cl\/wpCNE\/#organization"},"potentialAction":[{"@type":"SearchAction","target":{"@type":"EntryPoint","urlTemplate":"https:\/\/cbne.cl\/wpCNE\/?s={search_term_string}"},"query-input":{"@type":"PropertyValueSpecification","valueRequired":true,"valueName":"search_term_string"}}],"inLanguage":"es"},{"@type":"Organization","@id":"https:\/\/cbne.cl\/wpCNE\/#organization","name":"COLEGIO BICENTENARIO NUEVA ESPERANZA","url":"https:\/\/cbne.cl\/wpCNE\/","logo":{"@type":"ImageObject","inLanguage":"es","@id":"https:\/\/cbne.cl\/wpCNE\/#\/schema\/logo\/image\/","url":"https:\/\/cbne.cl\/wpCNE\/wp-content\/uploads\/2020\/07\/cropped-cropped-web150x150.png","contentUrl":"https:\/\/cbne.cl\/wpCNE\/wp-content\/uploads\/2020\/07\/cropped-cropped-web150x150.png","width":150,"height":150,"caption":"COLEGIO BICENTENARIO NUEVA ESPERANZA"},"image":{"@id":"https:\/\/cbne.cl\/wpCNE\/#\/schema\/logo\/image\/"}},{"@type":"Person","@id":"","url":"https:\/\/cbne.cl\/wpCNE\/author\/"}]}},"featured_image_urls":{"full":["https:\/\/cbne.cl\/wpCNE\/wp-content\/uploads\/2022\/08\/299363825_10217470609116033_138735913901768034_n.jpg",1024,466,false],"thumbnail":["https:\/\/cbne.cl\/wpCNE\/wp-content\/uploads\/2022\/08\/299363825_10217470609116033_138735913901768034_n-150x150.jpg",150,150,true],"medium":["https:\/\/cbne.cl\/wpCNE\/wp-content\/uploads\/2022\/08\/299363825_10217470609116033_138735913901768034_n-300x137.jpg",300,137,true],"medium_large":["https:\/\/cbne.cl\/wpCNE\/wp-content\/uploads\/2022\/08\/299363825_10217470609116033_138735913901768034_n-768x350.jpg",640,292,true],"large":["https:\/\/cbne.cl\/wpCNE\/wp-content\/uploads\/2022\/08\/299363825_10217470609116033_138735913901768034_n.jpg",640,291,false],"1536x1536":["https:\/\/cbne.cl\/wpCNE\/wp-content\/uploads\/2022\/08\/299363825_10217470609116033_138735913901768034_n.jpg",1024,466,false],"2048x2048":["https:\/\/cbne.cl\/wpCNE\/wp-content\/uploads\/2022\/08\/299363825_10217470609116033_138735913901768034_n.jpg",1024,466,false],"morenews-large":["https:\/\/cbne.cl\/wpCNE\/wp-content\/uploads\/2022\/08\/299363825_10217470609116033_138735913901768034_n.jpg",825,375,false],"morenews-medium":["https:\/\/cbne.cl\/wpCNE\/wp-content\/uploads\/2022\/08\/299363825_10217470609116033_138735913901768034_n.jpg",590,268,false]},"author_info":{"display_name":"","author_link":"https:\/\/cbne.cl\/wpCNE\/author\/"},"category_info":"<a href=\"https:\/\/cbne.cl\/wpCNE\/category\/noticias\/\" rel=\"category tag\">Noticias<\/a>","tag_info":"Noticias","comment_count":"0","_links":{"self":[{"href":"https:\/\/cbne.cl\/wpCNE\/wp-json\/wp\/v2\/posts\/6733","targetHints":{"allow":["GET"]}}],"collection":[{"href":"https:\/\/cbne.cl\/wpCNE\/wp-json\/wp\/v2\/posts"}],"about":[{"href":"https:\/\/cbne.cl\/wpCNE\/wp-json\/wp\/v2\/types\/post"}],"author":[{"embeddable":true,"href":"https:\/\/cbne.cl\/wpCNE\/wp-json\/wp\/v2\/users\/4"}],"replies":[{"embeddable":true,"href":"https:\/\/cbne.cl\/wpCNE\/wp-json\/wp\/v2\/comments?post=6733"}],"version-history":[{"count":1,"href":"https:\/\/cbne.cl\/wpCNE\/wp-json\/wp\/v2\/posts\/6733\/revisions"}],"predecessor-version":[{"id":6736,"href":"https:\/\/cbne.cl\/wpCNE\/wp-json\/wp\/v2\/posts\/6733\/revisions\/6736"}],"wp:featuredmedia":[{"embeddable":true,"href":"https:\/\/cbne.cl\/wpCNE\/wp-json\/wp\/v2\/media\/6734"}],"wp:attachment":[{"href":"https:\/\/cbne.cl\/wpCNE\/wp-json\/wp\/v2\/media?parent=6733"}],"wp:term":[{"taxonomy":"category","embeddable":true,"href":"https:\/\/cbne.cl\/wpCNE\/wp-json\/wp\/v2\/categories?post=6733"},{"taxonomy":"post_tag","embeddable":true,"href":"https:\/\/cbne.cl\/wpCNE\/wp-json\/wp\/v2\/tags?post=6733"}],"curies":[{"name":"wp","href":"https:\/\/api.w.org\/{rel}","templated":true}]}}