{"id":6718,"date":"2022-08-16T10:05:00","date_gmt":"2022-08-16T14:05:00","guid":{"rendered":"https:\/\/colegionuevaesperanza.cl\/wpCNE\/?p=6718"},"modified":"2022-09-15T09:24:16","modified_gmt":"2022-09-15T13:24:16","slug":"nuestros-campeones-del-taekwondo","status":"publish","type":"post","link":"https:\/\/cbne.cl\/wpCNE\/nuestros-campeones-del-taekwondo\/","title":{"rendered":"NUESTROS CAMPEONES DEL TAEKWONDO"},"content":{"rendered":"\n<figure class=\"wp-block-image size-large\"><img fetchpriority=\"high\" decoding=\"async\" width=\"1024\" height=\"933\" src=\"https:\/\/colegionuevaesperanza.cl\/wpCNE\/wp-content\/uploads\/2022\/08\/299844197_10217461191920609_3860698054684284021_n-1024x933.jpg\" alt=\"\" class=\"wp-image-6719\" srcset=\"https:\/\/cbne.cl\/wpCNE\/wp-content\/uploads\/2022\/08\/299844197_10217461191920609_3860698054684284021_n-1024x933.jpg 1024w, https:\/\/cbne.cl\/wpCNE\/wp-content\/uploads\/2022\/08\/299844197_10217461191920609_3860698054684284021_n-300x273.jpg 300w, https:\/\/cbne.cl\/wpCNE\/wp-content\/uploads\/2022\/08\/299844197_10217461191920609_3860698054684284021_n-768x700.jpg 768w, https:\/\/cbne.cl\/wpCNE\/wp-content\/uploads\/2022\/08\/299844197_10217461191920609_3860698054684284021_n.jpg 1280w\" sizes=\"(max-width: 1024px) 100vw, 1024px\" \/><figcaption>Para muchos, el pasado fin de semana fueron d\u00edas de descanso y relajo en casa, con la familia, con amigos, etc. Sin embargo, para Sof\u00eda Vald\u00e9s, de 8vo b\u00e1sico, y para Mat\u00edas Constanzo, de 1ro medio, fueron d\u00edas de torneo y competici\u00f3n en el Regional de TAEKWONDO Quill\u00f3n 2022, donde tuvieron que pasar por desaf\u00edos que pusieron al l\u00edmite sus habilidades luch\u00edsticas y as\u00ed poder obtener un buen desempe\u00f1o en su categor\u00eda<\/figcaption><\/figure>\n\n\n\n<p>\u00a1Y as\u00ed lo fue! Porque ambos lograron quedarse dentro de los tres primeros en la cima del podio; Sof\u00eda Vald\u00e9s obtuvo el PRIMER LUGAR en su categor\u00eda; y Mat\u00edas Constanzo obtuvo el SEGUNDO LUGAR en el Regional de Taekwondo <img decoding=\"async\" height=\"16\" width=\"16\" src=\"https:\/\/static.xx.fbcdn.net\/images\/emoji.php\/v9\/t5b\/1.5\/16\/1f60d.png\" alt=\"\ud83d\ude0d\"><img decoding=\"async\" height=\"16\" width=\"16\" src=\"https:\/\/static.xx.fbcdn.net\/images\/emoji.php\/v9\/ta8\/1.5\/16\/1f601.png\" alt=\"\ud83d\ude01\">. \u00a1EXCELENTE!<\/p>\n\n\n\n<p>Cabe mencionar que en la misma instancia, se present\u00f3 adem\u00e1s nuestra estudiante Maite Campos, de 6to b\u00e1sico, en un combate de exhibici\u00f3n, de esta manera ayudamos que j\u00f3venes como ella puedan motivarse por la disciplina y comenzar un proceso de car\u00e1cter formativo dentro del deporte<img loading=\"lazy\" decoding=\"async\" height=\"16\" width=\"16\" src=\"https:\/\/static.xx.fbcdn.net\/images\/emoji.php\/v9\/t43\/1.5\/16\/1f970.png\" alt=\"\ud83e\udd70\">. \u00a1SUPER!<\/p>\n\n\n\n<p>Felicitamos a nuestros estudiantes y campeones regionales por el tremendo desempe\u00f1o este fin de semana! Les deseamos todo el \u00e9xito del mundo para los pr\u00f3ximos desaf\u00edos, que sin duda, dar\u00e1 de qu\u00e9 hablar. Que este resultado sea solo el comienzo para lograr todos sus objetivos en la disciplina <img loading=\"lazy\" decoding=\"async\" height=\"16\" width=\"16\" alt=\"\ud83d\ude09\" src=\"https:\/\/static.xx.fbcdn.net\/images\/emoji.php\/v9\/tb0\/1.5\/16\/1f609.png\"><img loading=\"lazy\" decoding=\"async\" height=\"16\" width=\"16\" alt=\"\ud83d\ude0c\" src=\"https:\/\/static.xx.fbcdn.net\/images\/emoji.php\/v9\/tda\/1.5\/16\/1f60c.png\">.<\/p>\n\n\n\n<p>FELICITAMOS A NUESTROS CAMPEONES REGIONALES <img loading=\"lazy\" decoding=\"async\" height=\"16\" width=\"16\" src=\"https:\/\/static.xx.fbcdn.net\/images\/emoji.php\/v9\/t43\/1.5\/16\/1f970.png\" alt=\"\ud83e\udd70\"><img loading=\"lazy\" decoding=\"async\" height=\"16\" width=\"16\" src=\"https:\/\/static.xx.fbcdn.net\/images\/emoji.php\/v9\/t98\/1.5\/16\/1f94b.png\" alt=\"\ud83e\udd4b\"><\/p>\n\n\n\n<figure class=\"wp-block-image size-large\"><img loading=\"lazy\" decoding=\"async\" width=\"1024\" height=\"1009\" src=\"https:\/\/colegionuevaesperanza.cl\/wpCNE\/wp-content\/uploads\/2022\/08\/299702327_10217461191880608_5641191735533065846_n-1024x1009.jpg\" alt=\"\" class=\"wp-image-6720\" srcset=\"https:\/\/cbne.cl\/wpCNE\/wp-content\/uploads\/2022\/08\/299702327_10217461191880608_5641191735533065846_n-1024x1009.jpg 1024w, https:\/\/cbne.cl\/wpCNE\/wp-content\/uploads\/2022\/08\/299702327_10217461191880608_5641191735533065846_n-300x296.jpg 300w, https:\/\/cbne.cl\/wpCNE\/wp-content\/uploads\/2022\/08\/299702327_10217461191880608_5641191735533065846_n-768x757.jpg 768w, https:\/\/cbne.cl\/wpCNE\/wp-content\/uploads\/2022\/08\/299702327_10217461191880608_5641191735533065846_n-50x50.jpg 50w, https:\/\/cbne.cl\/wpCNE\/wp-content\/uploads\/2022\/08\/299702327_10217461191880608_5641191735533065846_n-80x80.jpg 80w, https:\/\/cbne.cl\/wpCNE\/wp-content\/uploads\/2022\/08\/299702327_10217461191880608_5641191735533065846_n.jpg 1280w\" sizes=\"(max-width: 1024px) 100vw, 1024px\" \/><\/figure>\n\n\n\n<figure class=\"wp-block-image size-large\"><img loading=\"lazy\" decoding=\"async\" width=\"768\" height=\"1024\" src=\"https:\/\/colegionuevaesperanza.cl\/wpCNE\/wp-content\/uploads\/2022\/08\/299999538_10217461210561075_3223990505125941978_n-768x1024.jpg\" alt=\"\" class=\"wp-image-6721\" srcset=\"https:\/\/cbne.cl\/wpCNE\/wp-content\/uploads\/2022\/08\/299999538_10217461210561075_3223990505125941978_n-768x1024.jpg 768w, https:\/\/cbne.cl\/wpCNE\/wp-content\/uploads\/2022\/08\/299999538_10217461210561075_3223990505125941978_n-225x300.jpg 225w, https:\/\/cbne.cl\/wpCNE\/wp-content\/uploads\/2022\/08\/299999538_10217461210561075_3223990505125941978_n.jpg 960w\" sizes=\"(max-width: 768px) 100vw, 768px\" \/><\/figure>\n","protected":false},"excerpt":{"rendered":"<p>\u00a1Y as\u00ed lo fue! Porque ambos lograron quedarse dentro de los tres primeros en la cima del podio;<\/p>\n","protected":false},"author":4,"featured_media":0,"comment_status":"open","ping_status":"closed","sticky":false,"template":"","format":"standard","meta":{"footnotes":""},"categories":[254,1],"tags":[],"class_list":["post-6718","post","type-post","status-publish","format-standard","hentry","category-noticias","category-uncategorized"],"yoast_head":"<!-- This site is optimized with the Yoast SEO plugin v27.5 - https:\/\/yoast.com\/product\/yoast-seo-wordpress\/ -->\n<title>NUESTROS CAMPEONES DEL TAEKWONDO - COLEGIO BICENTENARIO NUEVA ESPERANZA<\/title>\n<meta name=\"robots\" content=\"index, follow, max-snippet:-1, max-image-preview:large, max-video-preview:-1\" \/>\n<link rel=\"canonical\" href=\"https:\/\/cbne.cl\/wpCNE\/nuestros-campeones-del-taekwondo\/\" \/>\n<meta property=\"og:locale\" content=\"es_ES\" \/>\n<meta property=\"og:type\" content=\"article\" \/>\n<meta property=\"og:title\" content=\"NUESTROS CAMPEONES DEL TAEKWONDO - COLEGIO BICENTENARIO NUEVA ESPERANZA\" \/>\n<meta property=\"og:description\" content=\"\u00a1Y as\u00ed lo fue! Porque ambos lograron quedarse dentro de los tres primeros en la cima del podio;\" \/>\n<meta property=\"og:url\" content=\"https:\/\/cbne.cl\/wpCNE\/nuestros-campeones-del-taekwondo\/\" \/>\n<meta property=\"og:site_name\" content=\"COLEGIO BICENTENARIO NUEVA ESPERANZA\" \/>\n<meta property=\"article:published_time\" content=\"2022-08-16T14:05:00+00:00\" \/>\n<meta property=\"article:modified_time\" content=\"2022-09-15T13:24:16+00:00\" \/>\n<meta property=\"og:image\" content=\"https:\/\/colegionuevaesperanza.cl\/wpCNE\/wp-content\/uploads\/2022\/08\/299844197_10217461191920609_3860698054684284021_n-1024x933.jpg\" \/>\n<meta name=\"twitter:card\" content=\"summary_large_image\" \/>\n<meta name=\"twitter:label1\" content=\"Escrito por\" \/>\n\t<meta name=\"twitter:data1\" content=\"\" \/>\n\t<meta name=\"twitter:label2\" content=\"Tiempo de lectura\" \/>\n\t<meta name=\"twitter:data2\" content=\"3 minutos\" \/>\n<script type=\"application\/ld+json\" class=\"yoast-schema-graph\">{\"@context\":\"https:\\\/\\\/schema.org\",\"@graph\":[{\"@type\":\"Article\",\"@id\":\"https:\\\/\\\/cbne.cl\\\/wpCNE\\\/nuestros-campeones-del-taekwondo\\\/#article\",\"isPartOf\":{\"@id\":\"https:\\\/\\\/cbne.cl\\\/wpCNE\\\/nuestros-campeones-del-taekwondo\\\/\"},\"author\":{\"name\":\"\",\"@id\":\"\"},\"headline\":\"NUESTROS CAMPEONES DEL TAEKWONDO\",\"datePublished\":\"2022-08-16T14:05:00+00:00\",\"dateModified\":\"2022-09-15T13:24:16+00:00\",\"mainEntityOfPage\":{\"@id\":\"https:\\\/\\\/cbne.cl\\\/wpCNE\\\/nuestros-campeones-del-taekwondo\\\/\"},\"wordCount\":239,\"commentCount\":0,\"publisher\":{\"@id\":\"https:\\\/\\\/cbne.cl\\\/wpCNE\\\/#organization\"},\"image\":{\"@id\":\"https:\\\/\\\/cbne.cl\\\/wpCNE\\\/nuestros-campeones-del-taekwondo\\\/#primaryimage\"},\"thumbnailUrl\":\"https:\\\/\\\/colegionuevaesperanza.cl\\\/wpCNE\\\/wp-content\\\/uploads\\\/2022\\\/08\\\/299844197_10217461191920609_3860698054684284021_n-1024x933.jpg\",\"articleSection\":[\"Noticias\",\"Uncategorized\"],\"inLanguage\":\"es\",\"potentialAction\":[{\"@type\":\"CommentAction\",\"name\":\"Comment\",\"target\":[\"https:\\\/\\\/cbne.cl\\\/wpCNE\\\/nuestros-campeones-del-taekwondo\\\/#respond\"]}]},{\"@type\":\"WebPage\",\"@id\":\"https:\\\/\\\/cbne.cl\\\/wpCNE\\\/nuestros-campeones-del-taekwondo\\\/\",\"url\":\"https:\\\/\\\/cbne.cl\\\/wpCNE\\\/nuestros-campeones-del-taekwondo\\\/\",\"name\":\"NUESTROS CAMPEONES DEL TAEKWONDO - COLEGIO BICENTENARIO NUEVA ESPERANZA\",\"isPartOf\":{\"@id\":\"https:\\\/\\\/cbne.cl\\\/wpCNE\\\/#website\"},\"primaryImageOfPage\":{\"@id\":\"https:\\\/\\\/cbne.cl\\\/wpCNE\\\/nuestros-campeones-del-taekwondo\\\/#primaryimage\"},\"image\":{\"@id\":\"https:\\\/\\\/cbne.cl\\\/wpCNE\\\/nuestros-campeones-del-taekwondo\\\/#primaryimage\"},\"thumbnailUrl\":\"https:\\\/\\\/colegionuevaesperanza.cl\\\/wpCNE\\\/wp-content\\\/uploads\\\/2022\\\/08\\\/299844197_10217461191920609_3860698054684284021_n-1024x933.jpg\",\"datePublished\":\"2022-08-16T14:05:00+00:00\",\"dateModified\":\"2022-09-15T13:24:16+00:00\",\"breadcrumb\":{\"@id\":\"https:\\\/\\\/cbne.cl\\\/wpCNE\\\/nuestros-campeones-del-taekwondo\\\/#breadcrumb\"},\"inLanguage\":\"es\",\"potentialAction\":[{\"@type\":\"ReadAction\",\"target\":[\"https:\\\/\\\/cbne.cl\\\/wpCNE\\\/nuestros-campeones-del-taekwondo\\\/\"]}]},{\"@type\":\"ImageObject\",\"inLanguage\":\"es\",\"@id\":\"https:\\\/\\\/cbne.cl\\\/wpCNE\\\/nuestros-campeones-del-taekwondo\\\/#primaryimage\",\"url\":\"https:\\\/\\\/colegionuevaesperanza.cl\\\/wpCNE\\\/wp-content\\\/uploads\\\/2022\\\/08\\\/299844197_10217461191920609_3860698054684284021_n-1024x933.jpg\",\"contentUrl\":\"https:\\\/\\\/colegionuevaesperanza.cl\\\/wpCNE\\\/wp-content\\\/uploads\\\/2022\\\/08\\\/299844197_10217461191920609_3860698054684284021_n-1024x933.jpg\"},{\"@type\":\"BreadcrumbList\",\"@id\":\"https:\\\/\\\/cbne.cl\\\/wpCNE\\\/nuestros-campeones-del-taekwondo\\\/#breadcrumb\",\"itemListElement\":[{\"@type\":\"ListItem\",\"position\":1,\"name\":\"Portada\",\"item\":\"https:\\\/\\\/cbne.cl\\\/wpCNE\\\/\"},{\"@type\":\"ListItem\",\"position\":2,\"name\":\"NUESTROS CAMPEONES DEL TAEKWONDO\"}]},{\"@type\":\"WebSite\",\"@id\":\"https:\\\/\\\/cbne.cl\\\/wpCNE\\\/#website\",\"url\":\"https:\\\/\\\/cbne.cl\\\/wpCNE\\\/\",\"name\":\"COLEGIO BICENTENARIO NUEVA ESPERANZA\",\"description\":\"&quot;Educando desde la afectividad&quot;\",\"publisher\":{\"@id\":\"https:\\\/\\\/cbne.cl\\\/wpCNE\\\/#organization\"},\"potentialAction\":[{\"@type\":\"SearchAction\",\"target\":{\"@type\":\"EntryPoint\",\"urlTemplate\":\"https:\\\/\\\/cbne.cl\\\/wpCNE\\\/?s={search_term_string}\"},\"query-input\":{\"@type\":\"PropertyValueSpecification\",\"valueRequired\":true,\"valueName\":\"search_term_string\"}}],\"inLanguage\":\"es\"},{\"@type\":\"Organization\",\"@id\":\"https:\\\/\\\/cbne.cl\\\/wpCNE\\\/#organization\",\"name\":\"COLEGIO BICENTENARIO NUEVA ESPERANZA\",\"url\":\"https:\\\/\\\/cbne.cl\\\/wpCNE\\\/\",\"logo\":{\"@type\":\"ImageObject\",\"inLanguage\":\"es\",\"@id\":\"https:\\\/\\\/cbne.cl\\\/wpCNE\\\/#\\\/schema\\\/logo\\\/image\\\/\",\"url\":\"https:\\\/\\\/cbne.cl\\\/wpCNE\\\/wp-content\\\/uploads\\\/2020\\\/07\\\/cropped-cropped-web150x150.png\",\"contentUrl\":\"https:\\\/\\\/cbne.cl\\\/wpCNE\\\/wp-content\\\/uploads\\\/2020\\\/07\\\/cropped-cropped-web150x150.png\",\"width\":150,\"height\":150,\"caption\":\"COLEGIO BICENTENARIO NUEVA ESPERANZA\"},\"image\":{\"@id\":\"https:\\\/\\\/cbne.cl\\\/wpCNE\\\/#\\\/schema\\\/logo\\\/image\\\/\"}},{\"@type\":\"Person\",\"@id\":\"\",\"url\":\"https:\\\/\\\/cbne.cl\\\/wpCNE\\\/author\\\/\"}]}<\/script>\n<!-- \/ Yoast SEO plugin. -->","yoast_head_json":{"title":"NUESTROS CAMPEONES DEL TAEKWONDO - COLEGIO BICENTENARIO NUEVA ESPERANZA","robots":{"index":"index","follow":"follow","max-snippet":"max-snippet:-1","max-image-preview":"max-image-preview:large","max-video-preview":"max-video-preview:-1"},"canonical":"https:\/\/cbne.cl\/wpCNE\/nuestros-campeones-del-taekwondo\/","og_locale":"es_ES","og_type":"article","og_title":"NUESTROS CAMPEONES DEL TAEKWONDO - COLEGIO BICENTENARIO NUEVA ESPERANZA","og_description":"\u00a1Y as\u00ed lo fue! Porque ambos lograron quedarse dentro de los tres primeros en la cima del podio;","og_url":"https:\/\/cbne.cl\/wpCNE\/nuestros-campeones-del-taekwondo\/","og_site_name":"COLEGIO BICENTENARIO NUEVA ESPERANZA","article_published_time":"2022-08-16T14:05:00+00:00","article_modified_time":"2022-09-15T13:24:16+00:00","og_image":[{"url":"https:\/\/colegionuevaesperanza.cl\/wpCNE\/wp-content\/uploads\/2022\/08\/299844197_10217461191920609_3860698054684284021_n-1024x933.jpg","type":"","width":"","height":""}],"twitter_card":"summary_large_image","twitter_misc":{"Escrito por":"","Tiempo de lectura":"3 minutos"},"schema":{"@context":"https:\/\/schema.org","@graph":[{"@type":"Article","@id":"https:\/\/cbne.cl\/wpCNE\/nuestros-campeones-del-taekwondo\/#article","isPartOf":{"@id":"https:\/\/cbne.cl\/wpCNE\/nuestros-campeones-del-taekwondo\/"},"author":{"name":"","@id":""},"headline":"NUESTROS CAMPEONES DEL TAEKWONDO","datePublished":"2022-08-16T14:05:00+00:00","dateModified":"2022-09-15T13:24:16+00:00","mainEntityOfPage":{"@id":"https:\/\/cbne.cl\/wpCNE\/nuestros-campeones-del-taekwondo\/"},"wordCount":239,"commentCount":0,"publisher":{"@id":"https:\/\/cbne.cl\/wpCNE\/#organization"},"image":{"@id":"https:\/\/cbne.cl\/wpCNE\/nuestros-campeones-del-taekwondo\/#primaryimage"},"thumbnailUrl":"https:\/\/colegionuevaesperanza.cl\/wpCNE\/wp-content\/uploads\/2022\/08\/299844197_10217461191920609_3860698054684284021_n-1024x933.jpg","articleSection":["Noticias","Uncategorized"],"inLanguage":"es","potentialAction":[{"@type":"CommentAction","name":"Comment","target":["https:\/\/cbne.cl\/wpCNE\/nuestros-campeones-del-taekwondo\/#respond"]}]},{"@type":"WebPage","@id":"https:\/\/cbne.cl\/wpCNE\/nuestros-campeones-del-taekwondo\/","url":"https:\/\/cbne.cl\/wpCNE\/nuestros-campeones-del-taekwondo\/","name":"NUESTROS CAMPEONES DEL TAEKWONDO - COLEGIO BICENTENARIO NUEVA ESPERANZA","isPartOf":{"@id":"https:\/\/cbne.cl\/wpCNE\/#website"},"primaryImageOfPage":{"@id":"https:\/\/cbne.cl\/wpCNE\/nuestros-campeones-del-taekwondo\/#primaryimage"},"image":{"@id":"https:\/\/cbne.cl\/wpCNE\/nuestros-campeones-del-taekwondo\/#primaryimage"},"thumbnailUrl":"https:\/\/colegionuevaesperanza.cl\/wpCNE\/wp-content\/uploads\/2022\/08\/299844197_10217461191920609_3860698054684284021_n-1024x933.jpg","datePublished":"2022-08-16T14:05:00+00:00","dateModified":"2022-09-15T13:24:16+00:00","breadcrumb":{"@id":"https:\/\/cbne.cl\/wpCNE\/nuestros-campeones-del-taekwondo\/#breadcrumb"},"inLanguage":"es","potentialAction":[{"@type":"ReadAction","target":["https:\/\/cbne.cl\/wpCNE\/nuestros-campeones-del-taekwondo\/"]}]},{"@type":"ImageObject","inLanguage":"es","@id":"https:\/\/cbne.cl\/wpCNE\/nuestros-campeones-del-taekwondo\/#primaryimage","url":"https:\/\/colegionuevaesperanza.cl\/wpCNE\/wp-content\/uploads\/2022\/08\/299844197_10217461191920609_3860698054684284021_n-1024x933.jpg","contentUrl":"https:\/\/colegionuevaesperanza.cl\/wpCNE\/wp-content\/uploads\/2022\/08\/299844197_10217461191920609_3860698054684284021_n-1024x933.jpg"},{"@type":"BreadcrumbList","@id":"https:\/\/cbne.cl\/wpCNE\/nuestros-campeones-del-taekwondo\/#breadcrumb","itemListElement":[{"@type":"ListItem","position":1,"name":"Portada","item":"https:\/\/cbne.cl\/wpCNE\/"},{"@type":"ListItem","position":2,"name":"NUESTROS CAMPEONES DEL TAEKWONDO"}]},{"@type":"WebSite","@id":"https:\/\/cbne.cl\/wpCNE\/#website","url":"https:\/\/cbne.cl\/wpCNE\/","name":"COLEGIO BICENTENARIO NUEVA ESPERANZA","description":"&quot;Educando desde la afectividad&quot;","publisher":{"@id":"https:\/\/cbne.cl\/wpCNE\/#organization"},"potentialAction":[{"@type":"SearchAction","target":{"@type":"EntryPoint","urlTemplate":"https:\/\/cbne.cl\/wpCNE\/?s={search_term_string}"},"query-input":{"@type":"PropertyValueSpecification","valueRequired":true,"valueName":"search_term_string"}}],"inLanguage":"es"},{"@type":"Organization","@id":"https:\/\/cbne.cl\/wpCNE\/#organization","name":"COLEGIO BICENTENARIO NUEVA ESPERANZA","url":"https:\/\/cbne.cl\/wpCNE\/","logo":{"@type":"ImageObject","inLanguage":"es","@id":"https:\/\/cbne.cl\/wpCNE\/#\/schema\/logo\/image\/","url":"https:\/\/cbne.cl\/wpCNE\/wp-content\/uploads\/2020\/07\/cropped-cropped-web150x150.png","contentUrl":"https:\/\/cbne.cl\/wpCNE\/wp-content\/uploads\/2020\/07\/cropped-cropped-web150x150.png","width":150,"height":150,"caption":"COLEGIO BICENTENARIO NUEVA ESPERANZA"},"image":{"@id":"https:\/\/cbne.cl\/wpCNE\/#\/schema\/logo\/image\/"}},{"@type":"Person","@id":"","url":"https:\/\/cbne.cl\/wpCNE\/author\/"}]}},"featured_image_urls":{"full":"","thumbnail":"","medium":"","medium_large":"","large":"","1536x1536":"","2048x2048":"","morenews-large":"","morenews-medium":""},"author_info":{"display_name":"","author_link":"https:\/\/cbne.cl\/wpCNE\/author\/"},"category_info":"<a href=\"https:\/\/cbne.cl\/wpCNE\/category\/noticias\/\" rel=\"category tag\">Noticias<\/a> <a href=\"https:\/\/cbne.cl\/wpCNE\/category\/uncategorized\/\" rel=\"category tag\">Uncategorized<\/a>","tag_info":"Uncategorized","comment_count":"0","_links":{"self":[{"href":"https:\/\/cbne.cl\/wpCNE\/wp-json\/wp\/v2\/posts\/6718","targetHints":{"allow":["GET"]}}],"collection":[{"href":"https:\/\/cbne.cl\/wpCNE\/wp-json\/wp\/v2\/posts"}],"about":[{"href":"https:\/\/cbne.cl\/wpCNE\/wp-json\/wp\/v2\/types\/post"}],"author":[{"embeddable":true,"href":"https:\/\/cbne.cl\/wpCNE\/wp-json\/wp\/v2\/users\/4"}],"replies":[{"embeddable":true,"href":"https:\/\/cbne.cl\/wpCNE\/wp-json\/wp\/v2\/comments?post=6718"}],"version-history":[{"count":1,"href":"https:\/\/cbne.cl\/wpCNE\/wp-json\/wp\/v2\/posts\/6718\/revisions"}],"predecessor-version":[{"id":6722,"href":"https:\/\/cbne.cl\/wpCNE\/wp-json\/wp\/v2\/posts\/6718\/revisions\/6722"}],"wp:attachment":[{"href":"https:\/\/cbne.cl\/wpCNE\/wp-json\/wp\/v2\/media?parent=6718"}],"wp:term":[{"taxonomy":"category","embeddable":true,"href":"https:\/\/cbne.cl\/wpCNE\/wp-json\/wp\/v2\/categories?post=6718"},{"taxonomy":"post_tag","embeddable":true,"href":"https:\/\/cbne.cl\/wpCNE\/wp-json\/wp\/v2\/tags?post=6718"}],"curies":[{"name":"wp","href":"https:\/\/api.w.org\/{rel}","templated":true}]}}