{"id":6713,"date":"2022-08-12T11:02:00","date_gmt":"2022-08-12T15:02:00","guid":{"rendered":"https:\/\/colegionuevaesperanza.cl\/wpCNE\/?p=6713"},"modified":"2022-09-15T09:24:17","modified_gmt":"2022-09-15T13:24:17","slug":"celebramos-el-dia-internacional-de-la-juventud","status":"publish","type":"post","link":"https:\/\/cbne.cl\/wpCNE\/celebramos-el-dia-internacional-de-la-juventud\/","title":{"rendered":"CELEBRAMOS EL DIA INTERNACIONAL DE LA JUVENTUD"},"content":{"rendered":"\n<figure class=\"wp-block-image size-large\"><img fetchpriority=\"high\" decoding=\"async\" width=\"1024\" height=\"683\" src=\"https:\/\/colegionuevaesperanza.cl\/wpCNE\/wp-content\/uploads\/2022\/08\/298370097_10217448841811864_4777859807993564821_n-1024x683.jpg\" alt=\"\" class=\"wp-image-6714\" srcset=\"https:\/\/cbne.cl\/wpCNE\/wp-content\/uploads\/2022\/08\/298370097_10217448841811864_4777859807993564821_n-1024x683.jpg 1024w, https:\/\/cbne.cl\/wpCNE\/wp-content\/uploads\/2022\/08\/298370097_10217448841811864_4777859807993564821_n-300x200.jpg 300w, https:\/\/cbne.cl\/wpCNE\/wp-content\/uploads\/2022\/08\/298370097_10217448841811864_4777859807993564821_n-768x512.jpg 768w, https:\/\/cbne.cl\/wpCNE\/wp-content\/uploads\/2022\/08\/298370097_10217448841811864_4777859807993564821_n-1536x1024.jpg 1536w, https:\/\/cbne.cl\/wpCNE\/wp-content\/uploads\/2022\/08\/298370097_10217448841811864_4777859807993564821_n.jpg 2048w\" sizes=\"(max-width: 1024px) 100vw, 1024px\" \/><figcaption><br>Nos desconectamos un poco de nuestros quehaceres para disfrutar junto a nuestro j\u00f3venes estudiantes el D\u00eda Internacional de la Juventud en nuestro colegio, con stand informativos, juegos recreativos y jornadas de baile y zumba.<\/figcaption><\/figure>\n\n\n\n<p>El D\u00eda Internacional de la Juventud fue declarado por la asamblea General de las Naciones Unidas, en la que se indica que su conmemoraci\u00f3n sea el 12 de agosto de cada a\u00f1o. El objetivo es concienciar sobre ciertas barreras a la solidaridad intergeneracional, en particular la discriminaci\u00f3n por edad, que afecta a personas j\u00f3venes y mayores, al mismo tiempo que tiene efectos perjudiciales para la sociedad en su conjunto.<\/p>\n\n\n\n<p>En nuestro colegio lo celebramos con actividades informativas y recreativas para nuestros estudiantes de 7\u00b0 a 4to medio, mediante stand ilustrativos sobre educaci\u00f3n sexual por parte de \u00abEspacio amigable\u00bb del Hospital de Yungay, as\u00ed como personal de salud del \u00abPrograma adolescente, IRA-ERA y Rehabilitaci\u00f3n\u00bb que nos entreg\u00f3 tips de alimentaci\u00f3n y vida sana; no al consumo de cigarrillo y alcohol en j\u00f3venes.<\/p>\n\n\n\n<p>\u00a1Muchas gracias a todos quienes hicieron esta actividad posible!<\/p>\n\n\n\n<p>\u00a1Feliz d\u00eda de la juventud a toda nuestra comunidad estudiantil!<\/p>\n\n\n\n<figure class=\"wp-block-image size-large\"><img decoding=\"async\" width=\"1024\" height=\"683\" src=\"https:\/\/colegionuevaesperanza.cl\/wpCNE\/wp-content\/uploads\/2022\/08\/298422595_10217448852132122_5395122520209627022_n-1024x683.jpg\" alt=\"\" class=\"wp-image-6715\" srcset=\"https:\/\/cbne.cl\/wpCNE\/wp-content\/uploads\/2022\/08\/298422595_10217448852132122_5395122520209627022_n-1024x683.jpg 1024w, https:\/\/cbne.cl\/wpCNE\/wp-content\/uploads\/2022\/08\/298422595_10217448852132122_5395122520209627022_n-300x200.jpg 300w, https:\/\/cbne.cl\/wpCNE\/wp-content\/uploads\/2022\/08\/298422595_10217448852132122_5395122520209627022_n-768x512.jpg 768w, https:\/\/cbne.cl\/wpCNE\/wp-content\/uploads\/2022\/08\/298422595_10217448852132122_5395122520209627022_n-1536x1024.jpg 1536w, https:\/\/cbne.cl\/wpCNE\/wp-content\/uploads\/2022\/08\/298422595_10217448852132122_5395122520209627022_n.jpg 2048w\" sizes=\"(max-width: 1024px) 100vw, 1024px\" \/><\/figure>\n\n\n\n<figure class=\"wp-block-image size-large\"><img decoding=\"async\" width=\"1024\" height=\"683\" src=\"https:\/\/colegionuevaesperanza.cl\/wpCNE\/wp-content\/uploads\/2022\/08\/298428099_10217448850052070_755978472039370822_n-1024x683.jpg\" alt=\"\" class=\"wp-image-6716\" srcset=\"https:\/\/cbne.cl\/wpCNE\/wp-content\/uploads\/2022\/08\/298428099_10217448850052070_755978472039370822_n-1024x683.jpg 1024w, https:\/\/cbne.cl\/wpCNE\/wp-content\/uploads\/2022\/08\/298428099_10217448850052070_755978472039370822_n-300x200.jpg 300w, https:\/\/cbne.cl\/wpCNE\/wp-content\/uploads\/2022\/08\/298428099_10217448850052070_755978472039370822_n-768x512.jpg 768w, https:\/\/cbne.cl\/wpCNE\/wp-content\/uploads\/2022\/08\/298428099_10217448850052070_755978472039370822_n-1536x1024.jpg 1536w, https:\/\/cbne.cl\/wpCNE\/wp-content\/uploads\/2022\/08\/298428099_10217448850052070_755978472039370822_n.jpg 2048w\" sizes=\"(max-width: 1024px) 100vw, 1024px\" \/><\/figure>\n","protected":false},"excerpt":{"rendered":"<p>El D\u00eda Internacional de la Juventud fue declarado por la asamblea General de las Naciones Unidas, en la<\/p>\n","protected":false},"author":4,"featured_media":0,"comment_status":"open","ping_status":"closed","sticky":false,"template":"","format":"standard","meta":{"footnotes":""},"categories":[254,1],"tags":[],"class_list":["post-6713","post","type-post","status-publish","format-standard","hentry","category-noticias","category-uncategorized"],"yoast_head":"<!-- This site is optimized with the Yoast SEO plugin v27.5 - https:\/\/yoast.com\/product\/yoast-seo-wordpress\/ -->\n<title>CELEBRAMOS EL DIA INTERNACIONAL DE LA JUVENTUD - COLEGIO BICENTENARIO NUEVA ESPERANZA<\/title>\n<meta name=\"description\" content=\"Nos desconectamos un poco de nuestros quehaceres para disfrutar junto a nuestro j\u00f3venes estudiantes el D\u00eda Internacional de la Juventud en nuestro colegio, con stand informativos, juegos recreativos y jornadas de baile y zumba.\" \/>\n<meta name=\"robots\" content=\"index, follow, max-snippet:-1, max-image-preview:large, max-video-preview:-1\" \/>\n<link rel=\"canonical\" href=\"https:\/\/cbne.cl\/wpCNE\/celebramos-el-dia-internacional-de-la-juventud\/\" \/>\n<meta property=\"og:locale\" content=\"es_ES\" \/>\n<meta property=\"og:type\" content=\"article\" \/>\n<meta property=\"og:title\" content=\"CELEBRAMOS EL DIA INTERNACIONAL DE LA JUVENTUD - COLEGIO BICENTENARIO NUEVA ESPERANZA\" \/>\n<meta property=\"og:description\" content=\"Nos desconectamos un poco de nuestros quehaceres para disfrutar junto a nuestro j\u00f3venes estudiantes el D\u00eda Internacional de la Juventud en nuestro colegio, con stand informativos, juegos recreativos y jornadas de baile y zumba.\" \/>\n<meta property=\"og:url\" content=\"https:\/\/cbne.cl\/wpCNE\/celebramos-el-dia-internacional-de-la-juventud\/\" \/>\n<meta property=\"og:site_name\" content=\"COLEGIO BICENTENARIO NUEVA ESPERANZA\" \/>\n<meta property=\"article:published_time\" content=\"2022-08-12T15:02:00+00:00\" \/>\n<meta property=\"article:modified_time\" content=\"2022-09-15T13:24:17+00:00\" \/>\n<meta property=\"og:image\" content=\"https:\/\/colegionuevaesperanza.cl\/wpCNE\/wp-content\/uploads\/2022\/08\/298370097_10217448841811864_4777859807993564821_n-1024x683.jpg\" \/>\n<meta name=\"twitter:card\" content=\"summary_large_image\" \/>\n<meta name=\"twitter:label1\" content=\"Escrito por\" \/>\n\t<meta name=\"twitter:data1\" content=\"\" \/>\n\t<meta name=\"twitter:label2\" content=\"Tiempo de lectura\" \/>\n\t<meta name=\"twitter:data2\" content=\"2 minutos\" \/>\n<script type=\"application\/ld+json\" class=\"yoast-schema-graph\">{\"@context\":\"https:\\\/\\\/schema.org\",\"@graph\":[{\"@type\":\"Article\",\"@id\":\"https:\\\/\\\/cbne.cl\\\/wpCNE\\\/celebramos-el-dia-internacional-de-la-juventud\\\/#article\",\"isPartOf\":{\"@id\":\"https:\\\/\\\/cbne.cl\\\/wpCNE\\\/celebramos-el-dia-internacional-de-la-juventud\\\/\"},\"author\":{\"name\":\"\",\"@id\":\"\"},\"headline\":\"CELEBRAMOS EL DIA INTERNACIONAL DE LA JUVENTUD\",\"datePublished\":\"2022-08-12T15:02:00+00:00\",\"dateModified\":\"2022-09-15T13:24:17+00:00\",\"mainEntityOfPage\":{\"@id\":\"https:\\\/\\\/cbne.cl\\\/wpCNE\\\/celebramos-el-dia-internacional-de-la-juventud\\\/\"},\"wordCount\":201,\"commentCount\":0,\"publisher\":{\"@id\":\"https:\\\/\\\/cbne.cl\\\/wpCNE\\\/#organization\"},\"image\":{\"@id\":\"https:\\\/\\\/cbne.cl\\\/wpCNE\\\/celebramos-el-dia-internacional-de-la-juventud\\\/#primaryimage\"},\"thumbnailUrl\":\"https:\\\/\\\/colegionuevaesperanza.cl\\\/wpCNE\\\/wp-content\\\/uploads\\\/2022\\\/08\\\/298370097_10217448841811864_4777859807993564821_n-1024x683.jpg\",\"articleSection\":[\"Noticias\",\"Uncategorized\"],\"inLanguage\":\"es\",\"potentialAction\":[{\"@type\":\"CommentAction\",\"name\":\"Comment\",\"target\":[\"https:\\\/\\\/cbne.cl\\\/wpCNE\\\/celebramos-el-dia-internacional-de-la-juventud\\\/#respond\"]}]},{\"@type\":\"WebPage\",\"@id\":\"https:\\\/\\\/cbne.cl\\\/wpCNE\\\/celebramos-el-dia-internacional-de-la-juventud\\\/\",\"url\":\"https:\\\/\\\/cbne.cl\\\/wpCNE\\\/celebramos-el-dia-internacional-de-la-juventud\\\/\",\"name\":\"CELEBRAMOS EL DIA INTERNACIONAL DE LA JUVENTUD - COLEGIO BICENTENARIO NUEVA ESPERANZA\",\"isPartOf\":{\"@id\":\"https:\\\/\\\/cbne.cl\\\/wpCNE\\\/#website\"},\"primaryImageOfPage\":{\"@id\":\"https:\\\/\\\/cbne.cl\\\/wpCNE\\\/celebramos-el-dia-internacional-de-la-juventud\\\/#primaryimage\"},\"image\":{\"@id\":\"https:\\\/\\\/cbne.cl\\\/wpCNE\\\/celebramos-el-dia-internacional-de-la-juventud\\\/#primaryimage\"},\"thumbnailUrl\":\"https:\\\/\\\/colegionuevaesperanza.cl\\\/wpCNE\\\/wp-content\\\/uploads\\\/2022\\\/08\\\/298370097_10217448841811864_4777859807993564821_n-1024x683.jpg\",\"datePublished\":\"2022-08-12T15:02:00+00:00\",\"dateModified\":\"2022-09-15T13:24:17+00:00\",\"description\":\"Nos desconectamos un poco de nuestros quehaceres para disfrutar junto a nuestro j\u00f3venes estudiantes el D\u00eda Internacional de la Juventud en nuestro colegio, con stand informativos, juegos recreativos y jornadas de baile y zumba.\",\"breadcrumb\":{\"@id\":\"https:\\\/\\\/cbne.cl\\\/wpCNE\\\/celebramos-el-dia-internacional-de-la-juventud\\\/#breadcrumb\"},\"inLanguage\":\"es\",\"potentialAction\":[{\"@type\":\"ReadAction\",\"target\":[\"https:\\\/\\\/cbne.cl\\\/wpCNE\\\/celebramos-el-dia-internacional-de-la-juventud\\\/\"]}]},{\"@type\":\"ImageObject\",\"inLanguage\":\"es\",\"@id\":\"https:\\\/\\\/cbne.cl\\\/wpCNE\\\/celebramos-el-dia-internacional-de-la-juventud\\\/#primaryimage\",\"url\":\"https:\\\/\\\/colegionuevaesperanza.cl\\\/wpCNE\\\/wp-content\\\/uploads\\\/2022\\\/08\\\/298370097_10217448841811864_4777859807993564821_n-1024x683.jpg\",\"contentUrl\":\"https:\\\/\\\/colegionuevaesperanza.cl\\\/wpCNE\\\/wp-content\\\/uploads\\\/2022\\\/08\\\/298370097_10217448841811864_4777859807993564821_n-1024x683.jpg\"},{\"@type\":\"BreadcrumbList\",\"@id\":\"https:\\\/\\\/cbne.cl\\\/wpCNE\\\/celebramos-el-dia-internacional-de-la-juventud\\\/#breadcrumb\",\"itemListElement\":[{\"@type\":\"ListItem\",\"position\":1,\"name\":\"Portada\",\"item\":\"https:\\\/\\\/cbne.cl\\\/wpCNE\\\/\"},{\"@type\":\"ListItem\",\"position\":2,\"name\":\"CELEBRAMOS EL DIA INTERNACIONAL DE LA JUVENTUD\"}]},{\"@type\":\"WebSite\",\"@id\":\"https:\\\/\\\/cbne.cl\\\/wpCNE\\\/#website\",\"url\":\"https:\\\/\\\/cbne.cl\\\/wpCNE\\\/\",\"name\":\"COLEGIO BICENTENARIO NUEVA ESPERANZA\",\"description\":\"&quot;Educando desde la afectividad&quot;\",\"publisher\":{\"@id\":\"https:\\\/\\\/cbne.cl\\\/wpCNE\\\/#organization\"},\"potentialAction\":[{\"@type\":\"SearchAction\",\"target\":{\"@type\":\"EntryPoint\",\"urlTemplate\":\"https:\\\/\\\/cbne.cl\\\/wpCNE\\\/?s={search_term_string}\"},\"query-input\":{\"@type\":\"PropertyValueSpecification\",\"valueRequired\":true,\"valueName\":\"search_term_string\"}}],\"inLanguage\":\"es\"},{\"@type\":\"Organization\",\"@id\":\"https:\\\/\\\/cbne.cl\\\/wpCNE\\\/#organization\",\"name\":\"COLEGIO BICENTENARIO NUEVA ESPERANZA\",\"url\":\"https:\\\/\\\/cbne.cl\\\/wpCNE\\\/\",\"logo\":{\"@type\":\"ImageObject\",\"inLanguage\":\"es\",\"@id\":\"https:\\\/\\\/cbne.cl\\\/wpCNE\\\/#\\\/schema\\\/logo\\\/image\\\/\",\"url\":\"https:\\\/\\\/cbne.cl\\\/wpCNE\\\/wp-content\\\/uploads\\\/2020\\\/07\\\/cropped-cropped-web150x150.png\",\"contentUrl\":\"https:\\\/\\\/cbne.cl\\\/wpCNE\\\/wp-content\\\/uploads\\\/2020\\\/07\\\/cropped-cropped-web150x150.png\",\"width\":150,\"height\":150,\"caption\":\"COLEGIO BICENTENARIO NUEVA ESPERANZA\"},\"image\":{\"@id\":\"https:\\\/\\\/cbne.cl\\\/wpCNE\\\/#\\\/schema\\\/logo\\\/image\\\/\"}},{\"@type\":\"Person\",\"@id\":\"\",\"url\":\"https:\\\/\\\/cbne.cl\\\/wpCNE\\\/author\\\/\"}]}<\/script>\n<!-- \/ Yoast SEO plugin. -->","yoast_head_json":{"title":"CELEBRAMOS EL DIA INTERNACIONAL DE LA JUVENTUD - COLEGIO BICENTENARIO NUEVA ESPERANZA","description":"Nos desconectamos un poco de nuestros quehaceres para disfrutar junto a nuestro j\u00f3venes estudiantes el D\u00eda Internacional de la Juventud en nuestro colegio, con stand informativos, juegos recreativos y jornadas de baile y zumba.","robots":{"index":"index","follow":"follow","max-snippet":"max-snippet:-1","max-image-preview":"max-image-preview:large","max-video-preview":"max-video-preview:-1"},"canonical":"https:\/\/cbne.cl\/wpCNE\/celebramos-el-dia-internacional-de-la-juventud\/","og_locale":"es_ES","og_type":"article","og_title":"CELEBRAMOS EL DIA INTERNACIONAL DE LA JUVENTUD - COLEGIO BICENTENARIO NUEVA ESPERANZA","og_description":"Nos desconectamos un poco de nuestros quehaceres para disfrutar junto a nuestro j\u00f3venes estudiantes el D\u00eda Internacional de la Juventud en nuestro colegio, con stand informativos, juegos recreativos y jornadas de baile y zumba.","og_url":"https:\/\/cbne.cl\/wpCNE\/celebramos-el-dia-internacional-de-la-juventud\/","og_site_name":"COLEGIO BICENTENARIO NUEVA ESPERANZA","article_published_time":"2022-08-12T15:02:00+00:00","article_modified_time":"2022-09-15T13:24:17+00:00","og_image":[{"url":"https:\/\/colegionuevaesperanza.cl\/wpCNE\/wp-content\/uploads\/2022\/08\/298370097_10217448841811864_4777859807993564821_n-1024x683.jpg","type":"","width":"","height":""}],"twitter_card":"summary_large_image","twitter_misc":{"Escrito por":"","Tiempo de lectura":"2 minutos"},"schema":{"@context":"https:\/\/schema.org","@graph":[{"@type":"Article","@id":"https:\/\/cbne.cl\/wpCNE\/celebramos-el-dia-internacional-de-la-juventud\/#article","isPartOf":{"@id":"https:\/\/cbne.cl\/wpCNE\/celebramos-el-dia-internacional-de-la-juventud\/"},"author":{"name":"","@id":""},"headline":"CELEBRAMOS EL DIA INTERNACIONAL DE LA JUVENTUD","datePublished":"2022-08-12T15:02:00+00:00","dateModified":"2022-09-15T13:24:17+00:00","mainEntityOfPage":{"@id":"https:\/\/cbne.cl\/wpCNE\/celebramos-el-dia-internacional-de-la-juventud\/"},"wordCount":201,"commentCount":0,"publisher":{"@id":"https:\/\/cbne.cl\/wpCNE\/#organization"},"image":{"@id":"https:\/\/cbne.cl\/wpCNE\/celebramos-el-dia-internacional-de-la-juventud\/#primaryimage"},"thumbnailUrl":"https:\/\/colegionuevaesperanza.cl\/wpCNE\/wp-content\/uploads\/2022\/08\/298370097_10217448841811864_4777859807993564821_n-1024x683.jpg","articleSection":["Noticias","Uncategorized"],"inLanguage":"es","potentialAction":[{"@type":"CommentAction","name":"Comment","target":["https:\/\/cbne.cl\/wpCNE\/celebramos-el-dia-internacional-de-la-juventud\/#respond"]}]},{"@type":"WebPage","@id":"https:\/\/cbne.cl\/wpCNE\/celebramos-el-dia-internacional-de-la-juventud\/","url":"https:\/\/cbne.cl\/wpCNE\/celebramos-el-dia-internacional-de-la-juventud\/","name":"CELEBRAMOS EL DIA INTERNACIONAL DE LA JUVENTUD - COLEGIO BICENTENARIO NUEVA ESPERANZA","isPartOf":{"@id":"https:\/\/cbne.cl\/wpCNE\/#website"},"primaryImageOfPage":{"@id":"https:\/\/cbne.cl\/wpCNE\/celebramos-el-dia-internacional-de-la-juventud\/#primaryimage"},"image":{"@id":"https:\/\/cbne.cl\/wpCNE\/celebramos-el-dia-internacional-de-la-juventud\/#primaryimage"},"thumbnailUrl":"https:\/\/colegionuevaesperanza.cl\/wpCNE\/wp-content\/uploads\/2022\/08\/298370097_10217448841811864_4777859807993564821_n-1024x683.jpg","datePublished":"2022-08-12T15:02:00+00:00","dateModified":"2022-09-15T13:24:17+00:00","description":"Nos desconectamos un poco de nuestros quehaceres para disfrutar junto a nuestro j\u00f3venes estudiantes el D\u00eda Internacional de la Juventud en nuestro colegio, con stand informativos, juegos recreativos y jornadas de baile y zumba.","breadcrumb":{"@id":"https:\/\/cbne.cl\/wpCNE\/celebramos-el-dia-internacional-de-la-juventud\/#breadcrumb"},"inLanguage":"es","potentialAction":[{"@type":"ReadAction","target":["https:\/\/cbne.cl\/wpCNE\/celebramos-el-dia-internacional-de-la-juventud\/"]}]},{"@type":"ImageObject","inLanguage":"es","@id":"https:\/\/cbne.cl\/wpCNE\/celebramos-el-dia-internacional-de-la-juventud\/#primaryimage","url":"https:\/\/colegionuevaesperanza.cl\/wpCNE\/wp-content\/uploads\/2022\/08\/298370097_10217448841811864_4777859807993564821_n-1024x683.jpg","contentUrl":"https:\/\/colegionuevaesperanza.cl\/wpCNE\/wp-content\/uploads\/2022\/08\/298370097_10217448841811864_4777859807993564821_n-1024x683.jpg"},{"@type":"BreadcrumbList","@id":"https:\/\/cbne.cl\/wpCNE\/celebramos-el-dia-internacional-de-la-juventud\/#breadcrumb","itemListElement":[{"@type":"ListItem","position":1,"name":"Portada","item":"https:\/\/cbne.cl\/wpCNE\/"},{"@type":"ListItem","position":2,"name":"CELEBRAMOS EL DIA INTERNACIONAL DE LA JUVENTUD"}]},{"@type":"WebSite","@id":"https:\/\/cbne.cl\/wpCNE\/#website","url":"https:\/\/cbne.cl\/wpCNE\/","name":"COLEGIO BICENTENARIO NUEVA ESPERANZA","description":"&quot;Educando desde la afectividad&quot;","publisher":{"@id":"https:\/\/cbne.cl\/wpCNE\/#organization"},"potentialAction":[{"@type":"SearchAction","target":{"@type":"EntryPoint","urlTemplate":"https:\/\/cbne.cl\/wpCNE\/?s={search_term_string}"},"query-input":{"@type":"PropertyValueSpecification","valueRequired":true,"valueName":"search_term_string"}}],"inLanguage":"es"},{"@type":"Organization","@id":"https:\/\/cbne.cl\/wpCNE\/#organization","name":"COLEGIO BICENTENARIO NUEVA ESPERANZA","url":"https:\/\/cbne.cl\/wpCNE\/","logo":{"@type":"ImageObject","inLanguage":"es","@id":"https:\/\/cbne.cl\/wpCNE\/#\/schema\/logo\/image\/","url":"https:\/\/cbne.cl\/wpCNE\/wp-content\/uploads\/2020\/07\/cropped-cropped-web150x150.png","contentUrl":"https:\/\/cbne.cl\/wpCNE\/wp-content\/uploads\/2020\/07\/cropped-cropped-web150x150.png","width":150,"height":150,"caption":"COLEGIO BICENTENARIO NUEVA ESPERANZA"},"image":{"@id":"https:\/\/cbne.cl\/wpCNE\/#\/schema\/logo\/image\/"}},{"@type":"Person","@id":"","url":"https:\/\/cbne.cl\/wpCNE\/author\/"}]}},"featured_image_urls":{"full":"","thumbnail":"","medium":"","medium_large":"","large":"","1536x1536":"","2048x2048":"","morenews-large":"","morenews-medium":""},"author_info":{"display_name":"","author_link":"https:\/\/cbne.cl\/wpCNE\/author\/"},"category_info":"<a href=\"https:\/\/cbne.cl\/wpCNE\/category\/noticias\/\" rel=\"category tag\">Noticias<\/a> <a href=\"https:\/\/cbne.cl\/wpCNE\/category\/uncategorized\/\" rel=\"category tag\">Uncategorized<\/a>","tag_info":"Uncategorized","comment_count":"0","_links":{"self":[{"href":"https:\/\/cbne.cl\/wpCNE\/wp-json\/wp\/v2\/posts\/6713","targetHints":{"allow":["GET"]}}],"collection":[{"href":"https:\/\/cbne.cl\/wpCNE\/wp-json\/wp\/v2\/posts"}],"about":[{"href":"https:\/\/cbne.cl\/wpCNE\/wp-json\/wp\/v2\/types\/post"}],"author":[{"embeddable":true,"href":"https:\/\/cbne.cl\/wpCNE\/wp-json\/wp\/v2\/users\/4"}],"replies":[{"embeddable":true,"href":"https:\/\/cbne.cl\/wpCNE\/wp-json\/wp\/v2\/comments?post=6713"}],"version-history":[{"count":1,"href":"https:\/\/cbne.cl\/wpCNE\/wp-json\/wp\/v2\/posts\/6713\/revisions"}],"predecessor-version":[{"id":6717,"href":"https:\/\/cbne.cl\/wpCNE\/wp-json\/wp\/v2\/posts\/6713\/revisions\/6717"}],"wp:attachment":[{"href":"https:\/\/cbne.cl\/wpCNE\/wp-json\/wp\/v2\/media?parent=6713"}],"wp:term":[{"taxonomy":"category","embeddable":true,"href":"https:\/\/cbne.cl\/wpCNE\/wp-json\/wp\/v2\/categories?post=6713"},{"taxonomy":"post_tag","embeddable":true,"href":"https:\/\/cbne.cl\/wpCNE\/wp-json\/wp\/v2\/tags?post=6713"}],"curies":[{"name":"wp","href":"https:\/\/api.w.org\/{rel}","templated":true}]}}