{"id":6694,"date":"2022-08-06T09:38:00","date_gmt":"2022-08-06T13:38:00","guid":{"rendered":"https:\/\/colegionuevaesperanza.cl\/wpCNE\/?p=6694"},"modified":"2022-09-15T09:24:23","modified_gmt":"2022-09-15T13:24:23","slug":"el-campeon-sobre-ruedas-se-va-al-nacional","status":"publish","type":"post","link":"https:\/\/cbne.cl\/wpCNE\/el-campeon-sobre-ruedas-se-va-al-nacional\/","title":{"rendered":"EL CAMPE\u00d3N SOBRE RUEDAS SE VA AL NACIONAL"},"content":{"rendered":"\n<figure class=\"wp-block-image size-large\"><img fetchpriority=\"high\" decoding=\"async\" width=\"819\" height=\"1024\" src=\"https:\/\/colegionuevaesperanza.cl\/wpCNE\/wp-content\/uploads\/2022\/08\/297728345_10217428522903904_5821854188614235540_n-819x1024.jpg\" alt=\"\" class=\"wp-image-6695\" srcset=\"https:\/\/cbne.cl\/wpCNE\/wp-content\/uploads\/2022\/08\/297728345_10217428522903904_5821854188614235540_n-819x1024.jpg 819w, https:\/\/cbne.cl\/wpCNE\/wp-content\/uploads\/2022\/08\/297728345_10217428522903904_5821854188614235540_n-240x300.jpg 240w, https:\/\/cbne.cl\/wpCNE\/wp-content\/uploads\/2022\/08\/297728345_10217428522903904_5821854188614235540_n-768x960.jpg 768w, https:\/\/cbne.cl\/wpCNE\/wp-content\/uploads\/2022\/08\/297728345_10217428522903904_5821854188614235540_n-1229x1536.jpg 1229w, https:\/\/cbne.cl\/wpCNE\/wp-content\/uploads\/2022\/08\/297728345_10217428522903904_5821854188614235540_n.jpg 1440w\" sizes=\"(max-width: 819px) 100vw, 819px\" \/><\/figure>\n\n\n\n<p>Con una larga carrera de 30km, desaf\u00edos y largas competencias de dos d\u00edas bajo la lluvia y en dif\u00edciles circunstancias, Nicol\u00e1s Jara, estudiante de primero medio de nuestro colegio, se coron\u00f3 campe\u00f3n en el regional juvenil de ciclismo sub 14 y va rumbo al nacional de ciclismo el pr\u00f3ximo 30 de octubre en la comuna de San Pedro.<\/p>\n\n\n\n<p>Las competencias del regional, realizadas en la ciudad de Chill\u00e1n Viejo, se dividieron en dos d\u00edas y en tres competencias; la primera fue una ruta de 5km cronometrados, en el que Nico obtuvo el segundo lugar con una diferencia de 9seg. con el primero en llegar; la segunda etapa fue \u201cel gran fond\u201d, con una distancia de 30km. donde Nicol\u00e1s alcanz\u00f3 el primer podio; y la tercera etapa fue una ruta de 12km. donde obtuvo el segundo lugar.<\/p>\n\n\n\n<p>Tras su impecable desempe\u00f1o sobre las dos ruedas, Nicol\u00e1s clasific\u00f3 al nacional de ciclismo dentro de los cuatro mejores y formar\u00e1 parte de la selecci\u00f3n de la regi\u00f3n de \u00d1uble, quienes nos representar\u00e1n en el pr\u00f3ximo nacional de ciclismo a realizarse en la comuna de San Pedro en octubre y noviembre del presente a\u00f1o.<\/p>\n\n\n\n<p>\u00a1Felicitamos a Nicol\u00e1s por su brillante trabajo! Le deseamos todo el \u00e9xito del mundo en el nacional de ciclismo. Esperamos que sea un proceso de gran crecimiento y aprendizaje para ti y tu familia.<\/p>\n\n\n\n<p>\u00a1\u00c9xito Nico! <\/p>\n\n\n\n<figure class=\"wp-block-image size-large\"><img decoding=\"async\" width=\"819\" height=\"1024\" src=\"https:\/\/colegionuevaesperanza.cl\/wpCNE\/wp-content\/uploads\/2022\/08\/297886894_10217428522863903_6197591773416486596_n-819x1024.jpg\" alt=\"\" class=\"wp-image-6696\" srcset=\"https:\/\/cbne.cl\/wpCNE\/wp-content\/uploads\/2022\/08\/297886894_10217428522863903_6197591773416486596_n-819x1024.jpg 819w, https:\/\/cbne.cl\/wpCNE\/wp-content\/uploads\/2022\/08\/297886894_10217428522863903_6197591773416486596_n-240x300.jpg 240w, https:\/\/cbne.cl\/wpCNE\/wp-content\/uploads\/2022\/08\/297886894_10217428522863903_6197591773416486596_n-768x960.jpg 768w, https:\/\/cbne.cl\/wpCNE\/wp-content\/uploads\/2022\/08\/297886894_10217428522863903_6197591773416486596_n-1229x1536.jpg 1229w, https:\/\/cbne.cl\/wpCNE\/wp-content\/uploads\/2022\/08\/297886894_10217428522863903_6197591773416486596_n.jpg 1440w\" sizes=\"(max-width: 819px) 100vw, 819px\" \/><\/figure>\n","protected":false},"excerpt":{"rendered":"<p>Con una larga carrera de 30km, desaf\u00edos y largas competencias de dos d\u00edas bajo la lluvia y en<\/p>\n","protected":false},"author":4,"featured_media":0,"comment_status":"open","ping_status":"closed","sticky":false,"template":"","format":"standard","meta":{"footnotes":""},"categories":[254,1],"tags":[],"class_list":["post-6694","post","type-post","status-publish","format-standard","hentry","category-noticias","category-uncategorized"],"yoast_head":"<!-- This site is optimized with the Yoast SEO plugin v27.5 - https:\/\/yoast.com\/product\/yoast-seo-wordpress\/ -->\n<title>EL CAMPE\u00d3N SOBRE RUEDAS SE VA AL NACIONAL - COLEGIO BICENTENARIO NUEVA ESPERANZA<\/title>\n<meta name=\"description\" content=\"Con una larga carrera de 30km, desaf\u00edos y largas competencias de dos d\u00edas bajo la lluvia y en dif\u00edciles circunstancias, Nicol\u00e1s Jara, estudiante de primero medio de nuestro colegio, se coron\u00f3 campe\u00f3n en el regional juvenil de ciclismo sub 14 y va rumbo al nacional de ciclismo el pr\u00f3ximo 30 de octubre en la comuna de San Pedro.\" \/>\n<meta name=\"robots\" content=\"index, follow, max-snippet:-1, max-image-preview:large, max-video-preview:-1\" \/>\n<link rel=\"canonical\" href=\"https:\/\/cbne.cl\/wpCNE\/el-campeon-sobre-ruedas-se-va-al-nacional\/\" \/>\n<meta property=\"og:locale\" content=\"es_ES\" \/>\n<meta property=\"og:type\" content=\"article\" \/>\n<meta property=\"og:title\" content=\"EL CAMPE\u00d3N SOBRE RUEDAS SE VA AL NACIONAL - COLEGIO BICENTENARIO NUEVA ESPERANZA\" \/>\n<meta property=\"og:description\" content=\"Con una larga carrera de 30km, desaf\u00edos y largas competencias de dos d\u00edas bajo la lluvia y en dif\u00edciles circunstancias, Nicol\u00e1s Jara, estudiante de primero medio de nuestro colegio, se coron\u00f3 campe\u00f3n en el regional juvenil de ciclismo sub 14 y va rumbo al nacional de ciclismo el pr\u00f3ximo 30 de octubre en la comuna de San Pedro.\" \/>\n<meta property=\"og:url\" content=\"https:\/\/cbne.cl\/wpCNE\/el-campeon-sobre-ruedas-se-va-al-nacional\/\" \/>\n<meta property=\"og:site_name\" content=\"COLEGIO BICENTENARIO NUEVA ESPERANZA\" \/>\n<meta property=\"article:published_time\" content=\"2022-08-06T13:38:00+00:00\" \/>\n<meta property=\"article:modified_time\" content=\"2022-09-15T13:24:23+00:00\" \/>\n<meta property=\"og:image\" content=\"https:\/\/colegionuevaesperanza.cl\/wpCNE\/wp-content\/uploads\/2022\/08\/297728345_10217428522903904_5821854188614235540_n-819x1024.jpg\" \/>\n<meta name=\"twitter:card\" content=\"summary_large_image\" \/>\n<meta name=\"twitter:label1\" content=\"Escrito por\" \/>\n\t<meta name=\"twitter:data1\" content=\"\" \/>\n\t<meta name=\"twitter:label2\" content=\"Tiempo de lectura\" \/>\n\t<meta name=\"twitter:data2\" content=\"2 minutos\" \/>\n<script type=\"application\/ld+json\" class=\"yoast-schema-graph\">{\"@context\":\"https:\\\/\\\/schema.org\",\"@graph\":[{\"@type\":\"Article\",\"@id\":\"https:\\\/\\\/cbne.cl\\\/wpCNE\\\/el-campeon-sobre-ruedas-se-va-al-nacional\\\/#article\",\"isPartOf\":{\"@id\":\"https:\\\/\\\/cbne.cl\\\/wpCNE\\\/el-campeon-sobre-ruedas-se-va-al-nacional\\\/\"},\"author\":{\"name\":\"\",\"@id\":\"\"},\"headline\":\"EL CAMPE\u00d3N SOBRE RUEDAS SE VA AL NACIONAL\",\"datePublished\":\"2022-08-06T13:38:00+00:00\",\"dateModified\":\"2022-09-15T13:24:23+00:00\",\"mainEntityOfPage\":{\"@id\":\"https:\\\/\\\/cbne.cl\\\/wpCNE\\\/el-campeon-sobre-ruedas-se-va-al-nacional\\\/\"},\"wordCount\":250,\"commentCount\":0,\"publisher\":{\"@id\":\"https:\\\/\\\/cbne.cl\\\/wpCNE\\\/#organization\"},\"image\":{\"@id\":\"https:\\\/\\\/cbne.cl\\\/wpCNE\\\/el-campeon-sobre-ruedas-se-va-al-nacional\\\/#primaryimage\"},\"thumbnailUrl\":\"https:\\\/\\\/colegionuevaesperanza.cl\\\/wpCNE\\\/wp-content\\\/uploads\\\/2022\\\/08\\\/297728345_10217428522903904_5821854188614235540_n-819x1024.jpg\",\"articleSection\":[\"Noticias\",\"Uncategorized\"],\"inLanguage\":\"es\",\"potentialAction\":[{\"@type\":\"CommentAction\",\"name\":\"Comment\",\"target\":[\"https:\\\/\\\/cbne.cl\\\/wpCNE\\\/el-campeon-sobre-ruedas-se-va-al-nacional\\\/#respond\"]}]},{\"@type\":\"WebPage\",\"@id\":\"https:\\\/\\\/cbne.cl\\\/wpCNE\\\/el-campeon-sobre-ruedas-se-va-al-nacional\\\/\",\"url\":\"https:\\\/\\\/cbne.cl\\\/wpCNE\\\/el-campeon-sobre-ruedas-se-va-al-nacional\\\/\",\"name\":\"EL CAMPE\u00d3N SOBRE RUEDAS SE VA AL NACIONAL - COLEGIO BICENTENARIO NUEVA ESPERANZA\",\"isPartOf\":{\"@id\":\"https:\\\/\\\/cbne.cl\\\/wpCNE\\\/#website\"},\"primaryImageOfPage\":{\"@id\":\"https:\\\/\\\/cbne.cl\\\/wpCNE\\\/el-campeon-sobre-ruedas-se-va-al-nacional\\\/#primaryimage\"},\"image\":{\"@id\":\"https:\\\/\\\/cbne.cl\\\/wpCNE\\\/el-campeon-sobre-ruedas-se-va-al-nacional\\\/#primaryimage\"},\"thumbnailUrl\":\"https:\\\/\\\/colegionuevaesperanza.cl\\\/wpCNE\\\/wp-content\\\/uploads\\\/2022\\\/08\\\/297728345_10217428522903904_5821854188614235540_n-819x1024.jpg\",\"datePublished\":\"2022-08-06T13:38:00+00:00\",\"dateModified\":\"2022-09-15T13:24:23+00:00\",\"description\":\"Con una larga carrera de 30km, desaf\u00edos y largas competencias de dos d\u00edas bajo la lluvia y en dif\u00edciles circunstancias, Nicol\u00e1s Jara, estudiante de primero medio de nuestro colegio, se coron\u00f3 campe\u00f3n en el regional juvenil de ciclismo sub 14 y va rumbo al nacional de ciclismo el pr\u00f3ximo 30 de octubre en la comuna de San Pedro.\",\"breadcrumb\":{\"@id\":\"https:\\\/\\\/cbne.cl\\\/wpCNE\\\/el-campeon-sobre-ruedas-se-va-al-nacional\\\/#breadcrumb\"},\"inLanguage\":\"es\",\"potentialAction\":[{\"@type\":\"ReadAction\",\"target\":[\"https:\\\/\\\/cbne.cl\\\/wpCNE\\\/el-campeon-sobre-ruedas-se-va-al-nacional\\\/\"]}]},{\"@type\":\"ImageObject\",\"inLanguage\":\"es\",\"@id\":\"https:\\\/\\\/cbne.cl\\\/wpCNE\\\/el-campeon-sobre-ruedas-se-va-al-nacional\\\/#primaryimage\",\"url\":\"https:\\\/\\\/colegionuevaesperanza.cl\\\/wpCNE\\\/wp-content\\\/uploads\\\/2022\\\/08\\\/297728345_10217428522903904_5821854188614235540_n-819x1024.jpg\",\"contentUrl\":\"https:\\\/\\\/colegionuevaesperanza.cl\\\/wpCNE\\\/wp-content\\\/uploads\\\/2022\\\/08\\\/297728345_10217428522903904_5821854188614235540_n-819x1024.jpg\"},{\"@type\":\"BreadcrumbList\",\"@id\":\"https:\\\/\\\/cbne.cl\\\/wpCNE\\\/el-campeon-sobre-ruedas-se-va-al-nacional\\\/#breadcrumb\",\"itemListElement\":[{\"@type\":\"ListItem\",\"position\":1,\"name\":\"Portada\",\"item\":\"https:\\\/\\\/cbne.cl\\\/wpCNE\\\/\"},{\"@type\":\"ListItem\",\"position\":2,\"name\":\"EL CAMPE\u00d3N SOBRE RUEDAS SE VA AL NACIONAL\"}]},{\"@type\":\"WebSite\",\"@id\":\"https:\\\/\\\/cbne.cl\\\/wpCNE\\\/#website\",\"url\":\"https:\\\/\\\/cbne.cl\\\/wpCNE\\\/\",\"name\":\"COLEGIO BICENTENARIO NUEVA ESPERANZA\",\"description\":\"&quot;Educando desde la afectividad&quot;\",\"publisher\":{\"@id\":\"https:\\\/\\\/cbne.cl\\\/wpCNE\\\/#organization\"},\"potentialAction\":[{\"@type\":\"SearchAction\",\"target\":{\"@type\":\"EntryPoint\",\"urlTemplate\":\"https:\\\/\\\/cbne.cl\\\/wpCNE\\\/?s={search_term_string}\"},\"query-input\":{\"@type\":\"PropertyValueSpecification\",\"valueRequired\":true,\"valueName\":\"search_term_string\"}}],\"inLanguage\":\"es\"},{\"@type\":\"Organization\",\"@id\":\"https:\\\/\\\/cbne.cl\\\/wpCNE\\\/#organization\",\"name\":\"COLEGIO BICENTENARIO NUEVA ESPERANZA\",\"url\":\"https:\\\/\\\/cbne.cl\\\/wpCNE\\\/\",\"logo\":{\"@type\":\"ImageObject\",\"inLanguage\":\"es\",\"@id\":\"https:\\\/\\\/cbne.cl\\\/wpCNE\\\/#\\\/schema\\\/logo\\\/image\\\/\",\"url\":\"https:\\\/\\\/cbne.cl\\\/wpCNE\\\/wp-content\\\/uploads\\\/2020\\\/07\\\/cropped-cropped-web150x150.png\",\"contentUrl\":\"https:\\\/\\\/cbne.cl\\\/wpCNE\\\/wp-content\\\/uploads\\\/2020\\\/07\\\/cropped-cropped-web150x150.png\",\"width\":150,\"height\":150,\"caption\":\"COLEGIO BICENTENARIO NUEVA ESPERANZA\"},\"image\":{\"@id\":\"https:\\\/\\\/cbne.cl\\\/wpCNE\\\/#\\\/schema\\\/logo\\\/image\\\/\"}},{\"@type\":\"Person\",\"@id\":\"\",\"url\":\"https:\\\/\\\/cbne.cl\\\/wpCNE\\\/author\\\/\"}]}<\/script>\n<!-- \/ Yoast SEO plugin. -->","yoast_head_json":{"title":"EL CAMPE\u00d3N SOBRE RUEDAS SE VA AL NACIONAL - COLEGIO BICENTENARIO NUEVA ESPERANZA","description":"Con una larga carrera de 30km, desaf\u00edos y largas competencias de dos d\u00edas bajo la lluvia y en dif\u00edciles circunstancias, Nicol\u00e1s Jara, estudiante de primero medio de nuestro colegio, se coron\u00f3 campe\u00f3n en el regional juvenil de ciclismo sub 14 y va rumbo al nacional de ciclismo el pr\u00f3ximo 30 de octubre en la comuna de San Pedro.","robots":{"index":"index","follow":"follow","max-snippet":"max-snippet:-1","max-image-preview":"max-image-preview:large","max-video-preview":"max-video-preview:-1"},"canonical":"https:\/\/cbne.cl\/wpCNE\/el-campeon-sobre-ruedas-se-va-al-nacional\/","og_locale":"es_ES","og_type":"article","og_title":"EL CAMPE\u00d3N SOBRE RUEDAS SE VA AL NACIONAL - COLEGIO BICENTENARIO NUEVA ESPERANZA","og_description":"Con una larga carrera de 30km, desaf\u00edos y largas competencias de dos d\u00edas bajo la lluvia y en dif\u00edciles circunstancias, Nicol\u00e1s Jara, estudiante de primero medio de nuestro colegio, se coron\u00f3 campe\u00f3n en el regional juvenil de ciclismo sub 14 y va rumbo al nacional de ciclismo el pr\u00f3ximo 30 de octubre en la comuna de San Pedro.","og_url":"https:\/\/cbne.cl\/wpCNE\/el-campeon-sobre-ruedas-se-va-al-nacional\/","og_site_name":"COLEGIO BICENTENARIO NUEVA ESPERANZA","article_published_time":"2022-08-06T13:38:00+00:00","article_modified_time":"2022-09-15T13:24:23+00:00","og_image":[{"url":"https:\/\/colegionuevaesperanza.cl\/wpCNE\/wp-content\/uploads\/2022\/08\/297728345_10217428522903904_5821854188614235540_n-819x1024.jpg","type":"","width":"","height":""}],"twitter_card":"summary_large_image","twitter_misc":{"Escrito por":"","Tiempo de lectura":"2 minutos"},"schema":{"@context":"https:\/\/schema.org","@graph":[{"@type":"Article","@id":"https:\/\/cbne.cl\/wpCNE\/el-campeon-sobre-ruedas-se-va-al-nacional\/#article","isPartOf":{"@id":"https:\/\/cbne.cl\/wpCNE\/el-campeon-sobre-ruedas-se-va-al-nacional\/"},"author":{"name":"","@id":""},"headline":"EL CAMPE\u00d3N SOBRE RUEDAS SE VA AL NACIONAL","datePublished":"2022-08-06T13:38:00+00:00","dateModified":"2022-09-15T13:24:23+00:00","mainEntityOfPage":{"@id":"https:\/\/cbne.cl\/wpCNE\/el-campeon-sobre-ruedas-se-va-al-nacional\/"},"wordCount":250,"commentCount":0,"publisher":{"@id":"https:\/\/cbne.cl\/wpCNE\/#organization"},"image":{"@id":"https:\/\/cbne.cl\/wpCNE\/el-campeon-sobre-ruedas-se-va-al-nacional\/#primaryimage"},"thumbnailUrl":"https:\/\/colegionuevaesperanza.cl\/wpCNE\/wp-content\/uploads\/2022\/08\/297728345_10217428522903904_5821854188614235540_n-819x1024.jpg","articleSection":["Noticias","Uncategorized"],"inLanguage":"es","potentialAction":[{"@type":"CommentAction","name":"Comment","target":["https:\/\/cbne.cl\/wpCNE\/el-campeon-sobre-ruedas-se-va-al-nacional\/#respond"]}]},{"@type":"WebPage","@id":"https:\/\/cbne.cl\/wpCNE\/el-campeon-sobre-ruedas-se-va-al-nacional\/","url":"https:\/\/cbne.cl\/wpCNE\/el-campeon-sobre-ruedas-se-va-al-nacional\/","name":"EL CAMPE\u00d3N SOBRE RUEDAS SE VA AL NACIONAL - COLEGIO BICENTENARIO NUEVA ESPERANZA","isPartOf":{"@id":"https:\/\/cbne.cl\/wpCNE\/#website"},"primaryImageOfPage":{"@id":"https:\/\/cbne.cl\/wpCNE\/el-campeon-sobre-ruedas-se-va-al-nacional\/#primaryimage"},"image":{"@id":"https:\/\/cbne.cl\/wpCNE\/el-campeon-sobre-ruedas-se-va-al-nacional\/#primaryimage"},"thumbnailUrl":"https:\/\/colegionuevaesperanza.cl\/wpCNE\/wp-content\/uploads\/2022\/08\/297728345_10217428522903904_5821854188614235540_n-819x1024.jpg","datePublished":"2022-08-06T13:38:00+00:00","dateModified":"2022-09-15T13:24:23+00:00","description":"Con una larga carrera de 30km, desaf\u00edos y largas competencias de dos d\u00edas bajo la lluvia y en dif\u00edciles circunstancias, Nicol\u00e1s Jara, estudiante de primero medio de nuestro colegio, se coron\u00f3 campe\u00f3n en el regional juvenil de ciclismo sub 14 y va rumbo al nacional de ciclismo el pr\u00f3ximo 30 de octubre en la comuna de San Pedro.","breadcrumb":{"@id":"https:\/\/cbne.cl\/wpCNE\/el-campeon-sobre-ruedas-se-va-al-nacional\/#breadcrumb"},"inLanguage":"es","potentialAction":[{"@type":"ReadAction","target":["https:\/\/cbne.cl\/wpCNE\/el-campeon-sobre-ruedas-se-va-al-nacional\/"]}]},{"@type":"ImageObject","inLanguage":"es","@id":"https:\/\/cbne.cl\/wpCNE\/el-campeon-sobre-ruedas-se-va-al-nacional\/#primaryimage","url":"https:\/\/colegionuevaesperanza.cl\/wpCNE\/wp-content\/uploads\/2022\/08\/297728345_10217428522903904_5821854188614235540_n-819x1024.jpg","contentUrl":"https:\/\/colegionuevaesperanza.cl\/wpCNE\/wp-content\/uploads\/2022\/08\/297728345_10217428522903904_5821854188614235540_n-819x1024.jpg"},{"@type":"BreadcrumbList","@id":"https:\/\/cbne.cl\/wpCNE\/el-campeon-sobre-ruedas-se-va-al-nacional\/#breadcrumb","itemListElement":[{"@type":"ListItem","position":1,"name":"Portada","item":"https:\/\/cbne.cl\/wpCNE\/"},{"@type":"ListItem","position":2,"name":"EL CAMPE\u00d3N SOBRE RUEDAS SE VA AL NACIONAL"}]},{"@type":"WebSite","@id":"https:\/\/cbne.cl\/wpCNE\/#website","url":"https:\/\/cbne.cl\/wpCNE\/","name":"COLEGIO BICENTENARIO NUEVA ESPERANZA","description":"&quot;Educando desde la afectividad&quot;","publisher":{"@id":"https:\/\/cbne.cl\/wpCNE\/#organization"},"potentialAction":[{"@type":"SearchAction","target":{"@type":"EntryPoint","urlTemplate":"https:\/\/cbne.cl\/wpCNE\/?s={search_term_string}"},"query-input":{"@type":"PropertyValueSpecification","valueRequired":true,"valueName":"search_term_string"}}],"inLanguage":"es"},{"@type":"Organization","@id":"https:\/\/cbne.cl\/wpCNE\/#organization","name":"COLEGIO BICENTENARIO NUEVA ESPERANZA","url":"https:\/\/cbne.cl\/wpCNE\/","logo":{"@type":"ImageObject","inLanguage":"es","@id":"https:\/\/cbne.cl\/wpCNE\/#\/schema\/logo\/image\/","url":"https:\/\/cbne.cl\/wpCNE\/wp-content\/uploads\/2020\/07\/cropped-cropped-web150x150.png","contentUrl":"https:\/\/cbne.cl\/wpCNE\/wp-content\/uploads\/2020\/07\/cropped-cropped-web150x150.png","width":150,"height":150,"caption":"COLEGIO BICENTENARIO NUEVA ESPERANZA"},"image":{"@id":"https:\/\/cbne.cl\/wpCNE\/#\/schema\/logo\/image\/"}},{"@type":"Person","@id":"","url":"https:\/\/cbne.cl\/wpCNE\/author\/"}]}},"featured_image_urls":{"full":"","thumbnail":"","medium":"","medium_large":"","large":"","1536x1536":"","2048x2048":"","morenews-large":"","morenews-medium":""},"author_info":{"display_name":"","author_link":"https:\/\/cbne.cl\/wpCNE\/author\/"},"category_info":"<a href=\"https:\/\/cbne.cl\/wpCNE\/category\/noticias\/\" rel=\"category tag\">Noticias<\/a> <a href=\"https:\/\/cbne.cl\/wpCNE\/category\/uncategorized\/\" rel=\"category tag\">Uncategorized<\/a>","tag_info":"Uncategorized","comment_count":"0","_links":{"self":[{"href":"https:\/\/cbne.cl\/wpCNE\/wp-json\/wp\/v2\/posts\/6694","targetHints":{"allow":["GET"]}}],"collection":[{"href":"https:\/\/cbne.cl\/wpCNE\/wp-json\/wp\/v2\/posts"}],"about":[{"href":"https:\/\/cbne.cl\/wpCNE\/wp-json\/wp\/v2\/types\/post"}],"author":[{"embeddable":true,"href":"https:\/\/cbne.cl\/wpCNE\/wp-json\/wp\/v2\/users\/4"}],"replies":[{"embeddable":true,"href":"https:\/\/cbne.cl\/wpCNE\/wp-json\/wp\/v2\/comments?post=6694"}],"version-history":[{"count":1,"href":"https:\/\/cbne.cl\/wpCNE\/wp-json\/wp\/v2\/posts\/6694\/revisions"}],"predecessor-version":[{"id":6697,"href":"https:\/\/cbne.cl\/wpCNE\/wp-json\/wp\/v2\/posts\/6694\/revisions\/6697"}],"wp:attachment":[{"href":"https:\/\/cbne.cl\/wpCNE\/wp-json\/wp\/v2\/media?parent=6694"}],"wp:term":[{"taxonomy":"category","embeddable":true,"href":"https:\/\/cbne.cl\/wpCNE\/wp-json\/wp\/v2\/categories?post=6694"},{"taxonomy":"post_tag","embeddable":true,"href":"https:\/\/cbne.cl\/wpCNE\/wp-json\/wp\/v2\/tags?post=6694"}],"curies":[{"name":"wp","href":"https:\/\/api.w.org\/{rel}","templated":true}]}}