{"id":6689,"date":"2022-08-05T09:34:00","date_gmt":"2022-08-05T13:34:00","guid":{"rendered":"https:\/\/colegionuevaesperanza.cl\/wpCNE\/?p=6689"},"modified":"2022-09-15T11:59:22","modified_gmt":"2022-09-15T15:59:22","slug":"comenzamos-el-mes-de-la-solidaridad","status":"publish","type":"post","link":"https:\/\/cbne.cl\/wpCNE\/comenzamos-el-mes-de-la-solidaridad\/","title":{"rendered":"COMENZAMOS EL MES DE LA SOLIDARIDAD"},"content":{"rendered":"\n<p>Iniciamos el mes de agosto con una linda y emotiva campa\u00f1a solidaria de invierno 2022, \u00abEn tiempos de fr\u00edo, yo te cobijo\u00bb\u00a0<img decoding=\"async\" height=\"16\" width=\"16\" src=\"https:\/\/static.xx.fbcdn.net\/images\/emoji.php\/v9\/t43\/1.5\/16\/1f970.png\" alt=\"\ud83e\udd70\">, iniciativa que busca ayudar a los estudiantes que m\u00e1s lo necesiten.<\/p>\n\n\n\n<p>La campa\u00f1a tendr\u00e1 como fin ayudar con ropa de invierno a nuestros estudiantes, y para eso realizaremos una campa\u00f1a solidaria con aporte en dinero a la siguiente cuenta:<\/p>\n\n\n\n<p>CUENTA RUT<br>BANCO ESTADO<br>14.507.587-4<br>Marta V\u00e1squez<br>marta.vasquez@cbne.cl<\/p>\n\n\n\n<p>Cualquier aporte es bienvenido&nbsp;<img decoding=\"async\" height=\"16\" width=\"16\" src=\"https:\/\/static.xx.fbcdn.net\/images\/emoji.php\/v9\/t43\/1.5\/16\/1f970.png\" alt=\"\ud83e\udd70\"><\/p>\n\n\n\n<figure class=\"wp-block-image size-large\"><img fetchpriority=\"high\" decoding=\"async\" width=\"724\" height=\"1024\" src=\"https:\/\/colegionuevaesperanza.cl\/wpCNE\/wp-content\/uploads\/2022\/08\/297410495_10217425354064685_3564029983768128990_n-1-724x1024.jpg\" alt=\"\" class=\"wp-image-6691\" srcset=\"https:\/\/cbne.cl\/wpCNE\/wp-content\/uploads\/2022\/08\/297410495_10217425354064685_3564029983768128990_n-1-724x1024.jpg 724w, https:\/\/cbne.cl\/wpCNE\/wp-content\/uploads\/2022\/08\/297410495_10217425354064685_3564029983768128990_n-1-212x300.jpg 212w, https:\/\/cbne.cl\/wpCNE\/wp-content\/uploads\/2022\/08\/297410495_10217425354064685_3564029983768128990_n-1-768x1086.jpg 768w, https:\/\/cbne.cl\/wpCNE\/wp-content\/uploads\/2022\/08\/297410495_10217425354064685_3564029983768128990_n-1-1086x1536.jpg 1086w, https:\/\/cbne.cl\/wpCNE\/wp-content\/uploads\/2022\/08\/297410495_10217425354064685_3564029983768128990_n-1.jpg 1414w\" sizes=\"(max-width: 724px) 100vw, 724px\" \/><\/figure>\n","protected":false},"excerpt":{"rendered":"<p>Iniciamos el mes de agosto con una linda y emotiva campa\u00f1a solidaria de invierno 2022, \u00abEn tiempos de<\/p>\n","protected":false},"author":4,"featured_media":6691,"comment_status":"open","ping_status":"closed","sticky":false,"template":"","format":"standard","meta":{"footnotes":""},"categories":[254,1],"tags":[],"class_list":["post-6689","post","type-post","status-publish","format-standard","has-post-thumbnail","hentry","category-noticias","category-uncategorized"],"yoast_head":"<!-- This site is optimized with the Yoast SEO plugin v27.5 - https:\/\/yoast.com\/product\/yoast-seo-wordpress\/ -->\n<title>COMENZAMOS EL MES DE LA SOLIDARIDAD - COLEGIO BICENTENARIO NUEVA ESPERANZA<\/title>\n<meta name=\"description\" content=\"Iniciamos el mes de agosto con una linda y emotiva campa\u00f1a solidaria de invierno 2022, &quot;En tiempos de fr\u00edo, yo te cobijo&quot;\u00a0, iniciativa que busca ayudar a los estudiantes que m\u00e1s lo necesiten.\" \/>\n<meta name=\"robots\" content=\"index, follow, max-snippet:-1, max-image-preview:large, max-video-preview:-1\" \/>\n<link rel=\"canonical\" href=\"https:\/\/cbne.cl\/wpCNE\/comenzamos-el-mes-de-la-solidaridad\/\" \/>\n<meta property=\"og:locale\" content=\"es_ES\" \/>\n<meta property=\"og:type\" content=\"article\" \/>\n<meta property=\"og:title\" content=\"COMENZAMOS EL MES DE LA SOLIDARIDAD - COLEGIO BICENTENARIO NUEVA ESPERANZA\" \/>\n<meta property=\"og:description\" content=\"Iniciamos el mes de agosto con una linda y emotiva campa\u00f1a solidaria de invierno 2022, &quot;En tiempos de fr\u00edo, yo te cobijo&quot;\u00a0, iniciativa que busca ayudar a los estudiantes que m\u00e1s lo necesiten.\" \/>\n<meta property=\"og:url\" content=\"https:\/\/cbne.cl\/wpCNE\/comenzamos-el-mes-de-la-solidaridad\/\" \/>\n<meta property=\"og:site_name\" content=\"COLEGIO BICENTENARIO NUEVA ESPERANZA\" \/>\n<meta property=\"article:published_time\" content=\"2022-08-05T13:34:00+00:00\" \/>\n<meta property=\"article:modified_time\" content=\"2022-09-15T15:59:22+00:00\" \/>\n<meta property=\"og:image\" content=\"https:\/\/cbne.cl\/wpCNE\/wp-content\/uploads\/2022\/08\/297410495_10217425354064685_3564029983768128990_n-1.jpg\" \/>\n\t<meta property=\"og:image:width\" content=\"1414\" \/>\n\t<meta property=\"og:image:height\" content=\"2000\" \/>\n\t<meta property=\"og:image:type\" content=\"image\/jpeg\" \/>\n<meta name=\"twitter:card\" content=\"summary_large_image\" \/>\n<meta name=\"twitter:label1\" content=\"Escrito por\" \/>\n\t<meta name=\"twitter:data1\" content=\"\" \/>\n\t<meta name=\"twitter:label2\" content=\"Tiempo de lectura\" \/>\n\t<meta name=\"twitter:data2\" content=\"1 minuto\" \/>\n<script type=\"application\/ld+json\" class=\"yoast-schema-graph\">{\"@context\":\"https:\\\/\\\/schema.org\",\"@graph\":[{\"@type\":\"Article\",\"@id\":\"https:\\\/\\\/cbne.cl\\\/wpCNE\\\/comenzamos-el-mes-de-la-solidaridad\\\/#article\",\"isPartOf\":{\"@id\":\"https:\\\/\\\/cbne.cl\\\/wpCNE\\\/comenzamos-el-mes-de-la-solidaridad\\\/\"},\"author\":{\"name\":\"\",\"@id\":\"\"},\"headline\":\"COMENZAMOS EL MES DE LA SOLIDARIDAD\",\"datePublished\":\"2022-08-05T13:34:00+00:00\",\"dateModified\":\"2022-09-15T15:59:22+00:00\",\"mainEntityOfPage\":{\"@id\":\"https:\\\/\\\/cbne.cl\\\/wpCNE\\\/comenzamos-el-mes-de-la-solidaridad\\\/\"},\"wordCount\":86,\"commentCount\":0,\"publisher\":{\"@id\":\"https:\\\/\\\/cbne.cl\\\/wpCNE\\\/#organization\"},\"image\":{\"@id\":\"https:\\\/\\\/cbne.cl\\\/wpCNE\\\/comenzamos-el-mes-de-la-solidaridad\\\/#primaryimage\"},\"thumbnailUrl\":\"https:\\\/\\\/cbne.cl\\\/wpCNE\\\/wp-content\\\/uploads\\\/2022\\\/08\\\/297410495_10217425354064685_3564029983768128990_n-1.jpg\",\"articleSection\":[\"Noticias\",\"Uncategorized\"],\"inLanguage\":\"es\",\"potentialAction\":[{\"@type\":\"CommentAction\",\"name\":\"Comment\",\"target\":[\"https:\\\/\\\/cbne.cl\\\/wpCNE\\\/comenzamos-el-mes-de-la-solidaridad\\\/#respond\"]}]},{\"@type\":\"WebPage\",\"@id\":\"https:\\\/\\\/cbne.cl\\\/wpCNE\\\/comenzamos-el-mes-de-la-solidaridad\\\/\",\"url\":\"https:\\\/\\\/cbne.cl\\\/wpCNE\\\/comenzamos-el-mes-de-la-solidaridad\\\/\",\"name\":\"COMENZAMOS EL MES DE LA SOLIDARIDAD - COLEGIO BICENTENARIO NUEVA ESPERANZA\",\"isPartOf\":{\"@id\":\"https:\\\/\\\/cbne.cl\\\/wpCNE\\\/#website\"},\"primaryImageOfPage\":{\"@id\":\"https:\\\/\\\/cbne.cl\\\/wpCNE\\\/comenzamos-el-mes-de-la-solidaridad\\\/#primaryimage\"},\"image\":{\"@id\":\"https:\\\/\\\/cbne.cl\\\/wpCNE\\\/comenzamos-el-mes-de-la-solidaridad\\\/#primaryimage\"},\"thumbnailUrl\":\"https:\\\/\\\/cbne.cl\\\/wpCNE\\\/wp-content\\\/uploads\\\/2022\\\/08\\\/297410495_10217425354064685_3564029983768128990_n-1.jpg\",\"datePublished\":\"2022-08-05T13:34:00+00:00\",\"dateModified\":\"2022-09-15T15:59:22+00:00\",\"description\":\"Iniciamos el mes de agosto con una linda y emotiva campa\u00f1a solidaria de invierno 2022, \\\"En tiempos de fr\u00edo, yo te cobijo\\\"\u00a0, iniciativa que busca ayudar a los estudiantes que m\u00e1s lo necesiten.\",\"breadcrumb\":{\"@id\":\"https:\\\/\\\/cbne.cl\\\/wpCNE\\\/comenzamos-el-mes-de-la-solidaridad\\\/#breadcrumb\"},\"inLanguage\":\"es\",\"potentialAction\":[{\"@type\":\"ReadAction\",\"target\":[\"https:\\\/\\\/cbne.cl\\\/wpCNE\\\/comenzamos-el-mes-de-la-solidaridad\\\/\"]}]},{\"@type\":\"ImageObject\",\"inLanguage\":\"es\",\"@id\":\"https:\\\/\\\/cbne.cl\\\/wpCNE\\\/comenzamos-el-mes-de-la-solidaridad\\\/#primaryimage\",\"url\":\"https:\\\/\\\/cbne.cl\\\/wpCNE\\\/wp-content\\\/uploads\\\/2022\\\/08\\\/297410495_10217425354064685_3564029983768128990_n-1.jpg\",\"contentUrl\":\"https:\\\/\\\/cbne.cl\\\/wpCNE\\\/wp-content\\\/uploads\\\/2022\\\/08\\\/297410495_10217425354064685_3564029983768128990_n-1.jpg\",\"width\":1414,\"height\":2000},{\"@type\":\"BreadcrumbList\",\"@id\":\"https:\\\/\\\/cbne.cl\\\/wpCNE\\\/comenzamos-el-mes-de-la-solidaridad\\\/#breadcrumb\",\"itemListElement\":[{\"@type\":\"ListItem\",\"position\":1,\"name\":\"Portada\",\"item\":\"https:\\\/\\\/cbne.cl\\\/wpCNE\\\/\"},{\"@type\":\"ListItem\",\"position\":2,\"name\":\"COMENZAMOS EL MES DE LA SOLIDARIDAD\"}]},{\"@type\":\"WebSite\",\"@id\":\"https:\\\/\\\/cbne.cl\\\/wpCNE\\\/#website\",\"url\":\"https:\\\/\\\/cbne.cl\\\/wpCNE\\\/\",\"name\":\"COLEGIO BICENTENARIO NUEVA ESPERANZA\",\"description\":\"&quot;Educando desde la afectividad&quot;\",\"publisher\":{\"@id\":\"https:\\\/\\\/cbne.cl\\\/wpCNE\\\/#organization\"},\"potentialAction\":[{\"@type\":\"SearchAction\",\"target\":{\"@type\":\"EntryPoint\",\"urlTemplate\":\"https:\\\/\\\/cbne.cl\\\/wpCNE\\\/?s={search_term_string}\"},\"query-input\":{\"@type\":\"PropertyValueSpecification\",\"valueRequired\":true,\"valueName\":\"search_term_string\"}}],\"inLanguage\":\"es\"},{\"@type\":\"Organization\",\"@id\":\"https:\\\/\\\/cbne.cl\\\/wpCNE\\\/#organization\",\"name\":\"COLEGIO BICENTENARIO NUEVA ESPERANZA\",\"url\":\"https:\\\/\\\/cbne.cl\\\/wpCNE\\\/\",\"logo\":{\"@type\":\"ImageObject\",\"inLanguage\":\"es\",\"@id\":\"https:\\\/\\\/cbne.cl\\\/wpCNE\\\/#\\\/schema\\\/logo\\\/image\\\/\",\"url\":\"https:\\\/\\\/cbne.cl\\\/wpCNE\\\/wp-content\\\/uploads\\\/2020\\\/07\\\/cropped-cropped-web150x150.png\",\"contentUrl\":\"https:\\\/\\\/cbne.cl\\\/wpCNE\\\/wp-content\\\/uploads\\\/2020\\\/07\\\/cropped-cropped-web150x150.png\",\"width\":150,\"height\":150,\"caption\":\"COLEGIO BICENTENARIO NUEVA ESPERANZA\"},\"image\":{\"@id\":\"https:\\\/\\\/cbne.cl\\\/wpCNE\\\/#\\\/schema\\\/logo\\\/image\\\/\"}},{\"@type\":\"Person\",\"@id\":\"\",\"url\":\"https:\\\/\\\/cbne.cl\\\/wpCNE\\\/author\\\/\"}]}<\/script>\n<!-- \/ Yoast SEO plugin. -->","yoast_head_json":{"title":"COMENZAMOS EL MES DE LA SOLIDARIDAD - COLEGIO BICENTENARIO NUEVA ESPERANZA","description":"Iniciamos el mes de agosto con una linda y emotiva campa\u00f1a solidaria de invierno 2022, \"En tiempos de fr\u00edo, yo te cobijo\"\u00a0, iniciativa que busca ayudar a los estudiantes que m\u00e1s lo necesiten.","robots":{"index":"index","follow":"follow","max-snippet":"max-snippet:-1","max-image-preview":"max-image-preview:large","max-video-preview":"max-video-preview:-1"},"canonical":"https:\/\/cbne.cl\/wpCNE\/comenzamos-el-mes-de-la-solidaridad\/","og_locale":"es_ES","og_type":"article","og_title":"COMENZAMOS EL MES DE LA SOLIDARIDAD - COLEGIO BICENTENARIO NUEVA ESPERANZA","og_description":"Iniciamos el mes de agosto con una linda y emotiva campa\u00f1a solidaria de invierno 2022, \"En tiempos de fr\u00edo, yo te cobijo\"\u00a0, iniciativa que busca ayudar a los estudiantes que m\u00e1s lo necesiten.","og_url":"https:\/\/cbne.cl\/wpCNE\/comenzamos-el-mes-de-la-solidaridad\/","og_site_name":"COLEGIO BICENTENARIO NUEVA ESPERANZA","article_published_time":"2022-08-05T13:34:00+00:00","article_modified_time":"2022-09-15T15:59:22+00:00","og_image":[{"width":1414,"height":2000,"url":"https:\/\/cbne.cl\/wpCNE\/wp-content\/uploads\/2022\/08\/297410495_10217425354064685_3564029983768128990_n-1.jpg","type":"image\/jpeg"}],"twitter_card":"summary_large_image","twitter_misc":{"Escrito por":"","Tiempo de lectura":"1 minuto"},"schema":{"@context":"https:\/\/schema.org","@graph":[{"@type":"Article","@id":"https:\/\/cbne.cl\/wpCNE\/comenzamos-el-mes-de-la-solidaridad\/#article","isPartOf":{"@id":"https:\/\/cbne.cl\/wpCNE\/comenzamos-el-mes-de-la-solidaridad\/"},"author":{"name":"","@id":""},"headline":"COMENZAMOS EL MES DE LA SOLIDARIDAD","datePublished":"2022-08-05T13:34:00+00:00","dateModified":"2022-09-15T15:59:22+00:00","mainEntityOfPage":{"@id":"https:\/\/cbne.cl\/wpCNE\/comenzamos-el-mes-de-la-solidaridad\/"},"wordCount":86,"commentCount":0,"publisher":{"@id":"https:\/\/cbne.cl\/wpCNE\/#organization"},"image":{"@id":"https:\/\/cbne.cl\/wpCNE\/comenzamos-el-mes-de-la-solidaridad\/#primaryimage"},"thumbnailUrl":"https:\/\/cbne.cl\/wpCNE\/wp-content\/uploads\/2022\/08\/297410495_10217425354064685_3564029983768128990_n-1.jpg","articleSection":["Noticias","Uncategorized"],"inLanguage":"es","potentialAction":[{"@type":"CommentAction","name":"Comment","target":["https:\/\/cbne.cl\/wpCNE\/comenzamos-el-mes-de-la-solidaridad\/#respond"]}]},{"@type":"WebPage","@id":"https:\/\/cbne.cl\/wpCNE\/comenzamos-el-mes-de-la-solidaridad\/","url":"https:\/\/cbne.cl\/wpCNE\/comenzamos-el-mes-de-la-solidaridad\/","name":"COMENZAMOS EL MES DE LA SOLIDARIDAD - COLEGIO BICENTENARIO NUEVA ESPERANZA","isPartOf":{"@id":"https:\/\/cbne.cl\/wpCNE\/#website"},"primaryImageOfPage":{"@id":"https:\/\/cbne.cl\/wpCNE\/comenzamos-el-mes-de-la-solidaridad\/#primaryimage"},"image":{"@id":"https:\/\/cbne.cl\/wpCNE\/comenzamos-el-mes-de-la-solidaridad\/#primaryimage"},"thumbnailUrl":"https:\/\/cbne.cl\/wpCNE\/wp-content\/uploads\/2022\/08\/297410495_10217425354064685_3564029983768128990_n-1.jpg","datePublished":"2022-08-05T13:34:00+00:00","dateModified":"2022-09-15T15:59:22+00:00","description":"Iniciamos el mes de agosto con una linda y emotiva campa\u00f1a solidaria de invierno 2022, \"En tiempos de fr\u00edo, yo te cobijo\"\u00a0, iniciativa que busca ayudar a los estudiantes que m\u00e1s lo necesiten.","breadcrumb":{"@id":"https:\/\/cbne.cl\/wpCNE\/comenzamos-el-mes-de-la-solidaridad\/#breadcrumb"},"inLanguage":"es","potentialAction":[{"@type":"ReadAction","target":["https:\/\/cbne.cl\/wpCNE\/comenzamos-el-mes-de-la-solidaridad\/"]}]},{"@type":"ImageObject","inLanguage":"es","@id":"https:\/\/cbne.cl\/wpCNE\/comenzamos-el-mes-de-la-solidaridad\/#primaryimage","url":"https:\/\/cbne.cl\/wpCNE\/wp-content\/uploads\/2022\/08\/297410495_10217425354064685_3564029983768128990_n-1.jpg","contentUrl":"https:\/\/cbne.cl\/wpCNE\/wp-content\/uploads\/2022\/08\/297410495_10217425354064685_3564029983768128990_n-1.jpg","width":1414,"height":2000},{"@type":"BreadcrumbList","@id":"https:\/\/cbne.cl\/wpCNE\/comenzamos-el-mes-de-la-solidaridad\/#breadcrumb","itemListElement":[{"@type":"ListItem","position":1,"name":"Portada","item":"https:\/\/cbne.cl\/wpCNE\/"},{"@type":"ListItem","position":2,"name":"COMENZAMOS EL MES DE LA SOLIDARIDAD"}]},{"@type":"WebSite","@id":"https:\/\/cbne.cl\/wpCNE\/#website","url":"https:\/\/cbne.cl\/wpCNE\/","name":"COLEGIO BICENTENARIO NUEVA ESPERANZA","description":"&quot;Educando desde la afectividad&quot;","publisher":{"@id":"https:\/\/cbne.cl\/wpCNE\/#organization"},"potentialAction":[{"@type":"SearchAction","target":{"@type":"EntryPoint","urlTemplate":"https:\/\/cbne.cl\/wpCNE\/?s={search_term_string}"},"query-input":{"@type":"PropertyValueSpecification","valueRequired":true,"valueName":"search_term_string"}}],"inLanguage":"es"},{"@type":"Organization","@id":"https:\/\/cbne.cl\/wpCNE\/#organization","name":"COLEGIO BICENTENARIO NUEVA ESPERANZA","url":"https:\/\/cbne.cl\/wpCNE\/","logo":{"@type":"ImageObject","inLanguage":"es","@id":"https:\/\/cbne.cl\/wpCNE\/#\/schema\/logo\/image\/","url":"https:\/\/cbne.cl\/wpCNE\/wp-content\/uploads\/2020\/07\/cropped-cropped-web150x150.png","contentUrl":"https:\/\/cbne.cl\/wpCNE\/wp-content\/uploads\/2020\/07\/cropped-cropped-web150x150.png","width":150,"height":150,"caption":"COLEGIO BICENTENARIO NUEVA ESPERANZA"},"image":{"@id":"https:\/\/cbne.cl\/wpCNE\/#\/schema\/logo\/image\/"}},{"@type":"Person","@id":"","url":"https:\/\/cbne.cl\/wpCNE\/author\/"}]}},"featured_image_urls":{"full":["https:\/\/cbne.cl\/wpCNE\/wp-content\/uploads\/2022\/08\/297410495_10217425354064685_3564029983768128990_n-1.jpg",1414,2000,false],"thumbnail":["https:\/\/cbne.cl\/wpCNE\/wp-content\/uploads\/2022\/08\/297410495_10217425354064685_3564029983768128990_n-1-150x150.jpg",150,150,true],"medium":["https:\/\/cbne.cl\/wpCNE\/wp-content\/uploads\/2022\/08\/297410495_10217425354064685_3564029983768128990_n-1-212x300.jpg",212,300,true],"medium_large":["https:\/\/cbne.cl\/wpCNE\/wp-content\/uploads\/2022\/08\/297410495_10217425354064685_3564029983768128990_n-1-768x1086.jpg",640,905,true],"large":["https:\/\/cbne.cl\/wpCNE\/wp-content\/uploads\/2022\/08\/297410495_10217425354064685_3564029983768128990_n-1-724x1024.jpg",640,905,true],"1536x1536":["https:\/\/cbne.cl\/wpCNE\/wp-content\/uploads\/2022\/08\/297410495_10217425354064685_3564029983768128990_n-1-1086x1536.jpg",1086,1536,true],"2048x2048":["https:\/\/cbne.cl\/wpCNE\/wp-content\/uploads\/2022\/08\/297410495_10217425354064685_3564029983768128990_n-1.jpg",1414,2000,false],"morenews-large":["https:\/\/cbne.cl\/wpCNE\/wp-content\/uploads\/2022\/08\/297410495_10217425354064685_3564029983768128990_n-1.jpg",407,575,false],"morenews-medium":["https:\/\/cbne.cl\/wpCNE\/wp-content\/uploads\/2022\/08\/297410495_10217425354064685_3564029983768128990_n-1.jpg",290,410,false]},"author_info":{"display_name":"","author_link":"https:\/\/cbne.cl\/wpCNE\/author\/"},"category_info":"<a href=\"https:\/\/cbne.cl\/wpCNE\/category\/noticias\/\" rel=\"category tag\">Noticias<\/a> <a href=\"https:\/\/cbne.cl\/wpCNE\/category\/uncategorized\/\" rel=\"category tag\">Uncategorized<\/a>","tag_info":"Uncategorized","comment_count":"0","_links":{"self":[{"href":"https:\/\/cbne.cl\/wpCNE\/wp-json\/wp\/v2\/posts\/6689","targetHints":{"allow":["GET"]}}],"collection":[{"href":"https:\/\/cbne.cl\/wpCNE\/wp-json\/wp\/v2\/posts"}],"about":[{"href":"https:\/\/cbne.cl\/wpCNE\/wp-json\/wp\/v2\/types\/post"}],"author":[{"embeddable":true,"href":"https:\/\/cbne.cl\/wpCNE\/wp-json\/wp\/v2\/users\/4"}],"replies":[{"embeddable":true,"href":"https:\/\/cbne.cl\/wpCNE\/wp-json\/wp\/v2\/comments?post=6689"}],"version-history":[{"count":2,"href":"https:\/\/cbne.cl\/wpCNE\/wp-json\/wp\/v2\/posts\/6689\/revisions"}],"predecessor-version":[{"id":6787,"href":"https:\/\/cbne.cl\/wpCNE\/wp-json\/wp\/v2\/posts\/6689\/revisions\/6787"}],"wp:featuredmedia":[{"embeddable":true,"href":"https:\/\/cbne.cl\/wpCNE\/wp-json\/wp\/v2\/media\/6691"}],"wp:attachment":[{"href":"https:\/\/cbne.cl\/wpCNE\/wp-json\/wp\/v2\/media?parent=6689"}],"wp:term":[{"taxonomy":"category","embeddable":true,"href":"https:\/\/cbne.cl\/wpCNE\/wp-json\/wp\/v2\/categories?post=6689"},{"taxonomy":"post_tag","embeddable":true,"href":"https:\/\/cbne.cl\/wpCNE\/wp-json\/wp\/v2\/tags?post=6689"}],"curies":[{"name":"wp","href":"https:\/\/api.w.org\/{rel}","templated":true}]}}