{"id":6530,"date":"2022-06-13T15:00:00","date_gmt":"2022-06-13T19:00:00","guid":{"rendered":"https:\/\/colegionuevaesperanza.cl\/wpCNE\/?p=6530"},"modified":"2022-06-14T09:34:15","modified_gmt":"2022-06-14T13:34:15","slug":"nuevo-convenio-de-colaboracion-en-nuestro-colegio-%ef%bf%bc","status":"publish","type":"post","link":"https:\/\/cbne.cl\/wpCNE\/nuevo-convenio-de-colaboracion-en-nuestro-colegio-%ef%bf%bc\/","title":{"rendered":"NUEVO CONVENIO DE COLABORACI\u00d3N EN NUESTRO COLEGIO \ufffc"},"content":{"rendered":"\n<figure class=\"wp-block-image size-large\"><img fetchpriority=\"high\" decoding=\"async\" width=\"1024\" height=\"1024\" src=\"https:\/\/colegionuevaesperanza.cl\/wpCNE\/wp-content\/uploads\/2022\/06\/www.reallygreatsite.com-1-1024x1024.jpg\" alt=\"\" class=\"wp-image-6531\" srcset=\"https:\/\/cbne.cl\/wpCNE\/wp-content\/uploads\/2022\/06\/www.reallygreatsite.com-1-1024x1024.jpg 1024w, https:\/\/cbne.cl\/wpCNE\/wp-content\/uploads\/2022\/06\/www.reallygreatsite.com-1-300x300.jpg 300w, https:\/\/cbne.cl\/wpCNE\/wp-content\/uploads\/2022\/06\/www.reallygreatsite.com-1-150x150.jpg 150w, https:\/\/cbne.cl\/wpCNE\/wp-content\/uploads\/2022\/06\/www.reallygreatsite.com-1-768x768.jpg 768w, https:\/\/cbne.cl\/wpCNE\/wp-content\/uploads\/2022\/06\/www.reallygreatsite.com-1-50x50.jpg 50w, https:\/\/cbne.cl\/wpCNE\/wp-content\/uploads\/2022\/06\/www.reallygreatsite.com-1-80x80.jpg 80w, https:\/\/cbne.cl\/wpCNE\/wp-content\/uploads\/2022\/06\/www.reallygreatsite.com-1.jpg 1080w\" sizes=\"(max-width: 1024px) 100vw, 1024px\" \/><figcaption><em>AFS Y CBNE se unen en un nuevo convenio <\/em><\/figcaption><\/figure>\n\n\n\n<p><img decoding=\"async\" height=\"16\" width=\"16\" alt=\"\ud83d\udc4c\" src=\"https:\/\/static.xx.fbcdn.net\/images\/emoji.php\/v9\/td4\/1.5\/16\/1f44c.png\">Un importante convenio de colaboraci\u00f3n estudiantil entre la AFS y el Colegio Bicentenario Nueva Esperanza es el que nace en nuestro colegio con el objetivo de generar intercambios culturales entre estudiantes locales y extranjeros.<\/p>\n\n\n\n<p><img decoding=\"async\" height=\"16\" width=\"16\" alt=\"\u27a1\ufe0f\" src=\"https:\/\/static.xx.fbcdn.net\/images\/emoji.php\/v9\/t25\/1.5\/16\/27a1.png\">La American Field Service (AFS) es una Fundaci\u00f3n sin fines de lucro de base voluntaria que ofrece oportunidades de aprendizaje intercultural mediante programas de intercambio estudiantil y que cuenta con un sistema de becas que permite que m\u00e1s de la mitad de los participantes sean becados.<\/p>\n\n\n\n<p>\u201cEl convenio de nuestro colegio con AFS, representa una oportunidad de desarrollar con nuestros estudiantes, profesores y apoderados una experiencia de aprendizaje intercultural, promoviendo el desarrollo de los conocimientos, habilidades y entendimiento para la creaci\u00f3n de un mundo m\u00e1s justo y pac\u00edfico.<\/p>\n\n\n\n<p>Como comunidad educativa nos llena de orgullo ser parte de esta red mundial, dejando a nuestro colegio como sede para recibir estudiantes extranjeros y abriendo la posibilidad de que nuestros j\u00f3venes puedan optar por esta invaluable experiencia\u201d, afirma Don Manuel Herrera, Director de nuestro colegio <img loading=\"lazy\" decoding=\"async\" height=\"16\" width=\"16\" alt=\"\ud83d\ude0d\" src=\"https:\/\/static.xx.fbcdn.net\/images\/emoji.php\/v9\/t5b\/1.5\/16\/1f60d.png\"><\/p>\n\n\n\n<p><img decoding=\"async\" height=\"16\" width=\"16\" alt=\"\u27a1\ufe0f\" src=\"https:\/\/static.xx.fbcdn.net\/images\/emoji.php\/v9\/t25\/1.5\/16\/27a1.png\">\u00bfC\u00f3mo funcionar\u00e1 en nuestro Colegio?<\/p>\n\n\n\n<p>Este m\u00e9todo de intercambio cultural se crear\u00e1 a partir de un Convenio de Mutua Colaboraci\u00f3n. Se trata de un documento oficial firmado tanto por el Colegio como por AFS Chile donde se acuerdan los beneficios mutuos de la colaboraci\u00f3n.<\/p>\n\n\n\n<p>Esta oportunidad de aprendizaje permite que los estudiantes puedan experimentar un idioma diferente dentro y fuera de la sala de clases; Conocer una cultura distinta y promover el pensamiento global; Cambiar paradigmas, creencias y prejuicios sobre otras culturas; Valorar la diversidad cultural y la propia cultura <img loading=\"lazy\" decoding=\"async\" height=\"16\" width=\"16\" alt=\"\ud83e\udef6\" src=\"https:\/\/static.xx.fbcdn.net\/images\/emoji.php\/v9\/ta2\/1.5\/16\/1faf6.png\"><\/p>\n","protected":false},"excerpt":{"rendered":"<p>Un importante convenio de colaboraci\u00f3n estudiantil entre la AFS y el Colegio Bicentenario Nueva Esperanza es el que<\/p>\n","protected":false},"author":4,"featured_media":0,"comment_status":"open","ping_status":"closed","sticky":false,"template":"","format":"standard","meta":{"footnotes":""},"categories":[1],"tags":[240,172,243,241],"class_list":["post-6530","post","type-post","status-publish","format-standard","hentry","category-uncategorized","tag-afs","tag-cbne","tag-estudiantes","tag-intercultural"],"yoast_head":"<!-- This site is optimized with the Yoast SEO plugin v27.5 - https:\/\/yoast.com\/product\/yoast-seo-wordpress\/ -->\n<title>NUEVO CONVENIO DE COLABORACI\u00d3N EN NUESTRO COLEGIO \ufffc - COLEGIO BICENTENARIO NUEVA ESPERANZA<\/title>\n<meta name=\"description\" content=\"Un importante convenio de colaboraci\u00f3n estudiantil entre la AFS y el Colegio Bicentenario Nueva Esperanza es el que nace en nuestro colegio con el objetivo de generar intercambios culturales entre estudiantes locales y extranjeros.\" \/>\n<meta name=\"robots\" content=\"index, follow, max-snippet:-1, max-image-preview:large, max-video-preview:-1\" \/>\n<link rel=\"canonical\" href=\"https:\/\/cbne.cl\/wpCNE\/nuevo-convenio-de-colaboracion-en-nuestro-colegio-\ufffc\/\" \/>\n<meta property=\"og:locale\" content=\"es_ES\" \/>\n<meta property=\"og:type\" content=\"article\" \/>\n<meta property=\"og:title\" content=\"NUEVO CONVENIO DE COLABORACI\u00d3N EN NUESTRO COLEGIO \ufffc - COLEGIO BICENTENARIO NUEVA ESPERANZA\" \/>\n<meta property=\"og:description\" content=\"Un importante convenio de colaboraci\u00f3n estudiantil entre la AFS y el Colegio Bicentenario Nueva Esperanza es el que nace en nuestro colegio con el objetivo de generar intercambios culturales entre estudiantes locales y extranjeros.\" \/>\n<meta property=\"og:url\" content=\"https:\/\/cbne.cl\/wpCNE\/nuevo-convenio-de-colaboracion-en-nuestro-colegio-\ufffc\/\" \/>\n<meta property=\"og:site_name\" content=\"COLEGIO BICENTENARIO NUEVA ESPERANZA\" \/>\n<meta property=\"article:published_time\" content=\"2022-06-13T19:00:00+00:00\" \/>\n<meta property=\"article:modified_time\" content=\"2022-06-14T13:34:15+00:00\" \/>\n<meta property=\"og:image\" content=\"https:\/\/colegionuevaesperanza.cl\/wpCNE\/wp-content\/uploads\/2022\/06\/www.reallygreatsite.com-1-1024x1024.jpg\" \/>\n<meta name=\"twitter:card\" content=\"summary_large_image\" \/>\n<meta name=\"twitter:label1\" content=\"Escrito por\" \/>\n\t<meta name=\"twitter:data1\" content=\"\" \/>\n\t<meta name=\"twitter:label2\" content=\"Tiempo de lectura\" \/>\n\t<meta name=\"twitter:data2\" content=\"3 minutos\" \/>\n<script type=\"application\/ld+json\" class=\"yoast-schema-graph\">{\"@context\":\"https:\\\/\\\/schema.org\",\"@graph\":[{\"@type\":\"Article\",\"@id\":\"https:\\\/\\\/cbne.cl\\\/wpCNE\\\/nuevo-convenio-de-colaboracion-en-nuestro-colegio-%ef%bf%bc\\\/#article\",\"isPartOf\":{\"@id\":\"https:\\\/\\\/cbne.cl\\\/wpCNE\\\/nuevo-convenio-de-colaboracion-en-nuestro-colegio-%ef%bf%bc\\\/\"},\"author\":{\"name\":\"\",\"@id\":\"\"},\"headline\":\"NUEVO CONVENIO DE COLABORACI\u00d3N EN NUESTRO COLEGIO \ufffc\",\"datePublished\":\"2022-06-13T19:00:00+00:00\",\"dateModified\":\"2022-06-14T13:34:15+00:00\",\"mainEntityOfPage\":{\"@id\":\"https:\\\/\\\/cbne.cl\\\/wpCNE\\\/nuevo-convenio-de-colaboracion-en-nuestro-colegio-%ef%bf%bc\\\/\"},\"wordCount\":285,\"commentCount\":0,\"publisher\":{\"@id\":\"https:\\\/\\\/cbne.cl\\\/wpCNE\\\/#organization\"},\"image\":{\"@id\":\"https:\\\/\\\/cbne.cl\\\/wpCNE\\\/nuevo-convenio-de-colaboracion-en-nuestro-colegio-%ef%bf%bc\\\/#primaryimage\"},\"thumbnailUrl\":\"https:\\\/\\\/colegionuevaesperanza.cl\\\/wpCNE\\\/wp-content\\\/uploads\\\/2022\\\/06\\\/www.reallygreatsite.com-1-1024x1024.jpg\",\"keywords\":[\"afs\",\"cbne\",\"estudiantes\",\"intercultural\"],\"articleSection\":[\"Uncategorized\"],\"inLanguage\":\"es\",\"potentialAction\":[{\"@type\":\"CommentAction\",\"name\":\"Comment\",\"target\":[\"https:\\\/\\\/cbne.cl\\\/wpCNE\\\/nuevo-convenio-de-colaboracion-en-nuestro-colegio-%ef%bf%bc\\\/#respond\"]}]},{\"@type\":\"WebPage\",\"@id\":\"https:\\\/\\\/cbne.cl\\\/wpCNE\\\/nuevo-convenio-de-colaboracion-en-nuestro-colegio-%ef%bf%bc\\\/\",\"url\":\"https:\\\/\\\/cbne.cl\\\/wpCNE\\\/nuevo-convenio-de-colaboracion-en-nuestro-colegio-%ef%bf%bc\\\/\",\"name\":\"NUEVO CONVENIO DE COLABORACI\u00d3N EN NUESTRO COLEGIO \ufffc - COLEGIO BICENTENARIO NUEVA ESPERANZA\",\"isPartOf\":{\"@id\":\"https:\\\/\\\/cbne.cl\\\/wpCNE\\\/#website\"},\"primaryImageOfPage\":{\"@id\":\"https:\\\/\\\/cbne.cl\\\/wpCNE\\\/nuevo-convenio-de-colaboracion-en-nuestro-colegio-%ef%bf%bc\\\/#primaryimage\"},\"image\":{\"@id\":\"https:\\\/\\\/cbne.cl\\\/wpCNE\\\/nuevo-convenio-de-colaboracion-en-nuestro-colegio-%ef%bf%bc\\\/#primaryimage\"},\"thumbnailUrl\":\"https:\\\/\\\/colegionuevaesperanza.cl\\\/wpCNE\\\/wp-content\\\/uploads\\\/2022\\\/06\\\/www.reallygreatsite.com-1-1024x1024.jpg\",\"datePublished\":\"2022-06-13T19:00:00+00:00\",\"dateModified\":\"2022-06-14T13:34:15+00:00\",\"description\":\"Un importante convenio de colaboraci\u00f3n estudiantil entre la AFS y el Colegio Bicentenario Nueva Esperanza es el que nace en nuestro colegio con el objetivo de generar intercambios culturales entre estudiantes locales y extranjeros.\",\"breadcrumb\":{\"@id\":\"https:\\\/\\\/cbne.cl\\\/wpCNE\\\/nuevo-convenio-de-colaboracion-en-nuestro-colegio-%ef%bf%bc\\\/#breadcrumb\"},\"inLanguage\":\"es\",\"potentialAction\":[{\"@type\":\"ReadAction\",\"target\":[\"https:\\\/\\\/cbne.cl\\\/wpCNE\\\/nuevo-convenio-de-colaboracion-en-nuestro-colegio-%ef%bf%bc\\\/\"]}]},{\"@type\":\"ImageObject\",\"inLanguage\":\"es\",\"@id\":\"https:\\\/\\\/cbne.cl\\\/wpCNE\\\/nuevo-convenio-de-colaboracion-en-nuestro-colegio-%ef%bf%bc\\\/#primaryimage\",\"url\":\"https:\\\/\\\/colegionuevaesperanza.cl\\\/wpCNE\\\/wp-content\\\/uploads\\\/2022\\\/06\\\/www.reallygreatsite.com-1-1024x1024.jpg\",\"contentUrl\":\"https:\\\/\\\/colegionuevaesperanza.cl\\\/wpCNE\\\/wp-content\\\/uploads\\\/2022\\\/06\\\/www.reallygreatsite.com-1-1024x1024.jpg\"},{\"@type\":\"BreadcrumbList\",\"@id\":\"https:\\\/\\\/cbne.cl\\\/wpCNE\\\/nuevo-convenio-de-colaboracion-en-nuestro-colegio-%ef%bf%bc\\\/#breadcrumb\",\"itemListElement\":[{\"@type\":\"ListItem\",\"position\":1,\"name\":\"Portada\",\"item\":\"https:\\\/\\\/cbne.cl\\\/wpCNE\\\/\"},{\"@type\":\"ListItem\",\"position\":2,\"name\":\"NUEVO CONVENIO DE COLABORACI\u00d3N EN NUESTRO COLEGIO \ufffc\"}]},{\"@type\":\"WebSite\",\"@id\":\"https:\\\/\\\/cbne.cl\\\/wpCNE\\\/#website\",\"url\":\"https:\\\/\\\/cbne.cl\\\/wpCNE\\\/\",\"name\":\"COLEGIO BICENTENARIO NUEVA ESPERANZA\",\"description\":\"&quot;Educando desde la afectividad&quot;\",\"publisher\":{\"@id\":\"https:\\\/\\\/cbne.cl\\\/wpCNE\\\/#organization\"},\"potentialAction\":[{\"@type\":\"SearchAction\",\"target\":{\"@type\":\"EntryPoint\",\"urlTemplate\":\"https:\\\/\\\/cbne.cl\\\/wpCNE\\\/?s={search_term_string}\"},\"query-input\":{\"@type\":\"PropertyValueSpecification\",\"valueRequired\":true,\"valueName\":\"search_term_string\"}}],\"inLanguage\":\"es\"},{\"@type\":\"Organization\",\"@id\":\"https:\\\/\\\/cbne.cl\\\/wpCNE\\\/#organization\",\"name\":\"COLEGIO BICENTENARIO NUEVA ESPERANZA\",\"url\":\"https:\\\/\\\/cbne.cl\\\/wpCNE\\\/\",\"logo\":{\"@type\":\"ImageObject\",\"inLanguage\":\"es\",\"@id\":\"https:\\\/\\\/cbne.cl\\\/wpCNE\\\/#\\\/schema\\\/logo\\\/image\\\/\",\"url\":\"https:\\\/\\\/cbne.cl\\\/wpCNE\\\/wp-content\\\/uploads\\\/2020\\\/07\\\/cropped-cropped-web150x150.png\",\"contentUrl\":\"https:\\\/\\\/cbne.cl\\\/wpCNE\\\/wp-content\\\/uploads\\\/2020\\\/07\\\/cropped-cropped-web150x150.png\",\"width\":150,\"height\":150,\"caption\":\"COLEGIO BICENTENARIO NUEVA ESPERANZA\"},\"image\":{\"@id\":\"https:\\\/\\\/cbne.cl\\\/wpCNE\\\/#\\\/schema\\\/logo\\\/image\\\/\"}},{\"@type\":\"Person\",\"@id\":\"\",\"url\":\"https:\\\/\\\/cbne.cl\\\/wpCNE\\\/author\\\/\"}]}<\/script>\n<!-- \/ Yoast SEO plugin. -->","yoast_head_json":{"title":"NUEVO CONVENIO DE COLABORACI\u00d3N EN NUESTRO COLEGIO \ufffc - COLEGIO BICENTENARIO NUEVA ESPERANZA","description":"Un importante convenio de colaboraci\u00f3n estudiantil entre la AFS y el Colegio Bicentenario Nueva Esperanza es el que nace en nuestro colegio con el objetivo de generar intercambios culturales entre estudiantes locales y extranjeros.","robots":{"index":"index","follow":"follow","max-snippet":"max-snippet:-1","max-image-preview":"max-image-preview:large","max-video-preview":"max-video-preview:-1"},"canonical":"https:\/\/cbne.cl\/wpCNE\/nuevo-convenio-de-colaboracion-en-nuestro-colegio-\ufffc\/","og_locale":"es_ES","og_type":"article","og_title":"NUEVO CONVENIO DE COLABORACI\u00d3N EN NUESTRO COLEGIO \ufffc - COLEGIO BICENTENARIO NUEVA ESPERANZA","og_description":"Un importante convenio de colaboraci\u00f3n estudiantil entre la AFS y el Colegio Bicentenario Nueva Esperanza es el que nace en nuestro colegio con el objetivo de generar intercambios culturales entre estudiantes locales y extranjeros.","og_url":"https:\/\/cbne.cl\/wpCNE\/nuevo-convenio-de-colaboracion-en-nuestro-colegio-\ufffc\/","og_site_name":"COLEGIO BICENTENARIO NUEVA ESPERANZA","article_published_time":"2022-06-13T19:00:00+00:00","article_modified_time":"2022-06-14T13:34:15+00:00","og_image":[{"url":"https:\/\/colegionuevaesperanza.cl\/wpCNE\/wp-content\/uploads\/2022\/06\/www.reallygreatsite.com-1-1024x1024.jpg","type":"","width":"","height":""}],"twitter_card":"summary_large_image","twitter_misc":{"Escrito por":"","Tiempo de lectura":"3 minutos"},"schema":{"@context":"https:\/\/schema.org","@graph":[{"@type":"Article","@id":"https:\/\/cbne.cl\/wpCNE\/nuevo-convenio-de-colaboracion-en-nuestro-colegio-%ef%bf%bc\/#article","isPartOf":{"@id":"https:\/\/cbne.cl\/wpCNE\/nuevo-convenio-de-colaboracion-en-nuestro-colegio-%ef%bf%bc\/"},"author":{"name":"","@id":""},"headline":"NUEVO CONVENIO DE COLABORACI\u00d3N EN NUESTRO COLEGIO \ufffc","datePublished":"2022-06-13T19:00:00+00:00","dateModified":"2022-06-14T13:34:15+00:00","mainEntityOfPage":{"@id":"https:\/\/cbne.cl\/wpCNE\/nuevo-convenio-de-colaboracion-en-nuestro-colegio-%ef%bf%bc\/"},"wordCount":285,"commentCount":0,"publisher":{"@id":"https:\/\/cbne.cl\/wpCNE\/#organization"},"image":{"@id":"https:\/\/cbne.cl\/wpCNE\/nuevo-convenio-de-colaboracion-en-nuestro-colegio-%ef%bf%bc\/#primaryimage"},"thumbnailUrl":"https:\/\/colegionuevaesperanza.cl\/wpCNE\/wp-content\/uploads\/2022\/06\/www.reallygreatsite.com-1-1024x1024.jpg","keywords":["afs","cbne","estudiantes","intercultural"],"articleSection":["Uncategorized"],"inLanguage":"es","potentialAction":[{"@type":"CommentAction","name":"Comment","target":["https:\/\/cbne.cl\/wpCNE\/nuevo-convenio-de-colaboracion-en-nuestro-colegio-%ef%bf%bc\/#respond"]}]},{"@type":"WebPage","@id":"https:\/\/cbne.cl\/wpCNE\/nuevo-convenio-de-colaboracion-en-nuestro-colegio-%ef%bf%bc\/","url":"https:\/\/cbne.cl\/wpCNE\/nuevo-convenio-de-colaboracion-en-nuestro-colegio-%ef%bf%bc\/","name":"NUEVO CONVENIO DE COLABORACI\u00d3N EN NUESTRO COLEGIO \ufffc - COLEGIO BICENTENARIO NUEVA ESPERANZA","isPartOf":{"@id":"https:\/\/cbne.cl\/wpCNE\/#website"},"primaryImageOfPage":{"@id":"https:\/\/cbne.cl\/wpCNE\/nuevo-convenio-de-colaboracion-en-nuestro-colegio-%ef%bf%bc\/#primaryimage"},"image":{"@id":"https:\/\/cbne.cl\/wpCNE\/nuevo-convenio-de-colaboracion-en-nuestro-colegio-%ef%bf%bc\/#primaryimage"},"thumbnailUrl":"https:\/\/colegionuevaesperanza.cl\/wpCNE\/wp-content\/uploads\/2022\/06\/www.reallygreatsite.com-1-1024x1024.jpg","datePublished":"2022-06-13T19:00:00+00:00","dateModified":"2022-06-14T13:34:15+00:00","description":"Un importante convenio de colaboraci\u00f3n estudiantil entre la AFS y el Colegio Bicentenario Nueva Esperanza es el que nace en nuestro colegio con el objetivo de generar intercambios culturales entre estudiantes locales y extranjeros.","breadcrumb":{"@id":"https:\/\/cbne.cl\/wpCNE\/nuevo-convenio-de-colaboracion-en-nuestro-colegio-%ef%bf%bc\/#breadcrumb"},"inLanguage":"es","potentialAction":[{"@type":"ReadAction","target":["https:\/\/cbne.cl\/wpCNE\/nuevo-convenio-de-colaboracion-en-nuestro-colegio-%ef%bf%bc\/"]}]},{"@type":"ImageObject","inLanguage":"es","@id":"https:\/\/cbne.cl\/wpCNE\/nuevo-convenio-de-colaboracion-en-nuestro-colegio-%ef%bf%bc\/#primaryimage","url":"https:\/\/colegionuevaesperanza.cl\/wpCNE\/wp-content\/uploads\/2022\/06\/www.reallygreatsite.com-1-1024x1024.jpg","contentUrl":"https:\/\/colegionuevaesperanza.cl\/wpCNE\/wp-content\/uploads\/2022\/06\/www.reallygreatsite.com-1-1024x1024.jpg"},{"@type":"BreadcrumbList","@id":"https:\/\/cbne.cl\/wpCNE\/nuevo-convenio-de-colaboracion-en-nuestro-colegio-%ef%bf%bc\/#breadcrumb","itemListElement":[{"@type":"ListItem","position":1,"name":"Portada","item":"https:\/\/cbne.cl\/wpCNE\/"},{"@type":"ListItem","position":2,"name":"NUEVO CONVENIO DE COLABORACI\u00d3N EN NUESTRO COLEGIO \ufffc"}]},{"@type":"WebSite","@id":"https:\/\/cbne.cl\/wpCNE\/#website","url":"https:\/\/cbne.cl\/wpCNE\/","name":"COLEGIO BICENTENARIO NUEVA ESPERANZA","description":"&quot;Educando desde la afectividad&quot;","publisher":{"@id":"https:\/\/cbne.cl\/wpCNE\/#organization"},"potentialAction":[{"@type":"SearchAction","target":{"@type":"EntryPoint","urlTemplate":"https:\/\/cbne.cl\/wpCNE\/?s={search_term_string}"},"query-input":{"@type":"PropertyValueSpecification","valueRequired":true,"valueName":"search_term_string"}}],"inLanguage":"es"},{"@type":"Organization","@id":"https:\/\/cbne.cl\/wpCNE\/#organization","name":"COLEGIO BICENTENARIO NUEVA ESPERANZA","url":"https:\/\/cbne.cl\/wpCNE\/","logo":{"@type":"ImageObject","inLanguage":"es","@id":"https:\/\/cbne.cl\/wpCNE\/#\/schema\/logo\/image\/","url":"https:\/\/cbne.cl\/wpCNE\/wp-content\/uploads\/2020\/07\/cropped-cropped-web150x150.png","contentUrl":"https:\/\/cbne.cl\/wpCNE\/wp-content\/uploads\/2020\/07\/cropped-cropped-web150x150.png","width":150,"height":150,"caption":"COLEGIO BICENTENARIO NUEVA ESPERANZA"},"image":{"@id":"https:\/\/cbne.cl\/wpCNE\/#\/schema\/logo\/image\/"}},{"@type":"Person","@id":"","url":"https:\/\/cbne.cl\/wpCNE\/author\/"}]}},"featured_image_urls":{"full":"","thumbnail":"","medium":"","medium_large":"","large":"","1536x1536":"","2048x2048":"","morenews-large":"","morenews-medium":""},"author_info":{"display_name":"","author_link":"https:\/\/cbne.cl\/wpCNE\/author\/"},"category_info":"<a href=\"https:\/\/cbne.cl\/wpCNE\/category\/uncategorized\/\" rel=\"category tag\">Uncategorized<\/a>","tag_info":"Uncategorized","comment_count":"0","_links":{"self":[{"href":"https:\/\/cbne.cl\/wpCNE\/wp-json\/wp\/v2\/posts\/6530","targetHints":{"allow":["GET"]}}],"collection":[{"href":"https:\/\/cbne.cl\/wpCNE\/wp-json\/wp\/v2\/posts"}],"about":[{"href":"https:\/\/cbne.cl\/wpCNE\/wp-json\/wp\/v2\/types\/post"}],"author":[{"embeddable":true,"href":"https:\/\/cbne.cl\/wpCNE\/wp-json\/wp\/v2\/users\/4"}],"replies":[{"embeddable":true,"href":"https:\/\/cbne.cl\/wpCNE\/wp-json\/wp\/v2\/comments?post=6530"}],"version-history":[{"count":1,"href":"https:\/\/cbne.cl\/wpCNE\/wp-json\/wp\/v2\/posts\/6530\/revisions"}],"predecessor-version":[{"id":6532,"href":"https:\/\/cbne.cl\/wpCNE\/wp-json\/wp\/v2\/posts\/6530\/revisions\/6532"}],"wp:attachment":[{"href":"https:\/\/cbne.cl\/wpCNE\/wp-json\/wp\/v2\/media?parent=6530"}],"wp:term":[{"taxonomy":"category","embeddable":true,"href":"https:\/\/cbne.cl\/wpCNE\/wp-json\/wp\/v2\/categories?post=6530"},{"taxonomy":"post_tag","embeddable":true,"href":"https:\/\/cbne.cl\/wpCNE\/wp-json\/wp\/v2\/tags?post=6530"}],"curies":[{"name":"wp","href":"https:\/\/api.w.org\/{rel}","templated":true}]}}