{"id":6523,"date":"2022-06-12T09:30:00","date_gmt":"2022-06-12T13:30:00","guid":{"rendered":"https:\/\/colegionuevaesperanza.cl\/wpCNE\/?p=6523"},"modified":"2022-06-14T09:31:50","modified_gmt":"2022-06-14T13:31:50","slug":"dia-contra-el-trabajo-infantil","status":"publish","type":"post","link":"https:\/\/cbne.cl\/wpCNE\/dia-contra-el-trabajo-infantil\/","title":{"rendered":"D\u00eda contra el Trabajo Infantil"},"content":{"rendered":"\n<figure class=\"wp-block-image size-large\"><img fetchpriority=\"high\" decoding=\"async\" width=\"1024\" height=\"1024\" src=\"https:\/\/colegionuevaesperanza.cl\/wpCNE\/wp-content\/uploads\/2022\/06\/Dia-mundial-contra-el-trabajo-infantil-1024x1024.jpg\" alt=\"\" class=\"wp-image-6524\" srcset=\"https:\/\/cbne.cl\/wpCNE\/wp-content\/uploads\/2022\/06\/Dia-mundial-contra-el-trabajo-infantil-1024x1024.jpg 1024w, https:\/\/cbne.cl\/wpCNE\/wp-content\/uploads\/2022\/06\/Dia-mundial-contra-el-trabajo-infantil-300x300.jpg 300w, https:\/\/cbne.cl\/wpCNE\/wp-content\/uploads\/2022\/06\/Dia-mundial-contra-el-trabajo-infantil-150x150.jpg 150w, https:\/\/cbne.cl\/wpCNE\/wp-content\/uploads\/2022\/06\/Dia-mundial-contra-el-trabajo-infantil-768x768.jpg 768w, https:\/\/cbne.cl\/wpCNE\/wp-content\/uploads\/2022\/06\/Dia-mundial-contra-el-trabajo-infantil-50x50.jpg 50w, https:\/\/cbne.cl\/wpCNE\/wp-content\/uploads\/2022\/06\/Dia-mundial-contra-el-trabajo-infantil-80x80.jpg 80w, https:\/\/cbne.cl\/wpCNE\/wp-content\/uploads\/2022\/06\/Dia-mundial-contra-el-trabajo-infantil.jpg 1080w\" sizes=\"(max-width: 1024px) 100vw, 1024px\" \/><figcaption><em>El 12 de junio del a\u00f1o 2002, la Organizaci\u00f3n Internacional del Trabajo (OIT) instituy\u00f3 el primer d\u00eda contra el Trabajo Infantil, con el objetivo de sensibilizar al mundo sobre la grave situaci\u00f3n de explotaci\u00f3n y maltrato de ni\u00f1os, ni\u00f1as y adolescentes involucrados en el \u00e1mbito laboral.<\/em><\/figcaption><\/figure>\n\n\n\n<p>\u00bfQu\u00e9 es el trabajo infantil?<\/p>\n\n\n\n<p>Uno de los principales objetivos de la Organizaci\u00f3n Internacional del Trabajo (OIT) fundada en el a\u00f1o 1919 fue la de abolir el trabajo infantil, adoptando y supervisando los est\u00e1ndares laborales de edad m\u00ednima, que deber\u00eda coincidir con la edad en que cesa la obligatoriedad de ir a la escuela.<\/p>\n\n\n\n<p>La educaci\u00f3n es un derecho b\u00e1sico de todos los ni\u00f1os, ni\u00f1as y adolescentes, de manera que obligarlos a trabajar es atentar contra ello. Por ello, UNICEF viene ayudando durante mucho tiempo a diversos pa\u00edses a elaborar y aplicar programas integrales para hacer frente a esta problem\u00e1tica, desde el marco jur\u00eddico, pol\u00edtico, social y cultural.<\/p>\n","protected":false},"excerpt":{"rendered":"<p>\u00bfQu\u00e9 es el trabajo infantil? Uno de los principales objetivos de la Organizaci\u00f3n Internacional del Trabajo (OIT) fundada<\/p>\n","protected":false},"author":4,"featured_media":0,"comment_status":"open","ping_status":"closed","sticky":false,"template":"","format":"standard","meta":{"footnotes":""},"categories":[1],"tags":[239],"class_list":["post-6523","post","type-post","status-publish","format-standard","hentry","category-uncategorized","tag-trabajo-infantil"],"yoast_head":"<!-- This site is optimized with the Yoast SEO plugin v27.5 - https:\/\/yoast.com\/product\/yoast-seo-wordpress\/ -->\n<title>D\u00eda contra el Trabajo Infantil - COLEGIO BICENTENARIO NUEVA ESPERANZA<\/title>\n<meta name=\"description\" content=\"El 12 de junio del a\u00f1o 2002, la Organizaci\u00f3n Internacional del Trabajo (OIT) instituy\u00f3 el primer d\u00eda contra el Trabajo Infantil, con el objetivo de sensibilizar al mundo sobre la grave situaci\u00f3n de explotaci\u00f3n y maltrato de ni\u00f1os, ni\u00f1as y adolescentes involucrados en el \u00e1mbito laboral.\" \/>\n<meta name=\"robots\" content=\"index, follow, max-snippet:-1, max-image-preview:large, max-video-preview:-1\" \/>\n<link rel=\"canonical\" href=\"https:\/\/cbne.cl\/wpCNE\/dia-contra-el-trabajo-infantil\/\" \/>\n<meta property=\"og:locale\" content=\"es_ES\" \/>\n<meta property=\"og:type\" content=\"article\" \/>\n<meta property=\"og:title\" content=\"D\u00eda contra el Trabajo Infantil - COLEGIO BICENTENARIO NUEVA ESPERANZA\" \/>\n<meta property=\"og:description\" content=\"El 12 de junio del a\u00f1o 2002, la Organizaci\u00f3n Internacional del Trabajo (OIT) instituy\u00f3 el primer d\u00eda contra el Trabajo Infantil, con el objetivo de sensibilizar al mundo sobre la grave situaci\u00f3n de explotaci\u00f3n y maltrato de ni\u00f1os, ni\u00f1as y adolescentes involucrados en el \u00e1mbito laboral.\" \/>\n<meta property=\"og:url\" content=\"https:\/\/cbne.cl\/wpCNE\/dia-contra-el-trabajo-infantil\/\" \/>\n<meta property=\"og:site_name\" content=\"COLEGIO BICENTENARIO NUEVA ESPERANZA\" \/>\n<meta property=\"article:published_time\" content=\"2022-06-12T13:30:00+00:00\" \/>\n<meta property=\"article:modified_time\" content=\"2022-06-14T13:31:50+00:00\" \/>\n<meta property=\"og:image\" content=\"https:\/\/colegionuevaesperanza.cl\/wpCNE\/wp-content\/uploads\/2022\/06\/Dia-mundial-contra-el-trabajo-infantil-1024x1024.jpg\" \/>\n<meta name=\"twitter:card\" content=\"summary_large_image\" \/>\n<meta name=\"twitter:label1\" content=\"Escrito por\" \/>\n\t<meta name=\"twitter:data1\" content=\"\" \/>\n\t<meta name=\"twitter:label2\" content=\"Tiempo de lectura\" \/>\n\t<meta name=\"twitter:data2\" content=\"1 minuto\" \/>\n<script type=\"application\/ld+json\" class=\"yoast-schema-graph\">{\"@context\":\"https:\\\/\\\/schema.org\",\"@graph\":[{\"@type\":\"Article\",\"@id\":\"https:\\\/\\\/cbne.cl\\\/wpCNE\\\/dia-contra-el-trabajo-infantil\\\/#article\",\"isPartOf\":{\"@id\":\"https:\\\/\\\/cbne.cl\\\/wpCNE\\\/dia-contra-el-trabajo-infantil\\\/\"},\"author\":{\"name\":\"\",\"@id\":\"\"},\"headline\":\"D\u00eda contra el Trabajo Infantil\",\"datePublished\":\"2022-06-12T13:30:00+00:00\",\"dateModified\":\"2022-06-14T13:31:50+00:00\",\"mainEntityOfPage\":{\"@id\":\"https:\\\/\\\/cbne.cl\\\/wpCNE\\\/dia-contra-el-trabajo-infantil\\\/\"},\"wordCount\":177,\"commentCount\":0,\"publisher\":{\"@id\":\"https:\\\/\\\/cbne.cl\\\/wpCNE\\\/#organization\"},\"image\":{\"@id\":\"https:\\\/\\\/cbne.cl\\\/wpCNE\\\/dia-contra-el-trabajo-infantil\\\/#primaryimage\"},\"thumbnailUrl\":\"https:\\\/\\\/colegionuevaesperanza.cl\\\/wpCNE\\\/wp-content\\\/uploads\\\/2022\\\/06\\\/Dia-mundial-contra-el-trabajo-infantil-1024x1024.jpg\",\"keywords\":[\"trabajo infantil\"],\"articleSection\":[\"Uncategorized\"],\"inLanguage\":\"es\",\"potentialAction\":[{\"@type\":\"CommentAction\",\"name\":\"Comment\",\"target\":[\"https:\\\/\\\/cbne.cl\\\/wpCNE\\\/dia-contra-el-trabajo-infantil\\\/#respond\"]}]},{\"@type\":\"WebPage\",\"@id\":\"https:\\\/\\\/cbne.cl\\\/wpCNE\\\/dia-contra-el-trabajo-infantil\\\/\",\"url\":\"https:\\\/\\\/cbne.cl\\\/wpCNE\\\/dia-contra-el-trabajo-infantil\\\/\",\"name\":\"D\u00eda contra el Trabajo Infantil - COLEGIO BICENTENARIO NUEVA ESPERANZA\",\"isPartOf\":{\"@id\":\"https:\\\/\\\/cbne.cl\\\/wpCNE\\\/#website\"},\"primaryImageOfPage\":{\"@id\":\"https:\\\/\\\/cbne.cl\\\/wpCNE\\\/dia-contra-el-trabajo-infantil\\\/#primaryimage\"},\"image\":{\"@id\":\"https:\\\/\\\/cbne.cl\\\/wpCNE\\\/dia-contra-el-trabajo-infantil\\\/#primaryimage\"},\"thumbnailUrl\":\"https:\\\/\\\/colegionuevaesperanza.cl\\\/wpCNE\\\/wp-content\\\/uploads\\\/2022\\\/06\\\/Dia-mundial-contra-el-trabajo-infantil-1024x1024.jpg\",\"datePublished\":\"2022-06-12T13:30:00+00:00\",\"dateModified\":\"2022-06-14T13:31:50+00:00\",\"description\":\"El 12 de junio del a\u00f1o 2002, la Organizaci\u00f3n Internacional del Trabajo (OIT) instituy\u00f3 el primer d\u00eda contra el Trabajo Infantil, con el objetivo de sensibilizar al mundo sobre la grave situaci\u00f3n de explotaci\u00f3n y maltrato de ni\u00f1os, ni\u00f1as y adolescentes involucrados en el \u00e1mbito laboral.\",\"breadcrumb\":{\"@id\":\"https:\\\/\\\/cbne.cl\\\/wpCNE\\\/dia-contra-el-trabajo-infantil\\\/#breadcrumb\"},\"inLanguage\":\"es\",\"potentialAction\":[{\"@type\":\"ReadAction\",\"target\":[\"https:\\\/\\\/cbne.cl\\\/wpCNE\\\/dia-contra-el-trabajo-infantil\\\/\"]}]},{\"@type\":\"ImageObject\",\"inLanguage\":\"es\",\"@id\":\"https:\\\/\\\/cbne.cl\\\/wpCNE\\\/dia-contra-el-trabajo-infantil\\\/#primaryimage\",\"url\":\"https:\\\/\\\/colegionuevaesperanza.cl\\\/wpCNE\\\/wp-content\\\/uploads\\\/2022\\\/06\\\/Dia-mundial-contra-el-trabajo-infantil-1024x1024.jpg\",\"contentUrl\":\"https:\\\/\\\/colegionuevaesperanza.cl\\\/wpCNE\\\/wp-content\\\/uploads\\\/2022\\\/06\\\/Dia-mundial-contra-el-trabajo-infantil-1024x1024.jpg\"},{\"@type\":\"BreadcrumbList\",\"@id\":\"https:\\\/\\\/cbne.cl\\\/wpCNE\\\/dia-contra-el-trabajo-infantil\\\/#breadcrumb\",\"itemListElement\":[{\"@type\":\"ListItem\",\"position\":1,\"name\":\"Portada\",\"item\":\"https:\\\/\\\/cbne.cl\\\/wpCNE\\\/\"},{\"@type\":\"ListItem\",\"position\":2,\"name\":\"D\u00eda contra el Trabajo Infantil\"}]},{\"@type\":\"WebSite\",\"@id\":\"https:\\\/\\\/cbne.cl\\\/wpCNE\\\/#website\",\"url\":\"https:\\\/\\\/cbne.cl\\\/wpCNE\\\/\",\"name\":\"COLEGIO BICENTENARIO NUEVA ESPERANZA\",\"description\":\"&quot;Educando desde la afectividad&quot;\",\"publisher\":{\"@id\":\"https:\\\/\\\/cbne.cl\\\/wpCNE\\\/#organization\"},\"potentialAction\":[{\"@type\":\"SearchAction\",\"target\":{\"@type\":\"EntryPoint\",\"urlTemplate\":\"https:\\\/\\\/cbne.cl\\\/wpCNE\\\/?s={search_term_string}\"},\"query-input\":{\"@type\":\"PropertyValueSpecification\",\"valueRequired\":true,\"valueName\":\"search_term_string\"}}],\"inLanguage\":\"es\"},{\"@type\":\"Organization\",\"@id\":\"https:\\\/\\\/cbne.cl\\\/wpCNE\\\/#organization\",\"name\":\"COLEGIO BICENTENARIO NUEVA ESPERANZA\",\"url\":\"https:\\\/\\\/cbne.cl\\\/wpCNE\\\/\",\"logo\":{\"@type\":\"ImageObject\",\"inLanguage\":\"es\",\"@id\":\"https:\\\/\\\/cbne.cl\\\/wpCNE\\\/#\\\/schema\\\/logo\\\/image\\\/\",\"url\":\"https:\\\/\\\/cbne.cl\\\/wpCNE\\\/wp-content\\\/uploads\\\/2020\\\/07\\\/cropped-cropped-web150x150.png\",\"contentUrl\":\"https:\\\/\\\/cbne.cl\\\/wpCNE\\\/wp-content\\\/uploads\\\/2020\\\/07\\\/cropped-cropped-web150x150.png\",\"width\":150,\"height\":150,\"caption\":\"COLEGIO BICENTENARIO NUEVA ESPERANZA\"},\"image\":{\"@id\":\"https:\\\/\\\/cbne.cl\\\/wpCNE\\\/#\\\/schema\\\/logo\\\/image\\\/\"}},{\"@type\":\"Person\",\"@id\":\"\",\"url\":\"https:\\\/\\\/cbne.cl\\\/wpCNE\\\/author\\\/\"}]}<\/script>\n<!-- \/ Yoast SEO plugin. -->","yoast_head_json":{"title":"D\u00eda contra el Trabajo Infantil - COLEGIO BICENTENARIO NUEVA ESPERANZA","description":"El 12 de junio del a\u00f1o 2002, la Organizaci\u00f3n Internacional del Trabajo (OIT) instituy\u00f3 el primer d\u00eda contra el Trabajo Infantil, con el objetivo de sensibilizar al mundo sobre la grave situaci\u00f3n de explotaci\u00f3n y maltrato de ni\u00f1os, ni\u00f1as y adolescentes involucrados en el \u00e1mbito laboral.","robots":{"index":"index","follow":"follow","max-snippet":"max-snippet:-1","max-image-preview":"max-image-preview:large","max-video-preview":"max-video-preview:-1"},"canonical":"https:\/\/cbne.cl\/wpCNE\/dia-contra-el-trabajo-infantil\/","og_locale":"es_ES","og_type":"article","og_title":"D\u00eda contra el Trabajo Infantil - COLEGIO BICENTENARIO NUEVA ESPERANZA","og_description":"El 12 de junio del a\u00f1o 2002, la Organizaci\u00f3n Internacional del Trabajo (OIT) instituy\u00f3 el primer d\u00eda contra el Trabajo Infantil, con el objetivo de sensibilizar al mundo sobre la grave situaci\u00f3n de explotaci\u00f3n y maltrato de ni\u00f1os, ni\u00f1as y adolescentes involucrados en el \u00e1mbito laboral.","og_url":"https:\/\/cbne.cl\/wpCNE\/dia-contra-el-trabajo-infantil\/","og_site_name":"COLEGIO BICENTENARIO NUEVA ESPERANZA","article_published_time":"2022-06-12T13:30:00+00:00","article_modified_time":"2022-06-14T13:31:50+00:00","og_image":[{"url":"https:\/\/colegionuevaesperanza.cl\/wpCNE\/wp-content\/uploads\/2022\/06\/Dia-mundial-contra-el-trabajo-infantil-1024x1024.jpg","type":"","width":"","height":""}],"twitter_card":"summary_large_image","twitter_misc":{"Escrito por":"","Tiempo de lectura":"1 minuto"},"schema":{"@context":"https:\/\/schema.org","@graph":[{"@type":"Article","@id":"https:\/\/cbne.cl\/wpCNE\/dia-contra-el-trabajo-infantil\/#article","isPartOf":{"@id":"https:\/\/cbne.cl\/wpCNE\/dia-contra-el-trabajo-infantil\/"},"author":{"name":"","@id":""},"headline":"D\u00eda contra el Trabajo Infantil","datePublished":"2022-06-12T13:30:00+00:00","dateModified":"2022-06-14T13:31:50+00:00","mainEntityOfPage":{"@id":"https:\/\/cbne.cl\/wpCNE\/dia-contra-el-trabajo-infantil\/"},"wordCount":177,"commentCount":0,"publisher":{"@id":"https:\/\/cbne.cl\/wpCNE\/#organization"},"image":{"@id":"https:\/\/cbne.cl\/wpCNE\/dia-contra-el-trabajo-infantil\/#primaryimage"},"thumbnailUrl":"https:\/\/colegionuevaesperanza.cl\/wpCNE\/wp-content\/uploads\/2022\/06\/Dia-mundial-contra-el-trabajo-infantil-1024x1024.jpg","keywords":["trabajo infantil"],"articleSection":["Uncategorized"],"inLanguage":"es","potentialAction":[{"@type":"CommentAction","name":"Comment","target":["https:\/\/cbne.cl\/wpCNE\/dia-contra-el-trabajo-infantil\/#respond"]}]},{"@type":"WebPage","@id":"https:\/\/cbne.cl\/wpCNE\/dia-contra-el-trabajo-infantil\/","url":"https:\/\/cbne.cl\/wpCNE\/dia-contra-el-trabajo-infantil\/","name":"D\u00eda contra el Trabajo Infantil - COLEGIO BICENTENARIO NUEVA ESPERANZA","isPartOf":{"@id":"https:\/\/cbne.cl\/wpCNE\/#website"},"primaryImageOfPage":{"@id":"https:\/\/cbne.cl\/wpCNE\/dia-contra-el-trabajo-infantil\/#primaryimage"},"image":{"@id":"https:\/\/cbne.cl\/wpCNE\/dia-contra-el-trabajo-infantil\/#primaryimage"},"thumbnailUrl":"https:\/\/colegionuevaesperanza.cl\/wpCNE\/wp-content\/uploads\/2022\/06\/Dia-mundial-contra-el-trabajo-infantil-1024x1024.jpg","datePublished":"2022-06-12T13:30:00+00:00","dateModified":"2022-06-14T13:31:50+00:00","description":"El 12 de junio del a\u00f1o 2002, la Organizaci\u00f3n Internacional del Trabajo (OIT) instituy\u00f3 el primer d\u00eda contra el Trabajo Infantil, con el objetivo de sensibilizar al mundo sobre la grave situaci\u00f3n de explotaci\u00f3n y maltrato de ni\u00f1os, ni\u00f1as y adolescentes involucrados en el \u00e1mbito laboral.","breadcrumb":{"@id":"https:\/\/cbne.cl\/wpCNE\/dia-contra-el-trabajo-infantil\/#breadcrumb"},"inLanguage":"es","potentialAction":[{"@type":"ReadAction","target":["https:\/\/cbne.cl\/wpCNE\/dia-contra-el-trabajo-infantil\/"]}]},{"@type":"ImageObject","inLanguage":"es","@id":"https:\/\/cbne.cl\/wpCNE\/dia-contra-el-trabajo-infantil\/#primaryimage","url":"https:\/\/colegionuevaesperanza.cl\/wpCNE\/wp-content\/uploads\/2022\/06\/Dia-mundial-contra-el-trabajo-infantil-1024x1024.jpg","contentUrl":"https:\/\/colegionuevaesperanza.cl\/wpCNE\/wp-content\/uploads\/2022\/06\/Dia-mundial-contra-el-trabajo-infantil-1024x1024.jpg"},{"@type":"BreadcrumbList","@id":"https:\/\/cbne.cl\/wpCNE\/dia-contra-el-trabajo-infantil\/#breadcrumb","itemListElement":[{"@type":"ListItem","position":1,"name":"Portada","item":"https:\/\/cbne.cl\/wpCNE\/"},{"@type":"ListItem","position":2,"name":"D\u00eda contra el Trabajo Infantil"}]},{"@type":"WebSite","@id":"https:\/\/cbne.cl\/wpCNE\/#website","url":"https:\/\/cbne.cl\/wpCNE\/","name":"COLEGIO BICENTENARIO NUEVA ESPERANZA","description":"&quot;Educando desde la afectividad&quot;","publisher":{"@id":"https:\/\/cbne.cl\/wpCNE\/#organization"},"potentialAction":[{"@type":"SearchAction","target":{"@type":"EntryPoint","urlTemplate":"https:\/\/cbne.cl\/wpCNE\/?s={search_term_string}"},"query-input":{"@type":"PropertyValueSpecification","valueRequired":true,"valueName":"search_term_string"}}],"inLanguage":"es"},{"@type":"Organization","@id":"https:\/\/cbne.cl\/wpCNE\/#organization","name":"COLEGIO BICENTENARIO NUEVA ESPERANZA","url":"https:\/\/cbne.cl\/wpCNE\/","logo":{"@type":"ImageObject","inLanguage":"es","@id":"https:\/\/cbne.cl\/wpCNE\/#\/schema\/logo\/image\/","url":"https:\/\/cbne.cl\/wpCNE\/wp-content\/uploads\/2020\/07\/cropped-cropped-web150x150.png","contentUrl":"https:\/\/cbne.cl\/wpCNE\/wp-content\/uploads\/2020\/07\/cropped-cropped-web150x150.png","width":150,"height":150,"caption":"COLEGIO BICENTENARIO NUEVA ESPERANZA"},"image":{"@id":"https:\/\/cbne.cl\/wpCNE\/#\/schema\/logo\/image\/"}},{"@type":"Person","@id":"","url":"https:\/\/cbne.cl\/wpCNE\/author\/"}]}},"featured_image_urls":{"full":"","thumbnail":"","medium":"","medium_large":"","large":"","1536x1536":"","2048x2048":"","morenews-large":"","morenews-medium":""},"author_info":{"display_name":"","author_link":"https:\/\/cbne.cl\/wpCNE\/author\/"},"category_info":"<a href=\"https:\/\/cbne.cl\/wpCNE\/category\/uncategorized\/\" rel=\"category tag\">Uncategorized<\/a>","tag_info":"Uncategorized","comment_count":"0","_links":{"self":[{"href":"https:\/\/cbne.cl\/wpCNE\/wp-json\/wp\/v2\/posts\/6523","targetHints":{"allow":["GET"]}}],"collection":[{"href":"https:\/\/cbne.cl\/wpCNE\/wp-json\/wp\/v2\/posts"}],"about":[{"href":"https:\/\/cbne.cl\/wpCNE\/wp-json\/wp\/v2\/types\/post"}],"author":[{"embeddable":true,"href":"https:\/\/cbne.cl\/wpCNE\/wp-json\/wp\/v2\/users\/4"}],"replies":[{"embeddable":true,"href":"https:\/\/cbne.cl\/wpCNE\/wp-json\/wp\/v2\/comments?post=6523"}],"version-history":[{"count":1,"href":"https:\/\/cbne.cl\/wpCNE\/wp-json\/wp\/v2\/posts\/6523\/revisions"}],"predecessor-version":[{"id":6525,"href":"https:\/\/cbne.cl\/wpCNE\/wp-json\/wp\/v2\/posts\/6523\/revisions\/6525"}],"wp:attachment":[{"href":"https:\/\/cbne.cl\/wpCNE\/wp-json\/wp\/v2\/media?parent=6523"}],"wp:term":[{"taxonomy":"category","embeddable":true,"href":"https:\/\/cbne.cl\/wpCNE\/wp-json\/wp\/v2\/categories?post=6523"},{"taxonomy":"post_tag","embeddable":true,"href":"https:\/\/cbne.cl\/wpCNE\/wp-json\/wp\/v2\/tags?post=6523"}],"curies":[{"name":"wp","href":"https:\/\/api.w.org\/{rel}","templated":true}]}}