{"id":6296,"date":"2022-06-01T11:30:00","date_gmt":"2022-06-01T15:30:00","guid":{"rendered":"https:\/\/colegionuevaesperanza.cl\/wpCNE\/?p=6296"},"modified":"2022-06-01T15:57:37","modified_gmt":"2022-06-01T19:57:37","slug":"premiacion-concurso-de-arte-mes-del-mar-%ef%bf%bc","status":"publish","type":"post","link":"https:\/\/cbne.cl\/wpCNE\/premiacion-concurso-de-arte-mes-del-mar-%ef%bf%bc\/","title":{"rendered":"PREMIACI\u00d3N CONCURSO DE ARTE, \u201cMES DEL MAR\u201d \ufffc"},"content":{"rendered":"\n<figure class=\"wp-block-image size-large\"><img fetchpriority=\"high\" decoding=\"async\" width=\"1024\" height=\"768\" src=\"https:\/\/colegionuevaesperanza.cl\/wpCNE\/wp-content\/uploads\/2022\/06\/IMG_3715-1024x768.jpg\" alt=\"\" class=\"wp-image-6297\" srcset=\"https:\/\/cbne.cl\/wpCNE\/wp-content\/uploads\/2022\/06\/IMG_3715-1024x768.jpg 1024w, https:\/\/cbne.cl\/wpCNE\/wp-content\/uploads\/2022\/06\/IMG_3715-300x225.jpg 300w, https:\/\/cbne.cl\/wpCNE\/wp-content\/uploads\/2022\/06\/IMG_3715-768x576.jpg 768w, https:\/\/cbne.cl\/wpCNE\/wp-content\/uploads\/2022\/06\/IMG_3715-1536x1151.jpg 1536w, https:\/\/cbne.cl\/wpCNE\/wp-content\/uploads\/2022\/06\/IMG_3715-400x300.jpg 400w\" sizes=\"(max-width: 1024px) 100vw, 1024px\" \/><figcaption><em>Benjam\u00edn Vilches durante la premiaci\u00f3n.<\/em><\/figcaption><\/figure>\n\n\n\n<p>Esta semana se llev\u00f3 a cabo la premiaci\u00f3n del concurso \u201cMes del Mar\u201d que organiz\u00f3 la Unidad de Educaci\u00f3n Extraescolar del DAEM de Yungay. En la instancia, Benjam\u00edn Vilches, alumno de nuestro colegio, logr\u00f3 un puesto en el podio de los tres primeros lugares <img decoding=\"async\" height=\"16\" width=\"16\" src=\"https:\/\/static.xx.fbcdn.net\/images\/emoji.php\/v9\/tc6\/1.5\/16\/1f973.png\" alt=\"\ud83e\udd73\"><img decoding=\"async\" height=\"16\" width=\"16\" src=\"https:\/\/static.xx.fbcdn.net\/images\/emoji.php\/v9\/tc6\/1.5\/16\/1f973.png\" alt=\"\ud83e\udd73\">. <\/p>\n\n\n\n<p>Benjam\u00edn Vilches, estudiante de 4to medio de nuestro colegio, fue quien logr\u00f3 el tercer lugar en el concurso de pintura, acompa\u00f1ado por el docente de Artes del colegio, Alejandro V\u00e1squez. El estudiante fue parte de la iniciativa que busca destacar la biodiversidad marina, y la protecci\u00f3n y conservaci\u00f3n de las costas chilenas<img decoding=\"async\" height=\"16\" width=\"16\" src=\"https:\/\/static.xx.fbcdn.net\/images\/emoji.php\/v9\/t43\/1.5\/16\/1f970.png\" alt=\"\ud83e\udd70\"><img loading=\"lazy\" decoding=\"async\" height=\"16\" width=\"16\" src=\"https:\/\/static.xx.fbcdn.net\/images\/emoji.php\/v9\/tc5\/1.5\/16\/1f499.png\" alt=\"\ud83d\udc99\">.<\/p>\n\n\n\n<p><img loading=\"lazy\" decoding=\"async\" height=\"16\" width=\"16\" src=\"https:\/\/static.xx.fbcdn.net\/images\/emoji.php\/v9\/tb1\/1.5\/16\/1f929.png\" alt=\"\ud83e\udd29\">\u00a1Felicidades Benja! Esperamos que este triunfo sea el pie inicial de algo m\u00e1s grande para tu vida.<\/p>\n\n\n\n<p>Felicitamos tambi\u00e9n a todos nuestros estudiantes que fueron parte del concurso. El hecho de haber estado en ese lugar en representaci\u00f3n de la comunidad CBNE ya los hace ganadores. Aprovechen su enorme talento y no dejen de creer en sus capacidades <img loading=\"lazy\" decoding=\"async\" height=\"16\" width=\"16\" src=\"https:\/\/static.xx.fbcdn.net\/images\/emoji.php\/v9\/tf3\/1.5\/16\/2764.png\" alt=\"\u2764\ufe0f\">.<\/p>\n\n\n\n<figure class=\"wp-block-image size-large is-resized\"><img loading=\"lazy\" decoding=\"async\" src=\"https:\/\/colegionuevaesperanza.cl\/wpCNE\/wp-content\/uploads\/2022\/06\/IMG_3708-1024x768.jpg\" alt=\"\" class=\"wp-image-6299\" width=\"840\" height=\"630\" srcset=\"https:\/\/cbne.cl\/wpCNE\/wp-content\/uploads\/2022\/06\/IMG_3708-1024x768.jpg 1024w, https:\/\/cbne.cl\/wpCNE\/wp-content\/uploads\/2022\/06\/IMG_3708-300x225.jpg 300w, https:\/\/cbne.cl\/wpCNE\/wp-content\/uploads\/2022\/06\/IMG_3708-768x576.jpg 768w, https:\/\/cbne.cl\/wpCNE\/wp-content\/uploads\/2022\/06\/IMG_3708-1536x1151.jpg 1536w, https:\/\/cbne.cl\/wpCNE\/wp-content\/uploads\/2022\/06\/IMG_3708-400x300.jpg 400w\" sizes=\"(max-width: 840px) 100vw, 840px\" \/><\/figure>\n\n\n\n<figure class=\"wp-block-image size-large\"><img loading=\"lazy\" decoding=\"async\" width=\"1024\" height=\"768\" src=\"https:\/\/colegionuevaesperanza.cl\/wpCNE\/wp-content\/uploads\/2022\/06\/IMG_3702-1024x768.jpg\" alt=\"\" class=\"wp-image-6300\" srcset=\"https:\/\/cbne.cl\/wpCNE\/wp-content\/uploads\/2022\/06\/IMG_3702-1024x768.jpg 1024w, https:\/\/cbne.cl\/wpCNE\/wp-content\/uploads\/2022\/06\/IMG_3702-300x225.jpg 300w, https:\/\/cbne.cl\/wpCNE\/wp-content\/uploads\/2022\/06\/IMG_3702-768x576.jpg 768w, https:\/\/cbne.cl\/wpCNE\/wp-content\/uploads\/2022\/06\/IMG_3702-1536x1151.jpg 1536w, https:\/\/cbne.cl\/wpCNE\/wp-content\/uploads\/2022\/06\/IMG_3702-400x300.jpg 400w\" sizes=\"(max-width: 1024px) 100vw, 1024px\" \/><\/figure>\n\n\n\n<figure class=\"wp-block-image size-large\"><img loading=\"lazy\" decoding=\"async\" width=\"768\" height=\"1024\" src=\"https:\/\/colegionuevaesperanza.cl\/wpCNE\/wp-content\/uploads\/2022\/06\/IMG_3711-768x1024.jpg\" alt=\"\" class=\"wp-image-6301\" srcset=\"https:\/\/cbne.cl\/wpCNE\/wp-content\/uploads\/2022\/06\/IMG_3711-768x1024.jpg 768w, https:\/\/cbne.cl\/wpCNE\/wp-content\/uploads\/2022\/06\/IMG_3711-225x300.jpg 225w, https:\/\/cbne.cl\/wpCNE\/wp-content\/uploads\/2022\/06\/IMG_3711-1152x1536.jpg 1152w, https:\/\/cbne.cl\/wpCNE\/wp-content\/uploads\/2022\/06\/IMG_3711.jpg 1536w\" sizes=\"(max-width: 768px) 100vw, 768px\" \/><\/figure>\n\n\n\n<figure class=\"wp-block-image size-large\"><img loading=\"lazy\" decoding=\"async\" width=\"768\" height=\"1024\" src=\"https:\/\/colegionuevaesperanza.cl\/wpCNE\/wp-content\/uploads\/2022\/06\/IMG_3709-768x1024.jpg\" alt=\"\" class=\"wp-image-6303\" srcset=\"https:\/\/cbne.cl\/wpCNE\/wp-content\/uploads\/2022\/06\/IMG_3709-768x1025.jpg 768w, https:\/\/cbne.cl\/wpCNE\/wp-content\/uploads\/2022\/06\/IMG_3709-225x300.jpg 225w, https:\/\/cbne.cl\/wpCNE\/wp-content\/uploads\/2022\/06\/IMG_3709-1151x1536.jpg 1151w, https:\/\/cbne.cl\/wpCNE\/wp-content\/uploads\/2022\/06\/IMG_3709.jpg 1536w\" sizes=\"(max-width: 768px) 100vw, 768px\" \/><\/figure>\n\n\n\n<p>\u00a1Felicidades!<img loading=\"lazy\" decoding=\"async\" height=\"16\" width=\"16\" src=\"https:\/\/static.xx.fbcdn.net\/images\/emoji.php\/v9\/tb1\/1.5\/16\/1f929.png\" alt=\"\ud83e\udd29\"><\/p>\n\n\n\n<p><\/p>\n","protected":false},"excerpt":{"rendered":"<p>Esta semana se llev\u00f3 a cabo la premiaci\u00f3n del concurso \u201cMes del Mar\u201d que organiz\u00f3 la Unidad de<\/p>\n","protected":false},"author":4,"featured_media":0,"comment_status":"open","ping_status":"closed","sticky":false,"template":"","format":"standard","meta":{"footnotes":""},"categories":[1],"tags":[225,226],"class_list":["post-6296","post","type-post","status-publish","format-standard","hentry","category-uncategorized","tag-mesdel-mar","tag-premiacion"],"yoast_head":"<!-- This site is optimized with the Yoast SEO plugin v27.5 - https:\/\/yoast.com\/product\/yoast-seo-wordpress\/ -->\n<title>PREMIACI\u00d3N CONCURSO DE ARTE, \u201cMES DEL MAR\u201d \ufffc - COLEGIO BICENTENARIO NUEVA ESPERANZA<\/title>\n<meta name=\"description\" content=\"Esta semana se llev\u00f3 a cabo la premiaci\u00f3n del concurso \u201cMes del Mar\u201d que organiz\u00f3 la Unidad de Educaci\u00f3n Extraescolar del DAEM de Yungay. En la instancia, Benjam\u00edn Vilches, alumno de nuestro colegio, logr\u00f3 un puesto en el podio de los tres primeros lugares .\" \/>\n<meta name=\"robots\" content=\"index, follow, max-snippet:-1, max-image-preview:large, max-video-preview:-1\" \/>\n<link rel=\"canonical\" href=\"https:\/\/cbne.cl\/wpCNE\/premiacion-concurso-de-arte-mes-del-mar-\ufffc\/\" \/>\n<meta property=\"og:locale\" content=\"es_ES\" \/>\n<meta property=\"og:type\" content=\"article\" \/>\n<meta property=\"og:title\" content=\"PREMIACI\u00d3N CONCURSO DE ARTE, \u201cMES DEL MAR\u201d \ufffc - COLEGIO BICENTENARIO NUEVA ESPERANZA\" \/>\n<meta property=\"og:description\" content=\"Esta semana se llev\u00f3 a cabo la premiaci\u00f3n del concurso \u201cMes del Mar\u201d que organiz\u00f3 la Unidad de Educaci\u00f3n Extraescolar del DAEM de Yungay. En la instancia, Benjam\u00edn Vilches, alumno de nuestro colegio, logr\u00f3 un puesto en el podio de los tres primeros lugares .\" \/>\n<meta property=\"og:url\" content=\"https:\/\/cbne.cl\/wpCNE\/premiacion-concurso-de-arte-mes-del-mar-\ufffc\/\" \/>\n<meta property=\"og:site_name\" content=\"COLEGIO BICENTENARIO NUEVA ESPERANZA\" \/>\n<meta property=\"article:published_time\" content=\"2022-06-01T15:30:00+00:00\" \/>\n<meta property=\"article:modified_time\" content=\"2022-06-01T19:57:37+00:00\" \/>\n<meta property=\"og:image\" content=\"https:\/\/colegionuevaesperanza.cl\/wpCNE\/wp-content\/uploads\/2022\/06\/IMG_3715-1024x768.jpg\" \/>\n<meta name=\"twitter:card\" content=\"summary_large_image\" \/>\n<meta name=\"twitter:label1\" content=\"Escrito por\" \/>\n\t<meta name=\"twitter:data1\" content=\"\" \/>\n\t<meta name=\"twitter:label2\" content=\"Tiempo de lectura\" \/>\n\t<meta name=\"twitter:data2\" content=\"4 minutos\" \/>\n<script type=\"application\/ld+json\" class=\"yoast-schema-graph\">{\"@context\":\"https:\\\/\\\/schema.org\",\"@graph\":[{\"@type\":\"Article\",\"@id\":\"https:\\\/\\\/cbne.cl\\\/wpCNE\\\/premiacion-concurso-de-arte-mes-del-mar-%ef%bf%bc\\\/#article\",\"isPartOf\":{\"@id\":\"https:\\\/\\\/cbne.cl\\\/wpCNE\\\/premiacion-concurso-de-arte-mes-del-mar-%ef%bf%bc\\\/\"},\"author\":{\"name\":\"\",\"@id\":\"\"},\"headline\":\"PREMIACI\u00d3N CONCURSO DE ARTE, \u201cMES DEL MAR\u201d \ufffc\",\"datePublished\":\"2022-06-01T15:30:00+00:00\",\"dateModified\":\"2022-06-01T19:57:37+00:00\",\"mainEntityOfPage\":{\"@id\":\"https:\\\/\\\/cbne.cl\\\/wpCNE\\\/premiacion-concurso-de-arte-mes-del-mar-%ef%bf%bc\\\/\"},\"wordCount\":181,\"commentCount\":0,\"publisher\":{\"@id\":\"https:\\\/\\\/cbne.cl\\\/wpCNE\\\/#organization\"},\"image\":{\"@id\":\"https:\\\/\\\/cbne.cl\\\/wpCNE\\\/premiacion-concurso-de-arte-mes-del-mar-%ef%bf%bc\\\/#primaryimage\"},\"thumbnailUrl\":\"https:\\\/\\\/colegionuevaesperanza.cl\\\/wpCNE\\\/wp-content\\\/uploads\\\/2022\\\/06\\\/IMG_3715-1024x768.jpg\",\"keywords\":[\"mesdel mar\",\"premiacion\"],\"articleSection\":[\"Uncategorized\"],\"inLanguage\":\"es\",\"potentialAction\":[{\"@type\":\"CommentAction\",\"name\":\"Comment\",\"target\":[\"https:\\\/\\\/cbne.cl\\\/wpCNE\\\/premiacion-concurso-de-arte-mes-del-mar-%ef%bf%bc\\\/#respond\"]}]},{\"@type\":\"WebPage\",\"@id\":\"https:\\\/\\\/cbne.cl\\\/wpCNE\\\/premiacion-concurso-de-arte-mes-del-mar-%ef%bf%bc\\\/\",\"url\":\"https:\\\/\\\/cbne.cl\\\/wpCNE\\\/premiacion-concurso-de-arte-mes-del-mar-%ef%bf%bc\\\/\",\"name\":\"PREMIACI\u00d3N CONCURSO DE ARTE, \u201cMES DEL MAR\u201d \ufffc - COLEGIO BICENTENARIO NUEVA ESPERANZA\",\"isPartOf\":{\"@id\":\"https:\\\/\\\/cbne.cl\\\/wpCNE\\\/#website\"},\"primaryImageOfPage\":{\"@id\":\"https:\\\/\\\/cbne.cl\\\/wpCNE\\\/premiacion-concurso-de-arte-mes-del-mar-%ef%bf%bc\\\/#primaryimage\"},\"image\":{\"@id\":\"https:\\\/\\\/cbne.cl\\\/wpCNE\\\/premiacion-concurso-de-arte-mes-del-mar-%ef%bf%bc\\\/#primaryimage\"},\"thumbnailUrl\":\"https:\\\/\\\/colegionuevaesperanza.cl\\\/wpCNE\\\/wp-content\\\/uploads\\\/2022\\\/06\\\/IMG_3715-1024x768.jpg\",\"datePublished\":\"2022-06-01T15:30:00+00:00\",\"dateModified\":\"2022-06-01T19:57:37+00:00\",\"description\":\"Esta semana se llev\u00f3 a cabo la premiaci\u00f3n del concurso \u201cMes del Mar\u201d que organiz\u00f3 la Unidad de Educaci\u00f3n Extraescolar del DAEM de Yungay. En la instancia, Benjam\u00edn Vilches, alumno de nuestro colegio, logr\u00f3 un puesto en el podio de los tres primeros lugares .\",\"breadcrumb\":{\"@id\":\"https:\\\/\\\/cbne.cl\\\/wpCNE\\\/premiacion-concurso-de-arte-mes-del-mar-%ef%bf%bc\\\/#breadcrumb\"},\"inLanguage\":\"es\",\"potentialAction\":[{\"@type\":\"ReadAction\",\"target\":[\"https:\\\/\\\/cbne.cl\\\/wpCNE\\\/premiacion-concurso-de-arte-mes-del-mar-%ef%bf%bc\\\/\"]}]},{\"@type\":\"ImageObject\",\"inLanguage\":\"es\",\"@id\":\"https:\\\/\\\/cbne.cl\\\/wpCNE\\\/premiacion-concurso-de-arte-mes-del-mar-%ef%bf%bc\\\/#primaryimage\",\"url\":\"https:\\\/\\\/colegionuevaesperanza.cl\\\/wpCNE\\\/wp-content\\\/uploads\\\/2022\\\/06\\\/IMG_3715-1024x768.jpg\",\"contentUrl\":\"https:\\\/\\\/colegionuevaesperanza.cl\\\/wpCNE\\\/wp-content\\\/uploads\\\/2022\\\/06\\\/IMG_3715-1024x768.jpg\"},{\"@type\":\"BreadcrumbList\",\"@id\":\"https:\\\/\\\/cbne.cl\\\/wpCNE\\\/premiacion-concurso-de-arte-mes-del-mar-%ef%bf%bc\\\/#breadcrumb\",\"itemListElement\":[{\"@type\":\"ListItem\",\"position\":1,\"name\":\"Portada\",\"item\":\"https:\\\/\\\/cbne.cl\\\/wpCNE\\\/\"},{\"@type\":\"ListItem\",\"position\":2,\"name\":\"PREMIACI\u00d3N CONCURSO DE ARTE, \u201cMES DEL MAR\u201d \ufffc\"}]},{\"@type\":\"WebSite\",\"@id\":\"https:\\\/\\\/cbne.cl\\\/wpCNE\\\/#website\",\"url\":\"https:\\\/\\\/cbne.cl\\\/wpCNE\\\/\",\"name\":\"COLEGIO BICENTENARIO NUEVA ESPERANZA\",\"description\":\"&quot;Educando desde la afectividad&quot;\",\"publisher\":{\"@id\":\"https:\\\/\\\/cbne.cl\\\/wpCNE\\\/#organization\"},\"potentialAction\":[{\"@type\":\"SearchAction\",\"target\":{\"@type\":\"EntryPoint\",\"urlTemplate\":\"https:\\\/\\\/cbne.cl\\\/wpCNE\\\/?s={search_term_string}\"},\"query-input\":{\"@type\":\"PropertyValueSpecification\",\"valueRequired\":true,\"valueName\":\"search_term_string\"}}],\"inLanguage\":\"es\"},{\"@type\":\"Organization\",\"@id\":\"https:\\\/\\\/cbne.cl\\\/wpCNE\\\/#organization\",\"name\":\"COLEGIO BICENTENARIO NUEVA ESPERANZA\",\"url\":\"https:\\\/\\\/cbne.cl\\\/wpCNE\\\/\",\"logo\":{\"@type\":\"ImageObject\",\"inLanguage\":\"es\",\"@id\":\"https:\\\/\\\/cbne.cl\\\/wpCNE\\\/#\\\/schema\\\/logo\\\/image\\\/\",\"url\":\"https:\\\/\\\/cbne.cl\\\/wpCNE\\\/wp-content\\\/uploads\\\/2020\\\/07\\\/cropped-cropped-web150x150.png\",\"contentUrl\":\"https:\\\/\\\/cbne.cl\\\/wpCNE\\\/wp-content\\\/uploads\\\/2020\\\/07\\\/cropped-cropped-web150x150.png\",\"width\":150,\"height\":150,\"caption\":\"COLEGIO BICENTENARIO NUEVA ESPERANZA\"},\"image\":{\"@id\":\"https:\\\/\\\/cbne.cl\\\/wpCNE\\\/#\\\/schema\\\/logo\\\/image\\\/\"}},{\"@type\":\"Person\",\"@id\":\"\",\"url\":\"https:\\\/\\\/cbne.cl\\\/wpCNE\\\/author\\\/\"}]}<\/script>\n<!-- \/ Yoast SEO plugin. -->","yoast_head_json":{"title":"PREMIACI\u00d3N CONCURSO DE ARTE, \u201cMES DEL MAR\u201d \ufffc - COLEGIO BICENTENARIO NUEVA ESPERANZA","description":"Esta semana se llev\u00f3 a cabo la premiaci\u00f3n del concurso \u201cMes del Mar\u201d que organiz\u00f3 la Unidad de Educaci\u00f3n Extraescolar del DAEM de Yungay. En la instancia, Benjam\u00edn Vilches, alumno de nuestro colegio, logr\u00f3 un puesto en el podio de los tres primeros lugares .","robots":{"index":"index","follow":"follow","max-snippet":"max-snippet:-1","max-image-preview":"max-image-preview:large","max-video-preview":"max-video-preview:-1"},"canonical":"https:\/\/cbne.cl\/wpCNE\/premiacion-concurso-de-arte-mes-del-mar-\ufffc\/","og_locale":"es_ES","og_type":"article","og_title":"PREMIACI\u00d3N CONCURSO DE ARTE, \u201cMES DEL MAR\u201d \ufffc - COLEGIO BICENTENARIO NUEVA ESPERANZA","og_description":"Esta semana se llev\u00f3 a cabo la premiaci\u00f3n del concurso \u201cMes del Mar\u201d que organiz\u00f3 la Unidad de Educaci\u00f3n Extraescolar del DAEM de Yungay. En la instancia, Benjam\u00edn Vilches, alumno de nuestro colegio, logr\u00f3 un puesto en el podio de los tres primeros lugares .","og_url":"https:\/\/cbne.cl\/wpCNE\/premiacion-concurso-de-arte-mes-del-mar-\ufffc\/","og_site_name":"COLEGIO BICENTENARIO NUEVA ESPERANZA","article_published_time":"2022-06-01T15:30:00+00:00","article_modified_time":"2022-06-01T19:57:37+00:00","og_image":[{"url":"https:\/\/colegionuevaesperanza.cl\/wpCNE\/wp-content\/uploads\/2022\/06\/IMG_3715-1024x768.jpg","type":"","width":"","height":""}],"twitter_card":"summary_large_image","twitter_misc":{"Escrito por":"","Tiempo de lectura":"4 minutos"},"schema":{"@context":"https:\/\/schema.org","@graph":[{"@type":"Article","@id":"https:\/\/cbne.cl\/wpCNE\/premiacion-concurso-de-arte-mes-del-mar-%ef%bf%bc\/#article","isPartOf":{"@id":"https:\/\/cbne.cl\/wpCNE\/premiacion-concurso-de-arte-mes-del-mar-%ef%bf%bc\/"},"author":{"name":"","@id":""},"headline":"PREMIACI\u00d3N CONCURSO DE ARTE, \u201cMES DEL MAR\u201d \ufffc","datePublished":"2022-06-01T15:30:00+00:00","dateModified":"2022-06-01T19:57:37+00:00","mainEntityOfPage":{"@id":"https:\/\/cbne.cl\/wpCNE\/premiacion-concurso-de-arte-mes-del-mar-%ef%bf%bc\/"},"wordCount":181,"commentCount":0,"publisher":{"@id":"https:\/\/cbne.cl\/wpCNE\/#organization"},"image":{"@id":"https:\/\/cbne.cl\/wpCNE\/premiacion-concurso-de-arte-mes-del-mar-%ef%bf%bc\/#primaryimage"},"thumbnailUrl":"https:\/\/colegionuevaesperanza.cl\/wpCNE\/wp-content\/uploads\/2022\/06\/IMG_3715-1024x768.jpg","keywords":["mesdel mar","premiacion"],"articleSection":["Uncategorized"],"inLanguage":"es","potentialAction":[{"@type":"CommentAction","name":"Comment","target":["https:\/\/cbne.cl\/wpCNE\/premiacion-concurso-de-arte-mes-del-mar-%ef%bf%bc\/#respond"]}]},{"@type":"WebPage","@id":"https:\/\/cbne.cl\/wpCNE\/premiacion-concurso-de-arte-mes-del-mar-%ef%bf%bc\/","url":"https:\/\/cbne.cl\/wpCNE\/premiacion-concurso-de-arte-mes-del-mar-%ef%bf%bc\/","name":"PREMIACI\u00d3N CONCURSO DE ARTE, \u201cMES DEL MAR\u201d \ufffc - COLEGIO BICENTENARIO NUEVA ESPERANZA","isPartOf":{"@id":"https:\/\/cbne.cl\/wpCNE\/#website"},"primaryImageOfPage":{"@id":"https:\/\/cbne.cl\/wpCNE\/premiacion-concurso-de-arte-mes-del-mar-%ef%bf%bc\/#primaryimage"},"image":{"@id":"https:\/\/cbne.cl\/wpCNE\/premiacion-concurso-de-arte-mes-del-mar-%ef%bf%bc\/#primaryimage"},"thumbnailUrl":"https:\/\/colegionuevaesperanza.cl\/wpCNE\/wp-content\/uploads\/2022\/06\/IMG_3715-1024x768.jpg","datePublished":"2022-06-01T15:30:00+00:00","dateModified":"2022-06-01T19:57:37+00:00","description":"Esta semana se llev\u00f3 a cabo la premiaci\u00f3n del concurso \u201cMes del Mar\u201d que organiz\u00f3 la Unidad de Educaci\u00f3n Extraescolar del DAEM de Yungay. En la instancia, Benjam\u00edn Vilches, alumno de nuestro colegio, logr\u00f3 un puesto en el podio de los tres primeros lugares .","breadcrumb":{"@id":"https:\/\/cbne.cl\/wpCNE\/premiacion-concurso-de-arte-mes-del-mar-%ef%bf%bc\/#breadcrumb"},"inLanguage":"es","potentialAction":[{"@type":"ReadAction","target":["https:\/\/cbne.cl\/wpCNE\/premiacion-concurso-de-arte-mes-del-mar-%ef%bf%bc\/"]}]},{"@type":"ImageObject","inLanguage":"es","@id":"https:\/\/cbne.cl\/wpCNE\/premiacion-concurso-de-arte-mes-del-mar-%ef%bf%bc\/#primaryimage","url":"https:\/\/colegionuevaesperanza.cl\/wpCNE\/wp-content\/uploads\/2022\/06\/IMG_3715-1024x768.jpg","contentUrl":"https:\/\/colegionuevaesperanza.cl\/wpCNE\/wp-content\/uploads\/2022\/06\/IMG_3715-1024x768.jpg"},{"@type":"BreadcrumbList","@id":"https:\/\/cbne.cl\/wpCNE\/premiacion-concurso-de-arte-mes-del-mar-%ef%bf%bc\/#breadcrumb","itemListElement":[{"@type":"ListItem","position":1,"name":"Portada","item":"https:\/\/cbne.cl\/wpCNE\/"},{"@type":"ListItem","position":2,"name":"PREMIACI\u00d3N CONCURSO DE ARTE, \u201cMES DEL MAR\u201d \ufffc"}]},{"@type":"WebSite","@id":"https:\/\/cbne.cl\/wpCNE\/#website","url":"https:\/\/cbne.cl\/wpCNE\/","name":"COLEGIO BICENTENARIO NUEVA ESPERANZA","description":"&quot;Educando desde la afectividad&quot;","publisher":{"@id":"https:\/\/cbne.cl\/wpCNE\/#organization"},"potentialAction":[{"@type":"SearchAction","target":{"@type":"EntryPoint","urlTemplate":"https:\/\/cbne.cl\/wpCNE\/?s={search_term_string}"},"query-input":{"@type":"PropertyValueSpecification","valueRequired":true,"valueName":"search_term_string"}}],"inLanguage":"es"},{"@type":"Organization","@id":"https:\/\/cbne.cl\/wpCNE\/#organization","name":"COLEGIO BICENTENARIO NUEVA ESPERANZA","url":"https:\/\/cbne.cl\/wpCNE\/","logo":{"@type":"ImageObject","inLanguage":"es","@id":"https:\/\/cbne.cl\/wpCNE\/#\/schema\/logo\/image\/","url":"https:\/\/cbne.cl\/wpCNE\/wp-content\/uploads\/2020\/07\/cropped-cropped-web150x150.png","contentUrl":"https:\/\/cbne.cl\/wpCNE\/wp-content\/uploads\/2020\/07\/cropped-cropped-web150x150.png","width":150,"height":150,"caption":"COLEGIO BICENTENARIO NUEVA ESPERANZA"},"image":{"@id":"https:\/\/cbne.cl\/wpCNE\/#\/schema\/logo\/image\/"}},{"@type":"Person","@id":"","url":"https:\/\/cbne.cl\/wpCNE\/author\/"}]}},"featured_image_urls":{"full":"","thumbnail":"","medium":"","medium_large":"","large":"","1536x1536":"","2048x2048":"","morenews-large":"","morenews-medium":""},"author_info":{"display_name":"","author_link":"https:\/\/cbne.cl\/wpCNE\/author\/"},"category_info":"<a href=\"https:\/\/cbne.cl\/wpCNE\/category\/uncategorized\/\" rel=\"category tag\">Uncategorized<\/a>","tag_info":"Uncategorized","comment_count":"0","_links":{"self":[{"href":"https:\/\/cbne.cl\/wpCNE\/wp-json\/wp\/v2\/posts\/6296","targetHints":{"allow":["GET"]}}],"collection":[{"href":"https:\/\/cbne.cl\/wpCNE\/wp-json\/wp\/v2\/posts"}],"about":[{"href":"https:\/\/cbne.cl\/wpCNE\/wp-json\/wp\/v2\/types\/post"}],"author":[{"embeddable":true,"href":"https:\/\/cbne.cl\/wpCNE\/wp-json\/wp\/v2\/users\/4"}],"replies":[{"embeddable":true,"href":"https:\/\/cbne.cl\/wpCNE\/wp-json\/wp\/v2\/comments?post=6296"}],"version-history":[{"count":2,"href":"https:\/\/cbne.cl\/wpCNE\/wp-json\/wp\/v2\/posts\/6296\/revisions"}],"predecessor-version":[{"id":6304,"href":"https:\/\/cbne.cl\/wpCNE\/wp-json\/wp\/v2\/posts\/6296\/revisions\/6304"}],"wp:attachment":[{"href":"https:\/\/cbne.cl\/wpCNE\/wp-json\/wp\/v2\/media?parent=6296"}],"wp:term":[{"taxonomy":"category","embeddable":true,"href":"https:\/\/cbne.cl\/wpCNE\/wp-json\/wp\/v2\/categories?post=6296"},{"taxonomy":"post_tag","embeddable":true,"href":"https:\/\/cbne.cl\/wpCNE\/wp-json\/wp\/v2\/tags?post=6296"}],"curies":[{"name":"wp","href":"https:\/\/api.w.org\/{rel}","templated":true}]}}