{"id":6252,"date":"2022-05-26T11:30:00","date_gmt":"2022-05-26T15:30:00","guid":{"rendered":"https:\/\/colegionuevaesperanza.cl\/wpCNE\/?p=6252"},"modified":"2022-06-01T14:31:59","modified_gmt":"2022-06-01T18:31:59","slug":"preparandonos-para-la-llegada-del-espiritu-santo-%ef%bf%bc","status":"publish","type":"post","link":"https:\/\/cbne.cl\/wpCNE\/preparandonos-para-la-llegada-del-espiritu-santo-%ef%bf%bc\/","title":{"rendered":"Prepar\u00e1ndonos para la llegada del Esp\u00edritu Santo \ufffc"},"content":{"rendered":"\n<figure class=\"wp-block-image size-large\"><img fetchpriority=\"high\" decoding=\"async\" width=\"1024\" height=\"683\" src=\"https:\/\/colegionuevaesperanza.cl\/wpCNE\/wp-content\/uploads\/2022\/06\/284029567_10217148885513144_9059591261395614099_n-1024x683.jpg\" alt=\"\" class=\"wp-image-6253\" srcset=\"https:\/\/cbne.cl\/wpCNE\/wp-content\/uploads\/2022\/06\/284029567_10217148885513144_9059591261395614099_n-1024x683.jpg 1024w, https:\/\/cbne.cl\/wpCNE\/wp-content\/uploads\/2022\/06\/284029567_10217148885513144_9059591261395614099_n-300x200.jpg 300w, https:\/\/cbne.cl\/wpCNE\/wp-content\/uploads\/2022\/06\/284029567_10217148885513144_9059591261395614099_n-768x512.jpg 768w, https:\/\/cbne.cl\/wpCNE\/wp-content\/uploads\/2022\/06\/284029567_10217148885513144_9059591261395614099_n-1536x1024.jpg 1536w, https:\/\/cbne.cl\/wpCNE\/wp-content\/uploads\/2022\/06\/284029567_10217148885513144_9059591261395614099_n.jpg 2048w\" sizes=\"(max-width: 1024px) 100vw, 1024px\" \/><figcaption><em>Padre Boanerges Correa<\/em><\/figcaption><\/figure>\n\n\n\n<p>En el marco de la fiesta de Pentecost\u00e9s, domingo 05 de junio, d\u00eda que celebramos los cristianos por la venida del Esp\u00edritu Santo, y que tuvo lugar, seg\u00fan la Biblia, el quincuag\u00e9simo d\u00eda despu\u00e9s de la Resurrecci\u00f3n de Jesucristo, es que la Parroquia San Miguel de Yungay, a trav\u00e9s de su p\u00e1rroco Padre Boanerges Correa invit\u00f3 a nuestra comunidad educativa a ser parte de esta celebraci\u00f3n <img decoding=\"async\" height=\"16\" width=\"16\" src=\"https:\/\/static.xx.fbcdn.net\/images\/emoji.php\/v9\/tae\/1.5\/16\/1f607.png\" alt=\"\ud83d\ude07\">. <\/p>\n\n\n\n<p>En esta instancia organizada por direcci\u00f3n en conjunto con el departamento de religi\u00f3n, profesores, asistentes de la educaci\u00f3n y estudiantes, escucharon la palabra de Dios, la explicaci\u00f3n del sacerdote, cantaron alegremente y recibieron la bendici\u00f3n de Dios <img decoding=\"async\" height=\"16\" width=\"16\" src=\"https:\/\/static.xx.fbcdn.net\/images\/emoji.php\/v9\/td8\/1.5\/16\/1f60a.png\" alt=\"\ud83d\ude0a\"><img loading=\"lazy\" decoding=\"async\" height=\"16\" width=\"16\" src=\"https:\/\/static.xx.fbcdn.net\/images\/emoji.php\/v9\/td9\/1.5\/16\/1f64f.png\" alt=\"\ud83d\ude4f\"><\/p>\n\n\n\n<p>En la jornada participaron de manera muy especial los estudiantes de catequesis que se encuentran en su segundo a\u00f1o de preparaci\u00f3n para la primera comuni\u00f3n <img loading=\"lazy\" decoding=\"async\" height=\"16\" width=\"16\" src=\"https:\/\/static.xx.fbcdn.net\/images\/emoji.php\/v9\/tf3\/1.5\/16\/2764.png\" alt=\"\u2764\ufe0f\"><\/p>\n\n\n\n<p>\u00a1Linda actividad en el marco del D\u00eda de Pentecost\u00e9s!<\/p>\n\n\n\n<p>Que el se\u00f1or est\u00e9 con nosotros y con todo nuestro colegio <img loading=\"lazy\" decoding=\"async\" height=\"16\" width=\"16\" src=\"https:\/\/static.xx.fbcdn.net\/images\/emoji.php\/v9\/tf1\/1.5\/16\/1f49e.png\" alt=\"\ud83d\udc9e\"><img loading=\"lazy\" decoding=\"async\" height=\"16\" width=\"16\" src=\"https:\/\/static.xx.fbcdn.net\/images\/emoji.php\/v9\/td9\/1.5\/16\/1f64f.png\" alt=\"\ud83d\ude4f\"><\/p>\n\n\n\n<figure class=\"wp-block-image size-large\"><img loading=\"lazy\" decoding=\"async\" width=\"1024\" height=\"683\" src=\"https:\/\/colegionuevaesperanza.cl\/wpCNE\/wp-content\/uploads\/2022\/05\/DSC_0227-1024x683.jpg\" alt=\"\" class=\"wp-image-6257\" srcset=\"https:\/\/cbne.cl\/wpCNE\/wp-content\/uploads\/2022\/05\/DSC_0227-1024x683.jpg 1024w, https:\/\/cbne.cl\/wpCNE\/wp-content\/uploads\/2022\/05\/DSC_0227-300x200.jpg 300w, https:\/\/cbne.cl\/wpCNE\/wp-content\/uploads\/2022\/05\/DSC_0227-768x512.jpg 768w, https:\/\/cbne.cl\/wpCNE\/wp-content\/uploads\/2022\/05\/DSC_0227-1536x1024.jpg 1536w, https:\/\/cbne.cl\/wpCNE\/wp-content\/uploads\/2022\/05\/DSC_0227-2048x1365.jpg 2048w\" sizes=\"(max-width: 1024px) 100vw, 1024px\" \/><\/figure>\n\n\n\n<figure class=\"wp-block-image size-large\"><img loading=\"lazy\" decoding=\"async\" width=\"1024\" height=\"683\" src=\"https:\/\/colegionuevaesperanza.cl\/wpCNE\/wp-content\/uploads\/2022\/05\/DSC_0219-1024x683.jpg\" alt=\"\" class=\"wp-image-6256\" srcset=\"https:\/\/cbne.cl\/wpCNE\/wp-content\/uploads\/2022\/05\/DSC_0219-1024x683.jpg 1024w, https:\/\/cbne.cl\/wpCNE\/wp-content\/uploads\/2022\/05\/DSC_0219-300x200.jpg 300w, https:\/\/cbne.cl\/wpCNE\/wp-content\/uploads\/2022\/05\/DSC_0219-768x512.jpg 768w, https:\/\/cbne.cl\/wpCNE\/wp-content\/uploads\/2022\/05\/DSC_0219-1536x1024.jpg 1536w, https:\/\/cbne.cl\/wpCNE\/wp-content\/uploads\/2022\/05\/DSC_0219-2048x1365.jpg 2048w\" sizes=\"(max-width: 1024px) 100vw, 1024px\" \/><\/figure>\n\n\n\n<figure class=\"wp-block-image size-large\"><img loading=\"lazy\" decoding=\"async\" width=\"1024\" height=\"683\" src=\"https:\/\/colegionuevaesperanza.cl\/wpCNE\/wp-content\/uploads\/2022\/05\/DSC_0222-1024x683.jpg\" alt=\"\" class=\"wp-image-6260\" srcset=\"https:\/\/cbne.cl\/wpCNE\/wp-content\/uploads\/2022\/05\/DSC_0222-1024x683.jpg 1024w, https:\/\/cbne.cl\/wpCNE\/wp-content\/uploads\/2022\/05\/DSC_0222-300x200.jpg 300w, https:\/\/cbne.cl\/wpCNE\/wp-content\/uploads\/2022\/05\/DSC_0222-768x512.jpg 768w, https:\/\/cbne.cl\/wpCNE\/wp-content\/uploads\/2022\/05\/DSC_0222-1536x1024.jpg 1536w, https:\/\/cbne.cl\/wpCNE\/wp-content\/uploads\/2022\/05\/DSC_0222-2048x1365.jpg 2048w\" sizes=\"(max-width: 1024px) 100vw, 1024px\" \/><\/figure>\n\n\n\n<figure class=\"wp-block-image size-large\"><img loading=\"lazy\" decoding=\"async\" width=\"1024\" height=\"683\" src=\"https:\/\/colegionuevaesperanza.cl\/wpCNE\/wp-content\/uploads\/2022\/05\/DSC_0233-1024x683.jpg\" alt=\"\" class=\"wp-image-6261\" srcset=\"https:\/\/cbne.cl\/wpCNE\/wp-content\/uploads\/2022\/05\/DSC_0233-1024x683.jpg 1024w, https:\/\/cbne.cl\/wpCNE\/wp-content\/uploads\/2022\/05\/DSC_0233-300x200.jpg 300w, https:\/\/cbne.cl\/wpCNE\/wp-content\/uploads\/2022\/05\/DSC_0233-768x512.jpg 768w, https:\/\/cbne.cl\/wpCNE\/wp-content\/uploads\/2022\/05\/DSC_0233-1536x1024.jpg 1536w, https:\/\/cbne.cl\/wpCNE\/wp-content\/uploads\/2022\/05\/DSC_0233-2048x1365.jpg 2048w\" sizes=\"(max-width: 1024px) 100vw, 1024px\" \/><\/figure>\n\n\n\n<figure class=\"wp-block-image size-large\"><img loading=\"lazy\" decoding=\"async\" width=\"1024\" height=\"683\" src=\"https:\/\/colegionuevaesperanza.cl\/wpCNE\/wp-content\/uploads\/2022\/05\/DSC_0223-1024x683.jpg\" alt=\"\" class=\"wp-image-6258\" srcset=\"https:\/\/cbne.cl\/wpCNE\/wp-content\/uploads\/2022\/05\/DSC_0223-1024x683.jpg 1024w, https:\/\/cbne.cl\/wpCNE\/wp-content\/uploads\/2022\/05\/DSC_0223-300x200.jpg 300w, https:\/\/cbne.cl\/wpCNE\/wp-content\/uploads\/2022\/05\/DSC_0223-768x512.jpg 768w, https:\/\/cbne.cl\/wpCNE\/wp-content\/uploads\/2022\/05\/DSC_0223-1536x1024.jpg 1536w, https:\/\/cbne.cl\/wpCNE\/wp-content\/uploads\/2022\/05\/DSC_0223-2048x1365.jpg 2048w\" sizes=\"(max-width: 1024px) 100vw, 1024px\" \/><\/figure>\n\n\n\n<figure class=\"wp-block-image size-large\"><img loading=\"lazy\" decoding=\"async\" width=\"1024\" height=\"683\" src=\"https:\/\/colegionuevaesperanza.cl\/wpCNE\/wp-content\/uploads\/2022\/05\/DSC_0213-1024x683.jpg\" alt=\"\" class=\"wp-image-6263\" srcset=\"https:\/\/cbne.cl\/wpCNE\/wp-content\/uploads\/2022\/05\/DSC_0213-1024x683.jpg 1024w, https:\/\/cbne.cl\/wpCNE\/wp-content\/uploads\/2022\/05\/DSC_0213-300x200.jpg 300w, https:\/\/cbne.cl\/wpCNE\/wp-content\/uploads\/2022\/05\/DSC_0213-768x512.jpg 768w, https:\/\/cbne.cl\/wpCNE\/wp-content\/uploads\/2022\/05\/DSC_0213-1536x1024.jpg 1536w, https:\/\/cbne.cl\/wpCNE\/wp-content\/uploads\/2022\/05\/DSC_0213-2048x1365.jpg 2048w\" sizes=\"(max-width: 1024px) 100vw, 1024px\" \/><\/figure>\n","protected":false},"excerpt":{"rendered":"<p>En el marco de la fiesta de Pentecost\u00e9s, domingo 05 de junio, d\u00eda que celebramos los cristianos por<\/p>\n","protected":false},"author":4,"featured_media":0,"comment_status":"open","ping_status":"closed","sticky":false,"template":"","format":"standard","meta":{"footnotes":""},"categories":[1],"tags":[200,196,197,199,198],"class_list":["post-6252","post","type-post","status-publish","format-standard","hentry","category-uncategorized","tag-bendicion","tag-dios","tag-padre","tag-parroquia","tag-yungay"],"yoast_head":"<!-- This site is optimized with the Yoast SEO plugin v27.5 - https:\/\/yoast.com\/product\/yoast-seo-wordpress\/ -->\n<title>Prepar\u00e1ndonos para la llegada del Esp\u00edritu Santo \ufffc - COLEGIO BICENTENARIO NUEVA ESPERANZA<\/title>\n<meta name=\"robots\" content=\"index, follow, max-snippet:-1, max-image-preview:large, max-video-preview:-1\" \/>\n<link rel=\"canonical\" href=\"https:\/\/cbne.cl\/wpCNE\/preparandonos-para-la-llegada-del-espiritu-santo-\ufffc\/\" \/>\n<meta property=\"og:locale\" content=\"es_ES\" \/>\n<meta property=\"og:type\" content=\"article\" \/>\n<meta property=\"og:title\" content=\"Prepar\u00e1ndonos para la llegada del Esp\u00edritu Santo \ufffc - COLEGIO BICENTENARIO NUEVA ESPERANZA\" \/>\n<meta property=\"og:description\" content=\"En el marco de la fiesta de Pentecost\u00e9s, domingo 05 de junio, d\u00eda que celebramos los cristianos por\" \/>\n<meta property=\"og:url\" content=\"https:\/\/cbne.cl\/wpCNE\/preparandonos-para-la-llegada-del-espiritu-santo-\ufffc\/\" \/>\n<meta property=\"og:site_name\" content=\"COLEGIO BICENTENARIO NUEVA ESPERANZA\" \/>\n<meta property=\"article:published_time\" content=\"2022-05-26T15:30:00+00:00\" \/>\n<meta property=\"article:modified_time\" content=\"2022-06-01T18:31:59+00:00\" \/>\n<meta property=\"og:image\" content=\"https:\/\/colegionuevaesperanza.cl\/wpCNE\/wp-content\/uploads\/2022\/06\/284029567_10217148885513144_9059591261395614099_n-1024x683.jpg\" \/>\n<meta name=\"twitter:card\" content=\"summary_large_image\" \/>\n<meta name=\"twitter:label1\" content=\"Escrito por\" \/>\n\t<meta name=\"twitter:data1\" content=\"\" \/>\n\t<meta name=\"twitter:label2\" content=\"Tiempo de lectura\" \/>\n\t<meta name=\"twitter:data2\" content=\"4 minutos\" \/>\n<script type=\"application\/ld+json\" class=\"yoast-schema-graph\">{\"@context\":\"https:\\\/\\\/schema.org\",\"@graph\":[{\"@type\":\"Article\",\"@id\":\"https:\\\/\\\/cbne.cl\\\/wpCNE\\\/preparandonos-para-la-llegada-del-espiritu-santo-%ef%bf%bc\\\/#article\",\"isPartOf\":{\"@id\":\"https:\\\/\\\/cbne.cl\\\/wpCNE\\\/preparandonos-para-la-llegada-del-espiritu-santo-%ef%bf%bc\\\/\"},\"author\":{\"name\":\"\",\"@id\":\"\"},\"headline\":\"Prepar\u00e1ndonos para la llegada del Esp\u00edritu Santo \ufffc\",\"datePublished\":\"2022-05-26T15:30:00+00:00\",\"dateModified\":\"2022-06-01T18:31:59+00:00\",\"mainEntityOfPage\":{\"@id\":\"https:\\\/\\\/cbne.cl\\\/wpCNE\\\/preparandonos-para-la-llegada-del-espiritu-santo-%ef%bf%bc\\\/\"},\"wordCount\":181,\"commentCount\":0,\"publisher\":{\"@id\":\"https:\\\/\\\/cbne.cl\\\/wpCNE\\\/#organization\"},\"image\":{\"@id\":\"https:\\\/\\\/cbne.cl\\\/wpCNE\\\/preparandonos-para-la-llegada-del-espiritu-santo-%ef%bf%bc\\\/#primaryimage\"},\"thumbnailUrl\":\"https:\\\/\\\/colegionuevaesperanza.cl\\\/wpCNE\\\/wp-content\\\/uploads\\\/2022\\\/06\\\/284029567_10217148885513144_9059591261395614099_n-1024x683.jpg\",\"keywords\":[\"Bendicion\",\"DIOS\",\"Padre\",\"Parroquia\",\"Yungay\"],\"articleSection\":[\"Uncategorized\"],\"inLanguage\":\"es\",\"potentialAction\":[{\"@type\":\"CommentAction\",\"name\":\"Comment\",\"target\":[\"https:\\\/\\\/cbne.cl\\\/wpCNE\\\/preparandonos-para-la-llegada-del-espiritu-santo-%ef%bf%bc\\\/#respond\"]}]},{\"@type\":\"WebPage\",\"@id\":\"https:\\\/\\\/cbne.cl\\\/wpCNE\\\/preparandonos-para-la-llegada-del-espiritu-santo-%ef%bf%bc\\\/\",\"url\":\"https:\\\/\\\/cbne.cl\\\/wpCNE\\\/preparandonos-para-la-llegada-del-espiritu-santo-%ef%bf%bc\\\/\",\"name\":\"Prepar\u00e1ndonos para la llegada del Esp\u00edritu Santo \ufffc - COLEGIO BICENTENARIO NUEVA ESPERANZA\",\"isPartOf\":{\"@id\":\"https:\\\/\\\/cbne.cl\\\/wpCNE\\\/#website\"},\"primaryImageOfPage\":{\"@id\":\"https:\\\/\\\/cbne.cl\\\/wpCNE\\\/preparandonos-para-la-llegada-del-espiritu-santo-%ef%bf%bc\\\/#primaryimage\"},\"image\":{\"@id\":\"https:\\\/\\\/cbne.cl\\\/wpCNE\\\/preparandonos-para-la-llegada-del-espiritu-santo-%ef%bf%bc\\\/#primaryimage\"},\"thumbnailUrl\":\"https:\\\/\\\/colegionuevaesperanza.cl\\\/wpCNE\\\/wp-content\\\/uploads\\\/2022\\\/06\\\/284029567_10217148885513144_9059591261395614099_n-1024x683.jpg\",\"datePublished\":\"2022-05-26T15:30:00+00:00\",\"dateModified\":\"2022-06-01T18:31:59+00:00\",\"breadcrumb\":{\"@id\":\"https:\\\/\\\/cbne.cl\\\/wpCNE\\\/preparandonos-para-la-llegada-del-espiritu-santo-%ef%bf%bc\\\/#breadcrumb\"},\"inLanguage\":\"es\",\"potentialAction\":[{\"@type\":\"ReadAction\",\"target\":[\"https:\\\/\\\/cbne.cl\\\/wpCNE\\\/preparandonos-para-la-llegada-del-espiritu-santo-%ef%bf%bc\\\/\"]}]},{\"@type\":\"ImageObject\",\"inLanguage\":\"es\",\"@id\":\"https:\\\/\\\/cbne.cl\\\/wpCNE\\\/preparandonos-para-la-llegada-del-espiritu-santo-%ef%bf%bc\\\/#primaryimage\",\"url\":\"https:\\\/\\\/colegionuevaesperanza.cl\\\/wpCNE\\\/wp-content\\\/uploads\\\/2022\\\/06\\\/284029567_10217148885513144_9059591261395614099_n-1024x683.jpg\",\"contentUrl\":\"https:\\\/\\\/colegionuevaesperanza.cl\\\/wpCNE\\\/wp-content\\\/uploads\\\/2022\\\/06\\\/284029567_10217148885513144_9059591261395614099_n-1024x683.jpg\"},{\"@type\":\"BreadcrumbList\",\"@id\":\"https:\\\/\\\/cbne.cl\\\/wpCNE\\\/preparandonos-para-la-llegada-del-espiritu-santo-%ef%bf%bc\\\/#breadcrumb\",\"itemListElement\":[{\"@type\":\"ListItem\",\"position\":1,\"name\":\"Portada\",\"item\":\"https:\\\/\\\/cbne.cl\\\/wpCNE\\\/\"},{\"@type\":\"ListItem\",\"position\":2,\"name\":\"Prepar\u00e1ndonos para la llegada del Esp\u00edritu Santo \ufffc\"}]},{\"@type\":\"WebSite\",\"@id\":\"https:\\\/\\\/cbne.cl\\\/wpCNE\\\/#website\",\"url\":\"https:\\\/\\\/cbne.cl\\\/wpCNE\\\/\",\"name\":\"COLEGIO BICENTENARIO NUEVA ESPERANZA\",\"description\":\"&quot;Educando desde la afectividad&quot;\",\"publisher\":{\"@id\":\"https:\\\/\\\/cbne.cl\\\/wpCNE\\\/#organization\"},\"potentialAction\":[{\"@type\":\"SearchAction\",\"target\":{\"@type\":\"EntryPoint\",\"urlTemplate\":\"https:\\\/\\\/cbne.cl\\\/wpCNE\\\/?s={search_term_string}\"},\"query-input\":{\"@type\":\"PropertyValueSpecification\",\"valueRequired\":true,\"valueName\":\"search_term_string\"}}],\"inLanguage\":\"es\"},{\"@type\":\"Organization\",\"@id\":\"https:\\\/\\\/cbne.cl\\\/wpCNE\\\/#organization\",\"name\":\"COLEGIO BICENTENARIO NUEVA ESPERANZA\",\"url\":\"https:\\\/\\\/cbne.cl\\\/wpCNE\\\/\",\"logo\":{\"@type\":\"ImageObject\",\"inLanguage\":\"es\",\"@id\":\"https:\\\/\\\/cbne.cl\\\/wpCNE\\\/#\\\/schema\\\/logo\\\/image\\\/\",\"url\":\"https:\\\/\\\/cbne.cl\\\/wpCNE\\\/wp-content\\\/uploads\\\/2020\\\/07\\\/cropped-cropped-web150x150.png\",\"contentUrl\":\"https:\\\/\\\/cbne.cl\\\/wpCNE\\\/wp-content\\\/uploads\\\/2020\\\/07\\\/cropped-cropped-web150x150.png\",\"width\":150,\"height\":150,\"caption\":\"COLEGIO BICENTENARIO NUEVA ESPERANZA\"},\"image\":{\"@id\":\"https:\\\/\\\/cbne.cl\\\/wpCNE\\\/#\\\/schema\\\/logo\\\/image\\\/\"}},{\"@type\":\"Person\",\"@id\":\"\",\"url\":\"https:\\\/\\\/cbne.cl\\\/wpCNE\\\/author\\\/\"}]}<\/script>\n<!-- \/ Yoast SEO plugin. -->","yoast_head_json":{"title":"Prepar\u00e1ndonos para la llegada del Esp\u00edritu Santo \ufffc - COLEGIO BICENTENARIO NUEVA ESPERANZA","robots":{"index":"index","follow":"follow","max-snippet":"max-snippet:-1","max-image-preview":"max-image-preview:large","max-video-preview":"max-video-preview:-1"},"canonical":"https:\/\/cbne.cl\/wpCNE\/preparandonos-para-la-llegada-del-espiritu-santo-\ufffc\/","og_locale":"es_ES","og_type":"article","og_title":"Prepar\u00e1ndonos para la llegada del Esp\u00edritu Santo \ufffc - COLEGIO BICENTENARIO NUEVA ESPERANZA","og_description":"En el marco de la fiesta de Pentecost\u00e9s, domingo 05 de junio, d\u00eda que celebramos los cristianos por","og_url":"https:\/\/cbne.cl\/wpCNE\/preparandonos-para-la-llegada-del-espiritu-santo-\ufffc\/","og_site_name":"COLEGIO BICENTENARIO NUEVA ESPERANZA","article_published_time":"2022-05-26T15:30:00+00:00","article_modified_time":"2022-06-01T18:31:59+00:00","og_image":[{"url":"https:\/\/colegionuevaesperanza.cl\/wpCNE\/wp-content\/uploads\/2022\/06\/284029567_10217148885513144_9059591261395614099_n-1024x683.jpg","type":"","width":"","height":""}],"twitter_card":"summary_large_image","twitter_misc":{"Escrito por":"","Tiempo de lectura":"4 minutos"},"schema":{"@context":"https:\/\/schema.org","@graph":[{"@type":"Article","@id":"https:\/\/cbne.cl\/wpCNE\/preparandonos-para-la-llegada-del-espiritu-santo-%ef%bf%bc\/#article","isPartOf":{"@id":"https:\/\/cbne.cl\/wpCNE\/preparandonos-para-la-llegada-del-espiritu-santo-%ef%bf%bc\/"},"author":{"name":"","@id":""},"headline":"Prepar\u00e1ndonos para la llegada del Esp\u00edritu Santo \ufffc","datePublished":"2022-05-26T15:30:00+00:00","dateModified":"2022-06-01T18:31:59+00:00","mainEntityOfPage":{"@id":"https:\/\/cbne.cl\/wpCNE\/preparandonos-para-la-llegada-del-espiritu-santo-%ef%bf%bc\/"},"wordCount":181,"commentCount":0,"publisher":{"@id":"https:\/\/cbne.cl\/wpCNE\/#organization"},"image":{"@id":"https:\/\/cbne.cl\/wpCNE\/preparandonos-para-la-llegada-del-espiritu-santo-%ef%bf%bc\/#primaryimage"},"thumbnailUrl":"https:\/\/colegionuevaesperanza.cl\/wpCNE\/wp-content\/uploads\/2022\/06\/284029567_10217148885513144_9059591261395614099_n-1024x683.jpg","keywords":["Bendicion","DIOS","Padre","Parroquia","Yungay"],"articleSection":["Uncategorized"],"inLanguage":"es","potentialAction":[{"@type":"CommentAction","name":"Comment","target":["https:\/\/cbne.cl\/wpCNE\/preparandonos-para-la-llegada-del-espiritu-santo-%ef%bf%bc\/#respond"]}]},{"@type":"WebPage","@id":"https:\/\/cbne.cl\/wpCNE\/preparandonos-para-la-llegada-del-espiritu-santo-%ef%bf%bc\/","url":"https:\/\/cbne.cl\/wpCNE\/preparandonos-para-la-llegada-del-espiritu-santo-%ef%bf%bc\/","name":"Prepar\u00e1ndonos para la llegada del Esp\u00edritu Santo \ufffc - COLEGIO BICENTENARIO NUEVA ESPERANZA","isPartOf":{"@id":"https:\/\/cbne.cl\/wpCNE\/#website"},"primaryImageOfPage":{"@id":"https:\/\/cbne.cl\/wpCNE\/preparandonos-para-la-llegada-del-espiritu-santo-%ef%bf%bc\/#primaryimage"},"image":{"@id":"https:\/\/cbne.cl\/wpCNE\/preparandonos-para-la-llegada-del-espiritu-santo-%ef%bf%bc\/#primaryimage"},"thumbnailUrl":"https:\/\/colegionuevaesperanza.cl\/wpCNE\/wp-content\/uploads\/2022\/06\/284029567_10217148885513144_9059591261395614099_n-1024x683.jpg","datePublished":"2022-05-26T15:30:00+00:00","dateModified":"2022-06-01T18:31:59+00:00","breadcrumb":{"@id":"https:\/\/cbne.cl\/wpCNE\/preparandonos-para-la-llegada-del-espiritu-santo-%ef%bf%bc\/#breadcrumb"},"inLanguage":"es","potentialAction":[{"@type":"ReadAction","target":["https:\/\/cbne.cl\/wpCNE\/preparandonos-para-la-llegada-del-espiritu-santo-%ef%bf%bc\/"]}]},{"@type":"ImageObject","inLanguage":"es","@id":"https:\/\/cbne.cl\/wpCNE\/preparandonos-para-la-llegada-del-espiritu-santo-%ef%bf%bc\/#primaryimage","url":"https:\/\/colegionuevaesperanza.cl\/wpCNE\/wp-content\/uploads\/2022\/06\/284029567_10217148885513144_9059591261395614099_n-1024x683.jpg","contentUrl":"https:\/\/colegionuevaesperanza.cl\/wpCNE\/wp-content\/uploads\/2022\/06\/284029567_10217148885513144_9059591261395614099_n-1024x683.jpg"},{"@type":"BreadcrumbList","@id":"https:\/\/cbne.cl\/wpCNE\/preparandonos-para-la-llegada-del-espiritu-santo-%ef%bf%bc\/#breadcrumb","itemListElement":[{"@type":"ListItem","position":1,"name":"Portada","item":"https:\/\/cbne.cl\/wpCNE\/"},{"@type":"ListItem","position":2,"name":"Prepar\u00e1ndonos para la llegada del Esp\u00edritu Santo \ufffc"}]},{"@type":"WebSite","@id":"https:\/\/cbne.cl\/wpCNE\/#website","url":"https:\/\/cbne.cl\/wpCNE\/","name":"COLEGIO BICENTENARIO NUEVA ESPERANZA","description":"&quot;Educando desde la afectividad&quot;","publisher":{"@id":"https:\/\/cbne.cl\/wpCNE\/#organization"},"potentialAction":[{"@type":"SearchAction","target":{"@type":"EntryPoint","urlTemplate":"https:\/\/cbne.cl\/wpCNE\/?s={search_term_string}"},"query-input":{"@type":"PropertyValueSpecification","valueRequired":true,"valueName":"search_term_string"}}],"inLanguage":"es"},{"@type":"Organization","@id":"https:\/\/cbne.cl\/wpCNE\/#organization","name":"COLEGIO BICENTENARIO NUEVA ESPERANZA","url":"https:\/\/cbne.cl\/wpCNE\/","logo":{"@type":"ImageObject","inLanguage":"es","@id":"https:\/\/cbne.cl\/wpCNE\/#\/schema\/logo\/image\/","url":"https:\/\/cbne.cl\/wpCNE\/wp-content\/uploads\/2020\/07\/cropped-cropped-web150x150.png","contentUrl":"https:\/\/cbne.cl\/wpCNE\/wp-content\/uploads\/2020\/07\/cropped-cropped-web150x150.png","width":150,"height":150,"caption":"COLEGIO BICENTENARIO NUEVA ESPERANZA"},"image":{"@id":"https:\/\/cbne.cl\/wpCNE\/#\/schema\/logo\/image\/"}},{"@type":"Person","@id":"","url":"https:\/\/cbne.cl\/wpCNE\/author\/"}]}},"featured_image_urls":{"full":"","thumbnail":"","medium":"","medium_large":"","large":"","1536x1536":"","2048x2048":"","morenews-large":"","morenews-medium":""},"author_info":{"display_name":"","author_link":"https:\/\/cbne.cl\/wpCNE\/author\/"},"category_info":"<a href=\"https:\/\/cbne.cl\/wpCNE\/category\/uncategorized\/\" rel=\"category tag\">Uncategorized<\/a>","tag_info":"Uncategorized","comment_count":"0","_links":{"self":[{"href":"https:\/\/cbne.cl\/wpCNE\/wp-json\/wp\/v2\/posts\/6252","targetHints":{"allow":["GET"]}}],"collection":[{"href":"https:\/\/cbne.cl\/wpCNE\/wp-json\/wp\/v2\/posts"}],"about":[{"href":"https:\/\/cbne.cl\/wpCNE\/wp-json\/wp\/v2\/types\/post"}],"author":[{"embeddable":true,"href":"https:\/\/cbne.cl\/wpCNE\/wp-json\/wp\/v2\/users\/4"}],"replies":[{"embeddable":true,"href":"https:\/\/cbne.cl\/wpCNE\/wp-json\/wp\/v2\/comments?post=6252"}],"version-history":[{"count":2,"href":"https:\/\/cbne.cl\/wpCNE\/wp-json\/wp\/v2\/posts\/6252\/revisions"}],"predecessor-version":[{"id":6264,"href":"https:\/\/cbne.cl\/wpCNE\/wp-json\/wp\/v2\/posts\/6252\/revisions\/6264"}],"wp:attachment":[{"href":"https:\/\/cbne.cl\/wpCNE\/wp-json\/wp\/v2\/media?parent=6252"}],"wp:term":[{"taxonomy":"category","embeddable":true,"href":"https:\/\/cbne.cl\/wpCNE\/wp-json\/wp\/v2\/categories?post=6252"},{"taxonomy":"post_tag","embeddable":true,"href":"https:\/\/cbne.cl\/wpCNE\/wp-json\/wp\/v2\/tags?post=6252"}],"curies":[{"name":"wp","href":"https:\/\/api.w.org\/{rel}","templated":true}]}}