{"id":6238,"date":"2022-05-25T15:17:14","date_gmt":"2022-05-25T19:17:14","guid":{"rendered":"https:\/\/colegionuevaesperanza.cl\/wpCNE\/?p=6238"},"modified":"2022-05-25T15:17:16","modified_gmt":"2022-05-25T19:17:16","slug":"una-atletica-visita","status":"publish","type":"post","link":"https:\/\/cbne.cl\/wpCNE\/una-atletica-visita\/","title":{"rendered":"UNA ATL\u00c9TICA VISITA"},"content":{"rendered":"\n<figure class=\"wp-block-image size-full is-style-default\"><img fetchpriority=\"high\" decoding=\"async\" width=\"800\" height=\"421\" src=\"https:\/\/colegionuevaesperanza.cl\/wpCNE\/wp-content\/uploads\/2022\/05\/Victor-Aravena-Chile.jpg\" alt=\"\" class=\"wp-image-6239\" srcset=\"https:\/\/cbne.cl\/wpCNE\/wp-content\/uploads\/2022\/05\/Victor-Aravena-Chile.jpg 800w, https:\/\/cbne.cl\/wpCNE\/wp-content\/uploads\/2022\/05\/Victor-Aravena-Chile-300x158.jpg 300w, https:\/\/cbne.cl\/wpCNE\/wp-content\/uploads\/2022\/05\/Victor-Aravena-Chile-768x404.jpg 768w\" sizes=\"(max-width: 800px) 100vw, 800px\" \/><figcaption><em>V\u00edctor Aravena en los comienzos de su carrera, rumbo a los Juegos Ol\u00edmpicos<\/em>. <em>Fotograf\u00eda referencial de medios.<\/em><\/figcaption><\/figure>\n\n\n\n<p>Un destacado atleta y ex seleccionado nacional nos visit\u00f3 en la jornada de hoy mi\u00e9rcoles 25 de mayo para conversar con nuestro alumnos y, a la vez, contagiarlos de inspiraci\u00f3n con su gran trayectoria deportiva. Su nombre es V\u00edctor Aravena, ex seleccionado nacional que represent\u00f3 a Chile en grandes torneos nacionales e internacionales.\u00a0<\/p>\n\n\n\n<p>V\u00edctor Aravena, oriundo de Coronel, es un destacado atleta y ex seleccionado nacional con una gran trayectoria mundialista. Comenz\u00f3 como futbolista desde muy temprana edad, en ese instante supo que le gustaba el \u00e1rea deportiva y comenz\u00f3 a estar en m\u00e1s contacto con la actividad f\u00edsica. Particip\u00f3 en torneos nacionales e internacionales, convirti\u00e9ndose en un destacado atleta; fue miembro del equipo nacional para competir en torneos sudamericanos y panamericanos, y juegos ol\u00edmpicos, todo esto en representaci\u00f3n de nuestro pa\u00eds.<\/p>\n\n\n\n<figure class=\"wp-block-image size-full\"><img decoding=\"async\" width=\"649\" height=\"365\" src=\"https:\/\/colegionuevaesperanza.cl\/wpCNE\/wp-content\/uploads\/2022\/05\/foto_0000000120181106100222.jpg\" alt=\"\" class=\"wp-image-6240\" srcset=\"https:\/\/cbne.cl\/wpCNE\/wp-content\/uploads\/2022\/05\/foto_0000000120181106100222.jpg 649w, https:\/\/cbne.cl\/wpCNE\/wp-content\/uploads\/2022\/05\/foto_0000000120181106100222-300x169.jpg 300w\" sizes=\"(max-width: 649px) 100vw, 649px\" \/><figcaption><em>Competici\u00f3n nacional<\/em><\/figcaption><\/figure>\n\n\n\n<p>V\u00edctor lleg\u00f3 a nuestro colegio para inspirar a los estudiantes a lograr sus metas, tanto acad\u00e9micas como deportivas. El destacado deportista asegur\u00f3 que para lograr grandes cosas se debe comenzar con un peque\u00f1o paso; invit\u00f3 a los estudiantes a perseguir sus sue\u00f1os con perseverancia y constancia.<\/p>\n\n\n\n<p>\u201cTodo esfuerzo ser\u00e1 recompensado. Si eres futbolista, sigue en eso; si eres atleta, contin\u00faa entrenando. Todo fruto de sacrificio tendr\u00e1 su recompensa a futuro.\u201d afirm\u00f3 el ex seleccionado nacional.<\/p>\n\n\n\n<figure class=\"wp-block-image size-large\"><img decoding=\"async\" width=\"1024\" height=\"683\" src=\"https:\/\/colegionuevaesperanza.cl\/wpCNE\/wp-content\/uploads\/2022\/05\/DSC_0183-1024x683.jpg\" alt=\"\" class=\"wp-image-6241\" srcset=\"https:\/\/cbne.cl\/wpCNE\/wp-content\/uploads\/2022\/05\/DSC_0183-1024x683.jpg 1024w, https:\/\/cbne.cl\/wpCNE\/wp-content\/uploads\/2022\/05\/DSC_0183-300x200.jpg 300w, https:\/\/cbne.cl\/wpCNE\/wp-content\/uploads\/2022\/05\/DSC_0183-768x512.jpg 768w, https:\/\/cbne.cl\/wpCNE\/wp-content\/uploads\/2022\/05\/DSC_0183-1536x1024.jpg 1536w, https:\/\/cbne.cl\/wpCNE\/wp-content\/uploads\/2022\/05\/DSC_0183-2048x1365.jpg 2048w\" sizes=\"(max-width: 1024px) 100vw, 1024px\" \/><\/figure>\n\n\n\n<figure class=\"wp-block-image size-large\"><img loading=\"lazy\" decoding=\"async\" width=\"1024\" height=\"683\" src=\"https:\/\/colegionuevaesperanza.cl\/wpCNE\/wp-content\/uploads\/2022\/05\/DSC_0191-1024x683.jpg\" alt=\"\" class=\"wp-image-6242\" srcset=\"https:\/\/cbne.cl\/wpCNE\/wp-content\/uploads\/2022\/05\/DSC_0191-1024x683.jpg 1024w, https:\/\/cbne.cl\/wpCNE\/wp-content\/uploads\/2022\/05\/DSC_0191-300x200.jpg 300w, https:\/\/cbne.cl\/wpCNE\/wp-content\/uploads\/2022\/05\/DSC_0191-768x512.jpg 768w, https:\/\/cbne.cl\/wpCNE\/wp-content\/uploads\/2022\/05\/DSC_0191-1536x1024.jpg 1536w, https:\/\/cbne.cl\/wpCNE\/wp-content\/uploads\/2022\/05\/DSC_0191-2048x1365.jpg 2048w\" sizes=\"(max-width: 1024px) 100vw, 1024px\" \/><figcaption><em>Im\u00e1genes de la actividad<\/em><\/figcaption><\/figure>\n\n\n\n<p>Durante la charla pudimos conocer la vida profesional de V\u00edctor, sin embargo, durante su relato, asegur\u00f3 que tuvo que sacrificar mucho de su vida personal para alcanzar sus sue\u00f1os, perdi\u00e9ndose cumplea\u00f1os, conmemoraciones familiares, juntas con amigos, entre tantas otras, pero afirm\u00f3 que el deporte fue el que le dio vida a sus a\u00f1os.<\/p>\n\n\n\n<p>\u201cLos invito a que perseveren, a que sean mejores personas. No hay nada mas lindo que estar viviendo el deporte. En la actualidad hay muchas distracciones, pero a medida que van creciendo van entendiendo la importancia de estas disciplinas. Persigan sus sue\u00f1os y escalen a lo m\u00e1s grande que puedan\u201d, declar\u00f3 V\u00edctor a los estudiantes.<\/p>\n\n\n\n<figure class=\"wp-block-image size-large\"><img loading=\"lazy\" decoding=\"async\" width=\"1024\" height=\"683\" src=\"https:\/\/colegionuevaesperanza.cl\/wpCNE\/wp-content\/uploads\/2022\/05\/DSC_0188-1024x683.jpg\" alt=\"\" class=\"wp-image-6243\" srcset=\"https:\/\/cbne.cl\/wpCNE\/wp-content\/uploads\/2022\/05\/DSC_0188-1024x683.jpg 1024w, https:\/\/cbne.cl\/wpCNE\/wp-content\/uploads\/2022\/05\/DSC_0188-300x200.jpg 300w, https:\/\/cbne.cl\/wpCNE\/wp-content\/uploads\/2022\/05\/DSC_0188-768x512.jpg 768w, https:\/\/cbne.cl\/wpCNE\/wp-content\/uploads\/2022\/05\/DSC_0188-1536x1024.jpg 1536w, https:\/\/cbne.cl\/wpCNE\/wp-content\/uploads\/2022\/05\/DSC_0188-2048x1365.jpg 2048w\" sizes=\"(max-width: 1024px) 100vw, 1024px\" \/><\/figure>\n\n\n\n<p>A pesar de su gran trayectoria, en la actualidad, V\u00edctor est\u00e1 en proceso de recuperaci\u00f3n por una lesi\u00f3n en el tend\u00f3n de aquiles, lo que le ha impedido continuar su carrera. Se ha dedicado a otros rubros, pero nunca ha dejado de lado el deporte. Durante la charla asegur\u00f3 que su retiro ser\u00e1 en los juegos ol\u00edmpicos de Par\u00eds 2024, por lo que ocasiones como estas le ayudan a lograr entusiasmo y motivaci\u00f3n para lo que viene.<\/p>\n\n\n\n<p>\u201cUn viaje de mil kil\u00f3metros comienza con un solo paso. Cada vez que se esfuerzan est\u00e1n avanzando siempre, sigan y perseveren. Personalmente le agradezco a los profesores por estas instancias que sirven para ayudar a los estudiantes. Esto les ayudar\u00e1 a lograr grandes cosas\u201d, concluy\u00f3 V\u00edctor.<\/p>\n\n\n\n<p>Para finalizar la actividad, V\u00edctor Aravena comparti\u00f3 sesiones fotogr\u00e1ficas con alumnos, quienes aprovecharon la instancia para resolver sus dudas e inquietudes, as\u00ed como tambi\u00e9n pedir aut\u00f3grafos y mensajes de inspiraci\u00f3n.<\/p>\n\n\n\n<figure class=\"wp-block-image size-large is-resized\"><img loading=\"lazy\" decoding=\"async\" src=\"https:\/\/colegionuevaesperanza.cl\/wpCNE\/wp-content\/uploads\/2022\/05\/DSC_0196-1024x683.jpg\" alt=\"\" class=\"wp-image-6244\" width=\"840\" height=\"560\" srcset=\"https:\/\/cbne.cl\/wpCNE\/wp-content\/uploads\/2022\/05\/DSC_0196-1024x683.jpg 1024w, https:\/\/cbne.cl\/wpCNE\/wp-content\/uploads\/2022\/05\/DSC_0196-300x200.jpg 300w, https:\/\/cbne.cl\/wpCNE\/wp-content\/uploads\/2022\/05\/DSC_0196-768x512.jpg 768w, https:\/\/cbne.cl\/wpCNE\/wp-content\/uploads\/2022\/05\/DSC_0196-1536x1024.jpg 1536w, https:\/\/cbne.cl\/wpCNE\/wp-content\/uploads\/2022\/05\/DSC_0196-2048x1365.jpg 2048w\" sizes=\"(max-width: 840px) 100vw, 840px\" \/><figcaption><em>V\u00edctor junto a los profesores de Educaci\u00f3n F\u00edsica; Sebasti\u00e1n D\u00edaz, Constanza Y\u00e1\u00f1ez y Esteban Correa<\/em><\/figcaption><\/figure>\n\n\n\n<figure class=\"wp-block-image size-large\"><img loading=\"lazy\" decoding=\"async\" width=\"1024\" height=\"683\" src=\"https:\/\/colegionuevaesperanza.cl\/wpCNE\/wp-content\/uploads\/2022\/05\/DSC_0190-1024x683.jpg\" alt=\"\" class=\"wp-image-6245\" srcset=\"https:\/\/cbne.cl\/wpCNE\/wp-content\/uploads\/2022\/05\/DSC_0190-1024x683.jpg 1024w, https:\/\/cbne.cl\/wpCNE\/wp-content\/uploads\/2022\/05\/DSC_0190-300x200.jpg 300w, https:\/\/cbne.cl\/wpCNE\/wp-content\/uploads\/2022\/05\/DSC_0190-768x512.jpg 768w, https:\/\/cbne.cl\/wpCNE\/wp-content\/uploads\/2022\/05\/DSC_0190-1536x1024.jpg 1536w, https:\/\/cbne.cl\/wpCNE\/wp-content\/uploads\/2022\/05\/DSC_0190-2048x1365.jpg 2048w\" sizes=\"(max-width: 1024px) 100vw, 1024px\" \/><figcaption><em>Preguntas de alumnos<\/em><\/figcaption><\/figure>\n\n\n\n<figure class=\"wp-block-image size-large\"><img loading=\"lazy\" decoding=\"async\" width=\"1024\" height=\"683\" src=\"https:\/\/colegionuevaesperanza.cl\/wpCNE\/wp-content\/uploads\/2022\/05\/DSC_0203-1024x683.jpg\" alt=\"\" class=\"wp-image-6246\" srcset=\"https:\/\/cbne.cl\/wpCNE\/wp-content\/uploads\/2022\/05\/DSC_0203-1024x683.jpg 1024w, https:\/\/cbne.cl\/wpCNE\/wp-content\/uploads\/2022\/05\/DSC_0203-300x200.jpg 300w, https:\/\/cbne.cl\/wpCNE\/wp-content\/uploads\/2022\/05\/DSC_0203-768x512.jpg 768w, https:\/\/cbne.cl\/wpCNE\/wp-content\/uploads\/2022\/05\/DSC_0203-1536x1024.jpg 1536w, https:\/\/cbne.cl\/wpCNE\/wp-content\/uploads\/2022\/05\/DSC_0203-2048x1365.jpg 2048w\" sizes=\"(max-width: 1024px) 100vw, 1024px\" \/><\/figure>\n\n\n\n<figure class=\"wp-block-image size-large\"><img loading=\"lazy\" decoding=\"async\" width=\"1024\" height=\"683\" src=\"https:\/\/colegionuevaesperanza.cl\/wpCNE\/wp-content\/uploads\/2022\/05\/DSC_0205-1024x683.jpg\" alt=\"\" class=\"wp-image-6247\" srcset=\"https:\/\/cbne.cl\/wpCNE\/wp-content\/uploads\/2022\/05\/DSC_0205-1024x683.jpg 1024w, https:\/\/cbne.cl\/wpCNE\/wp-content\/uploads\/2022\/05\/DSC_0205-300x200.jpg 300w, https:\/\/cbne.cl\/wpCNE\/wp-content\/uploads\/2022\/05\/DSC_0205-768x512.jpg 768w, https:\/\/cbne.cl\/wpCNE\/wp-content\/uploads\/2022\/05\/DSC_0205-1536x1024.jpg 1536w, https:\/\/cbne.cl\/wpCNE\/wp-content\/uploads\/2022\/05\/DSC_0205-2048x1365.jpg 2048w\" sizes=\"(max-width: 1024px) 100vw, 1024px\" \/><figcaption><em>Aut\u00f3grafos para los alumnos<\/em><\/figcaption><\/figure>\n\n\n\n<figure class=\"wp-block-image size-large\"><img loading=\"lazy\" decoding=\"async\" width=\"1024\" height=\"683\" src=\"https:\/\/colegionuevaesperanza.cl\/wpCNE\/wp-content\/uploads\/2022\/05\/DSC_0206-1024x683.jpg\" alt=\"\" class=\"wp-image-6248\" srcset=\"https:\/\/cbne.cl\/wpCNE\/wp-content\/uploads\/2022\/05\/DSC_0206-1024x683.jpg 1024w, https:\/\/cbne.cl\/wpCNE\/wp-content\/uploads\/2022\/05\/DSC_0206-300x200.jpg 300w, https:\/\/cbne.cl\/wpCNE\/wp-content\/uploads\/2022\/05\/DSC_0206-768x512.jpg 768w, https:\/\/cbne.cl\/wpCNE\/wp-content\/uploads\/2022\/05\/DSC_0206-1536x1024.jpg 1536w, https:\/\/cbne.cl\/wpCNE\/wp-content\/uploads\/2022\/05\/DSC_0206-2048x1365.jpg 2048w\" sizes=\"(max-width: 1024px) 100vw, 1024px\" \/><figcaption><em>Alumna de cuarto medio solicitando fotograf\u00eda <\/em><\/figcaption><\/figure>\n\n\n\n<p>\u00a1Muchas gracias a los profesores de Ed. F\u00edsica y, por supuesto, a V\u00edctor Aravena por la actividad!<\/p>\n","protected":false},"excerpt":{"rendered":"<p>Un destacado atleta y ex seleccionado nacional nos visit\u00f3 en la jornada de hoy mi\u00e9rcoles 25 de mayo<\/p>\n","protected":false},"author":4,"featured_media":0,"comment_status":"open","ping_status":"closed","sticky":false,"template":"","format":"standard","meta":{"footnotes":""},"categories":[1],"tags":[189,194,175,162,191,193,192,195,190],"class_list":["post-6238","post","type-post","status-publish","format-standard","hentry","category-uncategorized","tag-atletismo","tag-chileno","tag-colegio","tag-deporte","tag-exseleccionado","tag-juegosolimpicos","tag-paraolimpico","tag-victoraravena","tag-vidaactiva"],"yoast_head":"<!-- This site is optimized with the Yoast SEO plugin v27.5 - https:\/\/yoast.com\/product\/yoast-seo-wordpress\/ -->\n<title>UNA ATL\u00c9TICA VISITA - COLEGIO BICENTENARIO NUEVA ESPERANZA<\/title>\n<meta name=\"description\" content=\"Un destacado atleta y ex seleccionado nacional nos visit\u00f3 en la jornada de hoy mi\u00e9rcoles 25 de mayo para conversar con nuestro alumnos y, a la vez, contagiarlos de inspiraci\u00f3n con su gran trayectoria deportiva. Su nombre es V\u00edctor Aravena, ex seleccionado nacional que represent\u00f3 a Chile en grandes torneos nacionales e internacionales.\u00a0\" \/>\n<meta name=\"robots\" content=\"index, follow, max-snippet:-1, max-image-preview:large, max-video-preview:-1\" \/>\n<link rel=\"canonical\" href=\"https:\/\/cbne.cl\/wpCNE\/una-atletica-visita\/\" \/>\n<meta property=\"og:locale\" content=\"es_ES\" \/>\n<meta property=\"og:type\" content=\"article\" \/>\n<meta property=\"og:title\" content=\"UNA ATL\u00c9TICA VISITA - COLEGIO BICENTENARIO NUEVA ESPERANZA\" \/>\n<meta property=\"og:description\" content=\"Un destacado atleta y ex seleccionado nacional nos visit\u00f3 en la jornada de hoy mi\u00e9rcoles 25 de mayo para conversar con nuestro alumnos y, a la vez, contagiarlos de inspiraci\u00f3n con su gran trayectoria deportiva. Su nombre es V\u00edctor Aravena, ex seleccionado nacional que represent\u00f3 a Chile en grandes torneos nacionales e internacionales.\u00a0\" \/>\n<meta property=\"og:url\" content=\"https:\/\/cbne.cl\/wpCNE\/una-atletica-visita\/\" \/>\n<meta property=\"og:site_name\" content=\"COLEGIO BICENTENARIO NUEVA ESPERANZA\" \/>\n<meta property=\"article:published_time\" content=\"2022-05-25T19:17:14+00:00\" \/>\n<meta property=\"article:modified_time\" content=\"2022-05-25T19:17:16+00:00\" \/>\n<meta property=\"og:image\" content=\"https:\/\/colegionuevaesperanza.cl\/wpCNE\/wp-content\/uploads\/2022\/05\/Victor-Aravena-Chile.jpg\" \/>\n<meta name=\"twitter:card\" content=\"summary_large_image\" \/>\n<meta name=\"twitter:label1\" content=\"Escrito por\" \/>\n\t<meta name=\"twitter:data1\" content=\"\" \/>\n\t<meta name=\"twitter:label2\" content=\"Tiempo de lectura\" \/>\n\t<meta name=\"twitter:data2\" content=\"5 minutos\" \/>\n<script type=\"application\/ld+json\" class=\"yoast-schema-graph\">{\"@context\":\"https:\\\/\\\/schema.org\",\"@graph\":[{\"@type\":\"Article\",\"@id\":\"https:\\\/\\\/cbne.cl\\\/wpCNE\\\/una-atletica-visita\\\/#article\",\"isPartOf\":{\"@id\":\"https:\\\/\\\/cbne.cl\\\/wpCNE\\\/una-atletica-visita\\\/\"},\"author\":{\"name\":\"\",\"@id\":\"\"},\"headline\":\"UNA ATL\u00c9TICA VISITA\",\"datePublished\":\"2022-05-25T19:17:14+00:00\",\"dateModified\":\"2022-05-25T19:17:16+00:00\",\"mainEntityOfPage\":{\"@id\":\"https:\\\/\\\/cbne.cl\\\/wpCNE\\\/una-atletica-visita\\\/\"},\"wordCount\":591,\"commentCount\":0,\"publisher\":{\"@id\":\"https:\\\/\\\/cbne.cl\\\/wpCNE\\\/#organization\"},\"image\":{\"@id\":\"https:\\\/\\\/cbne.cl\\\/wpCNE\\\/una-atletica-visita\\\/#primaryimage\"},\"thumbnailUrl\":\"https:\\\/\\\/colegionuevaesperanza.cl\\\/wpCNE\\\/wp-content\\\/uploads\\\/2022\\\/05\\\/Victor-Aravena-Chile.jpg\",\"keywords\":[\"atletismo\",\"chileno\",\"colegio\",\"Deporte\",\"exseleccionado\",\"juegosolimpicos\",\"paraolimpico\",\"victoraravena\",\"vidaactiva\"],\"articleSection\":[\"Uncategorized\"],\"inLanguage\":\"es\",\"potentialAction\":[{\"@type\":\"CommentAction\",\"name\":\"Comment\",\"target\":[\"https:\\\/\\\/cbne.cl\\\/wpCNE\\\/una-atletica-visita\\\/#respond\"]}]},{\"@type\":\"WebPage\",\"@id\":\"https:\\\/\\\/cbne.cl\\\/wpCNE\\\/una-atletica-visita\\\/\",\"url\":\"https:\\\/\\\/cbne.cl\\\/wpCNE\\\/una-atletica-visita\\\/\",\"name\":\"UNA ATL\u00c9TICA VISITA - COLEGIO BICENTENARIO NUEVA ESPERANZA\",\"isPartOf\":{\"@id\":\"https:\\\/\\\/cbne.cl\\\/wpCNE\\\/#website\"},\"primaryImageOfPage\":{\"@id\":\"https:\\\/\\\/cbne.cl\\\/wpCNE\\\/una-atletica-visita\\\/#primaryimage\"},\"image\":{\"@id\":\"https:\\\/\\\/cbne.cl\\\/wpCNE\\\/una-atletica-visita\\\/#primaryimage\"},\"thumbnailUrl\":\"https:\\\/\\\/colegionuevaesperanza.cl\\\/wpCNE\\\/wp-content\\\/uploads\\\/2022\\\/05\\\/Victor-Aravena-Chile.jpg\",\"datePublished\":\"2022-05-25T19:17:14+00:00\",\"dateModified\":\"2022-05-25T19:17:16+00:00\",\"description\":\"Un destacado atleta y ex seleccionado nacional nos visit\u00f3 en la jornada de hoy mi\u00e9rcoles 25 de mayo para conversar con nuestro alumnos y, a la vez, contagiarlos de inspiraci\u00f3n con su gran trayectoria deportiva. Su nombre es V\u00edctor Aravena, ex seleccionado nacional que represent\u00f3 a Chile en grandes torneos nacionales e internacionales.\u00a0\",\"breadcrumb\":{\"@id\":\"https:\\\/\\\/cbne.cl\\\/wpCNE\\\/una-atletica-visita\\\/#breadcrumb\"},\"inLanguage\":\"es\",\"potentialAction\":[{\"@type\":\"ReadAction\",\"target\":[\"https:\\\/\\\/cbne.cl\\\/wpCNE\\\/una-atletica-visita\\\/\"]}]},{\"@type\":\"ImageObject\",\"inLanguage\":\"es\",\"@id\":\"https:\\\/\\\/cbne.cl\\\/wpCNE\\\/una-atletica-visita\\\/#primaryimage\",\"url\":\"https:\\\/\\\/colegionuevaesperanza.cl\\\/wpCNE\\\/wp-content\\\/uploads\\\/2022\\\/05\\\/Victor-Aravena-Chile.jpg\",\"contentUrl\":\"https:\\\/\\\/colegionuevaesperanza.cl\\\/wpCNE\\\/wp-content\\\/uploads\\\/2022\\\/05\\\/Victor-Aravena-Chile.jpg\"},{\"@type\":\"BreadcrumbList\",\"@id\":\"https:\\\/\\\/cbne.cl\\\/wpCNE\\\/una-atletica-visita\\\/#breadcrumb\",\"itemListElement\":[{\"@type\":\"ListItem\",\"position\":1,\"name\":\"Portada\",\"item\":\"https:\\\/\\\/cbne.cl\\\/wpCNE\\\/\"},{\"@type\":\"ListItem\",\"position\":2,\"name\":\"UNA ATL\u00c9TICA VISITA\"}]},{\"@type\":\"WebSite\",\"@id\":\"https:\\\/\\\/cbne.cl\\\/wpCNE\\\/#website\",\"url\":\"https:\\\/\\\/cbne.cl\\\/wpCNE\\\/\",\"name\":\"COLEGIO BICENTENARIO NUEVA ESPERANZA\",\"description\":\"&quot;Educando desde la afectividad&quot;\",\"publisher\":{\"@id\":\"https:\\\/\\\/cbne.cl\\\/wpCNE\\\/#organization\"},\"potentialAction\":[{\"@type\":\"SearchAction\",\"target\":{\"@type\":\"EntryPoint\",\"urlTemplate\":\"https:\\\/\\\/cbne.cl\\\/wpCNE\\\/?s={search_term_string}\"},\"query-input\":{\"@type\":\"PropertyValueSpecification\",\"valueRequired\":true,\"valueName\":\"search_term_string\"}}],\"inLanguage\":\"es\"},{\"@type\":\"Organization\",\"@id\":\"https:\\\/\\\/cbne.cl\\\/wpCNE\\\/#organization\",\"name\":\"COLEGIO BICENTENARIO NUEVA ESPERANZA\",\"url\":\"https:\\\/\\\/cbne.cl\\\/wpCNE\\\/\",\"logo\":{\"@type\":\"ImageObject\",\"inLanguage\":\"es\",\"@id\":\"https:\\\/\\\/cbne.cl\\\/wpCNE\\\/#\\\/schema\\\/logo\\\/image\\\/\",\"url\":\"https:\\\/\\\/cbne.cl\\\/wpCNE\\\/wp-content\\\/uploads\\\/2020\\\/07\\\/cropped-cropped-web150x150.png\",\"contentUrl\":\"https:\\\/\\\/cbne.cl\\\/wpCNE\\\/wp-content\\\/uploads\\\/2020\\\/07\\\/cropped-cropped-web150x150.png\",\"width\":150,\"height\":150,\"caption\":\"COLEGIO BICENTENARIO NUEVA ESPERANZA\"},\"image\":{\"@id\":\"https:\\\/\\\/cbne.cl\\\/wpCNE\\\/#\\\/schema\\\/logo\\\/image\\\/\"}},{\"@type\":\"Person\",\"@id\":\"\",\"url\":\"https:\\\/\\\/cbne.cl\\\/wpCNE\\\/author\\\/\"}]}<\/script>\n<!-- \/ Yoast SEO plugin. -->","yoast_head_json":{"title":"UNA ATL\u00c9TICA VISITA - COLEGIO BICENTENARIO NUEVA ESPERANZA","description":"Un destacado atleta y ex seleccionado nacional nos visit\u00f3 en la jornada de hoy mi\u00e9rcoles 25 de mayo para conversar con nuestro alumnos y, a la vez, contagiarlos de inspiraci\u00f3n con su gran trayectoria deportiva. Su nombre es V\u00edctor Aravena, ex seleccionado nacional que represent\u00f3 a Chile en grandes torneos nacionales e internacionales.\u00a0","robots":{"index":"index","follow":"follow","max-snippet":"max-snippet:-1","max-image-preview":"max-image-preview:large","max-video-preview":"max-video-preview:-1"},"canonical":"https:\/\/cbne.cl\/wpCNE\/una-atletica-visita\/","og_locale":"es_ES","og_type":"article","og_title":"UNA ATL\u00c9TICA VISITA - COLEGIO BICENTENARIO NUEVA ESPERANZA","og_description":"Un destacado atleta y ex seleccionado nacional nos visit\u00f3 en la jornada de hoy mi\u00e9rcoles 25 de mayo para conversar con nuestro alumnos y, a la vez, contagiarlos de inspiraci\u00f3n con su gran trayectoria deportiva. Su nombre es V\u00edctor Aravena, ex seleccionado nacional que represent\u00f3 a Chile en grandes torneos nacionales e internacionales.\u00a0","og_url":"https:\/\/cbne.cl\/wpCNE\/una-atletica-visita\/","og_site_name":"COLEGIO BICENTENARIO NUEVA ESPERANZA","article_published_time":"2022-05-25T19:17:14+00:00","article_modified_time":"2022-05-25T19:17:16+00:00","og_image":[{"url":"https:\/\/colegionuevaesperanza.cl\/wpCNE\/wp-content\/uploads\/2022\/05\/Victor-Aravena-Chile.jpg","type":"","width":"","height":""}],"twitter_card":"summary_large_image","twitter_misc":{"Escrito por":"","Tiempo de lectura":"5 minutos"},"schema":{"@context":"https:\/\/schema.org","@graph":[{"@type":"Article","@id":"https:\/\/cbne.cl\/wpCNE\/una-atletica-visita\/#article","isPartOf":{"@id":"https:\/\/cbne.cl\/wpCNE\/una-atletica-visita\/"},"author":{"name":"","@id":""},"headline":"UNA ATL\u00c9TICA VISITA","datePublished":"2022-05-25T19:17:14+00:00","dateModified":"2022-05-25T19:17:16+00:00","mainEntityOfPage":{"@id":"https:\/\/cbne.cl\/wpCNE\/una-atletica-visita\/"},"wordCount":591,"commentCount":0,"publisher":{"@id":"https:\/\/cbne.cl\/wpCNE\/#organization"},"image":{"@id":"https:\/\/cbne.cl\/wpCNE\/una-atletica-visita\/#primaryimage"},"thumbnailUrl":"https:\/\/colegionuevaesperanza.cl\/wpCNE\/wp-content\/uploads\/2022\/05\/Victor-Aravena-Chile.jpg","keywords":["atletismo","chileno","colegio","Deporte","exseleccionado","juegosolimpicos","paraolimpico","victoraravena","vidaactiva"],"articleSection":["Uncategorized"],"inLanguage":"es","potentialAction":[{"@type":"CommentAction","name":"Comment","target":["https:\/\/cbne.cl\/wpCNE\/una-atletica-visita\/#respond"]}]},{"@type":"WebPage","@id":"https:\/\/cbne.cl\/wpCNE\/una-atletica-visita\/","url":"https:\/\/cbne.cl\/wpCNE\/una-atletica-visita\/","name":"UNA ATL\u00c9TICA VISITA - COLEGIO BICENTENARIO NUEVA ESPERANZA","isPartOf":{"@id":"https:\/\/cbne.cl\/wpCNE\/#website"},"primaryImageOfPage":{"@id":"https:\/\/cbne.cl\/wpCNE\/una-atletica-visita\/#primaryimage"},"image":{"@id":"https:\/\/cbne.cl\/wpCNE\/una-atletica-visita\/#primaryimage"},"thumbnailUrl":"https:\/\/colegionuevaesperanza.cl\/wpCNE\/wp-content\/uploads\/2022\/05\/Victor-Aravena-Chile.jpg","datePublished":"2022-05-25T19:17:14+00:00","dateModified":"2022-05-25T19:17:16+00:00","description":"Un destacado atleta y ex seleccionado nacional nos visit\u00f3 en la jornada de hoy mi\u00e9rcoles 25 de mayo para conversar con nuestro alumnos y, a la vez, contagiarlos de inspiraci\u00f3n con su gran trayectoria deportiva. Su nombre es V\u00edctor Aravena, ex seleccionado nacional que represent\u00f3 a Chile en grandes torneos nacionales e internacionales.\u00a0","breadcrumb":{"@id":"https:\/\/cbne.cl\/wpCNE\/una-atletica-visita\/#breadcrumb"},"inLanguage":"es","potentialAction":[{"@type":"ReadAction","target":["https:\/\/cbne.cl\/wpCNE\/una-atletica-visita\/"]}]},{"@type":"ImageObject","inLanguage":"es","@id":"https:\/\/cbne.cl\/wpCNE\/una-atletica-visita\/#primaryimage","url":"https:\/\/colegionuevaesperanza.cl\/wpCNE\/wp-content\/uploads\/2022\/05\/Victor-Aravena-Chile.jpg","contentUrl":"https:\/\/colegionuevaesperanza.cl\/wpCNE\/wp-content\/uploads\/2022\/05\/Victor-Aravena-Chile.jpg"},{"@type":"BreadcrumbList","@id":"https:\/\/cbne.cl\/wpCNE\/una-atletica-visita\/#breadcrumb","itemListElement":[{"@type":"ListItem","position":1,"name":"Portada","item":"https:\/\/cbne.cl\/wpCNE\/"},{"@type":"ListItem","position":2,"name":"UNA ATL\u00c9TICA VISITA"}]},{"@type":"WebSite","@id":"https:\/\/cbne.cl\/wpCNE\/#website","url":"https:\/\/cbne.cl\/wpCNE\/","name":"COLEGIO BICENTENARIO NUEVA ESPERANZA","description":"&quot;Educando desde la afectividad&quot;","publisher":{"@id":"https:\/\/cbne.cl\/wpCNE\/#organization"},"potentialAction":[{"@type":"SearchAction","target":{"@type":"EntryPoint","urlTemplate":"https:\/\/cbne.cl\/wpCNE\/?s={search_term_string}"},"query-input":{"@type":"PropertyValueSpecification","valueRequired":true,"valueName":"search_term_string"}}],"inLanguage":"es"},{"@type":"Organization","@id":"https:\/\/cbne.cl\/wpCNE\/#organization","name":"COLEGIO BICENTENARIO NUEVA ESPERANZA","url":"https:\/\/cbne.cl\/wpCNE\/","logo":{"@type":"ImageObject","inLanguage":"es","@id":"https:\/\/cbne.cl\/wpCNE\/#\/schema\/logo\/image\/","url":"https:\/\/cbne.cl\/wpCNE\/wp-content\/uploads\/2020\/07\/cropped-cropped-web150x150.png","contentUrl":"https:\/\/cbne.cl\/wpCNE\/wp-content\/uploads\/2020\/07\/cropped-cropped-web150x150.png","width":150,"height":150,"caption":"COLEGIO BICENTENARIO NUEVA ESPERANZA"},"image":{"@id":"https:\/\/cbne.cl\/wpCNE\/#\/schema\/logo\/image\/"}},{"@type":"Person","@id":"","url":"https:\/\/cbne.cl\/wpCNE\/author\/"}]}},"featured_image_urls":{"full":"","thumbnail":"","medium":"","medium_large":"","large":"","1536x1536":"","2048x2048":"","morenews-large":"","morenews-medium":""},"author_info":{"display_name":"","author_link":"https:\/\/cbne.cl\/wpCNE\/author\/"},"category_info":"<a href=\"https:\/\/cbne.cl\/wpCNE\/category\/uncategorized\/\" rel=\"category tag\">Uncategorized<\/a>","tag_info":"Uncategorized","comment_count":"0","_links":{"self":[{"href":"https:\/\/cbne.cl\/wpCNE\/wp-json\/wp\/v2\/posts\/6238","targetHints":{"allow":["GET"]}}],"collection":[{"href":"https:\/\/cbne.cl\/wpCNE\/wp-json\/wp\/v2\/posts"}],"about":[{"href":"https:\/\/cbne.cl\/wpCNE\/wp-json\/wp\/v2\/types\/post"}],"author":[{"embeddable":true,"href":"https:\/\/cbne.cl\/wpCNE\/wp-json\/wp\/v2\/users\/4"}],"replies":[{"embeddable":true,"href":"https:\/\/cbne.cl\/wpCNE\/wp-json\/wp\/v2\/comments?post=6238"}],"version-history":[{"count":1,"href":"https:\/\/cbne.cl\/wpCNE\/wp-json\/wp\/v2\/posts\/6238\/revisions"}],"predecessor-version":[{"id":6249,"href":"https:\/\/cbne.cl\/wpCNE\/wp-json\/wp\/v2\/posts\/6238\/revisions\/6249"}],"wp:attachment":[{"href":"https:\/\/cbne.cl\/wpCNE\/wp-json\/wp\/v2\/media?parent=6238"}],"wp:term":[{"taxonomy":"category","embeddable":true,"href":"https:\/\/cbne.cl\/wpCNE\/wp-json\/wp\/v2\/categories?post=6238"},{"taxonomy":"post_tag","embeddable":true,"href":"https:\/\/cbne.cl\/wpCNE\/wp-json\/wp\/v2\/tags?post=6238"}],"curies":[{"name":"wp","href":"https:\/\/api.w.org\/{rel}","templated":true}]}}