{"id":6225,"date":"2022-05-24T14:33:00","date_gmt":"2022-05-24T18:33:00","guid":{"rendered":"https:\/\/colegionuevaesperanza.cl\/wpCNE\/?p=6225"},"modified":"2022-05-25T14:40:51","modified_gmt":"2022-05-25T18:40:51","slug":"el-arte-en-el-mes-del-mar","status":"publish","type":"post","link":"https:\/\/cbne.cl\/wpCNE\/el-arte-en-el-mes-del-mar\/","title":{"rendered":"EL ARTE EN EL MES DEL MAR"},"content":{"rendered":"\n<figure class=\"wp-block-image size-large\"><img fetchpriority=\"high\" decoding=\"async\" width=\"1024\" height=\"772\" src=\"https:\/\/colegionuevaesperanza.cl\/wpCNE\/wp-content\/uploads\/2022\/05\/283516194_10217140450822282_8172472318320201750_n-1024x772.jpg\" alt=\"\" class=\"wp-image-6226\" srcset=\"https:\/\/cbne.cl\/wpCNE\/wp-content\/uploads\/2022\/05\/283516194_10217140450822282_8172472318320201750_n-1024x772.jpg 1024w, https:\/\/cbne.cl\/wpCNE\/wp-content\/uploads\/2022\/05\/283516194_10217140450822282_8172472318320201750_n-300x226.jpg 300w, https:\/\/cbne.cl\/wpCNE\/wp-content\/uploads\/2022\/05\/283516194_10217140450822282_8172472318320201750_n-768x579.jpg 768w, https:\/\/cbne.cl\/wpCNE\/wp-content\/uploads\/2022\/05\/283516194_10217140450822282_8172472318320201750_n.jpg 1440w\" sizes=\"(max-width: 1024px) 100vw, 1024px\" \/><figcaption><em>Alumnos que participaron de la actividad<\/em><\/figcaption><\/figure>\n\n\n\n<p>Con motivo de la celebraci\u00f3n del Mes del Mar, la Unidad de Educaci\u00f3n Extraescolar del DAEM de Yungay organiz\u00f3 un concurso de pintura, el cual cont\u00f3 con la participaci\u00f3n de estudiantes de nuestro colegio <img decoding=\"async\" height=\"16\" width=\"16\" src=\"https:\/\/static.xx.fbcdn.net\/images\/emoji.php\/v9\/tb1\/1.5\/16\/1f929.png\" alt=\"\ud83e\udd29\"><\/p>\n\n\n\n<p>Durante la jornada del pasado lunes, en la Biblioteca de Yungay, se llev\u00f3 a cabo un concurso de pintura en la que participaron alumnos de nuestro colegio, en compa\u00f1\u00eda del Profesor de Artes, Alejandro V\u00e1squez. La instancia tuvo como objetivo destacar la biodiversidad marina y hacer un llamado a proteger, conservar y valorar las costas chilenas <img decoding=\"async\" height=\"16\" width=\"16\" src=\"https:\/\/static.xx.fbcdn.net\/images\/emoji.php\/v9\/t43\/1.5\/16\/1f970.png\" alt=\"\ud83e\udd70\"><img loading=\"lazy\" decoding=\"async\" height=\"16\" width=\"16\" src=\"https:\/\/static.xx.fbcdn.net\/images\/emoji.php\/v9\/tc5\/1.5\/16\/1f499.png\" alt=\"\ud83d\udc99\"><\/p>\n\n\n\n<p>Celebremos juntos el Mes del Mar <img loading=\"lazy\" decoding=\"async\" height=\"16\" width=\"16\" src=\"https:\/\/static.xx.fbcdn.net\/images\/emoji.php\/v9\/t15\/1.5\/16\/1f30a.png\" alt=\"\ud83c\udf0a\"><img loading=\"lazy\" decoding=\"async\" height=\"16\" width=\"16\" src=\"https:\/\/static.xx.fbcdn.net\/images\/emoji.php\/v9\/ta8\/1.5\/16\/1f601.png\" alt=\"\ud83d\ude01\"><\/p>\n\n\n\n<p>Te dejamos algunos registros de la actividad<\/p>\n\n\n\n<figure class=\"wp-block-image size-large\"><img loading=\"lazy\" decoding=\"async\" width=\"1024\" height=\"772\" src=\"https:\/\/colegionuevaesperanza.cl\/wpCNE\/wp-content\/uploads\/2022\/05\/283984905_10217140450542275_5799186418697380970_n-1024x772.jpg\" alt=\"\" class=\"wp-image-6236\" srcset=\"https:\/\/cbne.cl\/wpCNE\/wp-content\/uploads\/2022\/05\/283984905_10217140450542275_5799186418697380970_n-1024x772.jpg 1024w, https:\/\/cbne.cl\/wpCNE\/wp-content\/uploads\/2022\/05\/283984905_10217140450542275_5799186418697380970_n-300x226.jpg 300w, https:\/\/cbne.cl\/wpCNE\/wp-content\/uploads\/2022\/05\/283984905_10217140450542275_5799186418697380970_n-768x579.jpg 768w, https:\/\/cbne.cl\/wpCNE\/wp-content\/uploads\/2022\/05\/283984905_10217140450542275_5799186418697380970_n.jpg 1440w\" sizes=\"(max-width: 1024px) 100vw, 1024px\" \/><\/figure>\n\n\n\n<figure class=\"wp-block-image size-large\"><img loading=\"lazy\" decoding=\"async\" width=\"1024\" height=\"772\" src=\"https:\/\/colegionuevaesperanza.cl\/wpCNE\/wp-content\/uploads\/2022\/05\/283984871_10217140450782281_3842076937376961204_n-1024x772.jpg\" alt=\"\" class=\"wp-image-6235\" srcset=\"https:\/\/cbne.cl\/wpCNE\/wp-content\/uploads\/2022\/05\/283984871_10217140450782281_3842076937376961204_n-1024x772.jpg 1024w, https:\/\/cbne.cl\/wpCNE\/wp-content\/uploads\/2022\/05\/283984871_10217140450782281_3842076937376961204_n-300x226.jpg 300w, https:\/\/cbne.cl\/wpCNE\/wp-content\/uploads\/2022\/05\/283984871_10217140450782281_3842076937376961204_n-768x579.jpg 768w, https:\/\/cbne.cl\/wpCNE\/wp-content\/uploads\/2022\/05\/283984871_10217140450782281_3842076937376961204_n.jpg 1440w\" sizes=\"(max-width: 1024px) 100vw, 1024px\" \/><\/figure>\n\n\n\n<figure class=\"wp-block-image size-large\"><img loading=\"lazy\" decoding=\"async\" width=\"1024\" height=\"772\" src=\"https:\/\/colegionuevaesperanza.cl\/wpCNE\/wp-content\/uploads\/2022\/05\/283930134_10217140450742280_4181645703706677501_n-1024x772.jpg\" alt=\"\" class=\"wp-image-6234\" srcset=\"https:\/\/cbne.cl\/wpCNE\/wp-content\/uploads\/2022\/05\/283930134_10217140450742280_4181645703706677501_n-1024x772.jpg 1024w, https:\/\/cbne.cl\/wpCNE\/wp-content\/uploads\/2022\/05\/283930134_10217140450742280_4181645703706677501_n-300x226.jpg 300w, https:\/\/cbne.cl\/wpCNE\/wp-content\/uploads\/2022\/05\/283930134_10217140450742280_4181645703706677501_n-768x579.jpg 768w, https:\/\/cbne.cl\/wpCNE\/wp-content\/uploads\/2022\/05\/283930134_10217140450742280_4181645703706677501_n.jpg 1440w\" sizes=\"(max-width: 1024px) 100vw, 1024px\" \/><\/figure>\n\n\n\n<figure class=\"wp-block-image size-large\"><img loading=\"lazy\" decoding=\"async\" width=\"1024\" height=\"772\" src=\"https:\/\/colegionuevaesperanza.cl\/wpCNE\/wp-content\/uploads\/2022\/05\/283799005_10217140450582276_2279306789058066127_n-1024x772.jpg\" alt=\"\" class=\"wp-image-6232\" srcset=\"https:\/\/cbne.cl\/wpCNE\/wp-content\/uploads\/2022\/05\/283799005_10217140450582276_2279306789058066127_n-1024x772.jpg 1024w, https:\/\/cbne.cl\/wpCNE\/wp-content\/uploads\/2022\/05\/283799005_10217140450582276_2279306789058066127_n-300x226.jpg 300w, https:\/\/cbne.cl\/wpCNE\/wp-content\/uploads\/2022\/05\/283799005_10217140450582276_2279306789058066127_n-768x579.jpg 768w, https:\/\/cbne.cl\/wpCNE\/wp-content\/uploads\/2022\/05\/283799005_10217140450582276_2279306789058066127_n.jpg 1440w\" sizes=\"(max-width: 1024px) 100vw, 1024px\" \/><\/figure>\n\n\n\n<figure class=\"wp-block-image size-large\"><img loading=\"lazy\" decoding=\"async\" width=\"1024\" height=\"772\" src=\"https:\/\/colegionuevaesperanza.cl\/wpCNE\/wp-content\/uploads\/2022\/05\/283467950_10217140450662278_5168647632832314755_n-1024x772.jpg\" alt=\"\" class=\"wp-image-6228\" srcset=\"https:\/\/cbne.cl\/wpCNE\/wp-content\/uploads\/2022\/05\/283467950_10217140450662278_5168647632832314755_n-1024x772.jpg 1024w, https:\/\/cbne.cl\/wpCNE\/wp-content\/uploads\/2022\/05\/283467950_10217140450662278_5168647632832314755_n-300x226.jpg 300w, https:\/\/cbne.cl\/wpCNE\/wp-content\/uploads\/2022\/05\/283467950_10217140450662278_5168647632832314755_n-768x579.jpg 768w, https:\/\/cbne.cl\/wpCNE\/wp-content\/uploads\/2022\/05\/283467950_10217140450662278_5168647632832314755_n.jpg 1440w\" sizes=\"(max-width: 1024px) 100vw, 1024px\" \/><\/figure>\n\n\n\n<figure class=\"wp-block-image size-large\"><img loading=\"lazy\" decoding=\"async\" width=\"1024\" height=\"772\" src=\"https:\/\/colegionuevaesperanza.cl\/wpCNE\/wp-content\/uploads\/2022\/05\/283466231_10217140450502274_3420796000441161805_n-1024x772.jpg\" alt=\"\" class=\"wp-image-6227\" srcset=\"https:\/\/cbne.cl\/wpCNE\/wp-content\/uploads\/2022\/05\/283466231_10217140450502274_3420796000441161805_n-1024x772.jpg 1024w, https:\/\/cbne.cl\/wpCNE\/wp-content\/uploads\/2022\/05\/283466231_10217140450502274_3420796000441161805_n-300x226.jpg 300w, https:\/\/cbne.cl\/wpCNE\/wp-content\/uploads\/2022\/05\/283466231_10217140450502274_3420796000441161805_n-768x579.jpg 768w, https:\/\/cbne.cl\/wpCNE\/wp-content\/uploads\/2022\/05\/283466231_10217140450502274_3420796000441161805_n.jpg 1440w\" sizes=\"(max-width: 1024px) 100vw, 1024px\" \/><\/figure>\n","protected":false},"excerpt":{"rendered":"<p>Con motivo de la celebraci\u00f3n del Mes del Mar, la Unidad de Educaci\u00f3n Extraescolar del DAEM de Yungay<\/p>\n","protected":false},"author":4,"featured_media":0,"comment_status":"open","ping_status":"closed","sticky":false,"template":"","format":"standard","meta":{"footnotes":""},"categories":[1],"tags":[185,172,187,184,183,188,186],"class_list":["post-6225","post","type-post","status-publish","format-standard","hentry","category-uncategorized","tag-arte","tag-cbne","tag-concurso","tag-mar","tag-mesdelmar","tag-participacion","tag-pintura"],"yoast_head":"<!-- This site is optimized with the Yoast SEO plugin v27.5 - https:\/\/yoast.com\/product\/yoast-seo-wordpress\/ -->\n<title>EL ARTE EN EL MES DEL MAR - COLEGIO BICENTENARIO NUEVA ESPERANZA<\/title>\n<meta name=\"robots\" content=\"index, follow, max-snippet:-1, max-image-preview:large, max-video-preview:-1\" \/>\n<link rel=\"canonical\" href=\"https:\/\/cbne.cl\/wpCNE\/el-arte-en-el-mes-del-mar\/\" \/>\n<meta property=\"og:locale\" content=\"es_ES\" \/>\n<meta property=\"og:type\" content=\"article\" \/>\n<meta property=\"og:title\" content=\"EL ARTE EN EL MES DEL MAR - COLEGIO BICENTENARIO NUEVA ESPERANZA\" \/>\n<meta property=\"og:description\" content=\"Con motivo de la celebraci\u00f3n del Mes del Mar, la Unidad de Educaci\u00f3n Extraescolar del DAEM de Yungay\" \/>\n<meta property=\"og:url\" content=\"https:\/\/cbne.cl\/wpCNE\/el-arte-en-el-mes-del-mar\/\" \/>\n<meta property=\"og:site_name\" content=\"COLEGIO BICENTENARIO NUEVA ESPERANZA\" \/>\n<meta property=\"article:published_time\" content=\"2022-05-24T18:33:00+00:00\" \/>\n<meta property=\"article:modified_time\" content=\"2022-05-25T18:40:51+00:00\" \/>\n<meta property=\"og:image\" content=\"https:\/\/colegionuevaesperanza.cl\/wpCNE\/wp-content\/uploads\/2022\/05\/283516194_10217140450822282_8172472318320201750_n-1024x772.jpg\" \/>\n<meta name=\"twitter:card\" content=\"summary_large_image\" \/>\n<meta name=\"twitter:label1\" content=\"Escrito por\" \/>\n\t<meta name=\"twitter:data1\" content=\"\" \/>\n\t<meta name=\"twitter:label2\" content=\"Tiempo de lectura\" \/>\n\t<meta name=\"twitter:data2\" content=\"3 minutos\" \/>\n<script type=\"application\/ld+json\" class=\"yoast-schema-graph\">{\"@context\":\"https:\\\/\\\/schema.org\",\"@graph\":[{\"@type\":\"Article\",\"@id\":\"https:\\\/\\\/cbne.cl\\\/wpCNE\\\/el-arte-en-el-mes-del-mar\\\/#article\",\"isPartOf\":{\"@id\":\"https:\\\/\\\/cbne.cl\\\/wpCNE\\\/el-arte-en-el-mes-del-mar\\\/\"},\"author\":{\"name\":\"\",\"@id\":\"\"},\"headline\":\"EL ARTE EN EL MES DEL MAR\",\"datePublished\":\"2022-05-24T18:33:00+00:00\",\"dateModified\":\"2022-05-25T18:40:51+00:00\",\"mainEntityOfPage\":{\"@id\":\"https:\\\/\\\/cbne.cl\\\/wpCNE\\\/el-arte-en-el-mes-del-mar\\\/\"},\"wordCount\":121,\"commentCount\":0,\"publisher\":{\"@id\":\"https:\\\/\\\/cbne.cl\\\/wpCNE\\\/#organization\"},\"image\":{\"@id\":\"https:\\\/\\\/cbne.cl\\\/wpCNE\\\/el-arte-en-el-mes-del-mar\\\/#primaryimage\"},\"thumbnailUrl\":\"https:\\\/\\\/colegionuevaesperanza.cl\\\/wpCNE\\\/wp-content\\\/uploads\\\/2022\\\/05\\\/283516194_10217140450822282_8172472318320201750_n-1024x772.jpg\",\"keywords\":[\"arte\",\"cbne\",\"concurso\",\"mar\",\"mesdelmar\",\"participacion\",\"pintura\"],\"articleSection\":[\"Uncategorized\"],\"inLanguage\":\"es\",\"potentialAction\":[{\"@type\":\"CommentAction\",\"name\":\"Comment\",\"target\":[\"https:\\\/\\\/cbne.cl\\\/wpCNE\\\/el-arte-en-el-mes-del-mar\\\/#respond\"]}]},{\"@type\":\"WebPage\",\"@id\":\"https:\\\/\\\/cbne.cl\\\/wpCNE\\\/el-arte-en-el-mes-del-mar\\\/\",\"url\":\"https:\\\/\\\/cbne.cl\\\/wpCNE\\\/el-arte-en-el-mes-del-mar\\\/\",\"name\":\"EL ARTE EN EL MES DEL MAR - COLEGIO BICENTENARIO NUEVA ESPERANZA\",\"isPartOf\":{\"@id\":\"https:\\\/\\\/cbne.cl\\\/wpCNE\\\/#website\"},\"primaryImageOfPage\":{\"@id\":\"https:\\\/\\\/cbne.cl\\\/wpCNE\\\/el-arte-en-el-mes-del-mar\\\/#primaryimage\"},\"image\":{\"@id\":\"https:\\\/\\\/cbne.cl\\\/wpCNE\\\/el-arte-en-el-mes-del-mar\\\/#primaryimage\"},\"thumbnailUrl\":\"https:\\\/\\\/colegionuevaesperanza.cl\\\/wpCNE\\\/wp-content\\\/uploads\\\/2022\\\/05\\\/283516194_10217140450822282_8172472318320201750_n-1024x772.jpg\",\"datePublished\":\"2022-05-24T18:33:00+00:00\",\"dateModified\":\"2022-05-25T18:40:51+00:00\",\"breadcrumb\":{\"@id\":\"https:\\\/\\\/cbne.cl\\\/wpCNE\\\/el-arte-en-el-mes-del-mar\\\/#breadcrumb\"},\"inLanguage\":\"es\",\"potentialAction\":[{\"@type\":\"ReadAction\",\"target\":[\"https:\\\/\\\/cbne.cl\\\/wpCNE\\\/el-arte-en-el-mes-del-mar\\\/\"]}]},{\"@type\":\"ImageObject\",\"inLanguage\":\"es\",\"@id\":\"https:\\\/\\\/cbne.cl\\\/wpCNE\\\/el-arte-en-el-mes-del-mar\\\/#primaryimage\",\"url\":\"https:\\\/\\\/colegionuevaesperanza.cl\\\/wpCNE\\\/wp-content\\\/uploads\\\/2022\\\/05\\\/283516194_10217140450822282_8172472318320201750_n-1024x772.jpg\",\"contentUrl\":\"https:\\\/\\\/colegionuevaesperanza.cl\\\/wpCNE\\\/wp-content\\\/uploads\\\/2022\\\/05\\\/283516194_10217140450822282_8172472318320201750_n-1024x772.jpg\"},{\"@type\":\"BreadcrumbList\",\"@id\":\"https:\\\/\\\/cbne.cl\\\/wpCNE\\\/el-arte-en-el-mes-del-mar\\\/#breadcrumb\",\"itemListElement\":[{\"@type\":\"ListItem\",\"position\":1,\"name\":\"Portada\",\"item\":\"https:\\\/\\\/cbne.cl\\\/wpCNE\\\/\"},{\"@type\":\"ListItem\",\"position\":2,\"name\":\"EL ARTE EN EL MES DEL MAR\"}]},{\"@type\":\"WebSite\",\"@id\":\"https:\\\/\\\/cbne.cl\\\/wpCNE\\\/#website\",\"url\":\"https:\\\/\\\/cbne.cl\\\/wpCNE\\\/\",\"name\":\"COLEGIO BICENTENARIO NUEVA ESPERANZA\",\"description\":\"&quot;Educando desde la afectividad&quot;\",\"publisher\":{\"@id\":\"https:\\\/\\\/cbne.cl\\\/wpCNE\\\/#organization\"},\"potentialAction\":[{\"@type\":\"SearchAction\",\"target\":{\"@type\":\"EntryPoint\",\"urlTemplate\":\"https:\\\/\\\/cbne.cl\\\/wpCNE\\\/?s={search_term_string}\"},\"query-input\":{\"@type\":\"PropertyValueSpecification\",\"valueRequired\":true,\"valueName\":\"search_term_string\"}}],\"inLanguage\":\"es\"},{\"@type\":\"Organization\",\"@id\":\"https:\\\/\\\/cbne.cl\\\/wpCNE\\\/#organization\",\"name\":\"COLEGIO BICENTENARIO NUEVA ESPERANZA\",\"url\":\"https:\\\/\\\/cbne.cl\\\/wpCNE\\\/\",\"logo\":{\"@type\":\"ImageObject\",\"inLanguage\":\"es\",\"@id\":\"https:\\\/\\\/cbne.cl\\\/wpCNE\\\/#\\\/schema\\\/logo\\\/image\\\/\",\"url\":\"https:\\\/\\\/cbne.cl\\\/wpCNE\\\/wp-content\\\/uploads\\\/2020\\\/07\\\/cropped-cropped-web150x150.png\",\"contentUrl\":\"https:\\\/\\\/cbne.cl\\\/wpCNE\\\/wp-content\\\/uploads\\\/2020\\\/07\\\/cropped-cropped-web150x150.png\",\"width\":150,\"height\":150,\"caption\":\"COLEGIO BICENTENARIO NUEVA ESPERANZA\"},\"image\":{\"@id\":\"https:\\\/\\\/cbne.cl\\\/wpCNE\\\/#\\\/schema\\\/logo\\\/image\\\/\"}},{\"@type\":\"Person\",\"@id\":\"\",\"url\":\"https:\\\/\\\/cbne.cl\\\/wpCNE\\\/author\\\/\"}]}<\/script>\n<!-- \/ Yoast SEO plugin. -->","yoast_head_json":{"title":"EL ARTE EN EL MES DEL MAR - COLEGIO BICENTENARIO NUEVA ESPERANZA","robots":{"index":"index","follow":"follow","max-snippet":"max-snippet:-1","max-image-preview":"max-image-preview:large","max-video-preview":"max-video-preview:-1"},"canonical":"https:\/\/cbne.cl\/wpCNE\/el-arte-en-el-mes-del-mar\/","og_locale":"es_ES","og_type":"article","og_title":"EL ARTE EN EL MES DEL MAR - COLEGIO BICENTENARIO NUEVA ESPERANZA","og_description":"Con motivo de la celebraci\u00f3n del Mes del Mar, la Unidad de Educaci\u00f3n Extraescolar del DAEM de Yungay","og_url":"https:\/\/cbne.cl\/wpCNE\/el-arte-en-el-mes-del-mar\/","og_site_name":"COLEGIO BICENTENARIO NUEVA ESPERANZA","article_published_time":"2022-05-24T18:33:00+00:00","article_modified_time":"2022-05-25T18:40:51+00:00","og_image":[{"url":"https:\/\/colegionuevaesperanza.cl\/wpCNE\/wp-content\/uploads\/2022\/05\/283516194_10217140450822282_8172472318320201750_n-1024x772.jpg","type":"","width":"","height":""}],"twitter_card":"summary_large_image","twitter_misc":{"Escrito por":"","Tiempo de lectura":"3 minutos"},"schema":{"@context":"https:\/\/schema.org","@graph":[{"@type":"Article","@id":"https:\/\/cbne.cl\/wpCNE\/el-arte-en-el-mes-del-mar\/#article","isPartOf":{"@id":"https:\/\/cbne.cl\/wpCNE\/el-arte-en-el-mes-del-mar\/"},"author":{"name":"","@id":""},"headline":"EL ARTE EN EL MES DEL MAR","datePublished":"2022-05-24T18:33:00+00:00","dateModified":"2022-05-25T18:40:51+00:00","mainEntityOfPage":{"@id":"https:\/\/cbne.cl\/wpCNE\/el-arte-en-el-mes-del-mar\/"},"wordCount":121,"commentCount":0,"publisher":{"@id":"https:\/\/cbne.cl\/wpCNE\/#organization"},"image":{"@id":"https:\/\/cbne.cl\/wpCNE\/el-arte-en-el-mes-del-mar\/#primaryimage"},"thumbnailUrl":"https:\/\/colegionuevaesperanza.cl\/wpCNE\/wp-content\/uploads\/2022\/05\/283516194_10217140450822282_8172472318320201750_n-1024x772.jpg","keywords":["arte","cbne","concurso","mar","mesdelmar","participacion","pintura"],"articleSection":["Uncategorized"],"inLanguage":"es","potentialAction":[{"@type":"CommentAction","name":"Comment","target":["https:\/\/cbne.cl\/wpCNE\/el-arte-en-el-mes-del-mar\/#respond"]}]},{"@type":"WebPage","@id":"https:\/\/cbne.cl\/wpCNE\/el-arte-en-el-mes-del-mar\/","url":"https:\/\/cbne.cl\/wpCNE\/el-arte-en-el-mes-del-mar\/","name":"EL ARTE EN EL MES DEL MAR - COLEGIO BICENTENARIO NUEVA ESPERANZA","isPartOf":{"@id":"https:\/\/cbne.cl\/wpCNE\/#website"},"primaryImageOfPage":{"@id":"https:\/\/cbne.cl\/wpCNE\/el-arte-en-el-mes-del-mar\/#primaryimage"},"image":{"@id":"https:\/\/cbne.cl\/wpCNE\/el-arte-en-el-mes-del-mar\/#primaryimage"},"thumbnailUrl":"https:\/\/colegionuevaesperanza.cl\/wpCNE\/wp-content\/uploads\/2022\/05\/283516194_10217140450822282_8172472318320201750_n-1024x772.jpg","datePublished":"2022-05-24T18:33:00+00:00","dateModified":"2022-05-25T18:40:51+00:00","breadcrumb":{"@id":"https:\/\/cbne.cl\/wpCNE\/el-arte-en-el-mes-del-mar\/#breadcrumb"},"inLanguage":"es","potentialAction":[{"@type":"ReadAction","target":["https:\/\/cbne.cl\/wpCNE\/el-arte-en-el-mes-del-mar\/"]}]},{"@type":"ImageObject","inLanguage":"es","@id":"https:\/\/cbne.cl\/wpCNE\/el-arte-en-el-mes-del-mar\/#primaryimage","url":"https:\/\/colegionuevaesperanza.cl\/wpCNE\/wp-content\/uploads\/2022\/05\/283516194_10217140450822282_8172472318320201750_n-1024x772.jpg","contentUrl":"https:\/\/colegionuevaesperanza.cl\/wpCNE\/wp-content\/uploads\/2022\/05\/283516194_10217140450822282_8172472318320201750_n-1024x772.jpg"},{"@type":"BreadcrumbList","@id":"https:\/\/cbne.cl\/wpCNE\/el-arte-en-el-mes-del-mar\/#breadcrumb","itemListElement":[{"@type":"ListItem","position":1,"name":"Portada","item":"https:\/\/cbne.cl\/wpCNE\/"},{"@type":"ListItem","position":2,"name":"EL ARTE EN EL MES DEL MAR"}]},{"@type":"WebSite","@id":"https:\/\/cbne.cl\/wpCNE\/#website","url":"https:\/\/cbne.cl\/wpCNE\/","name":"COLEGIO BICENTENARIO NUEVA ESPERANZA","description":"&quot;Educando desde la afectividad&quot;","publisher":{"@id":"https:\/\/cbne.cl\/wpCNE\/#organization"},"potentialAction":[{"@type":"SearchAction","target":{"@type":"EntryPoint","urlTemplate":"https:\/\/cbne.cl\/wpCNE\/?s={search_term_string}"},"query-input":{"@type":"PropertyValueSpecification","valueRequired":true,"valueName":"search_term_string"}}],"inLanguage":"es"},{"@type":"Organization","@id":"https:\/\/cbne.cl\/wpCNE\/#organization","name":"COLEGIO BICENTENARIO NUEVA ESPERANZA","url":"https:\/\/cbne.cl\/wpCNE\/","logo":{"@type":"ImageObject","inLanguage":"es","@id":"https:\/\/cbne.cl\/wpCNE\/#\/schema\/logo\/image\/","url":"https:\/\/cbne.cl\/wpCNE\/wp-content\/uploads\/2020\/07\/cropped-cropped-web150x150.png","contentUrl":"https:\/\/cbne.cl\/wpCNE\/wp-content\/uploads\/2020\/07\/cropped-cropped-web150x150.png","width":150,"height":150,"caption":"COLEGIO BICENTENARIO NUEVA ESPERANZA"},"image":{"@id":"https:\/\/cbne.cl\/wpCNE\/#\/schema\/logo\/image\/"}},{"@type":"Person","@id":"","url":"https:\/\/cbne.cl\/wpCNE\/author\/"}]}},"featured_image_urls":{"full":"","thumbnail":"","medium":"","medium_large":"","large":"","1536x1536":"","2048x2048":"","morenews-large":"","morenews-medium":""},"author_info":{"display_name":"","author_link":"https:\/\/cbne.cl\/wpCNE\/author\/"},"category_info":"<a href=\"https:\/\/cbne.cl\/wpCNE\/category\/uncategorized\/\" rel=\"category tag\">Uncategorized<\/a>","tag_info":"Uncategorized","comment_count":"0","_links":{"self":[{"href":"https:\/\/cbne.cl\/wpCNE\/wp-json\/wp\/v2\/posts\/6225","targetHints":{"allow":["GET"]}}],"collection":[{"href":"https:\/\/cbne.cl\/wpCNE\/wp-json\/wp\/v2\/posts"}],"about":[{"href":"https:\/\/cbne.cl\/wpCNE\/wp-json\/wp\/v2\/types\/post"}],"author":[{"embeddable":true,"href":"https:\/\/cbne.cl\/wpCNE\/wp-json\/wp\/v2\/users\/4"}],"replies":[{"embeddable":true,"href":"https:\/\/cbne.cl\/wpCNE\/wp-json\/wp\/v2\/comments?post=6225"}],"version-history":[{"count":1,"href":"https:\/\/cbne.cl\/wpCNE\/wp-json\/wp\/v2\/posts\/6225\/revisions"}],"predecessor-version":[{"id":6237,"href":"https:\/\/cbne.cl\/wpCNE\/wp-json\/wp\/v2\/posts\/6225\/revisions\/6237"}],"wp:attachment":[{"href":"https:\/\/cbne.cl\/wpCNE\/wp-json\/wp\/v2\/media?parent=6225"}],"wp:term":[{"taxonomy":"category","embeddable":true,"href":"https:\/\/cbne.cl\/wpCNE\/wp-json\/wp\/v2\/categories?post=6225"},{"taxonomy":"post_tag","embeddable":true,"href":"https:\/\/cbne.cl\/wpCNE\/wp-json\/wp\/v2\/tags?post=6225"}],"curies":[{"name":"wp","href":"https:\/\/api.w.org\/{rel}","templated":true}]}}