{"id":6185,"date":"2022-05-13T16:33:33","date_gmt":"2022-05-13T20:33:33","guid":{"rendered":"https:\/\/colegionuevaesperanza.cl\/wpCNE\/?p=6185"},"modified":"2022-05-13T16:33:34","modified_gmt":"2022-05-13T20:33:34","slug":"elecciones-directiva-centro-de-padres","status":"publish","type":"post","link":"https:\/\/cbne.cl\/wpCNE\/elecciones-directiva-centro-de-padres\/","title":{"rendered":"ELECCIONES DIRECTIVA CENTRO DE PADRES"},"content":{"rendered":"\n<figure class=\"wp-block-image size-full is-resized\"><img fetchpriority=\"high\" decoding=\"async\" src=\"https:\/\/colegionuevaesperanza.cl\/wpCNE\/wp-content\/uploads\/2022\/05\/ELECCIONES-CENTRO-DE-PADRES-1.jpg\" alt=\"\" class=\"wp-image-6186\" width=\"847\" height=\"710\" srcset=\"https:\/\/cbne.cl\/wpCNE\/wp-content\/uploads\/2022\/05\/ELECCIONES-CENTRO-DE-PADRES-1.jpg 940w, https:\/\/cbne.cl\/wpCNE\/wp-content\/uploads\/2022\/05\/ELECCIONES-CENTRO-DE-PADRES-1-300x251.jpg 300w, https:\/\/cbne.cl\/wpCNE\/wp-content\/uploads\/2022\/05\/ELECCIONES-CENTRO-DE-PADRES-1-768x644.jpg 768w\" sizes=\"(max-width: 847px) 100vw, 847px\" \/><figcaption>Desde el 16 al 18 de mayo<\/figcaption><\/figure>\n\n\n\n<p class=\"has-medium-font-size\">Atenci\u00f3n a todos nuestros apoderados del colegio, porque ya tenemos fecha para las ELECCIONES DE DIRECTIVA, correspondiente al proceso de renovaci\u00f3n del centro de padres \ud83d\uddf3.<br><br>Esta segunda etapa ser\u00e1 desde el 16 hasta el 18 de mayo; el tr\u00e1mite podr\u00e1s realizarlo en secretar\u00eda de nuestro colegio \ud83d\uddd3<\/p>\n\n\n\n<p>\u261d\ud83c\udffb Es importante recalcar que para lo anterior se deber\u00e1 cumplir con un horario espec\u00edfico. Deber\u00e1n acercarse a nuestro colegio previo a reuni\u00f3n de apoderados, a partir de las 17:30hrs. hasta las 19:00hrs., horario cierre de nuestro establecimiento \u270d\ud83c\udffb<\/p>\n\n\n\n<p>Esperamos su participaci\u00f3n.<\/p>\n\n\n\n<p>CBNE.<\/p>\n","protected":false},"excerpt":{"rendered":"<p>Atenci\u00f3n a todos nuestros apoderados del colegio, porque ya tenemos fecha para las ELECCIONES DE DIRECTIVA, correspondiente al<\/p>\n","protected":false},"author":4,"featured_media":0,"comment_status":"open","ping_status":"closed","sticky":false,"template":"","format":"standard","meta":{"footnotes":""},"categories":[1],"tags":[],"class_list":["post-6185","post","type-post","status-publish","format-standard","hentry","category-uncategorized"],"yoast_head":"<!-- This site is optimized with the Yoast SEO plugin v27.5 - https:\/\/yoast.com\/product\/yoast-seo-wordpress\/ -->\n<title>ELECCIONES DIRECTIVA CENTRO DE PADRES - COLEGIO BICENTENARIO NUEVA ESPERANZA<\/title>\n<meta name=\"description\" content=\"Atenci\u00f3n a todos nuestros apoderados del colegio, porque ya tenemos fecha para las ELECCIONES DE DIRECTIVA, correspondiente al proceso de renovaci\u00f3n del centro de padres ELECCIONES DIRECTIVA CENTRO DE PADRES COLEGIO BICENTENARIO NUEVA ESPERANZA\" \/>\n<meta name=\"robots\" content=\"index, follow, max-snippet:-1, max-image-preview:large, max-video-preview:-1\" \/>\n<link rel=\"canonical\" href=\"https:\/\/cbne.cl\/wpCNE\/elecciones-directiva-centro-de-padres\/\" \/>\n<meta property=\"og:locale\" content=\"es_ES\" \/>\n<meta property=\"og:type\" content=\"article\" \/>\n<meta property=\"og:title\" content=\"ELECCIONES DIRECTIVA CENTRO DE PADRES - COLEGIO BICENTENARIO NUEVA ESPERANZA\" \/>\n<meta property=\"og:description\" content=\"Atenci\u00f3n a todos nuestros apoderados del colegio, porque ya tenemos fecha para las ELECCIONES DE DIRECTIVA, correspondiente al proceso de renovaci\u00f3n del centro de padres ELECCIONES DIRECTIVA CENTRO DE PADRES COLEGIO BICENTENARIO NUEVA ESPERANZA\" \/>\n<meta property=\"og:url\" content=\"https:\/\/cbne.cl\/wpCNE\/elecciones-directiva-centro-de-padres\/\" \/>\n<meta property=\"og:site_name\" content=\"COLEGIO BICENTENARIO NUEVA ESPERANZA\" \/>\n<meta property=\"article:published_time\" content=\"2022-05-13T20:33:33+00:00\" \/>\n<meta property=\"article:modified_time\" content=\"2022-05-13T20:33:34+00:00\" \/>\n<meta property=\"og:image\" content=\"https:\/\/cbne.cl\/wpCNE\/wp-content\/uploads\/2022\/05\/ELECCIONES-CENTRO-DE-PADRES-1.jpg\" \/>\n\t<meta property=\"og:image:width\" content=\"940\" \/>\n\t<meta property=\"og:image:height\" content=\"788\" \/>\n\t<meta property=\"og:image:type\" content=\"image\/jpeg\" \/>\n<meta name=\"twitter:card\" content=\"summary_large_image\" \/>\n<meta name=\"twitter:label1\" content=\"Escrito por\" \/>\n\t<meta name=\"twitter:data1\" content=\"\" \/>\n\t<meta name=\"twitter:label2\" content=\"Tiempo de lectura\" \/>\n\t<meta name=\"twitter:data2\" content=\"1 minuto\" \/>\n<script type=\"application\/ld+json\" class=\"yoast-schema-graph\">{\"@context\":\"https:\\\/\\\/schema.org\",\"@graph\":[{\"@type\":\"Article\",\"@id\":\"https:\\\/\\\/cbne.cl\\\/wpCNE\\\/elecciones-directiva-centro-de-padres\\\/#article\",\"isPartOf\":{\"@id\":\"https:\\\/\\\/cbne.cl\\\/wpCNE\\\/elecciones-directiva-centro-de-padres\\\/\"},\"author\":{\"name\":\"\",\"@id\":\"\"},\"headline\":\"ELECCIONES DIRECTIVA CENTRO DE PADRES\",\"datePublished\":\"2022-05-13T20:33:33+00:00\",\"dateModified\":\"2022-05-13T20:33:34+00:00\",\"mainEntityOfPage\":{\"@id\":\"https:\\\/\\\/cbne.cl\\\/wpCNE\\\/elecciones-directiva-centro-de-padres\\\/\"},\"wordCount\":104,\"commentCount\":0,\"publisher\":{\"@id\":\"https:\\\/\\\/cbne.cl\\\/wpCNE\\\/#organization\"},\"image\":{\"@id\":\"https:\\\/\\\/cbne.cl\\\/wpCNE\\\/elecciones-directiva-centro-de-padres\\\/#primaryimage\"},\"thumbnailUrl\":\"https:\\\/\\\/colegionuevaesperanza.cl\\\/wpCNE\\\/wp-content\\\/uploads\\\/2022\\\/05\\\/ELECCIONES-CENTRO-DE-PADRES-1.jpg\",\"articleSection\":[\"Uncategorized\"],\"inLanguage\":\"es\",\"potentialAction\":[{\"@type\":\"CommentAction\",\"name\":\"Comment\",\"target\":[\"https:\\\/\\\/cbne.cl\\\/wpCNE\\\/elecciones-directiva-centro-de-padres\\\/#respond\"]}]},{\"@type\":\"WebPage\",\"@id\":\"https:\\\/\\\/cbne.cl\\\/wpCNE\\\/elecciones-directiva-centro-de-padres\\\/\",\"url\":\"https:\\\/\\\/cbne.cl\\\/wpCNE\\\/elecciones-directiva-centro-de-padres\\\/\",\"name\":\"ELECCIONES DIRECTIVA CENTRO DE PADRES - COLEGIO BICENTENARIO NUEVA ESPERANZA\",\"isPartOf\":{\"@id\":\"https:\\\/\\\/cbne.cl\\\/wpCNE\\\/#website\"},\"primaryImageOfPage\":{\"@id\":\"https:\\\/\\\/cbne.cl\\\/wpCNE\\\/elecciones-directiva-centro-de-padres\\\/#primaryimage\"},\"image\":{\"@id\":\"https:\\\/\\\/cbne.cl\\\/wpCNE\\\/elecciones-directiva-centro-de-padres\\\/#primaryimage\"},\"thumbnailUrl\":\"https:\\\/\\\/colegionuevaesperanza.cl\\\/wpCNE\\\/wp-content\\\/uploads\\\/2022\\\/05\\\/ELECCIONES-CENTRO-DE-PADRES-1.jpg\",\"datePublished\":\"2022-05-13T20:33:33+00:00\",\"dateModified\":\"2022-05-13T20:33:34+00:00\",\"description\":\"Atenci\u00f3n a todos nuestros apoderados del colegio, porque ya tenemos fecha para las ELECCIONES DE DIRECTIVA, correspondiente al proceso de renovaci\u00f3n del centro de padres ELECCIONES DIRECTIVA CENTRO DE PADRES COLEGIO BICENTENARIO NUEVA ESPERANZA\",\"breadcrumb\":{\"@id\":\"https:\\\/\\\/cbne.cl\\\/wpCNE\\\/elecciones-directiva-centro-de-padres\\\/#breadcrumb\"},\"inLanguage\":\"es\",\"potentialAction\":[{\"@type\":\"ReadAction\",\"target\":[\"https:\\\/\\\/cbne.cl\\\/wpCNE\\\/elecciones-directiva-centro-de-padres\\\/\"]}]},{\"@type\":\"ImageObject\",\"inLanguage\":\"es\",\"@id\":\"https:\\\/\\\/cbne.cl\\\/wpCNE\\\/elecciones-directiva-centro-de-padres\\\/#primaryimage\",\"url\":\"https:\\\/\\\/colegionuevaesperanza.cl\\\/wpCNE\\\/wp-content\\\/uploads\\\/2022\\\/05\\\/ELECCIONES-CENTRO-DE-PADRES-1.jpg\",\"contentUrl\":\"https:\\\/\\\/colegionuevaesperanza.cl\\\/wpCNE\\\/wp-content\\\/uploads\\\/2022\\\/05\\\/ELECCIONES-CENTRO-DE-PADRES-1.jpg\"},{\"@type\":\"BreadcrumbList\",\"@id\":\"https:\\\/\\\/cbne.cl\\\/wpCNE\\\/elecciones-directiva-centro-de-padres\\\/#breadcrumb\",\"itemListElement\":[{\"@type\":\"ListItem\",\"position\":1,\"name\":\"Portada\",\"item\":\"https:\\\/\\\/cbne.cl\\\/wpCNE\\\/\"},{\"@type\":\"ListItem\",\"position\":2,\"name\":\"ELECCIONES DIRECTIVA CENTRO DE PADRES\"}]},{\"@type\":\"WebSite\",\"@id\":\"https:\\\/\\\/cbne.cl\\\/wpCNE\\\/#website\",\"url\":\"https:\\\/\\\/cbne.cl\\\/wpCNE\\\/\",\"name\":\"COLEGIO BICENTENARIO NUEVA ESPERANZA\",\"description\":\"&quot;Educando desde la afectividad&quot;\",\"publisher\":{\"@id\":\"https:\\\/\\\/cbne.cl\\\/wpCNE\\\/#organization\"},\"potentialAction\":[{\"@type\":\"SearchAction\",\"target\":{\"@type\":\"EntryPoint\",\"urlTemplate\":\"https:\\\/\\\/cbne.cl\\\/wpCNE\\\/?s={search_term_string}\"},\"query-input\":{\"@type\":\"PropertyValueSpecification\",\"valueRequired\":true,\"valueName\":\"search_term_string\"}}],\"inLanguage\":\"es\"},{\"@type\":\"Organization\",\"@id\":\"https:\\\/\\\/cbne.cl\\\/wpCNE\\\/#organization\",\"name\":\"COLEGIO BICENTENARIO NUEVA ESPERANZA\",\"url\":\"https:\\\/\\\/cbne.cl\\\/wpCNE\\\/\",\"logo\":{\"@type\":\"ImageObject\",\"inLanguage\":\"es\",\"@id\":\"https:\\\/\\\/cbne.cl\\\/wpCNE\\\/#\\\/schema\\\/logo\\\/image\\\/\",\"url\":\"https:\\\/\\\/cbne.cl\\\/wpCNE\\\/wp-content\\\/uploads\\\/2020\\\/07\\\/cropped-cropped-web150x150.png\",\"contentUrl\":\"https:\\\/\\\/cbne.cl\\\/wpCNE\\\/wp-content\\\/uploads\\\/2020\\\/07\\\/cropped-cropped-web150x150.png\",\"width\":150,\"height\":150,\"caption\":\"COLEGIO BICENTENARIO NUEVA ESPERANZA\"},\"image\":{\"@id\":\"https:\\\/\\\/cbne.cl\\\/wpCNE\\\/#\\\/schema\\\/logo\\\/image\\\/\"}},{\"@type\":\"Person\",\"@id\":\"\",\"url\":\"https:\\\/\\\/cbne.cl\\\/wpCNE\\\/author\\\/\"}]}<\/script>\n<!-- \/ Yoast SEO plugin. -->","yoast_head_json":{"title":"ELECCIONES DIRECTIVA CENTRO DE PADRES - COLEGIO BICENTENARIO NUEVA ESPERANZA","description":"Atenci\u00f3n a todos nuestros apoderados del colegio, porque ya tenemos fecha para las ELECCIONES DE DIRECTIVA, correspondiente al proceso de renovaci\u00f3n del centro de padres ELECCIONES DIRECTIVA CENTRO DE PADRES COLEGIO BICENTENARIO NUEVA ESPERANZA","robots":{"index":"index","follow":"follow","max-snippet":"max-snippet:-1","max-image-preview":"max-image-preview:large","max-video-preview":"max-video-preview:-1"},"canonical":"https:\/\/cbne.cl\/wpCNE\/elecciones-directiva-centro-de-padres\/","og_locale":"es_ES","og_type":"article","og_title":"ELECCIONES DIRECTIVA CENTRO DE PADRES - COLEGIO BICENTENARIO NUEVA ESPERANZA","og_description":"Atenci\u00f3n a todos nuestros apoderados del colegio, porque ya tenemos fecha para las ELECCIONES DE DIRECTIVA, correspondiente al proceso de renovaci\u00f3n del centro de padres ELECCIONES DIRECTIVA CENTRO DE PADRES COLEGIO BICENTENARIO NUEVA ESPERANZA","og_url":"https:\/\/cbne.cl\/wpCNE\/elecciones-directiva-centro-de-padres\/","og_site_name":"COLEGIO BICENTENARIO NUEVA ESPERANZA","article_published_time":"2022-05-13T20:33:33+00:00","article_modified_time":"2022-05-13T20:33:34+00:00","og_image":[{"width":940,"height":788,"url":"https:\/\/cbne.cl\/wpCNE\/wp-content\/uploads\/2022\/05\/ELECCIONES-CENTRO-DE-PADRES-1.jpg","type":"image\/jpeg"}],"twitter_card":"summary_large_image","twitter_misc":{"Escrito por":"","Tiempo de lectura":"1 minuto"},"schema":{"@context":"https:\/\/schema.org","@graph":[{"@type":"Article","@id":"https:\/\/cbne.cl\/wpCNE\/elecciones-directiva-centro-de-padres\/#article","isPartOf":{"@id":"https:\/\/cbne.cl\/wpCNE\/elecciones-directiva-centro-de-padres\/"},"author":{"name":"","@id":""},"headline":"ELECCIONES DIRECTIVA CENTRO DE PADRES","datePublished":"2022-05-13T20:33:33+00:00","dateModified":"2022-05-13T20:33:34+00:00","mainEntityOfPage":{"@id":"https:\/\/cbne.cl\/wpCNE\/elecciones-directiva-centro-de-padres\/"},"wordCount":104,"commentCount":0,"publisher":{"@id":"https:\/\/cbne.cl\/wpCNE\/#organization"},"image":{"@id":"https:\/\/cbne.cl\/wpCNE\/elecciones-directiva-centro-de-padres\/#primaryimage"},"thumbnailUrl":"https:\/\/colegionuevaesperanza.cl\/wpCNE\/wp-content\/uploads\/2022\/05\/ELECCIONES-CENTRO-DE-PADRES-1.jpg","articleSection":["Uncategorized"],"inLanguage":"es","potentialAction":[{"@type":"CommentAction","name":"Comment","target":["https:\/\/cbne.cl\/wpCNE\/elecciones-directiva-centro-de-padres\/#respond"]}]},{"@type":"WebPage","@id":"https:\/\/cbne.cl\/wpCNE\/elecciones-directiva-centro-de-padres\/","url":"https:\/\/cbne.cl\/wpCNE\/elecciones-directiva-centro-de-padres\/","name":"ELECCIONES DIRECTIVA CENTRO DE PADRES - COLEGIO BICENTENARIO NUEVA ESPERANZA","isPartOf":{"@id":"https:\/\/cbne.cl\/wpCNE\/#website"},"primaryImageOfPage":{"@id":"https:\/\/cbne.cl\/wpCNE\/elecciones-directiva-centro-de-padres\/#primaryimage"},"image":{"@id":"https:\/\/cbne.cl\/wpCNE\/elecciones-directiva-centro-de-padres\/#primaryimage"},"thumbnailUrl":"https:\/\/colegionuevaesperanza.cl\/wpCNE\/wp-content\/uploads\/2022\/05\/ELECCIONES-CENTRO-DE-PADRES-1.jpg","datePublished":"2022-05-13T20:33:33+00:00","dateModified":"2022-05-13T20:33:34+00:00","description":"Atenci\u00f3n a todos nuestros apoderados del colegio, porque ya tenemos fecha para las ELECCIONES DE DIRECTIVA, correspondiente al proceso de renovaci\u00f3n del centro de padres ELECCIONES DIRECTIVA CENTRO DE PADRES COLEGIO BICENTENARIO NUEVA ESPERANZA","breadcrumb":{"@id":"https:\/\/cbne.cl\/wpCNE\/elecciones-directiva-centro-de-padres\/#breadcrumb"},"inLanguage":"es","potentialAction":[{"@type":"ReadAction","target":["https:\/\/cbne.cl\/wpCNE\/elecciones-directiva-centro-de-padres\/"]}]},{"@type":"ImageObject","inLanguage":"es","@id":"https:\/\/cbne.cl\/wpCNE\/elecciones-directiva-centro-de-padres\/#primaryimage","url":"https:\/\/colegionuevaesperanza.cl\/wpCNE\/wp-content\/uploads\/2022\/05\/ELECCIONES-CENTRO-DE-PADRES-1.jpg","contentUrl":"https:\/\/colegionuevaesperanza.cl\/wpCNE\/wp-content\/uploads\/2022\/05\/ELECCIONES-CENTRO-DE-PADRES-1.jpg"},{"@type":"BreadcrumbList","@id":"https:\/\/cbne.cl\/wpCNE\/elecciones-directiva-centro-de-padres\/#breadcrumb","itemListElement":[{"@type":"ListItem","position":1,"name":"Portada","item":"https:\/\/cbne.cl\/wpCNE\/"},{"@type":"ListItem","position":2,"name":"ELECCIONES DIRECTIVA CENTRO DE PADRES"}]},{"@type":"WebSite","@id":"https:\/\/cbne.cl\/wpCNE\/#website","url":"https:\/\/cbne.cl\/wpCNE\/","name":"COLEGIO BICENTENARIO NUEVA ESPERANZA","description":"&quot;Educando desde la afectividad&quot;","publisher":{"@id":"https:\/\/cbne.cl\/wpCNE\/#organization"},"potentialAction":[{"@type":"SearchAction","target":{"@type":"EntryPoint","urlTemplate":"https:\/\/cbne.cl\/wpCNE\/?s={search_term_string}"},"query-input":{"@type":"PropertyValueSpecification","valueRequired":true,"valueName":"search_term_string"}}],"inLanguage":"es"},{"@type":"Organization","@id":"https:\/\/cbne.cl\/wpCNE\/#organization","name":"COLEGIO BICENTENARIO NUEVA ESPERANZA","url":"https:\/\/cbne.cl\/wpCNE\/","logo":{"@type":"ImageObject","inLanguage":"es","@id":"https:\/\/cbne.cl\/wpCNE\/#\/schema\/logo\/image\/","url":"https:\/\/cbne.cl\/wpCNE\/wp-content\/uploads\/2020\/07\/cropped-cropped-web150x150.png","contentUrl":"https:\/\/cbne.cl\/wpCNE\/wp-content\/uploads\/2020\/07\/cropped-cropped-web150x150.png","width":150,"height":150,"caption":"COLEGIO BICENTENARIO NUEVA ESPERANZA"},"image":{"@id":"https:\/\/cbne.cl\/wpCNE\/#\/schema\/logo\/image\/"}},{"@type":"Person","@id":"","url":"https:\/\/cbne.cl\/wpCNE\/author\/"}]}},"featured_image_urls":{"full":"","thumbnail":"","medium":"","medium_large":"","large":"","1536x1536":"","2048x2048":"","morenews-large":"","morenews-medium":""},"author_info":{"display_name":"","author_link":"https:\/\/cbne.cl\/wpCNE\/author\/"},"category_info":"<a href=\"https:\/\/cbne.cl\/wpCNE\/category\/uncategorized\/\" rel=\"category tag\">Uncategorized<\/a>","tag_info":"Uncategorized","comment_count":"0","_links":{"self":[{"href":"https:\/\/cbne.cl\/wpCNE\/wp-json\/wp\/v2\/posts\/6185","targetHints":{"allow":["GET"]}}],"collection":[{"href":"https:\/\/cbne.cl\/wpCNE\/wp-json\/wp\/v2\/posts"}],"about":[{"href":"https:\/\/cbne.cl\/wpCNE\/wp-json\/wp\/v2\/types\/post"}],"author":[{"embeddable":true,"href":"https:\/\/cbne.cl\/wpCNE\/wp-json\/wp\/v2\/users\/4"}],"replies":[{"embeddable":true,"href":"https:\/\/cbne.cl\/wpCNE\/wp-json\/wp\/v2\/comments?post=6185"}],"version-history":[{"count":1,"href":"https:\/\/cbne.cl\/wpCNE\/wp-json\/wp\/v2\/posts\/6185\/revisions"}],"predecessor-version":[{"id":6187,"href":"https:\/\/cbne.cl\/wpCNE\/wp-json\/wp\/v2\/posts\/6185\/revisions\/6187"}],"wp:attachment":[{"href":"https:\/\/cbne.cl\/wpCNE\/wp-json\/wp\/v2\/media?parent=6185"}],"wp:term":[{"taxonomy":"category","embeddable":true,"href":"https:\/\/cbne.cl\/wpCNE\/wp-json\/wp\/v2\/categories?post=6185"},{"taxonomy":"post_tag","embeddable":true,"href":"https:\/\/cbne.cl\/wpCNE\/wp-json\/wp\/v2\/tags?post=6185"}],"curies":[{"name":"wp","href":"https:\/\/api.w.org\/{rel}","templated":true}]}}